{"id":16343,"date":"2023-10-19T14:43:26","date_gmt":"2023-10-19T12:43:26","guid":{"rendered":"https:\/\/www.planbwagen.de\/?p=16343"},"modified":"2023-11-05T21:37:50","modified_gmt":"2023-11-05T19:37:50","slug":"targa-florio-1948-bis-1977-das-rennen-geht-weiter","status":"publish","type":"post","link":"https:\/\/www.planbwagen.de\/es\/italia\/targa-florio-1948-a-1977-la-carrera-continua\/","title":{"rendered":"Targa Florio - 1948 a 1977 - La carrera contin\u00faa"},"content":{"rendered":"<p>[et_pb_section fb_built=&#8220;1&#8243; _builder_version=&#8220;4.5.1&#8243; _module_preset=&#8220;default&#8220;][et_pb_row _builder_version=&#8220;4.5.1&#8243; _module_preset=&#8220;default&#8220;][et_pb_column type=&#8220;4_4&#8243; _builder_version=&#8220;4.5.1&#8243; _module_preset=&#8220;default&#8220;][et_pb_text _builder_version=&#8220;4.5.1&#8243; _module_preset=&#8220;default&#8220;]<\/p>\n<div id=\"ez-toc-container\" class=\"ez-toc-v2_0_76 counter-hierarchy ez-toc-counter ez-toc-grey ez-toc-container-direction\">\n<p class=\"ez-toc-title\" style=\"cursor:inherit\">Contenido<\/p>\n<label for=\"ez-toc-cssicon-toggle-item-69f4b3e948c32\" class=\"ez-toc-cssicon-toggle-label\"><span class=\"\"><span class=\"eztoc-hide\" style=\"display:none;\">Toggle<\/span><span class=\"ez-toc-icon-toggle-span\"><svg style=\"fill: #999;color:#999\" xmlns=\"http:\/\/www.w3.org\/2000\/svg\" class=\"list-377408\" width=\"20px\" height=\"20px\" viewbox=\"0 0 24 24\" fill=\"none\"><path d=\"M6 6H4v2h2V6zm14 0H8v2h12V6zM4 11h2v2H4v-2zm16 0H8v2h12v-2zM4 16h2v2H4v-2zm16 0H8v2h12v-2z\" fill=\"currentColor\"><\/path><\/svg><svg style=\"fill: #999;color:#999\" class=\"arrow-unsorted-368013\" xmlns=\"http:\/\/www.w3.org\/2000\/svg\" width=\"10px\" height=\"10px\" viewbox=\"0 0 24 24\" version=\"1.2\" baseprofile=\"tiny\"><path d=\"M18.2 9.3l-6.2-6.3-6.2 6.3c-.2.2-.3.4-.3.7s.1.5.3.7c.2.2.4.3.7.3h11c.3 0 .5-.1.7-.3.2-.2.3-.5.3-.7s-.1-.5-.3-.7zM5.8 14.7l6.2 6.3 6.2-6.3c.2-.2.3-.5.3-.7s-.1-.5-.3-.7c-.2-.2-.4-.3-.7-.3h-11c-.3 0-.5.1-.7.3-.2.2-.3.5-.3.7s.1.5.3.7z\"\/><\/svg><\/span><\/span><\/label><input type=\"checkbox\"  id=\"ez-toc-cssicon-toggle-item-69f4b3e948c32\"  aria-label=\"Alternar\" \/><nav><ul class='ez-toc-list ez-toc-list-level-1' ><li class='ez-toc-page-1 ez-toc-heading-level-2'><a class=\"ez-toc-link ez-toc-heading-1\" href=\"https:\/\/www.planbwagen.de\/es\/italia\/targa-florio-1948-a-1977-la-carrera-continua\/#Targa_Florio_%E2%80%93_Zweiter_Teil\" >Targa Florio - Segunda parte<\/a><\/li><li class='ez-toc-page-1 ez-toc-heading-level-2'><a class=\"ez-toc-link ez-toc-heading-2\" href=\"https:\/\/www.planbwagen.de\/es\/italia\/targa-florio-1948-a-1977-la-carrera-continua\/#Es_rast_die_Zeit\" >El tiempo corre<\/a><\/li><li class='ez-toc-page-1 ez-toc-heading-level-2'><a class=\"ez-toc-link ez-toc-heading-3\" href=\"https:\/\/www.planbwagen.de\/es\/italia\/targa-florio-1948-a-1977-la-carrera-continua\/#Helmut_Marko_%E2%80%93_Targa_Florio\" >Helmut Marko - Targa Florio<\/a><\/li><li class='ez-toc-page-1 ez-toc-heading-level-2'><a class=\"ez-toc-link ez-toc-heading-4\" href=\"https:\/\/www.planbwagen.de\/es\/italia\/targa-florio-1948-a-1977-la-carrera-continua\/#_Targa_Florio_%E2%80%93_Rennfahrer-Legenden\" >\u00a0Targa Florio - Leyendas del automovilismo<\/a><\/li><li class='ez-toc-page-1 ez-toc-heading-level-2'><a class=\"ez-toc-link ez-toc-heading-5\" href=\"https:\/\/www.planbwagen.de\/es\/italia\/targa-florio-1948-a-1977-la-carrera-continua\/#Porsche_gegen_Ferrari_%E2%80%93_Targa_Florio\" >Porsche contra Ferrari - Targa Florio<\/a><\/li><li class='ez-toc-page-1 ez-toc-heading-level-2'><a class=\"ez-toc-link ez-toc-heading-6\" href=\"https:\/\/www.planbwagen.de\/es\/italia\/targa-florio-1948-a-1977-la-carrera-continua\/#Porsche_Targa_und_die_Targa_Florio\" >Porsche Targa y Targa Florio<\/a><\/li><li class='ez-toc-page-1 ez-toc-heading-level-2'><a class=\"ez-toc-link ez-toc-heading-7\" href=\"https:\/\/www.planbwagen.de\/es\/italia\/targa-florio-1948-a-1977-la-carrera-continua\/#Unfalle_und_Sicherheitsbedenken_%E2%80%93_Targa_Florio\" >Accidentes y problemas de seguridad - Targa Florio<\/a><\/li><li class='ez-toc-page-1 ez-toc-heading-level-2'><a class=\"ez-toc-link ez-toc-heading-8\" href=\"https:\/\/www.planbwagen.de\/es\/italia\/targa-florio-1948-a-1977-la-carrera-continua\/#Das_Ende_der_Targa_Florio\" >El final de la Targa Florio<\/a><\/li><li class='ez-toc-page-1 ez-toc-heading-level-2'><a class=\"ez-toc-link ez-toc-heading-9\" href=\"https:\/\/www.planbwagen.de\/es\/italia\/targa-florio-1948-a-1977-la-carrera-continua\/#Die_Jahre_nach_1977_Die_Targa_Florio_lebt_weiter\" >Los a\u00f1os posteriores a 1977: la Targa Florio sigue viva<\/a><\/li><li class='ez-toc-page-1 ez-toc-heading-level-2'><a class=\"ez-toc-link ez-toc-heading-10\" href=\"https:\/\/www.planbwagen.de\/es\/italia\/targa-florio-1948-a-1977-la-carrera-continua\/#_Targa_Florio_Museen\" >\u00a0Museos Targa Florio<\/a><\/li><li class='ez-toc-page-1 ez-toc-heading-level-2'><a class=\"ez-toc-link ez-toc-heading-11\" href=\"https:\/\/www.planbwagen.de\/es\/italia\/targa-florio-1948-a-1977-la-carrera-continua\/#Mehrwert\" >Valor a\u00f1adido<\/a><\/li><\/ul><\/nav><\/div>\n<h2><span class=\"ez-toc-section\" id=\"Targa_Florio_%E2%80%93_Zweiter_Teil\"><\/span>Targa Florio - Segunda parte<span class=\"ez-toc-section-end\"><\/span><\/h2>\n<p>Tras la Segunda Guerra Mundial, la Targa Florio regres\u00f3 en todo su esplendor y fascinaci\u00f3n.<br \/> As\u00ed que abr\u00f3chense los cinturones y emb\u00e1rquense en un emocionante viaje a trav\u00e9s de la conmovedora historia de la Targa Florio.<\/p>\n<p>Las calles de Sicilia volvieron a estremecerse con el rugido de los motores de los atrevidos pilotos que se enfrentaban a la legendaria carrera. Fueron a\u00f1os llenos de emociones, riesgos e historias heroicas que hicieron latir m\u00e1s r\u00e1pido los corazones de los aficionados a las carreras.<\/p>\n<p>Lo mucho que ha cambiado la carrera entretanto puede medirse un poco a partir de las velocidades.<\/p>\n<p>[\/et_pb_text][\/et_pb_column][\/et_pb_row][et_pb_row _builder_version=&#8220;4.5.1&#8243; _module_preset=&#8220;default&#8220;][et_pb_column type=&#8220;4_4&#8243; _builder_version=&#8220;4.5.1&#8243; _module_preset=&#8220;default&#8220;][et_pb_image src=&#8220;https:\/\/www.planbwagen.de\/wp-content\/uploads\/2023\/10\/IMG_6136-1024&#215;683.jpg&#8220; title_text=&#8220;Porsche bei der Federico Gravina gemeinsam mit Vincenzo Florio&#8220; align=&#8220;center&#8220; _builder_version=&#8220;4.5.1&#8243; _module_preset=&#8220;default&#8220;][\/et_pb_image][\/et_pb_column][\/et_pb_row][et_pb_row _builder_version=&#8220;4.5.1&#8243; _module_preset=&#8220;default&#8220;][et_pb_column type=&#8220;4_4&#8243; _builder_version=&#8220;4.5.1&#8243; _module_preset=&#8220;default&#8220;][et_pb_text _builder_version=&#8220;4.5.1&#8243; _module_preset=&#8220;default&#8220;]<\/p>\n<h2><span class=\"ez-toc-section\" id=\"Es_rast_die_Zeit\"><\/span>El tiempo corre<span class=\"ez-toc-section-end\"><\/span><\/h2>\n<p>Aunque en los primeros a\u00f1os de la carrera se alcanzaban velocidades m\u00e1s bajas, cuando la pista a\u00fan no estaba asfaltada, las cosas cambiaron con el paso de los a\u00f1os. Alessandro Cagno, el ganador de la primera Targa Florio, alcanz\u00f3 una velocidad de 47 km\/h. En la d\u00e9cada de 1920, la velocidad media todav\u00eda rondaba los 60-70 km\/h. Cualquiera que conozca el circuito sabe que ya entonces era muy deportivo.<\/p>\n<p>Con la mejora de la tecnolog\u00eda de los veh\u00edculos y el asfaltado de la pista, se alcanzaron mayores velocidades a lo largo de los a\u00f1os. En la d\u00e9cada de 1960, algunos coches de carreras alcanzaron velocidades de hasta 240 km\/h en tramos rectos de la pista.<\/p>\n<p>En a\u00f1os posteriores, cuando las normas de seguridad en el automovilismo se hicieron m\u00e1s estrictas, las velocidades m\u00e1ximas tendieron a reducirse para garantizar la seguridad de los pilotos. No obstante, en algunos tramos rectos se segu\u00edan alcanzando velocidades superiores a los 200 km\/h.<\/p>\n<p>[\/et_pb_text][\/et_pb_column][\/et_pb_row][et_pb_row column_structure=&#8220;1_2,1_2&#8243; _builder_version=&#8220;4.5.1&#8243; _module_preset=&#8220;default&#8220;][et_pb_column type=&#8220;1_2&#8243; _builder_version=&#8220;4.5.1&#8243; _module_preset=&#8220;default&#8220;][et_pb_image src=&#8220;https:\/\/www.planbwagen.de\/wp-content\/uploads\/2023\/05\/Targa-Florio-Langstreckenrennen-in-Sizilien-schaffen-von-Vincenzo-Florio00010-576&#215;1024.jpg&#8220; alt=&#8220;Targa Florio, Langstreckenrennen in Sizilien, schaffen von Vincenzo Florio&#8220; _builder_version=&#8220;4.5.1&#8243; _module_preset=&#8220;default&#8220;][\/et_pb_image][\/et_pb_column][et_pb_column type=&#8220;1_2&#8243; _builder_version=&#8220;4.5.1&#8243; _module_preset=&#8220;default&#8220;][et_pb_image src=&#8220;https:\/\/www.planbwagen.de\/wp-content\/uploads\/2023\/05\/Targa-Florio-Langstreckenrennen-in-Sizilien-schaffen-von-Vincenzo-Florio00004-576&#215;1024.jpg&#8220; alt=&#8220;Targa Florio, Langstreckenrennen in Sizilien, schaffen von Vincenzo Florio&#8220; title_text=&#8220;Targa Florio, Langstreckenrennen in Sizilien, schaffen von Vincenzo Florio00004&#8243; align=&#8220;center&#8220; _builder_version=&#8220;4.5.1&#8243; _module_preset=&#8220;default&#8220;][\/et_pb_image][\/et_pb_column][\/et_pb_row][et_pb_row _builder_version=&#8220;4.5.1&#8243; _module_preset=&#8220;default&#8220;][et_pb_column type=&#8220;4_4&#8243; _builder_version=&#8220;4.5.1&#8243; _module_preset=&#8220;default&#8220;][et_pb_text _builder_version=&#8220;4.5.1&#8243; _module_preset=&#8220;default&#8220;]<\/p>\n<h2><span class=\"ez-toc-section\" id=\"Helmut_Marko_%E2%80%93_Targa_Florio\"><\/span>Helmut Marko -\u00a0<span>Targa Florio<\/span><span class=\"ez-toc-section-end\"><\/span><\/h2>\n<p>La velocidad m\u00e1xima medida en la Targa Florio se alcanz\u00f3 en 1970. Helmut Marko, piloto austriaco, alcanz\u00f3 la incre\u00edble velocidad m\u00e1xima de 304,6 km\/h en la larga recta del circuito. Marko conduc\u00eda un Porsche 908\/3 Spyder, un potente coche de carreras especialmente dise\u00f1ado para carreras de resistencia. Sus extraordinarias prestaciones y velocidad lo convirtieron en un momento legendario de la historia de la Targa Florio.<\/p>\n<blockquote>\n<p>\u00a0&#8222;<span>&#8230;Wir fuhren im normalen Stra\u00dfenverkehr. Mit den Rennautos! In einem Dorf gab es an einer langsamen Ecke einen Polizisten, der steckte uns vorbereitete Strafzettel in die Autos. Jedem Fahrer. In den B\u00fcros der Rennleiter stapelten sich diese Zettel.&#8220; &#8211; Helmut Marko<\/span><\/p>\n<\/blockquote>\n<p>[\/et_pb_text][\/et_pb_column][\/et_pb_row][et_pb_row column_structure=&#8220;1_2,1_2&#8243; _builder_version=&#8220;4.5.1&#8243; _module_preset=&#8220;default&#8220;][et_pb_column type=&#8220;1_2&#8243; _builder_version=&#8220;4.5.1&#8243; _module_preset=&#8220;default&#8220;][et_pb_image src=&#8220;https:\/\/www.planbwagen.de\/wp-content\/uploads\/2023\/10\/IMG_1532-2.jpg&#8220; title_text=&#8220;Porsche bei der Targa Florio&#8220; _builder_version=&#8220;4.5.1&#8243; _module_preset=&#8220;default&#8220;][\/et_pb_image][\/et_pb_column][et_pb_column type=&#8220;1_2&#8243; _builder_version=&#8220;4.5.1&#8243; _module_preset=&#8220;default&#8220;][et_pb_image src=&#8220;https:\/\/www.planbwagen.de\/wp-content\/uploads\/2023\/10\/IMG_1513.jpg&#8220; title_text=&#8220;Porsche bei der Targa Florio&#8220; _builder_version=&#8220;4.5.1&#8243; _module_preset=&#8220;default&#8220;][\/et_pb_image][\/et_pb_column][\/et_pb_row][et_pb_row _builder_version=&#8220;4.5.1&#8243; _module_preset=&#8220;default&#8220;][et_pb_column type=&#8220;4_4&#8243; _builder_version=&#8220;4.5.1&#8243; _module_preset=&#8220;default&#8220;][et_pb_text _builder_version=&#8220;4.5.1&#8243; _module_preset=&#8220;default&#8220;]<\/p>\n<h2><span class=\"ez-toc-section\" id=\"_Targa_Florio_%E2%80%93_Rennfahrer-Legenden\"><\/span>\u00a0<span>Targa Florio -\u00a0<\/span>Leyendas de las carreras<span class=\"ez-toc-section-end\"><\/span><\/h2>\n<p>Durante este periodo, algunos de los pilotos m\u00e1s famosos de la Targa Florio tambi\u00e9n hicieron historia. Sus nombres est\u00e1n inextricablemente ligados a la gloria y la rivalidad de esta carrera. Leyendas como Giuseppe Farina, Juan Manuel Fangio, Stirling Moss y Nino Vaccarella compitieron entre s\u00ed y lucharon por la victoria en las sinuosas carreteras.<\/p>\n<p>Las marcas que dominaron la Targa Florio en aquellos a\u00f1os fueron Porsche y Ferrari. Porsche llev\u00f3 a la l\u00ednea de salida sus legendarios coches de carreras, como el Porsche 550 Spyder y el Porsche 904 Carrera GTS, mientras que Ferrari meti\u00f3 el miedo de Dios en la competici\u00f3n con modelos como el Ferrari 250 Testa Rossa y el Ferrari 312PB. Estos dos fabricantes de autom\u00f3viles hicieron historia y crearon una rivalidad que a\u00fan hoy sigue viva entre los aficionados.<\/p>\n<p>\u00a0En 1961, fue el conocido piloto de carreras alem\u00e1n\u00a0<span>\"Graf Berghe von Trips - Caballero, Jinete, Piloto de Carreras\" que gan\u00f3 el t\u00edtulo para Ferrari en el Dino 246SP.\u00a0<\/span><\/p>\n<p>&nbsp;<\/p>\n<p>[\/et_pb_text][\/et_pb_column][\/et_pb_row][et_pb_row column_structure=&#8220;1_2,1_2&#8243; _builder_version=&#8220;4.5.1&#8243; _module_preset=&#8220;default&#8220;][et_pb_column type=&#8220;1_2&#8243; _builder_version=&#8220;4.5.1&#8243; _module_preset=&#8220;default&#8220;][et_pb_image src=&#8220;https:\/\/www.planbwagen.de\/wp-content\/uploads\/2023\/10\/IMG_1477.jpg&#8220; title_text=&#8220;IMG_1477&#8243; _builder_version=&#8220;4.5.1&#8243; _module_preset=&#8220;default&#8220;][\/et_pb_image][\/et_pb_column][et_pb_column type=&#8220;1_2&#8243; _builder_version=&#8220;4.5.1&#8243; _module_preset=&#8220;default&#8220;][et_pb_image src=&#8220;https:\/\/www.planbwagen.de\/wp-content\/uploads\/2023\/10\/IMG_1562.jpg&#8220; title_text=&#8220;Ferrari bei der Targa Florio&#8220; _builder_version=&#8220;4.5.1&#8243; _module_preset=&#8220;default&#8220;][\/et_pb_image][\/et_pb_column][\/et_pb_row][et_pb_row _builder_version=&#8220;4.5.1&#8243; _module_preset=&#8220;default&#8220;][et_pb_column type=&#8220;4_4&#8243; _builder_version=&#8220;4.5.1&#8243; _module_preset=&#8220;default&#8220;][et_pb_text _builder_version=&#8220;4.5.1&#8243; _module_preset=&#8220;default&#8220;]<\/p>\n<h2><span class=\"ez-toc-section\" id=\"Porsche_gegen_Ferrari_%E2%80%93_Targa_Florio\"><\/span>Porsche contra Ferrari -\u00a0<span>Targa Florio<\/span><span class=\"ez-toc-section-end\"><\/span><\/h2>\n<p>\u00bfQu\u00e9 hace que la Targa Florio sea tan fascinante para los aficionados a Porsche y Ferrari? Es la conexi\u00f3n entre estas renombradas marcas y la pista de carreras que las desafi\u00f3. La Targa Florio fue la prueba definitiva para los coches, que tuvieron que demostrar resistencia, velocidad y agilidad en las exigentes carreteras de Sicilia. Porsche y Ferrari se enzarzaron en emocionantes duelos por la victoria, y cada \u00e9xito en este prestigioso circuito fue celebrado con gran entusiasmo por los aficionados.<\/p>\n<p>&nbsp;<\/p>\n<h2><span class=\"ez-toc-section\" id=\"Porsche_Targa_und_die_Targa_Florio\"><\/span>Porsche Targa y el\u00a0<span>Targa Florio<\/span><span class=\"ez-toc-section-end\"><\/span><\/h2>\n<p>Die Targa inspirierte Porsche sogar dazu, das Konzept des abnehmbaren Dachs f\u00fcr ihre Sportwagen zu entwickeln. Porsche f\u00fchrte den Begriff &#8222;Targa&#8220; nicht nur als Modellbezeichnung ein. Es ist dar\u00fcber hinaus eine Hommage an die Targa, welche eine so wichtige Rolle in der Geschichte des Unternehmens spielt.<\/p>\n<p>[\/et_pb_text][\/et_pb_column][\/et_pb_row][et_pb_row column_structure=&#8220;1_2,1_2&#8243; _builder_version=&#8220;4.5.1&#8243; _module_preset=&#8220;default&#8220;][et_pb_column type=&#8220;1_2&#8243; _builder_version=&#8220;4.5.1&#8243; _module_preset=&#8220;default&#8220;][et_pb_image src=&#8220;https:\/\/www.planbwagen.de\/wp-content\/uploads\/2023\/10\/IMG_1576.jpg&#8220; title_text=&#8220;Porsche bei der Targa Florio&#8220; _builder_version=&#8220;4.5.1&#8243; _module_preset=&#8220;default&#8220;][\/et_pb_image][\/et_pb_column][et_pb_column type=&#8220;1_2&#8243; _builder_version=&#8220;4.5.1&#8243; _module_preset=&#8220;default&#8220;][et_pb_image src=&#8220;https:\/\/www.planbwagen.de\/wp-content\/uploads\/2023\/10\/IMG_1564.jpg&#8220; title_text=&#8220;Porsche bei der Targa Florio&#8220; _builder_version=&#8220;4.5.1&#8243; _module_preset=&#8220;default&#8220;][\/et_pb_image][\/et_pb_column][\/et_pb_row][et_pb_row _builder_version=&#8220;4.5.1&#8243; _module_preset=&#8220;default&#8220;][et_pb_column type=&#8220;4_4&#8243; _builder_version=&#8220;4.5.1&#8243; _module_preset=&#8220;default&#8220;][et_pb_text _builder_version=&#8220;4.5.1&#8243; _module_preset=&#8220;default&#8220;]<\/p>\n<p>Pero la Targa Florio no era s\u00f3lo un patio de recreo para los amantes de los coches y los entusiastas de las carreras. Tambi\u00e9n era un s\u00edmbolo del valor y la determinaci\u00f3n de los pilotos que asum\u00edan los riesgos de la competici\u00f3n. Las carreteras estrechas, las curvas pronunciadas y el tiempo impredecible pasaban factura y convert\u00edan la carrera en una verdadera prueba de valor. Pero fueron precisamente estos desaf\u00edos los que hicieron de la Targa Florio un mito y cautivaron a aficionados y pilotos por igual.<\/p>\n<p>Entre 1948 y 1977, la Targa Florio escribi\u00f3 la historia del automovilismo. Los pilotos, las marcas y las inolvidables carreras hicieron de esta carrera de carretera una leyenda. Fue una \u00e9poca llena de pasi\u00f3n, dramatismo y momentos inolvidables que uni\u00f3 las carreras y la belleza de Sicilia de una forma \u00fanica. La Targa Florio sigue siendo hoy en d\u00eda un s\u00edmbolo del encanto de las carreras y del irresistible atractivo de Sicilia.<\/p>\n<blockquote>\n<p>&#8222;In der Targa Florio geht es nicht nur um Geschwindigkeit, sondern auch um Pr\u00e4zision. Jeder Zentimeter der Strecke muss perfekt genutzt werden, um das Rennen zu gewinnen.&#8220; &#8211; Vic Elford<\/p>\n<\/blockquote>\n<p>[\/et_pb_text][\/et_pb_column][\/et_pb_row][et_pb_row column_structure=&#8220;1_2,1_2&#8243; _builder_version=&#8220;4.5.1&#8243; _module_preset=&#8220;default&#8220;][et_pb_column type=&#8220;1_2&#8243; _builder_version=&#8220;4.5.1&#8243; _module_preset=&#8220;default&#8220;][et_pb_image src=&#8220;https:\/\/www.planbwagen.de\/wp-content\/uploads\/2023\/10\/IMG_1546.jpg&#8220; title_text=&#8220;Alfa Romeo bei der Targa Flrio&#8220; _builder_version=&#8220;4.5.1&#8243; _module_preset=&#8220;default&#8220;][\/et_pb_image][\/et_pb_column][et_pb_column type=&#8220;1_2&#8243; _builder_version=&#8220;4.5.1&#8243; _module_preset=&#8220;default&#8220;][et_pb_image src=&#8220;https:\/\/www.planbwagen.de\/wp-content\/uploads\/2023\/10\/IMG_1489.jpg&#8220; title_text=&#8220;Jaguar bei der Targa Florio&#8220; _builder_version=&#8220;4.5.1&#8243; _module_preset=&#8220;default&#8220;][\/et_pb_image][\/et_pb_column][\/et_pb_row][et_pb_row _builder_version=&#8220;4.5.1&#8243; _module_preset=&#8220;default&#8220;][et_pb_column type=&#8220;4_4&#8243; _builder_version=&#8220;4.5.1&#8243; _module_preset=&#8220;default&#8220;][et_pb_text _builder_version=&#8220;4.5.1&#8243; _module_preset=&#8220;default&#8220;]<\/p>\n<h2><span class=\"ez-toc-section\" id=\"Unfalle_und_Sicherheitsbedenken_%E2%80%93_Targa_Florio\"><\/span>Accidentes y problemas de seguridad -\u00a0<span>Targa Florio<\/span><span class=\"ez-toc-section-end\"><\/span><\/h2>\n<p>Los riesgos de las carreras son omnipresentes, y la Targa Florio no fue una excepci\u00f3n. La carrera era una prueba para el hombre y la m\u00e1quina, que requer\u00eda nervios de acero y un coraje inquebrantable. Pero los pilotos estaban dispuestos a arriesgarlo todo para asegurarse un lugar en los anales de la historia del automovilismo. Sus historias est\u00e1n llenas de hero\u00edsmo, pasi\u00f3n y triunfo, pero tambi\u00e9n de reveses y p\u00e9rdidas que ilustran el alto precio de las carreras.<\/p>\n<p>Lamentablemente, durante la Targa Florio se produjeron varios accidentes que tambi\u00e9n afectaron a los espectadores. Debido a que la pista de carreras discurr\u00eda por terreno habitado y pueblos de monta\u00f1a, siempre exist\u00eda cierto riesgo para los espectadores. Las carreras se celebraban en carreteras p\u00fablicas, lo que aumentaba el peligro.<\/p>\n<p>En los primeros a\u00f1os de la carrera, hab\u00eda menos precauciones de seguridad y los espectadores sol\u00edan tener acceso directo a la pista. Esto provocaba situaciones peligrosas cuando los coches de carreras pasaban por delante de los espectadores a gran velocidad. Hubo incidentes tr\u00e1gicos en los que los espectadores resultaron heridos o murieron.<\/p>\n<p>[\/et_pb_text][\/et_pb_column][\/et_pb_row][et_pb_row column_structure=&#8220;1_2,1_2&#8243; _builder_version=&#8220;4.5.1&#8243; _module_preset=&#8220;default&#8220;][et_pb_column type=&#8220;1_2&#8243; _builder_version=&#8220;4.5.1&#8243; _module_preset=&#8220;default&#8220;][et_pb_image src=&#8220;https:\/\/www.planbwagen.de\/wp-content\/uploads\/2023\/05\/Targa-Florio-Langstreckenrennen-in-Sizilien-schaffen-von-Vincenzo-Florio00017-682&#215;1024.jpg&#8220; alt=&#8220;Targa Florio, Langstreckenrennen in Sizilien, schaffen von Vincenzo Florio&#8220; _builder_version=&#8220;4.5.1&#8243; _module_preset=&#8220;default&#8220;][\/et_pb_image][\/et_pb_column][et_pb_column type=&#8220;1_2&#8243; _builder_version=&#8220;4.5.1&#8243; _module_preset=&#8220;default&#8220;][et_pb_image src=&#8220;https:\/\/www.planbwagen.de\/wp-content\/uploads\/2023\/05\/Targa-Florio-Langstreckenrennen-in-Sizilien-schaffen-von-Vincenzo-Florio00021-683&#215;1024.jpg&#8220; alt=&#8220;Targa Florio, Langstreckenrennen in Sizilien, schaffen von Vincenzo Florio&#8220; title_text=&#8220;Targa Florio, Langstreckenrennen in Sizilien, schaffen von Vincenzo Florio00021&#8243; _builder_version=&#8220;4.5.1&#8243; _module_preset=&#8220;default&#8220;][\/et_pb_image][\/et_pb_column][\/et_pb_row][et_pb_row _builder_version=&#8220;4.5.1&#8243; _module_preset=&#8220;default&#8220;][et_pb_column type=&#8220;4_4&#8243; _builder_version=&#8220;4.5.1&#8243; _module_preset=&#8220;default&#8220;][et_pb_text _builder_version=&#8220;4.5.1&#8243; _module_preset=&#8220;default&#8220;]<\/p>\n<p>Con los a\u00f1os, sin embargo, se han tomado medidas para mejorar la seguridad de los espectadores. Se instalaron barreras y vallas para garantizar una distancia m\u00e1s segura entre los espectadores y los coches de carreras. No obstante, la Targa Florio sigui\u00f3 siendo un acontecimiento dif\u00edcil en t\u00e9rminos de seguridad debido al trazado de la pista y a la accesibilidad a veces dif\u00edcil de la misma.<\/p>\n<blockquote>\n<p>&#8222;Der Duft von Benzin und das R\u00f6hren der Motoren &#8211; das ist Musik f\u00fcr meine Seele. Die Targa Florio ist der Ort, an dem ich mich lebendig f\u00fchle.&#8220; &#8211; Sandro Munari<\/p>\n<\/blockquote>\n<h2><span class=\"ez-toc-section\" id=\"Das_Ende_der_Targa_Florio\"><\/span>El final de la Targa Florio<span class=\"ez-toc-section-end\"><\/span><\/h2>\n<p> Los accidentes y los problemas de seguridad fueron una de las razones por las que la carrera acab\u00f3 suspendi\u00e9ndose en 1977. El aumento de las normas de seguridad en el automovilismo y la necesidad de garantizar la seguridad de participantes y espectadores contribuyeron a poner fin a la carrera.<\/p>\n<p>La Targa Florio era y es un festival de carreras, donde compiten los mejores pilotos y las marcas de autom\u00f3viles m\u00e1s renombradas. Mercedes, Porsche, Ferrari, Alfa Romeo y muchos otros hicieron temblar las calles de Sicilia con sus coches de carreras. Cada carrera era un espect\u00e1culo que entusiasmaba al p\u00fablico y combinaba la belleza de la isla con la adrenalina del deporte del motor.<\/p>\n<p>[\/et_pb_text][\/et_pb_column][\/et_pb_row][et_pb_row column_structure=&#8220;1_2,1_2&#8243; _builder_version=&#8220;4.5.1&#8243; _module_preset=&#8220;default&#8220;][et_pb_column type=&#8220;1_2&#8243; _builder_version=&#8220;4.5.1&#8243; _module_preset=&#8220;default&#8220;][et_pb_image src=&#8220;https:\/\/www.planbwagen.de\/wp-content\/uploads\/2023\/10\/IMG_1677-2.jpg&#8220; title_text=&#8220;Targa Florio, Langstreckenrennen in Sizilien, schaffen von Vincenzo Florio00014&#8243; _builder_version=&#8220;4.5.1&#8243; _module_preset=&#8220;default&#8220;][\/et_pb_image][\/et_pb_column][et_pb_column type=&#8220;1_2&#8243; _builder_version=&#8220;4.5.1&#8243; _module_preset=&#8220;default&#8220;][et_pb_image src=&#8220;https:\/\/www.planbwagen.de\/wp-content\/uploads\/2023\/10\/IMG_1679-2.jpg&#8220; title_text=&#8220;Targa Florio, Langstreckenrennen in Sizilien, schaffen von Vincenzo Florio00014&#8243; _builder_version=&#8220;4.5.1&#8243; _module_preset=&#8220;default&#8220;][\/et_pb_image][\/et_pb_column][\/et_pb_row][et_pb_row _builder_version=&#8220;4.5.1&#8243; _module_preset=&#8220;default&#8220;][et_pb_column type=&#8220;4_4&#8243; _builder_version=&#8220;4.5.1&#8243; _module_preset=&#8220;default&#8220;][et_pb_text _builder_version=&#8220;4.5.1&#8243; _module_preset=&#8220;default&#8220;]<\/p>\n<p>Pero adem\u00e1s de toda la fama y la emoci\u00f3n, no hay que olvidar que la Targa Florio es tambi\u00e9n un s\u00edmbolo de la cultura y la historia \u00fanicas de Sicilia. La ruta de la carrera pasa por ciudades antiguas, monumentos hist\u00f3ricos y paisajes impresionantes. Sicilia es un tesoro de historia y cultura, y la Targa Florio ha contribuido a hacer accesibles estos tesoros a un amplio p\u00fablico.<\/p>\n<blockquote>\n<p>&#8222;Die Targa Florio ist wie ein wildes Tier. Du musst es z\u00e4hmen, deine \u00c4ngste \u00fcberwinden und die Kontrolle behalten, um als Sieger hervorzugehen.&#8220; &#8211; Arturo Merzario<\/p>\n<\/blockquote>\n<p>[\/et_pb_text][\/et_pb_column][\/et_pb_row][et_pb_row column_structure=&#8220;1_2,1_2&#8243; _builder_version=&#8220;4.5.1&#8243; _module_preset=&#8220;default&#8220;][et_pb_column type=&#8220;1_2&#8243; _builder_version=&#8220;4.5.1&#8243; _module_preset=&#8220;default&#8220;][et_pb_image src=&#8220;https:\/\/www.planbwagen.de\/wp-content\/uploads\/2023\/05\/Targa-Florio-Langstreckenrennen-in-Sizilien-schaffen-von-Vincenzo-Florio00020-576&#215;1024.jpg&#8220; alt=&#8220;Targa Florio, Langstreckenrennen in Sizilien, schaffen von Vincenzo Florio&#8220; _builder_version=&#8220;4.5.1&#8243; _module_preset=&#8220;default&#8220;][\/et_pb_image][\/et_pb_column][et_pb_column type=&#8220;1_2&#8243; _builder_version=&#8220;4.5.1&#8243; _module_preset=&#8220;default&#8220;][et_pb_image src=&#8220;https:\/\/www.planbwagen.de\/wp-content\/uploads\/2023\/05\/Targa-Florio-Langstreckenrennen-in-Sizilien-schaffen-von-Vincenzo-Florio00018-576&#215;1024.jpg&#8220; alt=&#8220;Targa Florio, Langstreckenrennen in Sizilien, schaffen von Vincenzo Florio&#8220; _builder_version=&#8220;4.5.1&#8243; _module_preset=&#8220;default&#8220;][\/et_pb_image][\/et_pb_column][\/et_pb_row][et_pb_row _builder_version=&#8220;4.5.1&#8243; _module_preset=&#8220;default&#8220;][et_pb_column type=&#8220;4_4&#8243; _builder_version=&#8220;4.5.1&#8243; _module_preset=&#8220;default&#8220;][et_pb_text _builder_version=&#8220;4.5.1&#8243; _module_preset=&#8220;default&#8220;]<\/p>\n<h2><span class=\"ez-toc-section\" id=\"Die_Jahre_nach_1977_Die_Targa_Florio_lebt_weiter\"><\/span>Los a\u00f1os posteriores a 1977: la Targa Florio sigue viva<span class=\"ez-toc-section-end\"><\/span><\/h2>\n<p>Incluso tras el fin de las carreras oficiales de la Targa Florio en 1977, el esp\u00edritu de esta legendaria carrera por carretera sigue vivo. Hoy en d\u00eda, los entusiastas de las carreras y los aventureros pueden seguir explorando las huellas de la Targa Florio por las carreteras de Sicilia. Puedes sentir literalmente el aliento de tiempos pasados de carreras mientras conduces a trav\u00e9s de los pintorescos pueblos y a lo largo de las sinuosas carreteras que una vez conquistaron los atrevidos pilotos de la Targa Florio.<\/p>\n<p>Hoy en d\u00eda, la Targa Florio se celebra y contin\u00faa de diversas formas para honrar el glorioso pasado y mantener vivo el esp\u00edritu de la carrera.<\/p>\n<p>[\/et_pb_text][\/et_pb_column][\/et_pb_row][et_pb_row column_structure=&#8220;1_2,1_2&#8243; _builder_version=&#8220;4.5.1&#8243; _module_preset=&#8220;default&#8220;][et_pb_column type=&#8220;1_2&#8243; _builder_version=&#8220;4.5.1&#8243; _module_preset=&#8220;default&#8220;][et_pb_image src=&#8220;https:\/\/www.planbwagen.de\/wp-content\/uploads\/2023\/05\/Targa-Florio-Langstreckenrennen-in-Sizilien-schaffen-von-Vincenzo-Florio00023-576&#215;1024.jpg&#8220; alt=&#8220;Targa Florio, Langstreckenrennen in Sizilien, schaffen von Vincenzo Florio&#8220; title_text=&#8220;Targa Florio, Langstreckenrennen in Sizilien, schaffen von Vincenzo Florio00023&#8243; _builder_version=&#8220;4.5.1&#8243; _module_preset=&#8220;default&#8220;][\/et_pb_image][\/et_pb_column][et_pb_column type=&#8220;1_2&#8243; _builder_version=&#8220;4.5.1&#8243; _module_preset=&#8220;default&#8220;][et_pb_image src=&#8220;https:\/\/www.planbwagen.de\/wp-content\/uploads\/2023\/05\/Targa-Florio-Langstreckenrennen-in-Sizilien-schaffen-von-Vincenzo-Florio00024-576&#215;1024.jpg&#8220; alt=&#8220;Targa Florio, Langstreckenrennen in Sizilien, schaffen von Vincenzo Florio&#8220; _builder_version=&#8220;4.5.1&#8243; _module_preset=&#8220;default&#8220;][\/et_pb_image][\/et_pb_column][\/et_pb_row][et_pb_row _builder_version=&#8220;4.5.1&#8243; _module_preset=&#8220;default&#8220;][et_pb_column type=&#8220;4_4&#8243; _builder_version=&#8220;4.5.1&#8243; _module_preset=&#8220;default&#8220;][et_pb_text _builder_version=&#8220;4.5.1&#8243; _module_preset=&#8220;default&#8220;]Eine dieser Veranstaltungen ist die Targa Florio Rally. Bei dieser Rallye treffen sich immer noch Motorsportbegeisterte aus der ganzen Welt, um die Stra\u00dfen Siziliens zu erobern. Ein Treffen von Gleichgesinnten, die ihre Leidenschaft f\u00fcr schnelle Autos und die Sch\u00f6nheit Siziliens teilen.<\/p>\n<p>Otro evento que mantiene viva la Targa Florio es el Rally de Regularidad Hist\u00f3rica Targa Florio. Aqu\u00ed no se trata s\u00f3lo de velocidad, sino tambi\u00e9n de precisi\u00f3n y regularidad. Los participantes tienen que respetar determinados tiempos y completar el recorrido con la mayor precisi\u00f3n posible. <\/p>\n<p>Para los amantes de los coches cl\u00e1sicos, la Targa Florio Classica es una aut\u00e9ntica delicia. En este evento, los aficionados a los coches cl\u00e1sicos se re\u00fanen para admirar la belleza y la elegancia de los veh\u00edculos hist\u00f3ricos. Es un desfile de la historia del autom\u00f3vil en el que los coches cobran protagonismo y hacen latir m\u00e1s r\u00e1pido los corazones de los espectadores. <\/p>\n<p>Und schlie\u00dflich gibt es das Ferrari Tribute to Targa Florio, eine Veranstaltung, bei der sich die weltber\u00fchmte italienische Marke Ferrari mit der Targa Florio vereint. Ferrari-Enthusiasten aus aller Welt bringen ihre Hengste nach Sizilien.  Ebenfalls eine Hommage an die langj\u00e4hrige Verbindung zwischen Ferrari und der Targa Florio, welche von Leidenschaft, Erfolgen und unvergesslichen Momenten gepr\u00e4gt ist.[\/et_pb_text][\/et_pb_column][\/et_pb_row][et_pb_row column_structure=&#8220;1_5,1_5,1_5,1_5,1_5&#8243; _builder_version=&#8220;4.5.1&#8243; _module_preset=&#8220;default&#8220;][et_pb_column type=&#8220;1_5&#8243; _builder_version=&#8220;4.5.1&#8243; _module_preset=&#8220;default&#8220;][et_pb_image src=&#8220;https:\/\/www.planbwagen.de\/wp-content\/uploads\/2023\/10\/IMG_1425.jpg&#8220; title_text=&#8220;Ferrari bei der Targa Florio&#8220; _builder_version=&#8220;4.5.1&#8243; _module_preset=&#8220;default&#8220;][\/et_pb_image][\/et_pb_column][et_pb_column type=&#8220;1_5&#8243; _builder_version=&#8220;4.5.1&#8243; _module_preset=&#8220;default&#8220;][et_pb_image src=&#8220;https:\/\/www.planbwagen.de\/wp-content\/uploads\/2023\/10\/IMG_1408.jpg&#8220; title_text=&#8220;Ferrari bei der Targa Florio&#8220; _builder_version=&#8220;4.5.1&#8243; _module_preset=&#8220;default&#8220;][\/et_pb_image][\/et_pb_column][et_pb_column type=&#8220;1_5&#8243; _builder_version=&#8220;4.5.1&#8243; _module_preset=&#8220;default&#8220;][et_pb_image src=&#8220;https:\/\/www.planbwagen.de\/wp-content\/uploads\/2023\/10\/IMG_1407.jpg&#8220; title_text=&#8220;Ferrari bei der Targa Florio&#8220; _builder_version=&#8220;4.5.1&#8243; _module_preset=&#8220;default&#8220;][\/et_pb_image][\/et_pb_column][et_pb_column type=&#8220;1_5&#8243; _builder_version=&#8220;4.5.1&#8243; _module_preset=&#8220;default&#8220;][et_pb_image src=&#8220;https:\/\/www.planbwagen.de\/wp-content\/uploads\/2023\/10\/IMG_1404.jpg&#8220; title_text=&#8220;Ferrari bei der Targa Florio&#8220; _builder_version=&#8220;4.5.1&#8243; _module_preset=&#8220;default&#8220;][\/et_pb_image][\/et_pb_column][et_pb_column type=&#8220;1_5&#8243; _builder_version=&#8220;4.5.1&#8243; _module_preset=&#8220;default&#8220;][et_pb_image src=&#8220;https:\/\/www.planbwagen.de\/wp-content\/uploads\/2023\/10\/IMG_1421.jpg&#8220; title_text=&#8220;Ferrari bei der Targa Florio&#8220; _builder_version=&#8220;4.5.1&#8243; _module_preset=&#8220;default&#8220;][\/et_pb_image][\/et_pb_column][\/et_pb_row][et_pb_row _builder_version=&#8220;4.5.1&#8243; _module_preset=&#8220;default&#8220;][et_pb_column type=&#8220;4_4&#8243; _builder_version=&#8220;4.5.1&#8243; _module_preset=&#8220;default&#8220;][et_pb_text _builder_version=&#8220;4.5.1&#8243; _module_preset=&#8220;default&#8220;]<\/p>\n<h2><span class=\"ez-toc-section\" id=\"_Targa_Florio_Museen\"><\/span>\u00a0Museos Targa Florio<span class=\"ez-toc-section-end\"><\/span><\/h2>\n<p>Para quienes deseen vivir la Targa Florio y la Madonie in situ, recomendamos visitar uno o los tres museos de la Targa Florio. Cu\u00e1l de los tres museos visitar primero depende un poco de la ubicaci\u00f3n. A nosotros nos gust\u00f3 especialmente el <a href=\"http:\/\/www.museotargaflorio.it\/\"><strong>Museo Targa Florio<\/strong><\/a>\u00a0ca\u00eddo en medio de Collesano. Esto se debe probablemente tambi\u00e9n al hecho de que el pueblo de monta\u00f1a en las Madonie es en conjunto un Renna extra\u00f1o<span>tmosfera. Se encuentra en Corso Vittorio Emanuele n\u00ba 3, en 90016 Collesano (PA).\u00a0<\/span><\/p>\n<p><span>Sin embargo, para todos los fans de Alfa Romeo, el\u00a0<\/span><span style=\"font-size: 18px;\"><a href=\"https:\/\/asimusei.it\/museo\/museo-vincenzo-florio\/\"><strong>Museo Vincenzo Florio<\/strong><\/a> Deber. Se encuentra en\u00a0<span>en un antiguo garaje, en Via Roma, 54, 90010 Cerda (PA). En su d\u00eda fue la sede del equipo de carreras Alfa Romeo. Este museo de la Targa Florio se encuentra en las inmediaciones de Floriopoli. Aqu\u00ed se conservan los restos de las antiguas tribunas y garajes.<\/span><\/span><\/p>\n<p><span style=\"font-size: 18px;\"><span>Todas las cosas buenas vienen de tres en tres. Por eso, por supuesto, el\u00a0<\/span><a href=\"https:\/\/museo-del-motorismo-siciliano-e-della-targa.business.site\/\"><strong><span class=\"hero__title-content CoIOBe nbOMh\" itemprop=\"name\" data-field=\"headline\">Museo del Motorismo Siciliano y de la Targa Florio de Termini Imerese <\/span><\/strong><\/a><\/span><span class=\"hero__title-content CoIOBe nbOMh\" itemprop=\"name\" data-field=\"headline\">desaparecida. Lo encontrar\u00e1 en el\u00a0<\/span>Via dei Mulinelli, en\u00a0<span style=\"font-size: 18px;\">90018 Termini Imerese (PA).<\/span><\/p>\n<p>&nbsp;<\/p>\n<p>[\/et_pb_text][\/et_pb_column][\/et_pb_row][et_pb_row column_structure=&#8220;1_3,1_3,1_3&#8243; _builder_version=&#8220;4.5.1&#8243; _module_preset=&#8220;default&#8220;][et_pb_column type=&#8220;1_3&#8243; _builder_version=&#8220;4.5.1&#8243; _module_preset=&#8220;default&#8220;][et_pb_image src=&#8220;https:\/\/www.planbwagen.de\/wp-content\/uploads\/2023\/10\/IMG_4119-576&#215;1024.jpg&#8220; title_text=&#8220;Targa Florio Museum&#8220; _builder_version=&#8220;4.5.1&#8243; _module_preset=&#8220;default&#8220;][\/et_pb_image][\/et_pb_column][et_pb_column type=&#8220;1_3&#8243; _builder_version=&#8220;4.5.1&#8243; _module_preset=&#8220;default&#8220;][et_pb_image src=&#8220;https:\/\/www.planbwagen.de\/wp-content\/uploads\/2023\/10\/IMG_4125-576&#215;1024.jpg&#8220; title_text=&#8220;Targa Florio Museum&#8220; _builder_version=&#8220;4.5.1&#8243; _module_preset=&#8220;default&#8220;][\/et_pb_image][\/et_pb_column][et_pb_column type=&#8220;1_3&#8243; _builder_version=&#8220;4.5.1&#8243; _module_preset=&#8220;default&#8220;][et_pb_image src=&#8220;https:\/\/www.planbwagen.de\/wp-content\/uploads\/2023\/10\/IMG_4145-576&#215;1024.jpg&#8220; title_text=&#8220;Targa Florio Museum&#8220; _builder_version=&#8220;4.5.1&#8243; _module_preset=&#8220;default&#8220;][\/et_pb_image][\/et_pb_column][\/et_pb_row][et_pb_row _builder_version=&#8220;4.5.1&#8243; _module_preset=&#8220;default&#8220;][et_pb_column type=&#8220;4_4&#8243; _builder_version=&#8220;4.5.1&#8243; _module_preset=&#8220;default&#8220;][et_pb_text _builder_version=&#8220;4.5.1&#8243; _module_preset=&#8220;default&#8220;]<\/p>\n<p>Quienes me conocen saben que soy fan de Steve McQueen, para muchos un nombre que no s\u00f3lo arranca una sonrisa a todo aficionado a las carreras: la estrella de Hollywood y apasionado piloto de carreras dijo una vez:<\/p>\n<blockquote>\n<p>\u00a0&#8222;Racing is life. Everything else is just waiting.&#8220;<\/p>\n<\/blockquote>\n<p>Estas palabras resumen la pasi\u00f3n y dedicaci\u00f3n al automovilismo y encajan perfectamente con la Targa Florio, por lo que tambi\u00e9n deber\u00edan llevar este reportaje hasta la meta.<\/p>\n<p>[\/et_pb_text][\/et_pb_column][\/et_pb_row][et_pb_row _builder_version=&#8220;4.5.1&#8243; _module_preset=&#8220;default&#8220;][et_pb_column type=&#8220;4_4&#8243; _builder_version=&#8220;4.5.1&#8243; _module_preset=&#8220;default&#8220;][et_pb_image src=&#8220;https:\/\/www.planbwagen.de\/wp-content\/uploads\/2023\/05\/Targa-Florio-Langstreckenrennen-in-Sizilien-schaffen-von-Vincenzo-Florio00025-1024&#215;683.jpg&#8220; alt=&#8220;Targa Florio, Langstreckenrennen in Sizilien, schaffen von Vincenzo Florio&#8220; align=&#8220;center&#8220; _builder_version=&#8220;4.5.1&#8243; _module_preset=&#8220;default&#8220;][\/et_pb_image][\/et_pb_column][\/et_pb_row][et_pb_row _builder_version=&#8220;4.5.1&#8243; _module_preset=&#8220;default&#8220;][et_pb_column type=&#8220;4_4&#8243; _builder_version=&#8220;4.5.1&#8243; _module_preset=&#8220;default&#8220;][et_pb_text _builder_version=&#8220;4.5.1&#8243; _module_preset=&#8220;default&#8220; link_option_url_new_window=&#8220;on&#8220;]<\/p>\n<h2><span class=\"ez-toc-section\" id=\"Mehrwert\"><\/span>Valor a\u00f1adido<span class=\"ez-toc-section-end\"><\/span><\/h2>\n<p>&nbsp;<\/p>\n<p>\u00a1Ciao, viajeros y conocedores! Si est\u00e1s buscando el hogar perfecto lejos de casa en Palermo, tenemos justo lo que necesitas: Palazzo Vetrano, un excepcional apartamento de vacaciones en el coraz\u00f3n del casco antiguo. Encanto hist\u00f3rico, confort moderno y una ubicaci\u00f3n inmejorable en el Centro Storico le esperan aqu\u00ed.<\/p>\n<p>Y eso es s\u00f3lo el principio. Sum\u00e9rjase m\u00e1s a fondo en el vibrante mundo de Palermo y descubra que el Centro Storico es algo m\u00e1s que un casco antiguo. S\u00edganos al Mercato di Ballaro, donde no s\u00f3lo encontrar\u00e1 comida callejera, sino que tambi\u00e9n podr\u00e1 saborear el alma de Palermo. Pero cuidado: \u00a1la comida callejera de Palermo puede ser adictiva!<\/p>\n<p>Cuando se haya hartado de comer, d\u00e9jese hechizar por el arte callejero de Palermo. Aqu\u00ed, las paredes se convierten en lienzos y los grafitis en obras de arte. Y si quiere sentir la adrenalina correr por sus venas, viva la Targa Florio: \u00a1una carrera callejera que hace temblar a Sicilia! Descubra la diversidad de Palermo y Sicilia. Empiece por aqu\u00ed:<\/p>\n<ul>\n<li><a href=\"https:\/\/www.planbwagen.de\/es\/italia\/palermo-centro-storico-algo-mas-que-un-casco-antiguo\/\">Palermo Centro Storico: [\u00bfM\u00e1s que un casco antiguo?]<\/a><\/li>\n<li><a href=\"https:\/\/www.planbwagen.de\/es\/italia\/ballaro\/\">Mercato di Ballaro: [\u00bfOfrece el mercado m\u00e1s antiguo de Palermo algo m\u00e1s que comida callejera?<\/a><\/li>\n<li><a href=\"https:\/\/www.planbwagen.de\/es\/italia\/la-comida-callejera-de-palermo-te-hace-feliz\/\">Comida callejera de Palermo:<\/a><\/li>\n<li><a href=\"https:\/\/www.planbwagen.de\/es\/italia\/palermo-street-art-graffiti-murale-murale-one\/\">Arte callejero en Palermo:<\/a><\/li>\n<li><a href=\"https:\/\/www.planbwagen.de\/es\/italia\/targa-florio-la-carrera-por-carretera-en-sicilia\/\">Targa Florio Parte I:<\/a><\/li>\n<\/ul>\n<p>Y si quieres retirarte despu\u00e9s de un d\u00eda emocionante, te espera Palazzo Vetrano, el piso de vacaciones perfecto en Ballaro, el casco antiguo de Palermo. Aqu\u00ed podr\u00e1s relajarte y planear nuevas aventuras. Reserve hoy mismo y haga realidad las vacaciones de sus sue\u00f1os.<\/p>\n<p>[\/et_pb_text][\/et_pb_column][\/et_pb_row][\/et_pb_section]<\/p>","protected":false},"excerpt":{"rendered":"<p>[et_pb_section fb_built=&#8220;1&#8243; _builder_version=&#8220;4.5.1&#8243; _module_preset=&#8220;default&#8220;][et_pb_row _builder_version=&#8220;4.5.1&#8243; _module_preset=&#8220;default&#8220;][et_pb_column type=&#8220;4_4&#8243; _builder_version=&#8220;4.5.1&#8243; _module_preset=&#8220;default&#8220;][et_pb_text _builder_version=&#8220;4.5.1&#8243; _module_preset=&#8220;default&#8220;] Targa Florio &#8211; Zweiter Teil Nach dem Zweiten Weltkrieg kehrte die Targa Florio in all ihrer Pracht und Faszination zur\u00fcck. Also schnall dich an und begib dich auf eine aufregende Zeitreise durch die bewegende Geschichte der Targa Florio. Die Stra\u00dfen Siziliens erbebten erneut unter [&hellip;]<\/p>","protected":false},"author":2,"featured_media":16354,"comment_status":"open","ping_status":"open","sticky":false,"template":"","format":"standard","meta":{"_et_pb_use_builder":"on","_et_pb_old_content":"","_et_gb_content_width":"","footnotes":""},"categories":[32,39],"tags":[],"class_list":["post-16343","post","type-post","status-publish","format-standard","has-post-thumbnail","hentry","category-italien","category-sizilien"],"_links":{"self":[{"href":"https:\/\/www.planbwagen.de\/es\/wp-json\/wp\/v2\/posts\/16343","targetHints":{"allow":["GET"]}}],"collection":[{"href":"https:\/\/www.planbwagen.de\/es\/wp-json\/wp\/v2\/posts"}],"about":[{"href":"https:\/\/www.planbwagen.de\/es\/wp-json\/wp\/v2\/types\/post"}],"author":[{"embeddable":true,"href":"https:\/\/www.planbwagen.de\/es\/wp-json\/wp\/v2\/users\/2"}],"replies":[{"embeddable":true,"href":"https:\/\/www.planbwagen.de\/es\/wp-json\/wp\/v2\/comments?post=16343"}],"version-history":[{"count":25,"href":"https:\/\/www.planbwagen.de\/es\/wp-json\/wp\/v2\/posts\/16343\/revisions"}],"predecessor-version":[{"id":16895,"href":"https:\/\/www.planbwagen.de\/es\/wp-json\/wp\/v2\/posts\/16343\/revisions\/16895"}],"wp:featuredmedia":[{"embeddable":true,"href":"https:\/\/www.planbwagen.de\/es\/wp-json\/wp\/v2\/media\/16354"}],"wp:attachment":[{"href":"https:\/\/www.planbwagen.de\/es\/wp-json\/wp\/v2\/media?parent=16343"}],"wp:term":[{"taxonomy":"category","embeddable":true,"href":"https:\/\/www.planbwagen.de\/es\/wp-json\/wp\/v2\/categories?post=16343"},{"taxonomy":"post_tag","embeddable":true,"href":"https:\/\/www.planbwagen.de\/es\/wp-json\/wp\/v2\/tags?post=16343"}],"curies":[{"name":"wp","href":"https:\/\/api.w.org\/{rel}","templated":true}]}}