{"id":1613,"date":"2019-11-08T19:22:40","date_gmt":"2019-11-08T19:22:40","guid":{"rendered":""},"modified":"2020-09-15T09:24:56","modified_gmt":"2020-09-15T09:24:56","slug":"tag-no-65-die-loffelliste-zambujeira-do-mar","status":"publish","type":"post","link":"https:\/\/www.planbwagen.de\/es\/portugal\/dia-no-65-la-lista-de-la-loteria-zambujeira-do-mar\/","title":{"rendered":"D\u00eda No. 65 - La Lista de la Cuchara - Zambujeira do Mar"},"content":{"rendered":"<p>[et_pb_section fb_built=&#8220;1&#8243; _builder_version=&#8220;3.22&#8243;][et_pb_row _builder_version=&#8220;4.5.1&#8243; _module_preset=&#8220;default&#8220; column_structure=&#8220;1_2,1_2&#8243;][et_pb_column _builder_version=&#8220;4.5.1&#8243; _module_preset=&#8220;default&#8220; type=&#8220;1_2&#8243;][et_pb_image src=&#8220;https:\/\/www.planbwagen.de\/wp-content\/uploads\/2020\/09\/1-37.jpg&#8220; _builder_version=&#8220;4.5.1&#8243; _module_preset=&#8220;default&#8220; title_text=&#8220;1&#8243; hover_enabled=&#8220;0&#8243;][\/et_pb_image][\/et_pb_column][et_pb_column _builder_version=&#8220;4.5.1&#8243; _module_preset=&#8220;default&#8220; type=&#8220;1_2&#8243;][et_pb_text _builder_version=&#8220;4.5.1&#8243; _module_preset=&#8220;default&#8220; hover_enabled=&#8220;0&#8243;]<\/p>\n<p>Seguimos en Zambujeira do Mar - ma\u00f1ana queremos ir m\u00e1s al sur, hacia el Algarve. - Estamos debatiendo si deber\u00edamos cruzar a las Islas Canarias en diciembre, o alternativamente a Marruecos, o si deber\u00edamos ce\u00f1irnos a nuestros planes originales y explorar la costa mediterr\u00e1nea ib\u00e9rica. Sabemos que muchos caminos llevan a Compostela, pero ya hemos estado all\u00ed. -<\/p>\n<p>\u00bfQui\u00e9n tiene alg\u00fan consejo sobre \u00e9ste y el resto de nuestro recorrido?<\/p>\n<p>\u00bfQui\u00e9n se encuentra de viaje en una de estas zonas durante estas fechas?<\/p>\n<p>\u00bfC\u00f3mo o d\u00f3nde celebras la Navidad en autocaravana? - \u00a1Agradecemos todos los consejos!<\/p>\n<p>[\/et_pb_text][\/et_pb_column][\/et_pb_row][et_pb_row _builder_version=&#8220;4.5.1&#8243; _module_preset=&#8220;default&#8220;][et_pb_column _builder_version=&#8220;4.5.1&#8243; _module_preset=&#8220;default&#8220; type=&#8220;4_4&#8243;][et_pb_text _builder_version=&#8220;4.5.1&#8243; _module_preset=&#8220;default&#8220; hover_enabled=&#8220;0&#8243;]<\/p>\n<p>Estoy seguro de que la mayor\u00eda de ustedes conocen la pel\u00edcula <em>\"Lo mejor viene al final\"<\/em>\u00a0&#8211; Wer ihn nicht kennt, er\u00a0handelt von zwei sterbenskranke M\u00e4nner, die beschlie\u00dfen Ihre L\u00f6ffelliste abzuarbeiten. Morgan Freeman und Jack Nicholson spielen diese Rolle brillant. &#8211; Sprich all die entscheidenden Dinge zu erledigen, f\u00fcr die sie vorher &#8222;keine Zeit&#8220; hatten. Zum Schluss, bevor sie den L\u00f6ffel abgeben.<\/p>\n<p>Sobre todo los j\u00f3venes, que tienen sue\u00f1os y quieren cambiar el mundo, creen que tienen todo el tiempo del mundo. M\u00e1s adelante, uno tiene objetivos en lugar de sue\u00f1os y sigue teniendo tiempo. Pero s\u00f3lo cuando somos viejos y tenemos canas o la muerte llama a la puerta, todas estas cosas vuelven a la realidad. Ahora el tiempo se acaba y, aunque tengas tiempo, tus huesos suelen estar cansados.\u00a0\u00a0<\/p>\n<p>Mich erinnert das immer an den Knef Song, &#8222;F\u00fcr mich solls rote Rosen regnen&#8220;. &#8211; Min\u00a0Bap h\u00f6rte diesen Song oft und gern.\u00a0Komischerweise war dies etwas, was ich mit ihm teilte. &#8211; Wobei ich als junger Teenie die Version von Extrabreit bevorzugte. Dieser Text beschreibt wunderbar, wie aus &#8222;ich will, ich m\u00f6chte&#8220; am Ende &#8222;ich sollt mich f\u00fcgen, begn\u00fcgen&#8220; wird.<\/p>\n<p>[\/et_pb_text][et_pb_image src=&#8220;https:\/\/www.planbwagen.de\/wp-content\/uploads\/2020\/09\/2-31.jpg&#8220; _builder_version=&#8220;4.5.1&#8243; _module_preset=&#8220;default&#8220; title_text=&#8220;2&#8243; hover_enabled=&#8220;0&#8243;][\/et_pb_image][et_pb_text _builder_version=&#8220;4.5.1&#8243; _module_preset=&#8220;default&#8220; hover_enabled=&#8220;0&#8243;]<\/p>\n<p>Wenn ich mich auf unserer Tour so umsehe, treffen wir in der Regel auf zwei Kategorien Reisende (Urlauber lasse ich bewusst einmal au\u00dfen vor). &#8211; Entweder sind es extrem junge Menschen oder Rentner. Immer wieder h\u00f6ren wir, ihr macht das genau richtig. &#8211; &#8222;Noch seid ihr gesund, noch geht es, uns f\u00e4llt das Reisen schon schwer.&#8220; &#8211; Wenn wir es jedoch richtig machen, stellt sich die Frage, warum machen es so wenige richtig? &#8211; Dies scheint kein Thema des Geldes zu sein. &#8211; Zwischendurch treffen wir ja auch immer wieder die Ausnahmen. Menschen die ganz bewusst ihre Karriere zur\u00fcckstellen, Ihren Lebensstandard reduzieren, um im Hier und Jetzt zu leben.<\/p>\n<p>Gestern habe ich mit meinem Bruder Dirk telefoniert. In jungen Jahren hatte er ein klar definiertes Ziel. &#8211; &#8222;Mit 40 will\u00a0ich mit dem Arbeiten fertig sein. &#8211; Denn dann bin ich noch jung\u00a0und kann segeln, vielleicht sogar segelfliegen. Hobbys realisieren, die ich sp\u00e4ter vielleicht nicht mehr realisieren kann.&#8220; &#8211; Aus heutiger Sicht muss man sagen, mein Bruder war ein absoluter Vordenker seiner Zeit. &#8211; Denn heute gibt es eine ganze Bewegung, die sich genau mit diesem Thema auseinandersetzt. Mit 40 fertig zu sein, um dann in jungen Jahren aus- beziehungsweise einzusteigen. Die Bewegung hat sogar einen Namen: Frugalisten.<\/p>\n<p>Frugal bedeutet &#8222;einfach, bescheiden, m\u00e4\u00dfig&#8220; &#8211; H\u00f6rt sich das nach Spa\u00df und Gl\u00fcck an? Eher nach Langeweile oder? &#8211; Jeder\u00a0sollte hierzu\u00a0seine eigene, pers\u00f6nliche Entscheidung treffen. Ich ma\u00dfe mir keineswegs an, zu wissen was diesbez\u00fcglich richtig oder falsch ist. Ich pers\u00f6nlich kenne keine Menschen, die diese Entscheidung in jungen Jahren bewusst getroffen haben und am Ende auch umgesetzt haben. &#8211; Mein Bruder ist inzwischen jenseits der 60.\u00a0&#8211; Er arbeitet wie\u00a0eh und je. Ich\u00a0war und bin mir\u00a0nicht sicher, ob er \u00fcberhaupt ohne Arbeit gl\u00fccklich w\u00e4re. &#8211; Er hat immer gerne gearbeitet, ich hoffe, dass es\u00a0ihn weiterhin gl\u00fccklich macht. &#8211; Er h\u00e4tte sicherlich mit 40 aussteigen k\u00f6nnen, doch er hat es nicht getan.<\/p>\n<p>Tampoco estoy segura de si una salida a largo plazo ser\u00eda lo correcto para nosotros, para m\u00ed. Lo que puedo responder, sin embargo, es que la decisi\u00f3n de tomarme un tiempo fue y es la mejor decisi\u00f3n de mi vida. - Por eso me parece maravilloso que las generaciones Y y Z nos ense\u00f1en que tambi\u00e9n hay una vida laboral, con trabajo desde casa, a\u00f1os sab\u00e1ticos, permisos parentales y conciliaci\u00f3n de la vida laboral y personal.\u00a0<\/p>\n<p>Si crees que el H\u00e4usgen de hoy es filos\u00f3fico, puede que sea porque me he pasado la mayor parte del d\u00eda en la hamaca. Como siempre dice mi amigo Uwe... \u00a1La creatividad surge del aburrimiento! - Mientras estoy tumbado en la hamaca, Torgit encuentra la paz haciendo yoga al sol.<\/p>\n<p>Luego fue un d\u00eda creativo. - Por la noche cocinamos juntos. - Mientras escribo estas l\u00edneas, estamos escuchando BAP o Nideggen. - Do jeht ming Frau, Verdamp lang her y Do kannst zaubre. - Todo y bien. De alguna manera pas\u00f3 muy, muy r\u00e1pido.\u00a0<\/p>\n<p>Addendum: Mientras me lavo los dientes en el ba\u00f1o, en la emisora de los 80 est\u00e1 sonando Kayleigh de Marillion de 1985, una de mis canciones favoritas de la \u00e9poca, porque a\u00fan ten\u00edan muchas.\u00a0<\/p>\n<p>&nbsp;<\/p>\n<p>&#8222;Erinnerst du dich an die Kirschbl\u00fcte auf dem Marktplatz?<\/p>\n<p>Erinnerst Du Dich, ich dachte, es sei Konfetti in unseren Haaren!&#8220;<\/p>\n<p>&nbsp;<\/p>\n<p style=\"text-align: right;\">&#8222;Do you remember the cherry blossom in the market square<\/p>\n<p style=\"text-align: right;\">Do you remember I thought it was confetti in our hair&#8220;\u00a0<\/p>\n<p>&nbsp;<\/p>\n<p>Zur\u00fcck im Bulli wollen wir uns noch die Neue-Alte &#8222;Mit Pfefferminz bin ich dein Prinz&#8220; von Marius anh\u00f6ren.\u00a0<\/p>\n<p>Pero ma\u00f1ana hablaremos m\u00e1s de ello.\u00a0<\/p>\n<p>Reflexi\u00f3n del d\u00eda: A veces los d\u00edas lentos pasan tan r\u00e1pido como los r\u00e1pidos.<\/p>\n<p>[\/et_pb_text][\/et_pb_column][\/et_pb_row][et_pb_row _builder_version=&#8220;4.5.1&#8243; _module_preset=&#8220;default&#8220; column_structure=&#8220;1_2,1_2&#8243;][et_pb_column _builder_version=&#8220;4.5.1&#8243; _module_preset=&#8220;default&#8220; type=&#8220;1_2&#8243;][et_pb_image src=&#8220;https:\/\/www.planbwagen.de\/wp-content\/uploads\/2020\/09\/3-28.jpg&#8220; _builder_version=&#8220;4.5.1&#8243; _module_preset=&#8220;default&#8220; title_text=&#8220;3&#8243; hover_enabled=&#8220;0&#8243;][\/et_pb_image][\/et_pb_column][et_pb_column _builder_version=&#8220;4.5.1&#8243; _module_preset=&#8220;default&#8220; type=&#8220;1_2&#8243;][et_pb_image src=&#8220;https:\/\/www.planbwagen.de\/wp-content\/uploads\/2020\/09\/4-22.jpg&#8220; _builder_version=&#8220;4.5.1&#8243; _module_preset=&#8220;default&#8220; title_text=&#8220;4&#8243; hover_enabled=&#8220;0&#8243;][\/et_pb_image][\/et_pb_column][\/et_pb_row][et_pb_row _builder_version=&#8220;4.5.1&#8243; _module_preset=&#8220;default&#8220;][et_pb_column _builder_version=&#8220;4.5.1&#8243; _module_preset=&#8220;default&#8220; type=&#8220;4_4&#8243;][et_pb_text _builder_version=&#8220;4.5.1&#8243; _module_preset=&#8220;default&#8220; hover_enabled=&#8220;0&#8243;]<\/p>\n<p style=\"text-align: center;\"><em><\/em><i>A los 16 a\u00f1os, dije en voz baja:\u00a0<\/i><i>Quiero,\u00a0<\/i><i>quiere ser grande, quiere ganar,\u00a0<\/i><i>quiere ser feliz, nunca mientas.<\/i><\/p>\n<p style=\"text-align: center;\"><i>A los 16 a\u00f1os, dije en voz baja: i<\/i><i>Quiero,\u00a0<\/i><i>quiere todo o nada.<\/i><\/p>\n<p style=\"text-align: center;\"><i>Deber\u00edan llover rosas rojas para m\u00ed,\u00a0<\/i><i>Deber\u00eda encontrarme con todo tipo de milagros,<\/i><\/p>\n<p style=\"text-align: center;\"><i>el mundo debe remodelarse\u00a0<\/i><i>y guardarse sus preocupaciones.<\/i><\/p>\n<p style=\"text-align: center;\">\n<p style=\"text-align: center;\"><i>Y m\u00e1s tarde, dije:\u00a0<\/i><i>Quiero entender, ver mucho, experimentar, conservar.<\/i><\/p>\n<p style=\"text-align: center;\"><i>Y m\u00e1s tarde, dije: Me gustar\u00eda\u00a0<\/i><i>No estar solo y a la vez ser libre.<\/i><\/p>\n<p style=\"text-align: center;\"><i>Deber\u00edan llover rosas rojas para m\u00ed,\u00a0<\/i><i>Deber\u00eda encontrarme con todo tipo de milagros,<\/i><\/p>\n<p style=\"text-align: center;\"><i>La suerte debe comportarse con delicadeza,\u00a0<\/i><i>manejar\u00e1 mi destino con amor.<\/i><\/p>\n<p style=\"text-align: center;\"><i>Y hoy, digo en voz baja:\u00a0<\/i><i>Deber\u00eda\u00a0<\/i><i>som\u00e9tete, cont\u00e9ntate,<\/i><\/p>\n<p style=\"text-align: center;\"><i>No puedo cumplir,\u00a0<\/i><i>no puede satisfacerse:<\/i><\/p>\n<p style=\"text-align: center;\"><i>todav\u00eda quiere ganar.\u00a0<\/i><i>quiere todo, o nada.\u00a0<\/i><i>Deber\u00edan llover rosas rojas para m\u00ed,<\/i><\/p>\n<p style=\"text-align: center;\"><i>Iba a encontrarme con maravillas completamente nuevas, a desplegarme de nuevo lejos de lo viejo,<\/i><\/p>\n<p style=\"text-align: center;\"><i>mantener la mayor parte de lo que se espera.<\/i><\/p>\n<p style=\"text-align: center;\">\n<p style=\"text-align: center;\"><i><strong><span style=\"font-size: 18px;\">Quiero, quiero<\/span><\/strong>&#8220; &#8211; <strong><span style=\"font-size: 18px;\">Knef<\/span><\/strong><\/i><\/p>\n<p>[\/et_pb_text][\/et_pb_column][\/et_pb_row][\/et_pb_section]<\/p>","protected":false},"excerpt":{"rendered":"<p>[et_pb_section fb_built=&#8220;1&#8243; _builder_version=&#8220;3.22&#8243;][et_pb_row _builder_version=&#8220;4.5.1&#8243; _module_preset=&#8220;default&#8220; column_structure=&#8220;1_2,1_2&#8243;][et_pb_column _builder_version=&#8220;4.5.1&#8243; _module_preset=&#8220;default&#8220; type=&#8220;1_2&#8243;][et_pb_image src=&#8220;https:\/\/www.planbwagen.de\/wp-content\/uploads\/2020\/09\/1-37.jpg&#8220; _builder_version=&#8220;4.5.1&#8243; _module_preset=&#8220;default&#8220; title_text=&#8220;1&#8243; hover_enabled=&#8220;0&#8243;][\/et_pb_image][\/et_pb_column][et_pb_column _builder_version=&#8220;4.5.1&#8243; _module_preset=&#8220;default&#8220; type=&#8220;1_2&#8243;][et_pb_text _builder_version=&#8220;4.5.1&#8243; _module_preset=&#8220;default&#8220; hover_enabled=&#8220;0&#8243;] Wir befinden uns immer noch in Zambujeira do Mar. &#8211; Morgen wollen wir uns weiter gen S\u00fcden und somit Richtung Algarve, auf den Weg machen. &#8211; Wir schwanken, ob wir im Dezember auf die Kanaren, [&hellip;]<\/p>","protected":false},"author":1,"featured_media":3946,"comment_status":"open","ping_status":"open","sticky":false,"template":"","format":"standard","meta":{"_et_pb_use_builder":"on","_et_pb_old_content":"<p>\u00a0<\/p><div id=\"content_start\">\u00a0<\/div><article class=\"j-blog\"><div class=\"n j-blog-meta j-blog-post--header\"><div class=\"j-text j-module n\"><a class=\"j-blog-post--category\" href=\"https:\/\/www.gluecksmuskel.de\/hectors-reisen\/portugal\/\"> Portugal <\/a> \u00a0\u00b7\u00a0 <span class=\"j-text j-blog-post--date\"> 08. November 2019 <\/span><\/div><h1 class=\"j-blog-header j-blog-headline j-blog-post--headline\">Tag No. 65 - Die L\u00f6ffelliste - Zambujeira do Mar<\/h1><\/div><div class=\"post j-blog-content\"><div id=\"cc-matrix-3602323226\"><div id=\"cc-m-12551926526\" class=\"j-module n j-textWithImage \"><figure class=\"cc-imagewrapper cc-m-image-align-1\"><img id=\"cc-m-textwithimage-image-12551926526\" class=\"\" src=\"https:\/\/planbwagen.de\/wp-content\/uploads\/2020\/07\/image-1-5-9-5.jpg\" sizes=\"(min-width: 299px) 299px, 100vw\" alt=\"\" data-src-width=\"3024\" data-src-height=\"4032\" data-src=\"https:\/\/planbwagen.de\/wp-content\/uploads\/2020\/07\/image-1-5-9-5.jpg\" data-image-id=\"8110681526\" data-pfsrc=\"https:\/\/planbwagen.de\/wp-content\/uploads\/2020\/07\/image-1-5-9-5.jpg\" \/><\/figure><div><div id=\"cc-m-textwithimage-12551926526\" class=\"cc-m-textwithimage-inline-rte\" data-name=\"text\" data-action=\"text\"><p>\u00a0<\/p><p>\u00a0<\/p><p>Wir befinden\u00a0uns immer noch in Zambujeira do Mar. - Morgen wollen wir uns weiter gen S\u00fcden und somit Richtung Algarve, auf den Weg machen. - Wir schwanken, ob wir im Dezember auf die Kanaren,\u00a0alternativ Marokko \u00fcbersetzen sollen oder doch unsere urspr\u00fcngliche Planung beibehalten und die iberische Mittelmeerk\u00fcste erkunden. Wir wissen, viele Wege f\u00fchren nach Compostella, doch da waren wir ja schon. -<\/p><p>\u00a0<\/p><p>Wer hat hierzu und zum weiteren Verlauf unser Tour noch Tipps?<\/p><p>Wer ist zuf\u00e4llig in dieser Zeit in einer der Gegenden unterwegs?<\/p><p>\u00a0<\/p><p>Wie oder wo feiert man in einem Bulli standesgem\u00e4\u00df Weihnachten?\u00a0 - Wir sind f\u00fcr alle Tipps dankbar!<\/p><\/div><\/div><div class=\"cc-clear\">\u00a0<\/div><\/div><div id=\"cc-m-12551926926\" class=\"j-module n j-text \"><p>\u00a0<\/p><p>Sicherlich kennen die meisten von euch den Film <em>\u201eDas Beste kommt zum Schluss\u201c<\/em>\u00a0- Wer ihn nicht kennt, er\u00a0handelt von zwei sterbenskranke M\u00e4nner, die beschlie\u00dfen Ihre L\u00f6ffelliste abzuarbeiten. Morgan Freeman und Jack Nicholson spielen diese Rolle brillant. - Sprich all die entscheidenden Dinge zu erledigen, f\u00fcr die sie vorher \"keine Zeit\" hatten. Zum Schluss, bevor sie den L\u00f6ffel abgeben.<\/p><p>\u00a0<\/p><p>Gerade junge Menschen, die Tr\u00e4ume haben, die Welt ver\u00e4ndern wollen, meinen alle Zeit der Welt zu haben. Sp\u00e4ter hat man Ziele statt Tr\u00e4ume und immer noch Zeit. Doch erst wenn wir alt und grau sind oder der Tod an die T\u00fcr klopft,\u00a0kommen all diese Dinge zur\u00fcck in den Fokus. Nun wird die Zeit knapp und selbst wenn man die Zeit hat, sind oft die Knochen m\u00fcde.<\/p><p>\u00a0<\/p><p>Mich erinnert das immer an den Knef Song, \"F\u00fcr mich solls rote Rosen regnen\". - Min\u00a0Bap h\u00f6rte diesen Song oft und gern.\u00a0Komischerweise war dies etwas, was ich mit ihm teilte. - Wobei ich als junger Teenie die Version von Extrabreit bevorzugte. Dieser Text beschreibt wunderbar, wie aus \"ich will, ich m\u00f6chte\" am Ende \"ich sollt mich f\u00fcgen, begn\u00fcgen\" wird.<\/p><p>\u00a0<\/p><\/div><div id=\"cc-m-12551929026\" class=\"j-module n j-gallery \"><div id=\"cc-m-gallery-12551929026\" class=\"cc-m-gallery-container cc-m-gallery-cool clearover\"><div id=\"gallery_thumb_8110682226\" class=\"cc-m-gallery-cool-item\"><div><a rel=\"lightbox[12551929026]\" data-href=\"https:\/\/planbwagen.de\/wp-content\/uploads\/attachments\/image.jpg\" data-title=\"\" data-index=\"0\"> <img style=\"height: 167px; width: 370px; margin-bottom: 3px;\" src=\"https:\/\/planbwagen.de\/wp-content\/uploads\/2020\/07\/image-4-0-8.jpg\" alt=\"\" data-orig-width=\"2048\" data-orig-height=\"926\" \/> <\/a><\/div><\/div><\/div><\/div><div id=\"cc-m-12551927026\" class=\"j-module n j-text \"><p>\u00a0<\/p><p>Wenn ich mich auf unserer Tour so umsehe, treffen wir in der Regel auf zwei Kategorien Reisende (Urlauber lasse ich bewusst einmal au\u00dfen vor). - Entweder sind es extrem junge Menschen oder Rentner. Immer wieder h\u00f6ren wir, ihr macht das genau richtig. - \"Noch seid ihr gesund, noch geht es, uns f\u00e4llt das Reisen schon schwer.\" - Wenn wir es jedoch richtig machen, stellt sich die Frage, warum machen es so wenige richtig? - Dies scheint kein Thema des Geldes zu sein. - Zwischendurch treffen wir ja auch immer wieder die Ausnahmen. Menschen die ganz bewusst ihre Karriere zur\u00fcckstellen, Ihren Lebensstandard reduzieren, um im Hier und Jetzt zu leben.<\/p><p>\u00a0<\/p><p>Gestern habe ich mit meinem Bruder Dirk telefoniert. In jungen Jahren hatte er ein klar definiertes Ziel. - \"Mit 40 will\u00a0ich mit dem Arbeiten fertig sein. - Denn dann bin ich noch jung\u00a0und kann segeln, vielleicht sogar segelfliegen. Hobbys realisieren, die ich sp\u00e4ter vielleicht nicht mehr realisieren kann.\" - Aus heutiger Sicht muss man sagen, mein Bruder war ein absoluter Vordenker seiner Zeit. - Denn heute gibt es eine ganze Bewegung, die sich genau mit diesem Thema auseinandersetzt. Mit 40 fertig zu sein, um dann in jungen Jahren aus- beziehungsweise einzusteigen. Die Bewegung hat sogar einen Namen: Frugalisten.<\/p><p>\u00a0<\/p><p>Frugal bedeutet \"einfach, bescheiden, m\u00e4\u00dfig\" - H\u00f6rt sich das nach Spa\u00df und Gl\u00fcck an? Eher nach Langeweile oder? - Jeder\u00a0sollte hierzu\u00a0seine eigene, pers\u00f6nliche Entscheidung treffen. Ich ma\u00dfe mir keineswegs an, zu wissen was diesbez\u00fcglich richtig oder falsch ist. Ich pers\u00f6nlich kenne keine Menschen, die diese Entscheidung in jungen Jahren bewusst getroffen haben und am Ende auch umgesetzt haben. - Mein Bruder ist inzwischen jenseits der 60.\u00a0- Er arbeitet wie\u00a0eh und je. Ich\u00a0war und bin mir\u00a0nicht sicher, ob er \u00fcberhaupt ohne Arbeit gl\u00fccklich w\u00e4re. - Er hat immer gerne gearbeitet, ich hoffe, dass es\u00a0ihn weiterhin gl\u00fccklich macht. - Er h\u00e4tte sicherlich mit 40 aussteigen k\u00f6nnen, doch er hat es nicht getan.<\/p><p>\u00a0<\/p><p>Ebenso unsicher bin ich mir, ob ein langfristiger Ausstieg, f\u00fcr uns, f\u00fcr mich das richtige w\u00e4re. Was ich aber beantworten kann, ist, dass die Entscheidung, eine gewisse Zeit auszusteigen, die beste meines Lebens war und ist. - Deshalb finde ich es wunderbar, dass die Generation Y und Z\u00a0uns lehrt, dass es auch ein Arbeits-Leben, mit\u00a0Home-Office, Sabbatical, Elternzeit, Work\u00a0Life Balance gibt.<\/p><p>\u00a0<\/p><p>Wer denkt, heute ist der\u00a0H\u00e4usgen\u00a0aber philosophisch, das k\u00f6nnte daran liegen das ich einen Gro\u00dfteil meines Tages in der H\u00e4ngematte verbracht habe. Wie sagt mein Freund Uwe immer? Kreativit\u00e4t entsteht aus Langeweile! - W\u00e4hrend ich in der H\u00e4ngematte liege, findet Torgit ihre Ruhe beim Yoga in der Sonne.<\/p><p>\u00a0<\/p><p>Dann war das ein kreativer Tag. - Abends kochen wir gemeinsam. - W\u00e4hrend ich diese Zeilen schreibe, h\u00f6ren wir BAP, bzw. Nideggen. - Do jeht ming Frau, Verdamp lang her und Do kannst zaubre. - Alles und gut. Irgendwie ist er sehr, sehr schnell vorbei gegangen.<\/p><p>\u00a0<\/p><p>Nachtrag: Als ich mir gerade im Sanit\u00e4rbereich die Z\u00e4hne putze, spielt der 80er Sender, Kayleigh von Marillion, aus dem Jahre 1985. Einer meiner damaligen Lieblingssongs, denn man hatte ja noch viele.<\/p><p>\u00a0<\/p><p>\"Erinnerst du dich an die Kirschbl\u00fcte auf dem Marktplatz?<\/p><p>Erinnerst Du Dich, ich dachte, es sei Konfetti in unseren Haaren!\"<\/p><p>\u00a0<\/p><p style=\"text-align: right;\">\"Do you remember the cherry blossom in the market square<\/p><p style=\"text-align: right;\">Do you remember I thought it was confetti in our hair\"<\/p><p>\u00a0<\/p><p>Zur\u00fcck im Bulli wollen wir uns noch die Neue-Alte \"Mit Pfefferminz bin ich dein Prinz\" von Marius anh\u00f6ren.<\/p><p>Doch dazu Morgen mehr.<\/p><p>\u00a0<\/p><p>Erkenntnis des Tages: Manchmal verfliegen die langsamen Tage, ebenso schnell, wie die schnellen.<\/p><p>\u00a0<\/p><\/div><div id=\"cc-m-12551930726\" class=\"j-module n j-gallery \"><div id=\"cc-m-gallery-12551930726\" class=\"cc-m-gallery-container cc-m-gallery-cool clearover\"><div id=\"gallery_thumb_8110685126\" class=\"cc-m-gallery-cool-item\"><div><a rel=\"lightbox[12551930726]\" data-href=\"https:\/\/planbwagen.de\/wp-content\/uploads\/attachments\/image.jpg\" data-title=\"\" data-index=\"0\"> <img style=\"height: 176px; width: 132px; margin-bottom: 3px; margin-right: 3px;\" src=\"https:\/\/planbwagen.de\/wp-content\/uploads\/2020\/07\/image-4-1-9.jpg\" alt=\"\" data-orig-width=\"1536\" data-orig-height=\"2048\" \/> <\/a><\/div><\/div><div id=\"gallery_thumb_8110685026\" class=\"cc-m-gallery-cool-item\"><div><a rel=\"lightbox[12551930726]\" data-href=\"https:\/\/planbwagen.de\/wp-content\/uploads\/attachments\/image.jpg\" data-title=\"\" data-index=\"1\"> <img style=\"height: 176px; width: 235px; margin-bottom: 3px;\" src=\"https:\/\/planbwagen.de\/wp-content\/uploads\/2020\/07\/image-6-6-2-2.jpg\" alt=\"\" data-orig-width=\"2048\" data-orig-height=\"1536\" \/> <\/a><\/div><\/div><\/div><\/div><div id=\"cc-m-12551929326\" class=\"j-module n j-text \"><p style=\"text-align: center;\"><em>\"<\/em><i>Mit 16, sagte ich still:\u00a0<\/i><i>ich will,\u00a0<\/i><i>will gro\u00df sein, will siegen,\u00a0<\/i><i>will froh sein, nie l\u00fcgen.<\/i><\/p><p style=\"text-align: center;\"><i>Mit 16, sagte ich still: i<\/i><i>ch will,\u00a0<\/i><i>will alles oder nichts.<\/i><\/p><p style=\"text-align: center;\"><i>F\u00fcr mich soll's rote Rosen regnen,\u00a0<\/i><i>mir sollten s\u00e4mtliche Wunder begegnen,<\/i><\/p><p style=\"text-align: center;\"><i>die Welt sollte sich umgestalten\u00a0<\/i><i>und ihre Sorgen f\u00fcr sich behalten.<\/i><\/p><p style=\"text-align: center;\"><i>Und sp\u00e4ter, sagte ich noch:\u00a0<\/i><i>Ich m\u00f6cht verstehen, viel sehen, erfahren, bewahren.<\/i><\/p><p style=\"text-align: center;\"><i>Und sp\u00e4ter, sagte ich noch: Ich m\u00f6cht\u00a0<\/i><i>nicht allein sein und doch frei sein.<\/i><\/p><p style=\"text-align: center;\"><i>F\u00fcr mich soll's rote Rosen regnen,\u00a0<\/i><i>mir sollten s\u00e4mtliche Wunder begegnen,<\/i><\/p><p style=\"text-align: center;\"><i>das Gl\u00fcck sollte sich sanft verhalten,\u00a0<\/i><i>es soll mein Schicksal mit Liebe verwalten.<\/i><\/p><p style=\"text-align: center;\"><i>Und heute, sage ich still:\u00a0<\/i><i>Ich sollt\u00a0<\/i><i>mich f\u00fcgen, begn\u00fcgnen,<\/i><\/p><p style=\"text-align: center;\"><i>ich kann mich nicht f\u00fcgen,\u00a0<\/i><i>kann mich nicht begn\u00fcgnen:<\/i><\/p><p style=\"text-align: center;\"><i>will immer noch siegen.\u00a0<\/i><i>will alles, oder nichts.\u00a0<\/i><i>F\u00fcr mich soll's rote Rosen regnen,<\/i><\/p><p style=\"text-align: center;\"><i>mir sollten ganz neue Wunder begegnen, mich fern vom alten neu entfalten,<\/i><\/p><p style=\"text-align: center;\"><i>von dem, was erwartet, das meiste halten.<\/i><\/p><p style=\"text-align: center;\"><i><strong><span style=\"font-size: 18px;\">ich will, ich will<\/span><\/strong>\" - <strong><span style=\"font-size: 18px;\">Knef<\/span><\/strong><\/i><\/p><\/div><div id=\"cc-m-12573428426\" class=\"j-module n j-text \"><p style=\"text-align: right;\"><a class=\"j-calltoaction-link j-calltoaction-link-style-2\" style=\"font-size: 16px; background-color: #ffcc00; border-width: 2px; border-color: #ffcc00; color: #ffffff; user-select: text; padding: 10px 20px; line-height: 1.5; border-radius: 0px; -webkit-appearance: none; margin: 1em 0px;\" title=\"Tag No. 66 - Ich m\u00f6chte ... - auf nach S\u00e3o Teot\u00f3nio\" href=\"\/2019\/11\/09\/tag-no-66-ich-m%C3%B6chte\/\" data-action=\"button\" data-title=\"Sunny Side Up\"> Sunny Side Up\u00a0 \u00a0\u00a0<\/a><\/p><p style=\"text-align: right;\"><a class=\"j-calltoaction-link j-calltoaction-link-style-2\" style=\"background-color: #ffcc00; border-width: 2px; border-color: #ffcc00; color: #ffffff; user-select: text; padding: 10px 20px; font-size: 16px; line-height: 1.5; border-radius: 0px; -webkit-appearance: none; margin: 1em 0px;\" title=\"Tag No. 64 - Ein sch\u00f6ner Tag ... - Praia dos Alteirinhos\" href=\"\/2019\/11\/07\/tag-no-64-ein-sch%C3%B6ner-tag\/\" data-action=\"button\" data-title=\"Sunny Side Down\"> Sunny Side Down\u00a0 \u00a0\u00a0<\/a><\/p><\/div><\/div><\/div><div class=\"j-module n j-text j-blog-post--tags-wrapper\"><span class=\"j-blog-post--tags--template\" style=\"display: none;\"><a class=\"j-blog-post--tag\" href=\"https:\/\/www.gluecksmuskel.de\/hectors-reisen\/?tag=tagPlaceholder\">tagPlaceholder<\/a><\/span><span class=\"j-blog-post--tags-label\" style=\"display: none;\">Tags:<\/span><\/div><div class=\"n j-comment\"><div id=\"commentsModule12551901626\"><p id=\"skiptoform12551901626\" class=\"skiptoform\"><a href=\"#\" data-id=\"12551901626\" data-action=\"goToForm\">Kommentar schreiben<\/a><\/p><div id=\"numComments12551901626\" class=\"j-blog-comment-counter\">Kommentare: <i class=\"cc-comments-count\">0<\/i><\/div><ul id=\"commentOutput12551901626\" class=\"com-list-noava\"><li id=\"commentFormContainer12551901626\" class=\"commentstd clearover cc-m-comment-loading\"><a name=\"commentForm12551901626\"><\/a><\/li><\/ul><div id=\"commentError12551901626\" class=\"message-error\" style=\"display: none;\">\u00a0<\/div><div id=\"commentSuccess12551901626\" class=\"message-ok\" style=\"display: none;\">\u00a0<\/div><\/div><p><script>\/\/ <![CDATA[ window.regModule(\"module_comment\", {\"data\":{\"id\":\"12551901626\",\"closed\":\"0\",\"captcha\":\"f1e2f53dfd302145abc44b403620703a\",\"avatar\":false,\"lang\":{\"comment\":\"Kommentar\",\"comments\":\"Kommentare\"}}}); \/\/ ]]> <\/script><\/p><\/div><\/article><p>\u00a0<\/p>","_et_gb_content_width":"","footnotes":""},"categories":[8],"tags":[],"class_list":["post-1613","post","type-post","status-publish","format-standard","has-post-thumbnail","hentry","category-portugal"],"_links":{"self":[{"href":"https:\/\/www.planbwagen.de\/es\/wp-json\/wp\/v2\/posts\/1613","targetHints":{"allow":["GET"]}}],"collection":[{"href":"https:\/\/www.planbwagen.de\/es\/wp-json\/wp\/v2\/posts"}],"about":[{"href":"https:\/\/www.planbwagen.de\/es\/wp-json\/wp\/v2\/types\/post"}],"author":[{"embeddable":true,"href":"https:\/\/www.planbwagen.de\/es\/wp-json\/wp\/v2\/users\/1"}],"replies":[{"embeddable":true,"href":"https:\/\/www.planbwagen.de\/es\/wp-json\/wp\/v2\/comments?post=1613"}],"version-history":[{"count":6,"href":"https:\/\/www.planbwagen.de\/es\/wp-json\/wp\/v2\/posts\/1613\/revisions"}],"predecessor-version":[{"id":7938,"href":"https:\/\/www.planbwagen.de\/es\/wp-json\/wp\/v2\/posts\/1613\/revisions\/7938"}],"wp:featuredmedia":[{"embeddable":true,"href":"https:\/\/www.planbwagen.de\/es\/wp-json\/wp\/v2\/media\/3946"}],"wp:attachment":[{"href":"https:\/\/www.planbwagen.de\/es\/wp-json\/wp\/v2\/media?parent=1613"}],"wp:term":[{"taxonomy":"category","embeddable":true,"href":"https:\/\/www.planbwagen.de\/es\/wp-json\/wp\/v2\/categories?post=1613"},{"taxonomy":"post_tag","embeddable":true,"href":"https:\/\/www.planbwagen.de\/es\/wp-json\/wp\/v2\/tags?post=1613"}],"curies":[{"name":"wp","href":"https:\/\/api.w.org\/{rel}","templated":true}]}}