{"id":16078,"date":"2023-06-15T14:33:09","date_gmt":"2023-06-15T12:33:09","guid":{"rendered":"https:\/\/www.planbwagen.de\/?p=16078"},"modified":"2023-10-31T11:57:49","modified_gmt":"2023-10-31T09:57:49","slug":"palazzo-vetrano-unser-nachhaltigkeitskonzept-nachhaltig-reisen","status":"publish","type":"post","link":"https:\/\/www.planbwagen.de\/es\/campana-de-limpieza-de-campings-del-ccc\/palazzo-vetrano-nuestro-concepto-de-sostenibilidad-viajes-sostenibles\/","title":{"rendered":"PALAZZO VETRANO - Nuestro concepto de sostenibilidad - Viajes sostenibles ?? ?? ??"},"content":{"rendered":"<p>[et_pb_section fb_built=&#8220;1&#8243; _builder_version=&#8220;4.5.1&#8243; _module_preset=&#8220;default&#8220;][et_pb_row _builder_version=&#8220;4.5.1&#8243; _module_preset=&#8220;default&#8220;][et_pb_column type=&#8220;4_4&#8243; _builder_version=&#8220;4.5.1&#8243; _module_preset=&#8220;default&#8220;][et_pb_text _builder_version=&#8220;4.5.1&#8243; _module_preset=&#8220;default&#8220;]<\/p>\n<p>\u00bfLe gustar\u00eda tambi\u00e9n reducir su huella ecol\u00f3gica cuando viaja? \u00bfC\u00f3mo podemos ayudarle?<\/p>\n<p>Consideramos que es nuestra contribuci\u00f3n conjunta a la reducci\u00f3n del impacto ambiental, la conservaci\u00f3n de los recursos naturales y el fomento de un comportamiento socialmente responsable sin sermonear. Tambi\u00e9n queremos prescindir conscientemente del consabido dedo acusador.<\/p>\n<p>Pero, \u00bfc\u00f3mo reunir las preocupaciones ecol\u00f3gicas, econ\u00f3micas y sociales bajo el techo de un piso de vacaciones?<\/p>\n<p>Enseguida nos dimos cuenta de que no era tan f\u00e1cil. Sicilia y Palermo, en particular, no son faros del pensamiento y la acci\u00f3n sostenibles.<\/p>\n<p>Evitar el pl\u00e1stico y separar los residuos parecen palabras extranjeras. Pero tambi\u00e9n hay cosas positivas. Las primeras paradas de autob\u00fas se est\u00e1n equipando con estaciones de recarga. Y en el mercado del almacenamiento, Italia y Sicilia en particular son consideradas pioneras en energ\u00edas renovables junto con Alemania.<\/p>\n<p>Hay mucho por hacer. Por eso no queremos dejar de aportar nuestra modesta contribuci\u00f3n.<br \/> S\u00ed, la palabra modesto tambi\u00e9n se eligi\u00f3 deliberadamente. Porque, ciertamente, estamos s\u00f3lo al principio. Aportamos nuestro granito de arena en la medida de nuestras posibilidades. Fieles al lema:<\/p>\n<p>[\/et_pb_text][\/et_pb_column][\/et_pb_row][et_pb_row _builder_version=&#8220;4.5.1&#8243; _module_preset=&#8220;default&#8220;][et_pb_column type=&#8220;4_4&#8243; _builder_version=&#8220;4.5.1&#8243; _module_preset=&#8220;default&#8220;][et_pb_text _builder_version=&#8220;4.5.1&#8243; _module_preset=&#8220;default&#8220;]<\/p>\n<p style=\"text-align: center;\"><strong><em>&#8222;Was wir heute tun, entscheidet dar\u00fcber, wie die Welt morgen aussieht.\u201d<\/em><\/strong><br \/><strong><em> - Marie Baronesa Ebner von Eschenbach<\/em><\/strong><\/p>\n<p>[\/et_pb_text][\/et_pb_column][\/et_pb_row][et_pb_row column_structure=&#8220;1_2,1_2&#8243; _builder_version=&#8220;4.5.1&#8243; _module_preset=&#8220;default&#8220;][et_pb_column type=&#8220;1_2&#8243; _builder_version=&#8220;4.5.1&#8243; _module_preset=&#8220;default&#8220;][et_pb_image src=&#8220;https:\/\/www.planbwagen.de\/wp-content\/uploads\/2023\/06\/69d5ed8c-8b3b-483a-a8ae-d5b294ebf6f4-1024&#215;682.jpg&#8220; title_text=&#8220;69d5ed8c-8b3b-483a-a8ae-d5b294ebf6f4&#8243; _builder_version=&#8220;4.5.1&#8243; _module_preset=&#8220;default&#8220;][\/et_pb_image][\/et_pb_column][et_pb_column type=&#8220;1_2&#8243; _builder_version=&#8220;4.5.1&#8243; _module_preset=&#8220;default&#8220;][et_pb_image src=&#8220;https:\/\/www.planbwagen.de\/wp-content\/uploads\/2023\/06\/d1efdc9b-0902-479f-8d9f-b288089c15fe-1-1024&#215;683.jpg&#8220; title_text=&#8220;d1efdc9b-0902-479f-8d9f-b288089c15fe&#8220; _builder_version=&#8220;4.5.1&#8243; _module_preset=&#8220;default&#8220;][\/et_pb_image][\/et_pb_column][\/et_pb_row][et_pb_row _builder_version=&#8220;4.5.1&#8243; _module_preset=&#8220;default&#8220;][et_pb_column type=&#8220;4_4&#8243; _builder_version=&#8220;4.5.1&#8243; _module_preset=&#8220;default&#8220;][et_pb_text _builder_version=&#8220;4.5.1&#8243; _module_preset=&#8220;default&#8220;]<\/p>\n<p><span style=\"font-size: 18px;\"><\/span><\/p>\n<p><span style=\"font-size: 18px;\">\u00bfQu\u00e9 es nuestra huella ecol\u00f3gica? \u00bfQu\u00e9 es nuestra huella ecol\u00f3gica?<\/span><\/p>\n<div id=\"ez-toc-container\" class=\"ez-toc-v2_0_76 counter-hierarchy ez-toc-counter ez-toc-grey ez-toc-container-direction\">\n<p class=\"ez-toc-title\" style=\"cursor:inherit\">Contenido<\/p>\n<label for=\"ez-toc-cssicon-toggle-item-69f4c9866bbd2\" class=\"ez-toc-cssicon-toggle-label\"><span class=\"\"><span class=\"eztoc-hide\" style=\"display:none;\">Toggle<\/span><span class=\"ez-toc-icon-toggle-span\"><svg style=\"fill: #999;color:#999\" xmlns=\"http:\/\/www.w3.org\/2000\/svg\" class=\"list-377408\" width=\"20px\" height=\"20px\" viewbox=\"0 0 24 24\" fill=\"none\"><path d=\"M6 6H4v2h2V6zm14 0H8v2h12V6zM4 11h2v2H4v-2zm16 0H8v2h12v-2zM4 16h2v2H4v-2zm16 0H8v2h12v-2z\" fill=\"currentColor\"><\/path><\/svg><svg style=\"fill: #999;color:#999\" class=\"arrow-unsorted-368013\" xmlns=\"http:\/\/www.w3.org\/2000\/svg\" width=\"10px\" height=\"10px\" viewbox=\"0 0 24 24\" version=\"1.2\" baseprofile=\"tiny\"><path d=\"M18.2 9.3l-6.2-6.3-6.2 6.3c-.2.2-.3.4-.3.7s.1.5.3.7c.2.2.4.3.7.3h11c.3 0 .5-.1.7-.3.2-.2.3-.5.3-.7s-.1-.5-.3-.7zM5.8 14.7l6.2 6.3 6.2-6.3c.2-.2.3-.5.3-.7s-.1-.5-.3-.7c-.2-.2-.4-.3-.7-.3h-11c-.3 0-.5.1-.7.3-.2.2-.3.5-.3.7s.1.5.3.7z\"\/><\/svg><\/span><\/span><\/label><input type=\"checkbox\"  id=\"ez-toc-cssicon-toggle-item-69f4c9866bbd2\"  aria-label=\"Alternar\" \/><nav><ul class='ez-toc-list ez-toc-list-level-1' ><li class='ez-toc-page-1 ez-toc-heading-level-2'><a class=\"ez-toc-link ez-toc-heading-1\" href=\"https:\/\/www.planbwagen.de\/es\/campana-de-limpieza-de-campings-del-ccc\/palazzo-vetrano-nuestro-concepto-de-sostenibilidad-viajes-sostenibles\/#Hier_ein_Katalog_unserer_bisherigen_Massnahmen\" >He aqu\u00ed un cat\u00e1logo de nuestras medidas hasta la fecha:<\/a><ul class='ez-toc-list-level-3' ><li class='ez-toc-heading-level-3'><a class=\"ez-toc-link ez-toc-heading-2\" href=\"https:\/\/www.planbwagen.de\/es\/campana-de-limpieza-de-campings-del-ccc\/palazzo-vetrano-nuestro-concepto-de-sostenibilidad-viajes-sostenibles\/#Solare_Stromerzeugung_und_-speicherung\" >Generaci\u00f3n y almacenamiento de energ\u00eda solar<\/a><\/li><li class='ez-toc-page-1 ez-toc-heading-level-3'><a class=\"ez-toc-link ez-toc-heading-3\" href=\"https:\/\/www.planbwagen.de\/es\/campana-de-limpieza-de-campings-del-ccc\/palazzo-vetrano-nuestro-concepto-de-sostenibilidad-viajes-sostenibles\/#Heizen_%E2%80%93_Trocknen_%E2%80%93_Kuhlen\" >Calefacci\u00f3n - Secado - Refrigeraci\u00f3n<\/a><\/li><li class='ez-toc-page-1 ez-toc-heading-level-3'><a class=\"ez-toc-link ez-toc-heading-4\" href=\"https:\/\/www.planbwagen.de\/es\/campana-de-limpieza-de-campings-del-ccc\/palazzo-vetrano-nuestro-concepto-de-sostenibilidad-viajes-sostenibles\/#Strom_Licht\" >Electricidad y luz<\/a><\/li><li class='ez-toc-page-1 ez-toc-heading-level-3'><a class=\"ez-toc-link ez-toc-heading-5\" href=\"https:\/\/www.planbwagen.de\/es\/campana-de-limpieza-de-campings-del-ccc\/palazzo-vetrano-nuestro-concepto-de-sostenibilidad-viajes-sostenibles\/#Trinkwasser\" >Agua potable<\/a><\/li><li class='ez-toc-page-1 ez-toc-heading-level-3'><a class=\"ez-toc-link ez-toc-heading-6\" href=\"https:\/\/www.planbwagen.de\/es\/campana-de-limpieza-de-campings-del-ccc\/palazzo-vetrano-nuestro-concepto-de-sostenibilidad-viajes-sostenibles\/#Plastik\" >Pl\u00e1stico<\/a><\/li><li class='ez-toc-page-1 ez-toc-heading-level-3'><a class=\"ez-toc-link ez-toc-heading-7\" href=\"https:\/\/www.planbwagen.de\/es\/campana-de-limpieza-de-campings-del-ccc\/palazzo-vetrano-nuestro-concepto-de-sostenibilidad-viajes-sostenibles\/#Einrichtung\" >Mobiliario<\/a><\/li><li class='ez-toc-page-1 ez-toc-heading-level-3'><a class=\"ez-toc-link ez-toc-heading-8\" href=\"https:\/\/www.planbwagen.de\/es\/campana-de-limpieza-de-campings-del-ccc\/palazzo-vetrano-nuestro-concepto-de-sostenibilidad-viajes-sostenibles\/#Anreise\" >Viaje<\/a><\/li><li class='ez-toc-page-1 ez-toc-heading-level-3'><a class=\"ez-toc-link ez-toc-heading-9\" href=\"https:\/\/www.planbwagen.de\/es\/campana-de-limpieza-de-campings-del-ccc\/palazzo-vetrano-nuestro-concepto-de-sostenibilidad-viajes-sostenibles\/#Eigenverantwortung\" >Responsabilidad personal<\/a><\/li><li class='ez-toc-page-1 ez-toc-heading-level-3'><a class=\"ez-toc-link ez-toc-heading-10\" href=\"https:\/\/www.planbwagen.de\/es\/campana-de-limpieza-de-campings-del-ccc\/palazzo-vetrano-nuestro-concepto-de-sostenibilidad-viajes-sostenibles\/#Essen_Soziales\" >Alimentaci\u00f3n y Asuntos Sociales<\/a><\/li><li class='ez-toc-page-1 ez-toc-heading-level-3'><a class=\"ez-toc-link ez-toc-heading-11\" href=\"https:\/\/www.planbwagen.de\/es\/campana-de-limpieza-de-campings-del-ccc\/palazzo-vetrano-nuestro-concepto-de-sostenibilidad-viajes-sostenibles\/#CleanUp\" >Limpieza<\/a><\/li><li class='ez-toc-page-1 ez-toc-heading-level-3'><a class=\"ez-toc-link ez-toc-heading-12\" href=\"https:\/\/www.planbwagen.de\/es\/campana-de-limpieza-de-campings-del-ccc\/palazzo-vetrano-nuestro-concepto-de-sostenibilidad-viajes-sostenibles\/#Fazit\" >Conclusi\u00f3n<\/a><\/li><\/ul><\/li><\/ul><\/nav><\/div>\n<h2><span class=\"ez-toc-section\" id=\"Hier_ein_Katalog_unserer_bisherigen_Massnahmen\"><\/span>He aqu\u00ed un cat\u00e1logo de nuestras medidas hasta la fecha:<span class=\"ez-toc-section-end\"><\/span><\/h2>\n<p>&nbsp;<\/p>\n<h3><span class=\"ez-toc-section\" id=\"Solare_Stromerzeugung_und_-speicherung\"><\/span>Generaci\u00f3n y almacenamiento de energ\u00eda solar<span class=\"ez-toc-section-end\"><\/span><\/h3>\n<p>El sol siciliano contribuye significativamente a nuestro concepto de sostenibilidad. Brilla una media de 7,4 horas al d\u00eda. Esto no solo es bueno para el alma y el equilibrio de vitamina D, sino sobre todo para nuestro medio ambiente.<\/p>\n<h3><span class=\"ez-toc-section\" id=\"Heizen_%E2%80%93_Trocknen_%E2%80%93_Kuhlen\"><\/span>Calefacci\u00f3n - Secado - Refrigeraci\u00f3n<span class=\"ez-toc-section-end\"><\/span><\/h3>\n<p>La energ\u00eda renovable contribuye a ello de forma significativa. La bomba de calor del sistema de aire acondicionado split energ\u00e9ticamente eficiente no s\u00f3lo permite aprovechar el calor ambiental natural del aire. Tambi\u00e9n sirve como fuente de calor primaria. Sin emisiones de CO2 gracias a la combinaci\u00f3n con un sistema solar\/fotovoltaico, almacenamiento de electricidad y electricidad verde.<\/p>\n<p>El piso de vacaciones tambi\u00e9n dispone de una caldera de condensaci\u00f3n Bosch de \u00faltima generaci\u00f3n. Sin embargo, solo est\u00e1 pensada como fuente de calor secundaria y sistema de emergencia.<\/p>\n<h3><span class=\"ez-toc-section\" id=\"Strom_Licht\"><\/span>Electricidad y luz<span class=\"ez-toc-section-end\"><\/span><\/h3>\n<p>La atenci\u00f3n se centr\u00f3 en la reproducci\u00f3n crom\u00e1tica, la atenuaci\u00f3n y la eficiencia energ\u00e9tica. Los LED garantizan un uso duradero y sostenible de las luminarias.<\/p>\n<p>Adem\u00e1s de la iluminaci\u00f3n, en nuestra agenda tambi\u00e9n figuraba evitar el consumo innecesario de electricidad. Todos los electrodom\u00e9sticos se seleccionaron siguiendo criterios energ\u00e9ticos siempre que fue posible. Adem\u00e1s, un interruptor central nos permite desconectar todas las fuentes de alimentaci\u00f3n (a excepci\u00f3n del frigor\u00edfico) cuando salimos del piso. Sencillamente ecol\u00f3gico, \u00bfl\u00f3gico?<\/p>\n<h3><span class=\"ez-toc-section\" id=\"Trinkwasser\"><\/span>Agua potable<span class=\"ez-toc-section-end\"><\/span><\/h3>\n<p>El agua del grifo no s\u00f3lo se analiza a intervalos regulares de acuerdo con las directrices de la UE. Tambi\u00e9n pensamos que su sabor es excepcionalmente bueno. Por eso la utilizamos como agua potable. As\u00ed nos ahorramos a nosotros y a usted tener que llevar botellas innecesarias. No hace falta que le digamos que se trata de agua potable valiosa que hay que ahorrar, \u00bfverdad? PD: \u00a1No olvide su botella!<\/p>\n<h3><span class=\"ez-toc-section\" id=\"Plastik\"><\/span>Pl\u00e1stico<span class=\"ez-toc-section-end\"><\/span><\/h3>\n<p>Evitar los residuos pl\u00e1sticos en casa suele ser ya un reto en la vida cotidiana. En vacaciones suele ser doblemente dif\u00edcil. Ya hemos hecho un peque\u00f1o trabajo preliminar para que usted tambi\u00e9n pueda hacerlo durante sus vacaciones.<\/p>\n<p>Hemos evitado deliberadamente, en la medida de lo posible, utilizar pl\u00e1stico para la vajilla y los cubiertos. Pero la contribuci\u00f3n decisiva est\u00e1 justo en nuestra puerta. El Mercato Ballar\u00f2, tradicional y conocido por su oferta regional de fruta de temporada, verdura, pescado y carne sostenible.<\/p>\n<p>Hay varias tiendas sin empaquetar a poca distancia a pie. Nuestros hu\u00e9spedes pueden encontrar la ubicaci\u00f3n exacta en su mapa digital de la ciudad. Nuestro apartamento de vacaciones Palazzo Vetrano est\u00e1 equipado con recipientes de cristal para guardar cosas, una cesta de la compra y una bolsa de la compra.<\/p>\n<p>[\/et_pb_text][\/et_pb_column][\/et_pb_row][et_pb_row column_structure=&#8220;1_2,1_2&#8243; _builder_version=&#8220;4.5.1&#8243; _module_preset=&#8220;default&#8220;][et_pb_column type=&#8220;1_2&#8243; _builder_version=&#8220;4.5.1&#8243; _module_preset=&#8220;default&#8220;][et_pb_image src=&#8220;https:\/\/www.planbwagen.de\/wp-content\/uploads\/2023\/06\/X-Wohnku\u0308che-Details-Palermo-Blu-Centro-Storico-Ballaro\u0300-Pallazzo-Vertrano-Casa-Vacanza-00003-1024&#215;682.jpg&#8220; alt=&#8220;Nachhaltigkeit: glas, Porzellan, Mehrweg, statt Plastik und Einweg&#8220; _builder_version=&#8220;4.5.1&#8243; _module_preset=&#8220;default&#8220;][\/et_pb_image][\/et_pb_column][et_pb_column type=&#8220;1_2&#8243; _builder_version=&#8220;4.5.1&#8243; _module_preset=&#8220;default&#8220;][et_pb_image src=&#8220;https:\/\/www.planbwagen.de\/wp-content\/uploads\/2023\/06\/Nachhaltig-1-1024&#215;682.jpg&#8220; alt=&#8220;Nachhaltigkeit: glas, Porzellan, Mehrweg, statt Plastik und Einweg&#8220; _builder_version=&#8220;4.5.1&#8243; _module_preset=&#8220;default&#8220;][\/et_pb_image][\/et_pb_column][\/et_pb_row][et_pb_row _builder_version=&#8220;4.5.1&#8243; _module_preset=&#8220;default&#8220;][et_pb_column type=&#8220;4_4&#8243; _builder_version=&#8220;4.5.1&#8243; _module_preset=&#8220;default&#8220;][et_pb_text _builder_version=&#8220;4.5.1&#8243; _module_preset=&#8220;default&#8220;]<\/p>\n<h3><span class=\"ez-toc-section\" id=\"Einrichtung\"><\/span>Mobiliario<span class=\"ez-toc-section-end\"><\/span><\/h3>\n<p>Al seleccionar nuestros muebles vintage, tambi\u00e9n nos hemos centrado en la sostenibilidad y la longevidad, adem\u00e1s de la apariencia y la calidad. La mayor\u00eda de nuestras piezas proceden de Palermo y sus alrededores y ya han hecho felices a otras personas. Nuestra cama de lat\u00f3n puede describirse ciertamente como intergeneracional. Si podemos colaborar para que estos muebles hagan feliz en alg\u00fan momento a la siguiente generaci\u00f3n, habremos dado un paso adelante sostenible.<\/p>\n<p>Por supuesto, tambi\u00e9n hay algunos muebles de IKEA. Sus clientes tambi\u00e9n deber\u00edan sentirse a gusto con nosotros. Esperamos haber encontrado los productos sostenibles adecuados.<\/p>\n<p>[\/et_pb_text][\/et_pb_column][\/et_pb_row][et_pb_row column_structure=&#8220;1_2,1_2&#8243; _builder_version=&#8220;4.5.1&#8243; _module_preset=&#8220;default&#8220;][et_pb_column type=&#8220;1_2&#8243; _builder_version=&#8220;4.5.1&#8243; _module_preset=&#8220;default&#8220;][et_pb_image src=&#8220;https:\/\/www.planbwagen.de\/wp-content\/uploads\/2023\/03\/5-Schlafen-1-Palermo-Blu-Centro-Storico-Ballaro\u0300-Pallazzo-Vertrano-Casa-Vacanza-00006-1-1024&#215;683.jpg&#8220; alt=&#8220;Schlafen 1, Palermo Blu, Centro Storico, Ballaro\u0300, Pallazzo Vertrano, Casa Vacanza&#8220; title_text=&#8220;Schlafen 1, Palermo Blu, Centro Storico, Ballaro\u0300, Pallazzo Vertrano, Casa Vacanza&#8220; _builder_version=&#8220;4.5.1&#8243; _module_preset=&#8220;default&#8220;][\/et_pb_image][\/et_pb_column][et_pb_column type=&#8220;1_2&#8243; _builder_version=&#8220;4.5.1&#8243; _module_preset=&#8220;default&#8220;][et_pb_image src=&#8220;https:\/\/www.planbwagen.de\/wp-content\/uploads\/2023\/03\/31-Schlafen-1-Details-Palermo-Blu-Centro-Storico-Ballaro\u0300-Pallazzo-Vertrano-Casa-Vacanza-00003-1024&#215;683.jpg&#8220; alt=&#8220;Schlafen 1 Details, Palermo Blu, Centro Storico, Ballaro\u0300, Pallazzo Vertrano, Casa Vacanza&#8220; title_text=&#8220;Schlafen 1 Details, Palermo Blu, Centro Storico, Ballaro\u0300, Pallazzo Vertrano, Casa Vacanza&#8220; _builder_version=&#8220;4.5.1&#8243; _module_preset=&#8220;default&#8220;][\/et_pb_image][\/et_pb_column][\/et_pb_row][et_pb_row _builder_version=&#8220;4.5.1&#8243; _module_preset=&#8220;default&#8220;][et_pb_column type=&#8220;4_4&#8243; _builder_version=&#8220;4.5.1&#8243; _module_preset=&#8220;default&#8220;][et_pb_text _builder_version=&#8220;4.5.1&#8243; _module_preset=&#8220;default&#8220;]<\/p>\n<p><span style=\"color: #333333; font-family: 'DCC Ash', Helvetica, Arial, Lucida, sans-serif; font-size: 22px;\">Materiales de construcci\u00f3n<\/span><\/p>\n<p>Las puertas y ventanas son de madera, un material de construcci\u00f3n renovable. El acristalamiento con aislamiento t\u00e9rmico protege del fr\u00edo y el calor. Nos pareci\u00f3 emocionante que nuestro contratista de obras ya hubiera pensado de antemano en una selecci\u00f3n sostenible de los materiales de construcci\u00f3n. No me lo habr\u00eda esperado en Sicilia.<\/p>\n<h3><span class=\"ez-toc-section\" id=\"Anreise\"><\/span>Viaje<span class=\"ez-toc-section-end\"><\/span><\/h3>\n<p>Por supuesto, la forma m\u00e1s respetuosa con el clima de llegar a Sicilia ser\u00eda a pie o en bicicleta. Tambi\u00e9n se puede viajar en coche o en tren. El coche es una hora m\u00e1s r\u00e1pido en la ruta de Fr\u00e1ncfort al puerto de ferris de G\u00e9nova, por ejemplo. Pero, \u00bfqu\u00e9 es m\u00e1s relajado? Sobre todo porque la entrada del ferry en el puerto de Palermo no tiene precio.\u00a0<\/p>\n<p>Si no tiene tiempo, a\u00fan puede viajar a Sicilia en avi\u00f3n sin la verg\u00fcenza de volar. Casi todas las compa\u00f1\u00edas a\u00e9reas ofrecen compensaci\u00f3n por CO2. La alternativa probablemente mejor son las organizaciones sin \u00e1nimo de lucro\u00a0<span>Proveedores como\u00a0<\/span><a href=\"https:\/\/www.atmosfair.de\/de\/kompensieren\/flug\/\">atmosfair<\/a><span>. Por ejemplo, calculan el impacto clim\u00e1tico de un vuelo para dos personas, de Colonia a Palermo, ida y vuelta, en 1.200 kg de CO2. Es decir, algo menos de 22% del vuelo a Bali que se cita a menudo. El importe de la compensaci\u00f3n por este concepto corresponde a 28\u00a0<\/span><span>Aqu\u00ed no s\u00f3lo puede calcular cu\u00e1nto CO2 emite con su vuelo, sino tambi\u00e9n apoyar directa y f\u00e1cilmente programas de compensaci\u00f3n en todo el mundo.\u00a0<\/span><\/p>\n<p>Desde el aeropuerto de Palermo puede viajar directamente en tren al\u00a0<span>Estaci\u00f3n de Palermo Centrale y, por tanto <\/span>al casco antiguo de la ciudad.\u00a0\u00a0<\/p>\n<p>[\/et_pb_text][\/et_pb_column][\/et_pb_row][et_pb_row column_structure=&#8220;1_2,1_2&#8243; _builder_version=&#8220;4.5.1&#8243; _module_preset=&#8220;default&#8220;][et_pb_column type=&#8220;1_2&#8243; _builder_version=&#8220;4.5.1&#8243; _module_preset=&#8220;default&#8220;][et_pb_image src=&#8220;https:\/\/www.planbwagen.de\/wp-content\/uploads\/2023\/06\/IMG_5472-2-1024&#215;576.jpg&#8220; title_text=&#8220;IMG_5472 2&#8243; _builder_version=&#8220;4.5.1&#8243; _module_preset=&#8220;default&#8220;][\/et_pb_image][\/et_pb_column][et_pb_column type=&#8220;1_2&#8243; _builder_version=&#8220;4.5.1&#8243; _module_preset=&#8220;default&#8220;][et_pb_image src=&#8220;https:\/\/www.planbwagen.de\/wp-content\/uploads\/2023\/06\/IMG_5478-2-1024&#215;576.jpg&#8220; title_text=&#8220;IMG_5478 2&#8243; _builder_version=&#8220;4.5.1&#8243; _module_preset=&#8220;default&#8220;][\/et_pb_image][\/et_pb_column][\/et_pb_row][et_pb_row _builder_version=&#8220;4.5.1&#8243; _module_preset=&#8220;default&#8220;][et_pb_column type=&#8220;4_4&#8243; _builder_version=&#8220;4.5.1&#8243; _module_preset=&#8220;default&#8220;][et_pb_text _builder_version=&#8220;4.5.1&#8243; _module_preset=&#8220;default&#8220;]<\/p>\n<p><span style=\"color: #333333; font-family: 'DCC Ash', Helvetica, Arial, Lucida, sans-serif; font-size: 22px;\">Medios de transporte in situ<\/span><\/p>\n<p><span><\/span><\/p>\n<p>Por cierto, el casco antiguo de Palermo se puede recorrer perfectamente a pie. Para los amantes del ciclismo, en nuestro mapa digital de la ciudad hemos incluido opciones de alquiler a poca distancia a pie. Los viajes por tierra pueden organizarse f\u00e1cilmente en autob\u00fas, tren o ferry. As\u00ed se ahorrar\u00e1 tener que alquilar un coche. Econ\u00f3mico y ecol\u00f3gico al mismo tiempo.<\/p>\n<h3><span class=\"ez-toc-section\" id=\"Eigenverantwortung\"><\/span>Responsabilidad personal<span class=\"ez-toc-section-end\"><\/span><\/h3>\n<p>Sobre nuestro personal <a href=\"https:\/\/www.planbwagen.de\/es\/campana-de-limpieza-de-campings-del-ccc\/huella-de-co2-como-somos-de-ecologicos\/\">Huella de CO2<\/a> Ya hemos escrito sobre ello en otro art\u00edculo. Seguimos trabajando en ello. Aunque todav\u00eda estamos lejos de ser perfectos. Como ya he dicho, no se trata de se\u00f1alar a nadie, sino de promover esfuerzos conjuntos.<\/p>\n<h3><span class=\"ez-toc-section\" id=\"Essen_Soziales\"><\/span>Alimentaci\u00f3n y Asuntos Sociales<span class=\"ez-toc-section-end\"><\/span><\/h3>\n<p>En nuestro restaurante favorito, Moltivolti, no s\u00f3lo puedes comer bien, sino tambi\u00e9n apoyar su compromiso social en Ballar\u00f2.\u00a0<\/p>\n<h3><span class=\"ez-toc-section\" id=\"CleanUp\"><\/span>Limpieza<span class=\"ez-toc-section-end\"><\/span><\/h3>\n<p><a href=\"https:\/\/www.planbwagen.de\/es\/campana-de-limpieza-de-campings-del-ccc\/limpieza-responsable-vanlife\/\">Aqu\u00ed<\/a> informamos sobre nuestro compromiso personal cuando viajamos. Porque los residuos pl\u00e1sticos son un reto omnipresente hoy en d\u00eda.<\/p>\n<h3><span class=\"ez-toc-section\" id=\"Fazit\"><\/span>Conclusi\u00f3n<span class=\"ez-toc-section-end\"><\/span><\/h3>\n<p>No somos perfectos. Pero son los peque\u00f1os pasos los que cuentan. Por eso esperamos hacer nuestra contribuci\u00f3n junto con usted.<\/p>\n<p>[\/et_pb_text][\/et_pb_column][\/et_pb_row][et_pb_row _builder_version=&#8220;4.5.1&#8243; _module_preset=&#8220;default&#8220;][et_pb_column type=&#8220;4_4&#8243; _builder_version=&#8220;4.5.1&#8243; _module_preset=&#8220;default&#8220;][et_pb_text _builder_version=&#8220;4.5.1&#8243; _module_preset=&#8220;default&#8220; custom_padding=&#8220;||2px|||&#8220;]<\/p>\n<p style=\"text-align: center;\"><span style=\"font-size: 12pt;\"><strong><em>Salvar el mundo. No existe el Planeta B<\/em><\/strong><\/span><\/p>\n<p>[\/et_pb_text][\/et_pb_column][\/et_pb_row][et_pb_row column_structure=&#8220;1_2,1_2&#8243; _builder_version=&#8220;4.5.1&#8243; _module_preset=&#8220;default&#8220;][et_pb_column type=&#8220;1_2&#8243; _builder_version=&#8220;4.5.1&#8243; _module_preset=&#8220;default&#8220;][et_pb_image src=&#8220;https:\/\/www.planbwagen.de\/wp-content\/uploads\/2023\/05\/Casa-Pieve-00012-1024&#215;576.jpg&#8220; alt=&#8220;Casa Pieve: Tiny House im Olivenhain oberhalb von Bagheria&#8220; title_text=&#8220;Casa Pieve&#8220; _builder_version=&#8220;4.5.1&#8243; _module_preset=&#8220;default&#8220;][\/et_pb_image][\/et_pb_column][et_pb_column type=&#8220;1_2&#8243; _builder_version=&#8220;4.5.1&#8243; _module_preset=&#8220;default&#8220;][et_pb_image src=&#8220;https:\/\/www.planbwagen.de\/wp-content\/uploads\/2023\/05\/Casa-Pieve-00009-1024&#215;576.jpg&#8220; alt=&#8220;Casa Pieve&#8220; _builder_version=&#8220;4.5.1&#8243; _module_preset=&#8220;default&#8220;][\/et_pb_image][\/et_pb_column][\/et_pb_row][\/et_pb_section]<\/p>","protected":false},"excerpt":{"rendered":"<p>[et_pb_section fb_built=&#8220;1&#8243; _builder_version=&#8220;4.5.1&#8243; _module_preset=&#8220;default&#8220;][et_pb_row _builder_version=&#8220;4.5.1&#8243; _module_preset=&#8220;default&#8220;][et_pb_column type=&#8220;4_4&#8243; _builder_version=&#8220;4.5.1&#8243; _module_preset=&#8220;default&#8220;][et_pb_text _builder_version=&#8220;4.5.1&#8243; _module_preset=&#8220;default&#8220;] Du m\u00f6chtest auch auf Reisen Deinen \u00f6kologischen Fu\u00dfabdruck verkleinern? Wie k\u00f6nnen wir hierbei unterst\u00fctzen? Wir sehen dies als unseren gemeinsamen Beitrag Umweltauswirkungen zu reduzieren, nat\u00fcrliche Ressourcen zu schonen und sozial verantwortliches Verhalten zu f\u00f6rdern, ohne zu belehren. Auch auf den bekannten Fingerzeig m\u00f6chten wir [&hellip;]<\/p>","protected":false},"author":2,"featured_media":16086,"comment_status":"open","ping_status":"open","sticky":false,"template":"","format":"standard","meta":{"_et_pb_use_builder":"on","_et_pb_old_content":"","_et_gb_content_width":"","footnotes":""},"categories":[24,32,39],"tags":[],"class_list":["post-16078","post","type-post","status-publish","format-standard","has-post-thumbnail","hentry","category-ccc-camper-cleanup-campaign","category-italien","category-sizilien"],"_links":{"self":[{"href":"https:\/\/www.planbwagen.de\/es\/wp-json\/wp\/v2\/posts\/16078","targetHints":{"allow":["GET"]}}],"collection":[{"href":"https:\/\/www.planbwagen.de\/es\/wp-json\/wp\/v2\/posts"}],"about":[{"href":"https:\/\/www.planbwagen.de\/es\/wp-json\/wp\/v2\/types\/post"}],"author":[{"embeddable":true,"href":"https:\/\/www.planbwagen.de\/es\/wp-json\/wp\/v2\/users\/2"}],"replies":[{"embeddable":true,"href":"https:\/\/www.planbwagen.de\/es\/wp-json\/wp\/v2\/comments?post=16078"}],"version-history":[{"count":26,"href":"https:\/\/www.planbwagen.de\/es\/wp-json\/wp\/v2\/posts\/16078\/revisions"}],"predecessor-version":[{"id":16213,"href":"https:\/\/www.planbwagen.de\/es\/wp-json\/wp\/v2\/posts\/16078\/revisions\/16213"}],"wp:featuredmedia":[{"embeddable":true,"href":"https:\/\/www.planbwagen.de\/es\/wp-json\/wp\/v2\/media\/16086"}],"wp:attachment":[{"href":"https:\/\/www.planbwagen.de\/es\/wp-json\/wp\/v2\/media?parent=16078"}],"wp:term":[{"taxonomy":"category","embeddable":true,"href":"https:\/\/www.planbwagen.de\/es\/wp-json\/wp\/v2\/categories?post=16078"},{"taxonomy":"post_tag","embeddable":true,"href":"https:\/\/www.planbwagen.de\/es\/wp-json\/wp\/v2\/tags?post=16078"}],"curies":[{"name":"wp","href":"https:\/\/api.w.org\/{rel}","templated":true}]}}