{"id":1430,"date":"2019-11-27T19:22:21","date_gmt":"2019-11-27T19:22:21","guid":{"rendered":"https:\/\/planbwagen.de\/heimathafen\/tag-no-84-zuhause-und-doch-so-fern-glucksmuskel-de-reiseblog-315grad-auf-der-suche-nach-dem-gluck\/"},"modified":"2020-09-24T10:05:26","modified_gmt":"2020-09-24T10:05:26","slug":"tag-no-84-zuhause-und-doch-so-fern","status":"publish","type":"post","link":"https:\/\/www.planbwagen.de\/es\/puerto-base\/dia-no-84-en-casa-y-sin-embargo-tan-lejos\/","title":{"rendered":"D\u00eda n\u00ba 84 - En casa y tan lejos..."},"content":{"rendered":"<p>[et_pb_section fb_built=&#8220;1&#8243; _builder_version=&#8220;3.22&#8243;][et_pb_row _builder_version=&#8220;4.5.1&#8243; _module_preset=&#8220;default&#8220;][et_pb_column _builder_version=&#8220;4.5.1&#8243; _module_preset=&#8220;default&#8220; type=&#8220;4_4&#8243;][et_pb_text _builder_version=&#8220;4.5.1&#8243; _module_preset=&#8220;default&#8220; hover_enabled=&#8220;0&#8243;]<\/p>\n<p>Ya he escrito que vuelvo a casa con sentimientos encontrados. Colonia, S\u00fcdstadt y especialmente nuestro piso han sido mi puerto base, mi hogar, desde 2006. Hay mucha emoci\u00f3n en ello. Para m\u00ed, el hogar siempre ha significado seguridad, protecci\u00f3n, sentirse a gusto y mucho m\u00e1s. Ah\u00ed est\u00e1 la hamaca donde me tomaba el caf\u00e9 todas las ma\u00f1anas en verano antes de empezar el d\u00eda.<\/p>\n<p>Siempre se puede discutir sobre gustos. Por eso no digo que nuestro piso est\u00e9 amueblado con gusto. Lo que puedo decir, sin embargo, es que ha sido amueblado con gran atenci\u00f3n al detalle. Torgit y yo hemos intentado realizar aqu\u00ed nuestros sue\u00f1os.<\/p>\n<p>[\/et_pb_text][\/et_pb_column][\/et_pb_row][et_pb_row _builder_version=&#8220;4.5.1&#8243; _module_preset=&#8220;default&#8220; column_structure=&#8220;1_3,1_3,1_3&#8243;][et_pb_column _builder_version=&#8220;4.5.1&#8243; _module_preset=&#8220;default&#8220; type=&#8220;1_3&#8243;][et_pb_image src=&#8220;https:\/\/www.planbwagen.de\/wp-content\/uploads\/2020\/09\/1-154.jpg&#8220; _builder_version=&#8220;4.5.1&#8243; _module_preset=&#8220;default&#8220; title_text=&#8220;1&#8243; hover_enabled=&#8220;0&#8243;][\/et_pb_image][\/et_pb_column][et_pb_column _builder_version=&#8220;4.5.1&#8243; _module_preset=&#8220;default&#8220; type=&#8220;1_3&#8243;][et_pb_image src=&#8220;https:\/\/www.planbwagen.de\/wp-content\/uploads\/2020\/09\/2-153.jpg&#8220; _builder_version=&#8220;4.5.1&#8243; _module_preset=&#8220;default&#8220; title_text=&#8220;2&#8243; hover_enabled=&#8220;0&#8243;][\/et_pb_image][\/et_pb_column][et_pb_column _builder_version=&#8220;4.5.1&#8243; _module_preset=&#8220;default&#8220; type=&#8220;1_3&#8243;][et_pb_image src=&#8220;https:\/\/www.planbwagen.de\/wp-content\/uploads\/2020\/09\/3-137.jpg&#8220; _builder_version=&#8220;4.5.1&#8243; _module_preset=&#8220;default&#8220; title_text=&#8220;3&#8243; hover_enabled=&#8220;0&#8243;][\/et_pb_image][\/et_pb_column][\/et_pb_row][et_pb_row _builder_version=&#8220;4.5.1&#8243; _module_preset=&#8220;default&#8220;][et_pb_column _builder_version=&#8220;4.5.1&#8243; _module_preset=&#8220;default&#8220; type=&#8220;4_4&#8243;][et_pb_text _builder_version=&#8220;4.5.1&#8243; _module_preset=&#8220;default&#8220; hover_enabled=&#8220;0&#8243;]<\/p>\n<p>Por eso siempre nos hemos sentido muy c\u00f3modos aqu\u00ed. Pero me doy cuenta de que estamos hablando del pasado. Incluso ahora no me siento inc\u00f3modo, pero ya no es mi casa. Torgit siente lo mismo. Me parece extra\u00f1o que las cosas que te parecieron valiosas durante mucho tiempo, que quer\u00edas y apreciabas, de repente pierdan su valor emocional.\u00a0<\/p>\n<p>Esta ma\u00f1ana me siento como una extra\u00f1a en nuestro propio piso. Estoy encantada cuando mi amigo Micha llama y nos trae unas cuantas cosas que hemos enviado de vuelta de la gira.<\/p>\n<p>Pero, por supuesto, tambi\u00e9n hay cosas que ahora me doy cuenta de que son un lujo y que, sin duda, volver\u00e9 a echar de menos en la furgoneta durante los pr\u00f3ximos d\u00edas. Estos son mis 5 favoritos:<\/p>\n<ol>\n<li>Die Badewanne, &#8222;unbegrenzt&#8220; klares, sauberes und vor allem\u00a0hei\u00dfes Wasser, nicht nachhaltig aber geil.<\/li>\n<li>El lavavajillas, simplemente meter y sacar la vajilla, es una pasada.<\/li>\n<li>El horno, el pan integral casero de Torgit. - \u00a1Divino!<\/li>\n<li>El panadero, esta selecci\u00f3n de pan en general<\/li>\n<li>El carnicero, s\u00f3lo dir\u00e9 carne picada con hierbas, filetes, rosbif, ensalada de carne...<\/li>\n<\/ol>\n<p>\u00bfQu\u00e9 es lo que m\u00e1s echar\u00eda de menos?<\/p>\n<p>Pero cuando pienso en K\u00f6lle, echo de menos especialmente a mi amigo Micha.<\/p>\n<p>[\/et_pb_text][\/et_pb_column][\/et_pb_row][et_pb_row _builder_version=&#8220;4.5.1&#8243; _module_preset=&#8220;default&#8220; column_structure=&#8220;1_3,1_3,1_3&#8243;][et_pb_column _builder_version=&#8220;4.5.1&#8243; _module_preset=&#8220;default&#8220; type=&#8220;1_3&#8243;][et_pb_image src=&#8220;https:\/\/www.planbwagen.de\/wp-content\/uploads\/2020\/09\/4-127.jpg&#8220; _builder_version=&#8220;4.5.1&#8243; _module_preset=&#8220;default&#8220; title_text=&#8220;4&#8243; hover_enabled=&#8220;0&#8243;][\/et_pb_image][\/et_pb_column][et_pb_column _builder_version=&#8220;4.5.1&#8243; _module_preset=&#8220;default&#8220; type=&#8220;1_3&#8243;][et_pb_image src=&#8220;https:\/\/www.planbwagen.de\/wp-content\/uploads\/2020\/09\/5-114.jpg&#8220; _builder_version=&#8220;4.5.1&#8243; _module_preset=&#8220;default&#8220; title_text=&#8220;5&#8243; hover_enabled=&#8220;0&#8243;][\/et_pb_image][\/et_pb_column][et_pb_column _builder_version=&#8220;4.5.1&#8243; _module_preset=&#8220;default&#8220; type=&#8220;1_3&#8243;][et_pb_image src=&#8220;https:\/\/www.planbwagen.de\/wp-content\/uploads\/2020\/09\/6-108.jpg&#8220; _builder_version=&#8220;4.5.1&#8243; _module_preset=&#8220;default&#8220; title_text=&#8220;6&#8243; hover_enabled=&#8220;0&#8243;][\/et_pb_image][\/et_pb_column][\/et_pb_row][et_pb_row _builder_version=&#8220;4.5.1&#8243; _module_preset=&#8220;default&#8220;][et_pb_column _builder_version=&#8220;4.5.1&#8243; _module_preset=&#8220;default&#8220; type=&#8220;4_4&#8243;][et_pb_text _builder_version=&#8220;4.5.1&#8243; _module_preset=&#8220;default&#8220; hover_enabled=&#8220;0&#8243;]<\/p>\n<p>Antes de que me ponga demasiado melanc\u00f3lico -al fin y al cabo es oto\u00f1o-, a\u00fan queda mucho por hacer. Recojo paquetes de varios sitios. Ya he anunciado que a\u00fan necesitamos algunas cosas para nuestra gira.<\/p>\n<p>Siempre me resulta extra\u00f1o d\u00f3nde tienen sus puntos de recogida los distintos servicios de paqueter\u00eda hoy en d\u00eda. Ya he estado en licorer\u00edas, quioscos varios, lavander\u00edas, tiendas de deportes (gracias, Nina), etc\u00e9tera. Esta vez, una florister\u00eda, una tienda de 1 euro y una tienda de segunda mano completan la selecci\u00f3n.<\/p>\n<p>Despu\u00e9s, Torgit y yo nos dirigimos a dos concesionarios Volkswagen para ver de cerca el T6.1 Caravelle. Para todos aquellos que no sepan lo que significa el nombre, Volkswagen ha llevado a cabo un lavado de cara - tambi\u00e9n se podr\u00eda decir una actualizaci\u00f3n de la actualizaci\u00f3n. Si el T6 era la actualizaci\u00f3n del T5, el T6.1 es la actualizaci\u00f3n del T6. Ahora se ofrece en cinco variantes diferentes. Primero el Transporter, luego un Transporter Estate, despu\u00e9s el Caravelle, luego el Multivan y finalmente el conocido California. S\u00f3lo el California est\u00e1 ahora disponible en seis subcategor\u00edas diferentes. Pero hoy quer\u00edamos echar un vistazo al Multivan.<\/p>\n<p>[\/et_pb_text][\/et_pb_column][\/et_pb_row][et_pb_row _builder_version=&#8220;4.5.1&#8243; _module_preset=&#8220;default&#8220; column_structure=&#8220;1_3,1_3,1_3&#8243;][et_pb_column _builder_version=&#8220;4.5.1&#8243; _module_preset=&#8220;default&#8220; type=&#8220;1_3&#8243;][et_pb_image src=&#8220;https:\/\/www.planbwagen.de\/wp-content\/uploads\/2020\/09\/7-76.jpg&#8220; _builder_version=&#8220;4.5.1&#8243; _module_preset=&#8220;default&#8220; title_text=&#8220;7&#8243; hover_enabled=&#8220;0&#8243;][\/et_pb_image][\/et_pb_column][et_pb_column _builder_version=&#8220;4.5.1&#8243; _module_preset=&#8220;default&#8220; type=&#8220;1_3&#8243;][et_pb_image src=&#8220;https:\/\/www.planbwagen.de\/wp-content\/uploads\/2020\/09\/8-68.jpg&#8220; _builder_version=&#8220;4.5.1&#8243; _module_preset=&#8220;default&#8220; title_text=&#8220;8&#8243; hover_enabled=&#8220;0&#8243;][\/et_pb_image][\/et_pb_column][et_pb_column _builder_version=&#8220;4.5.1&#8243; _module_preset=&#8220;default&#8220; type=&#8220;1_3&#8243;][et_pb_image src=&#8220;https:\/\/www.planbwagen.de\/wp-content\/uploads\/2020\/09\/9-61.jpg&#8220; _builder_version=&#8220;4.5.1&#8243; _module_preset=&#8220;default&#8220; title_text=&#8220;9&#8243; hover_enabled=&#8220;0&#8243;][\/et_pb_image][\/et_pb_column][\/et_pb_row][et_pb_row _builder_version=&#8220;4.5.1&#8243; _module_preset=&#8220;default&#8220;][et_pb_column _builder_version=&#8220;4.5.1&#8243; _module_preset=&#8220;default&#8220; type=&#8220;4_4&#8243;][et_pb_text _builder_version=&#8220;4.5.1&#8243; _module_preset=&#8220;default&#8220; hover_enabled=&#8220;0&#8243;]<\/p>\n<p>&#8222;Schon&#8220; im zweiten Autohaus, haben wir dann auch einen echten Verk\u00e4ufer gefunden, der eine gewisse Kompetenz hat. Vor allem hat mir gut gefallen, dass er direkt und verbindlich das Kaufinteresse abgecheckt hat. &#8211; Der Fachberater im ersten Autohaus war weder vom Fach, noch konnte er beraten. Dies in Kombination mit Lustlosigkeit tut mir immer weh.<\/p>\n<p>El n\u00famero dos fue completamente diferente. Aunque le comuniqu\u00e9 clara y abiertamente en respuesta a sus preguntas que no le comprar\u00edamos el veh\u00edculo, me proporcion\u00f3 un asesoramiento competente. Simp\u00e1tico, encantador y centrado. Se nota que le apasiona su producto. No critica al competidor del mercado SpaceCamper, como es habitual, sino que lo elogia expl\u00edcitamente. Tambi\u00e9n comprueba si hay necesidad de m\u00e1s. - Si yo fuera su jefe, prestar\u00eda atenci\u00f3n a este vendedor.<\/p>\n<p>M\u00e1s tarde, Torgit y yo visitamos mi antiguo hogar, el Bergisches Land. Queremos visitar a mi madre en Remscheid. Aunque Remscheid siempre ser\u00e1 mi hogar, s\u00e9 exactamente por qu\u00e9 me mud\u00e9. - Parece que all\u00ed siempre llueve.<\/p>\n<p>Por la noche, recibimos otro mensaje en Facebook. - Al parecer, hemos elegido exactamente el momento adecuado para interrumpir nuestro recorrido.<\/p>\n<p>&#8222;Das Faro-Territorialkommando f\u00fchrte, am 26. November, \u00fcber die Portim\u00e3o-Territorialabteilung eine \u00dcberwachungsoperation durch, die auf wildes Caravaning im Naturpark S\u00fcdwest-Alentejo und Costa Vicentina (PNSACV) ausgerichtet war.<\/p>\n<p>Die Inspektion wurde an den Str\u00e4nden Amado, Barranco, Ingrina und Ponto da Fisga mit dem Ziel durchgef\u00fchrt, nat\u00fcrliche Ressourcen zu sch\u00fctzen, nat\u00fcrliche und naturnahe Landschaften zu erhalten und zu verbessern. Diese Werte sind bedroht durch illegale Besetzung dieser R\u00e4ume, begleitet von unkontrollierter M\u00fcllentsorgung durch Wohnwagen.&#8220;<\/p>\n<p>So die offizielle Verlautbarung des GNR. &#8211; Im Rahmen der Inspektion wurden 77 Straftatbest\u00e4nde wegen verbotener &#8222;Caravaning-Praktiken&#8220; erstellt.<\/p>\n<p>El razonamiento es apasionante:<\/p>\n<p>La GNR insiste en que se trata de proteger el medio ambiente. - Aunque acampemos en plena naturaleza, comprendemos perfectamente que a los portugueses no les haga ninguna gracia que alg\u00fan que otro campista cague en sus bosques y en sus playas. Perdonen la expresi\u00f3n, pero es la \u00fanica lo suficientemente atrevida. Si disfruto del lujo de poder hacer mis necesidades al aire libre, al menos puedo llevar una pala plegable o plantar una piedra.<\/p>\n<p>Seguimos intentando cumplir nuestro lema de dejar cada parcela m\u00e1s limpia de lo que la encontramos. A menudo resulta m\u00e1s f\u00e1cil de lo esperado. Siempre hay algo que encuentra un lugar en nuestra bolsa de basura.<\/p>\n<p>[\/et_pb_text][\/et_pb_column][\/et_pb_row][\/et_pb_section]<\/p>","protected":false},"excerpt":{"rendered":"<p>[et_pb_section fb_built=&#8220;1&#8243; _builder_version=&#8220;3.22&#8243;][et_pb_row _builder_version=&#8220;4.5.1&#8243; _module_preset=&#8220;default&#8220;][et_pb_column _builder_version=&#8220;4.5.1&#8243; _module_preset=&#8220;default&#8220; type=&#8220;4_4&#8243;][et_pb_text _builder_version=&#8220;4.5.1&#8243; _module_preset=&#8220;default&#8220; hover_enabled=&#8220;0&#8243;] Ich hatte ja schon geschrieben, dass ich mit gemischten Gef\u00fchlen nach Hause komme. K\u00f6ln, die S\u00fcdstadt und vor allem unsere Wohnung sind f\u00fcr mich seit 2006 Heimathafen, zu Hause. Da steckt ganz viel Gef\u00fchl drin. F\u00fcr mich war zu Hause immer Sicherheit, Geborgenheit, wohl [&hellip;]<\/p>","protected":false},"author":1,"featured_media":3790,"comment_status":"open","ping_status":"open","sticky":false,"template":"","format":"standard","meta":{"_et_pb_use_builder":"on","_et_pb_old_content":"<p>\u00a0<\/p><div id=\"content_start\">\u00a0<\/div><article class=\"j-blog\"><div class=\"n j-blog-meta j-blog-post--header\"><div class=\"j-text j-module n\"><a class=\"j-blog-post--category\" href=\"https:\/\/www.gluecksmuskel.de\/hectors-reisen\/heimathafen\/\"> Heimathafen <\/a> \u00a0\u00b7\u00a0 <span class=\"j-text j-blog-post--date\"> 27. November 2019 <\/span><\/div><h1 class=\"j-blog-header j-blog-headline j-blog-post--headline\">Tag No. 84 - Zuhause und doch so fern ...<\/h1><\/div><div class=\"post j-blog-content\"><div id=\"cc-matrix-3603449526\"><div id=\"cc-m-12572895226\" class=\"j-module n j-spacing \"><div class=\"cc-m-spacer\" style=\"height: 20px;\">\u00a0<\/div><\/div><div id=\"cc-m-12557410226\" class=\"j-module n j-imageSubtitle \"><figure class=\"cc-imagewrapper cc-m-image-align-1 cc-m-width-maxed\"><img id=\"cc-m-imagesubtitle-image-12557410226\" class=\"\" src=\"https:\/\/planbwagen.de\/wp-content\/uploads\/2020\/07\/image-0-0-7-3.jpg\" sizes=\"(min-width: 1040px) 1040px, 100vw\" alt=\"\" data-src-width=\"14636\" data-src-height=\"3736\" data-src=\"https:\/\/planbwagen.de\/wp-content\/uploads\/2020\/07\/image-0-0-7-3.jpg\" data-image-id=\"8114846826\" data-pfsrc=\"https:\/\/planbwagen.de\/wp-content\/uploads\/2020\/07\/image-0-0-7-3.jpg\" \/><\/figure><div class=\"cc-clear\">\u00a0<\/div><\/div><div id=\"cc-m-12558275526\" class=\"j-module n j-text \"><p>\u00a0<\/p><p>Ich hatte ja schon geschrieben, dass ich mit gemischten Gef\u00fchlen nach Hause komme. K\u00f6ln, die S\u00fcdstadt und vor allem unsere Wohnung sind f\u00fcr mich seit 2006 Heimathafen, zu Hause. Da steckt ganz viel Gef\u00fchl drin. F\u00fcr mich war zu Hause immer Sicherheit, Geborgenheit, wohl f\u00fchlen und vieles mehr. Da ist die H\u00e4ngematte, in der ich im Sommer, jeden Morgen mein Kaffee getrunken hab, bevor ich in den Tag gestartet bin.<\/p><p>\u00a0<\/p><p>\u00dcber Geschmack l\u00e4sst sich ja immer vortrefflich streiten. Deshalb behaupte ich gar nicht, dass unsere Wohnung geschmackvoll eingerichtet ist. Was ich aber behaupten kann, ist, dass sie mit sehr viel Liebe zum Detail eingerichtet wurde. Torgit und ich haben versucht uns hier zu verwirklichen.<\/p><p>\u00a0<\/p><\/div><div id=\"cc-m-12557412126\" class=\"j-module n j-gallery \"><div id=\"cc-m-gallery-12557412126\" class=\"cc-m-gallery-container cc-m-gallery-cool clearover\"><div id=\"gallery_thumb_8114847726\" class=\"cc-m-gallery-cool-item\"><div><a rel=\"lightbox[12557412126]\" data-href=\"https:\/\/planbwagen.de\/wp-content\/uploads\/attachments\/image.jpg\" data-title=\"\" data-index=\"0\"> <img style=\"height: 277px; width: 370px; margin-bottom: 3px;\" src=\"https:\/\/planbwagen.de\/wp-content\/uploads\/2020\/07\/image-5-4-7-3.jpg\" alt=\"\" data-orig-width=\"2048\" data-orig-height=\"1536\" \/> <\/a><\/div><\/div><div id=\"gallery_thumb_8114847926\" class=\"cc-m-gallery-cool-item\"><div><a rel=\"lightbox[12557412126]\" data-href=\"https:\/\/planbwagen.de\/wp-content\/uploads\/attachments\/image.jpg\" data-title=\"\" data-index=\"1\"> <img style=\"height: 277px; width: 370px; margin-bottom: 3px;\" src=\"https:\/\/planbwagen.de\/wp-content\/uploads\/2020\/07\/image-3-8-3-2.jpg\" alt=\"\" data-orig-width=\"2048\" data-orig-height=\"1536\" \/> <\/a><\/div><\/div><div id=\"gallery_thumb_8114847826\" class=\"cc-m-gallery-cool-item\"><div><a rel=\"lightbox[12557412126]\" data-href=\"https:\/\/planbwagen.de\/wp-content\/uploads\/attachments\/image.jpg\" data-title=\"\" data-index=\"2\"> <img style=\"height: 277px; width: 370px; margin-bottom: 3px;\" src=\"https:\/\/planbwagen.de\/wp-content\/uploads\/2020\/07\/image-6-9-8.jpg\" alt=\"\" data-orig-width=\"2048\" data-orig-height=\"1536\" \/> <\/a><\/div><\/div><\/div><\/div><div id=\"cc-m-12558275626\" class=\"j-module n j-text \"><p>\u00a0<\/p><p>Deshalb haben wir uns auch hier immer sehr wohl gef\u00fchlt. Aber ich merke schon wir reden, ich rede in der Vergangenheit. Auch jetzt f\u00fchle ich mich nicht unwohl, doch es ist nicht mehr mein Zuhause. Torgit geht es ebenso. Ich finde es befremdlich, dass die Dinge, die einem \u00fcber lange Zeit wertvoll erschienen, die man geliebt und gepflegt hat, pl\u00f6tzlich an emotionalen Wert verlieren.<\/p><p>\u00a0<\/p><p>Ich habe am heutigen Morgen das Gef\u00fchl, ein Fremder in unserer eigenen Wohnung zu sein. Ich freue mich, als mein Freund Micha schellt, der uns ein paar Dinge vorbei bringt, welche wir von der Tour zur\u00fcck gesandt haben.<\/p><p>\u00a0<\/p><p>Doch es gibt nat\u00fcrlich auch Dinge, die mir erst heute als Luxus bewusst werden und welche ich sicherlich in den n\u00e4chsten Tagen im Bulli wieder vermissen werde. Das sind meine Top 5:<\/p><ol><li>Die Badewanne, \"unbegrenzt\" klares, sauberes und vor allem\u00a0hei\u00dfes Wasser, nicht nachhaltig aber geil.<\/li><li>Die Sp\u00fclmaschine, einfach das Geschirr ein- und ausr\u00e4umen, hat schon was.<\/li><li>Der Backofen, Torgit's selbstgebackenes Schwarzbrot. - Gar g\u00f6ttlich!<\/li><li>Der B\u00e4cker, \u00fcberhaupt diese Auswahl an Brot<\/li><li>Der Metzger, ich sag nur Kr\u00e4utermett, Steaks, Roastbeef, Fleischsalat...<\/li><\/ol><p>Was w\u00fcrdet ihr am meisten vermissen?<\/p><p>\u00a0<\/p><p>Doch wenn\u00a0ich an K\u00f6lle denke,\u00a0 vermisse ich vor allem mein Freund Micha.<\/p><p>\u00a0<\/p><\/div><div id=\"cc-m-12557412426\" class=\"j-module n j-gallery \"><div id=\"cc-m-gallery-12557412426\" class=\"cc-m-gallery-container cc-m-gallery-cool clearover\"><div id=\"gallery_thumb_8114848126\" class=\"cc-m-gallery-cool-item\"><div><a rel=\"lightbox[12557412426]\" data-href=\"https:\/\/planbwagen.de\/wp-content\/uploads\/attachments\/image.jpg\" data-title=\"\" data-index=\"0\"> <img style=\"height: 277px; width: 370px; margin-bottom: 3px;\" src=\"https:\/\/planbwagen.de\/wp-content\/uploads\/2020\/07\/image-0-8-0.jpg\" alt=\"\" data-orig-width=\"2048\" data-orig-height=\"1536\" \/> <\/a><\/div><\/div><div id=\"gallery_thumb_8114848326\" class=\"cc-m-gallery-cool-item\"><div><a rel=\"lightbox[12557412426]\" data-href=\"https:\/\/planbwagen.de\/wp-content\/uploads\/attachments\/image.jpg\" data-title=\"\" data-index=\"1\"> <img style=\"height: 277px; width: 370px; margin-bottom: 3px;\" src=\"https:\/\/planbwagen.de\/wp-content\/uploads\/2020\/07\/image-6-5-6.jpg\" alt=\"\" data-orig-width=\"2048\" data-orig-height=\"1536\" \/> <\/a><\/div><\/div><div id=\"gallery_thumb_8114848226\" class=\"cc-m-gallery-cool-item\"><div><a rel=\"lightbox[12557412426]\" data-href=\"https:\/\/planbwagen.de\/wp-content\/uploads\/attachments\/image.jpg\" data-title=\"\" data-index=\"2\"> <img style=\"height: 277px; width: 370px; margin-bottom: 3px;\" src=\"https:\/\/planbwagen.de\/wp-content\/uploads\/2020\/07\/image-7-5-0-8.jpg\" alt=\"\" data-orig-width=\"2048\" data-orig-height=\"1536\" \/> <\/a><\/div><\/div><\/div><\/div><div id=\"cc-m-12558105526\" class=\"j-module n j-text \"><div style=\"caret-color: #000000; color: #000000; font-family: -webkit-standard; text-size-adjust: auto;\">\u00a0<\/div><p>Bevor ich zu melancholisch werde, es ist halt Herbst, gilt es noch einiges zu erledigen. Ich sammele bei diversen Stellen Pakete ein. Ich hatte ja schon angek\u00fcndigt, dass wir noch ein paar Dinge f\u00fcr unsere Tour\u00a0 ben\u00f6tigen.<\/p><p>\u00a0<\/p><p>Ich finde es immer wieder befremdlich, wo heutzutage die diversen Paketdienste ihre Abholstellen haben. Ich war schon bei Spirituosenh\u00e4ndlern, diversen Kiosken,\u00a0 Waschsalon, Sportgesch\u00e4ften (Danke Nina) und so weiter. Diesmal erg\u00e4nzt ein Blumenladen, ein 1.- Euro Shop und ein Secondhand\u00a0 Laden diese Auswahl.<\/p><p>\u00a0<\/p><p>Danach fahren Torgit und ich zwei Volkswagen Autoh\u00e4user an, um die T6.1 Caravelle etwas genauer unter die Lupe zu nehmen. F\u00fcr alle, die mit der Bezeichnung nichts anzufangen wissen, Volkswagen hat ein Facelift man k\u00f6nnte auch sagen ein Update des Updates durchgef\u00fchrt. War der T6 das Update des T5, so ist der T6.1 das Update des T6. Dieser wird inzwischen in f\u00fcnf verschiedenen Varianten angeboten. Zum einen der Transporter, dann ein Transporter Kombi, dar\u00fcber die Caravelle, dann der Multivan und zuletzt der bekannte California. Allein schon den California gibt es inzwischen in sechs verschiedenen Unterkategorien. Doch wir wollten uns heute den Multivan ansehen.<\/p><p>\u00a0<\/p><\/div><div id=\"cc-m-12558275926\" class=\"j-module n j-gallery \"><div id=\"cc-m-gallery-12558275926\" class=\"cc-m-gallery-container cc-m-gallery-cool clearover\"><div id=\"gallery_thumb_8115431426\" class=\"cc-m-gallery-cool-item\"><div><a rel=\"lightbox[12558275926]\" data-href=\"https:\/\/planbwagen.de\/wp-content\/uploads\/attachments\/image.jpg\" data-title=\"\" data-index=\"0\"> <img style=\"height: 277px; width: 370px; margin-bottom: 3px;\" src=\"https:\/\/planbwagen.de\/wp-content\/uploads\/2020\/07\/image-6-1-7-2.jpg\" alt=\"\" data-orig-width=\"2048\" data-orig-height=\"1536\" \/> <\/a><\/div><\/div><div id=\"gallery_thumb_8115431526\" class=\"cc-m-gallery-cool-item\"><div><a rel=\"lightbox[12558275926]\" data-href=\"https:\/\/planbwagen.de\/wp-content\/uploads\/attachments\/image.jpg\" data-title=\"\" data-index=\"1\"> <img style=\"height: 277px; width: 370px; margin-bottom: 3px;\" src=\"https:\/\/planbwagen.de\/wp-content\/uploads\/2020\/07\/image-4-1-3-5.jpg\" alt=\"\" data-orig-width=\"2048\" data-orig-height=\"1536\" \/> <\/a><\/div><\/div><div id=\"gallery_thumb_8115431626\" class=\"cc-m-gallery-cool-item\"><div><a rel=\"lightbox[12558275926]\" data-href=\"https:\/\/planbwagen.de\/wp-content\/uploads\/attachments\/image.jpg\" data-title=\"\" data-index=\"2\"> <img style=\"height: 277px; width: 370px; margin-bottom: 3px;\" src=\"https:\/\/planbwagen.de\/wp-content\/uploads\/2020\/07\/image-9-6-0-3.jpg\" alt=\"\" data-orig-width=\"2048\" data-orig-height=\"1536\" \/> <\/a><\/div><\/div><\/div><\/div><div id=\"cc-m-12558275726\" class=\"j-module n j-text \"><p>\u00a0<\/p><p>\"Schon\" im zweiten Autohaus, haben wir dann auch einen echten Verk\u00e4ufer gefunden, der eine gewisse Kompetenz hat. Vor allem hat mir gut gefallen, dass er direkt und verbindlich das Kaufinteresse abgecheckt hat. - Der Fachberater im ersten Autohaus war weder vom Fach, noch konnte er beraten. Dies in Kombination mit Lustlosigkeit tut mir immer weh.<\/p><p>\u00a0<\/p><p>Ganz anders die Nummer zwei. Obwohl ich ihm auf seine Fragen klar und offen kommuniziere, dass wir das Fahrzeug nicht bei ihm kaufen werden, hat er kompetent beraten. Nett, charmant und zielgerichtet. Man sp\u00fcrt, dass er f\u00fcr sein Produkt brennt. Der Marktbegleiter SpaceCamper wird nicht, wie \u00fcblich schlecht gemacht, sondern ausdr\u00fccklich gelobt. Nebenbei wird gepr\u00fcft, ob weiterer Bedarf besteht. -\u00a0 W\u00e4re ich sein Chef, auf diesen Verk\u00e4ufer w\u00fcrde ich achten.<\/p><p>\u00a0<\/p><p>Sp\u00e4ter\u00a0besuchen Torgit und ich noch meine alte Heimat,\u00a0das\u00a0Bergische Land. Wir\u00a0wollen dort noch meine Mutter in Remscheid besuchen. Obwohl mir\u00a0Remscheid immer Heimat bleiben wird, wei\u00df ich auch genau, warum ich dort weggezogen bin. - Es regnet dort gef\u00fchlt immer.<\/p><p>\u00a0<\/p><p>Am Abend erhalten wir noch einen post \u00fcber Facebook. - Scheinbar haben wir genau den richtigen Zeitpunkt gew\u00e4hlt, um unsere Tour zu unterbrechen.<\/p><p>\u00a0<\/p><p>\"Das Faro-Territorialkommando f\u00fchrte, am 26. November, \u00fcber die Portim\u00e3o-Territorialabteilung eine \u00dcberwachungsoperation durch, die auf wildes Caravaning im Naturpark S\u00fcdwest-Alentejo und Costa Vicentina (PNSACV) ausgerichtet war.<\/p><p>\u00a0<\/p><p>Die Inspektion wurde an den Str\u00e4nden Amado, Barranco, Ingrina und Ponto da Fisga mit dem Ziel durchgef\u00fchrt, nat\u00fcrliche Ressourcen zu sch\u00fctzen, nat\u00fcrliche und naturnahe Landschaften zu erhalten und zu verbessern. Diese Werte sind bedroht durch illegale Besetzung dieser R\u00e4ume, begleitet von unkontrollierter M\u00fcllentsorgung durch Wohnwagen.\"<\/p><p>\u00a0<\/p><p>So die offizielle Verlautbarung des GNR.\u00a0 - Im Rahmen der Inspektion wurden 77 Straftatbest\u00e4nde wegen verbotener \"Caravaning-Praktiken\" erstellt.<\/p><p>\u00a0<\/p><p>Spannend ist die Begr\u00fcndung:<\/p><p>Das GNR betont, dass\u00a0es\u00a0darum geht die Umwelt zu sch\u00fctzen. - Obwohl wir wild campen, k\u00f6nnen wir absolut nachvollziehen, dass die Portugiesen nicht erfreut sind, wenn der ein oder andere Camper ihnen in Ihre W\u00e4lder und auf Ihre Str\u00e4nde schei\u00dft. Entschuldigt den Ausdruck, doch nur dieser ist plakativ genug. Wenn ich schon den Luxus genie\u00dfe, in der Natur meine Notdurft verrichten zu d\u00fcrfen, kann ich doch wenigsten einen Klappspaten mitf\u00fchren oder einen Stein umpflanzen.<\/p><p>\u00a0<\/p><p>Wir versuchen weiter unserem Motto gerecht zu werden, jeden Stellplatz sauberer zu hinterlassen, als wir ihn vorgefunden haben. Das ist oft leichter als gedacht. Es gibt immer etwas, was noch in\u00a0unserer\u00a0Abfallt\u00fcte Platz findet.<\/p><\/div><div id=\"cc-m-12572899026\" class=\"j-module n j-text \"><p style=\"text-align: right;\"><a class=\"j-calltoaction-link j-calltoaction-link-style-2\" style=\"font-size: 16px; background-color: #ffcc00; border-width: 2px; border-color: #ffcc00; color: #ffffff; user-select: text; padding: 10px 20px; line-height: 1.5; border-radius: 0px; -webkit-appearance: none; margin: 1em 0px;\" title=\"Tag No. 85 - SpaceCamper\" href=\"\/2019\/11\/28\/tag-no-85-spacecamper\/\" data-action=\"button\" data-title=\"Sunny Side Up\"> Sunny Side Up\u00a0 \u00a0\u00a0<\/a><\/p><p style=\"text-align: right;\"><a class=\"j-calltoaction-link j-calltoaction-link-style-2\" style=\"background-color: #ffcc00; border-width: 2px; border-color: #ffcc00; color: #ffffff; user-select: text; padding: 10px 20px; font-size: 16px; line-height: 1.5; border-radius: 0px; -webkit-appearance: none; margin: 1em 0px;\" title=\"Tag No. 83 - Auf nach K\u00f6lle\" href=\"\/2019\/11\/26\/tag-no-83-auf-nach-k%C3%B6lle\/\" data-action=\"button\" data-title=\"Sunny Side Down\"> Sunny Side Down\u00a0 \u00a0\u00a0<\/a><\/p><\/div><\/div><\/div><div class=\"j-module n j-text j-blog-post--tags-wrapper\"><span class=\"j-blog-post--tags--template\" style=\"display: none;\"><a class=\"j-blog-post--tag\" href=\"https:\/\/www.gluecksmuskel.de\/hectors-reisen\/?tag=tagPlaceholder\">tagPlaceholder<\/a><\/span><span class=\"j-blog-post--tags-label\" style=\"display: none;\">Tags:<\/span><\/div><div class=\"n j-comment\"><div id=\"commentsModule12557409326\"><p id=\"skiptoform12557409326\" class=\"skiptoform\"><a href=\"#\" data-id=\"12557409326\" data-action=\"goToForm\">Kommentar schreiben<\/a><\/p><div id=\"numComments12557409326\" class=\"j-blog-comment-counter\">Kommentare: <i class=\"cc-comments-count\">0<\/i><\/div><ul id=\"commentOutput12557409326\" class=\"com-list-noava\"><li id=\"commentFormContainer12557409326\" class=\"commentstd clearover cc-m-comment-loading\"><a name=\"commentForm12557409326\"><\/a><\/li><\/ul><div id=\"commentError12557409326\" class=\"message-error\" style=\"display: none;\">\u00a0<\/div><div id=\"commentSuccess12557409326\" class=\"message-ok\" style=\"display: none;\">\u00a0<\/div><\/div><p><script>\/\/ <![CDATA[ window.regModule(\"module_comment\", {\"data\":{\"id\":\"12557409326\",\"closed\":\"0\",\"captcha\":\"1bda2a4f827d5a0cdae62bc9c8690bf8\",\"avatar\":false,\"lang\":{\"comment\":\"Kommentar\",\"comments\":\"Kommentare\"}}}); \/\/ ]]> <\/script><\/p><\/div><\/article><p>\u00a0<\/p>","_et_gb_content_width":"","footnotes":""},"categories":[14],"tags":[],"class_list":["post-1430","post","type-post","status-publish","format-standard","has-post-thumbnail","hentry","category-heimathafen"],"_links":{"self":[{"href":"https:\/\/www.planbwagen.de\/es\/wp-json\/wp\/v2\/posts\/1430","targetHints":{"allow":["GET"]}}],"collection":[{"href":"https:\/\/www.planbwagen.de\/es\/wp-json\/wp\/v2\/posts"}],"about":[{"href":"https:\/\/www.planbwagen.de\/es\/wp-json\/wp\/v2\/types\/post"}],"author":[{"embeddable":true,"href":"https:\/\/www.planbwagen.de\/es\/wp-json\/wp\/v2\/users\/1"}],"replies":[{"embeddable":true,"href":"https:\/\/www.planbwagen.de\/es\/wp-json\/wp\/v2\/comments?post=1430"}],"version-history":[{"count":6,"href":"https:\/\/www.planbwagen.de\/es\/wp-json\/wp\/v2\/posts\/1430\/revisions"}],"predecessor-version":[{"id":8697,"href":"https:\/\/www.planbwagen.de\/es\/wp-json\/wp\/v2\/posts\/1430\/revisions\/8697"}],"wp:featuredmedia":[{"embeddable":true,"href":"https:\/\/www.planbwagen.de\/es\/wp-json\/wp\/v2\/media\/3790"}],"wp:attachment":[{"href":"https:\/\/www.planbwagen.de\/es\/wp-json\/wp\/v2\/media?parent=1430"}],"wp:term":[{"taxonomy":"category","embeddable":true,"href":"https:\/\/www.planbwagen.de\/es\/wp-json\/wp\/v2\/categories?post=1430"},{"taxonomy":"post_tag","embeddable":true,"href":"https:\/\/www.planbwagen.de\/es\/wp-json\/wp\/v2\/tags?post=1430"}],"curies":[{"name":"wp","href":"https:\/\/api.w.org\/{rel}","templated":true}]}}