{"id":1425,"date":"2019-11-28T19:22:21","date_gmt":"2019-11-28T19:22:21","guid":{"rendered":""},"modified":"2021-03-30T07:00:23","modified_gmt":"2021-03-30T07:00:23","slug":"last-call-detailausstattung-des-spacecamper","status":"publish","type":"post","link":"https:\/\/www.planbwagen.de\/es\/spacecamper-terranger-co\/detalles-de-la-ultima-llamada-del-spacecamper\/","title":{"rendered":"\u00daltima llamada: Equipamiento detallado de la SpaceCamper - Vivimos que"},"content":{"rendered":"<p>[et_pb_section fb_built=&#8220;1&#8243; _builder_version=&#8220;3.22&#8243;][et_pb_row column_structure=&#8220;1_3,1_3,1_3&#8243; _builder_version=&#8220;4.5.1&#8243; _module_preset=&#8220;default&#8220;][et_pb_column type=&#8220;1_3&#8243; _builder_version=&#8220;4.5.1&#8243; _module_preset=&#8220;default&#8220;][et_pb_image src=&#8220;https:\/\/www.planbwagen.de\/wp-content\/uploads\/2020\/09\/1-157.jpg&#8220; title_text=&#8220;1&#8243; _builder_version=&#8220;4.5.1&#8243; _module_preset=&#8220;default&#8220;][\/et_pb_image][\/et_pb_column][et_pb_column type=&#8220;1_3&#8243; _builder_version=&#8220;4.5.1&#8243; _module_preset=&#8220;default&#8220;][et_pb_image src=&#8220;https:\/\/www.planbwagen.de\/wp-content\/uploads\/2020\/09\/2-156.jpg&#8220; title_text=&#8220;2&#8243; _builder_version=&#8220;4.5.1&#8243; _module_preset=&#8220;default&#8220;][\/et_pb_image][\/et_pb_column][et_pb_column type=&#8220;1_3&#8243; _builder_version=&#8220;4.5.1&#8243; _module_preset=&#8220;default&#8220;][et_pb_image src=&#8220;https:\/\/www.planbwagen.de\/wp-content\/uploads\/2020\/09\/3-138.jpg&#8220; title_text=&#8220;3&#8243; _builder_version=&#8220;4.5.1&#8243; _module_preset=&#8220;default&#8220;][\/et_pb_image][\/et_pb_column][\/et_pb_row][et_pb_row _builder_version=&#8220;4.5.1&#8243; _module_preset=&#8220;default&#8220;][et_pb_column type=&#8220;4_4&#8243; _builder_version=&#8220;4.5.1&#8243; _module_preset=&#8220;default&#8220;][et_pb_text _builder_version=&#8220;4.5.1&#8243; _module_preset=&#8220;default&#8220;]<\/p>\n<div id=\"ez-toc-container\" class=\"ez-toc-v2_0_76 counter-hierarchy ez-toc-counter ez-toc-grey ez-toc-container-direction\">\n<p class=\"ez-toc-title\" style=\"cursor:inherit\">Contenido<\/p>\n<label for=\"ez-toc-cssicon-toggle-item-69f2dfa426a10\" class=\"ez-toc-cssicon-toggle-label\"><span class=\"\"><span class=\"eztoc-hide\" style=\"display:none;\">Toggle<\/span><span class=\"ez-toc-icon-toggle-span\"><svg style=\"fill: #999;color:#999\" xmlns=\"http:\/\/www.w3.org\/2000\/svg\" class=\"list-377408\" width=\"20px\" height=\"20px\" viewbox=\"0 0 24 24\" fill=\"none\"><path d=\"M6 6H4v2h2V6zm14 0H8v2h12V6zM4 11h2v2H4v-2zm16 0H8v2h12v-2zM4 16h2v2H4v-2zm16 0H8v2h12v-2z\" fill=\"currentColor\"><\/path><\/svg><svg style=\"fill: #999;color:#999\" class=\"arrow-unsorted-368013\" xmlns=\"http:\/\/www.w3.org\/2000\/svg\" width=\"10px\" height=\"10px\" viewbox=\"0 0 24 24\" version=\"1.2\" baseprofile=\"tiny\"><path d=\"M18.2 9.3l-6.2-6.3-6.2 6.3c-.2.2-.3.4-.3.7s.1.5.3.7c.2.2.4.3.7.3h11c.3 0 .5-.1.7-.3.2-.2.3-.5.3-.7s-.1-.5-.3-.7zM5.8 14.7l6.2 6.3 6.2-6.3c.2-.2.3-.5.3-.7s-.1-.5-.3-.7c-.2-.2-.4-.3-.7-.3h-11c-.3 0-.5.1-.7.3-.2.2-.3.5-.3.7s.1.5.3.7z\"\/><\/svg><\/span><\/span><\/label><input type=\"checkbox\"  id=\"ez-toc-cssicon-toggle-item-69f2dfa426a10\"  aria-label=\"Alternar\" \/><nav><ul class='ez-toc-list ez-toc-list-level-1' ><li class='ez-toc-page-1 ez-toc-heading-level-2'><a class=\"ez-toc-link ez-toc-heading-1\" href=\"https:\/\/www.planbwagen.de\/es\/spacecamper-terranger-co\/detalles-de-la-ultima-llamada-del-spacecamper\/#Tagesmotto_Spacy\" >Lema del d\u00eda Spacy:<\/a><\/li><li class='ez-toc-page-1 ez-toc-heading-level-2'><a class=\"ez-toc-link ez-toc-heading-2\" href=\"https:\/\/www.planbwagen.de\/es\/spacecamper-terranger-co\/detalles-de-la-ultima-llamada-del-spacecamper\/#Selbsterfahrung_VW_California\" >Autoexperiencia VW California:<\/a><\/li><li class='ez-toc-page-1 ez-toc-heading-level-2'><a class=\"ez-toc-link ez-toc-heading-3\" href=\"https:\/\/www.planbwagen.de\/es\/spacecamper-terranger-co\/detalles-de-la-ultima-llamada-del-spacecamper\/#Bulli_Fangemeinde\" >Comunidad de fans del Bulli:<\/a><\/li><li class='ez-toc-page-1 ez-toc-heading-level-2'><a class=\"ez-toc-link ez-toc-heading-4\" href=\"https:\/\/www.planbwagen.de\/es\/spacecamper-terranger-co\/detalles-de-la-ultima-llamada-del-spacecamper\/#Emotionale_Bemusterung\" >Muestreo emocional:<\/a><\/li><li class='ez-toc-page-1 ez-toc-heading-level-2'><a class=\"ez-toc-link ez-toc-heading-5\" href=\"https:\/\/www.planbwagen.de\/es\/spacecamper-terranger-co\/detalles-de-la-ultima-llamada-del-spacecamper\/#Erganzende_Links\" >Enlaces complementarios:<\/a><\/li><\/ul><\/nav><\/div>\n<h2><span class=\"ez-toc-section\" id=\"Tagesmotto_Spacy\"><\/span><span style=\"font-size: xx-large;\">Lema del d\u00eda Spacy:<\/span><span class=\"ez-toc-section-end\"><\/span><\/h2>\n<p>Der heutige Tag steht ganz unter dem Motto SpaceCamper. Wir sind bereits fr\u00fch aufgestanden, und stehen p\u00fcnktlich um 7:30, Torgit vor dem B\u00e4cker und ich vor dem Metzger. Denn um 10:00 Uhr wollen wir bereits in Darmstadt, bei Spacecamper sein. Da wollen wir doch wenigstens ein Fr\u00fchst\u00fcck mitbringen. Inzwischen kennen wir von der Hausmesse, von der Caravan in D\u00fcsseldorf und von einigen Telefonaten schon den ein oder anderen Mitarbeiter im Hause Spacecamper. Bereits beim Eintreten werden wir sehr famili\u00e4r begr\u00fc\u00dft. Irgendwie sp\u00fcrt man im gesamten Haus, deren Motto, &#8222;wir lieben das&#8220;. &#8211; Ja, die lieben das. Die meisten Mitarbeiter fahren einen SpaceCamper und sind Camping Enthusiasten.<\/p>\n<p>Aunque nos hab\u00edamos preparado para la cita como era debido -ya hab\u00edamos estado en VW de antemano e inspeccionado el Caravelle intensamente-, las opciones son abrumadoras. Hay que tomar muchas decisiones.<\/p>\n<h2><span class=\"ez-toc-section\" id=\"Selbsterfahrung_VW_California\"><\/span>Autoexperiencia VW California:<span class=\"ez-toc-section-end\"><\/span><\/h2>\n<p>Sin duda, tenemos la enorme ventaja de haber vivido en un VW California durante varias semanas. Ahora sabemos lo que es bueno, pero tambi\u00e9n lo que podr\u00eda mejorarse. Lo mejor de SpaceCamper es que puedes sentir realmente cu\u00e1nta experiencia se ha invertido en el proyecto. Aqu\u00ed no hay cabeza de agua que impida los avances.<\/p>\n<p>Con el Bulli y los clientes californianos, VW no s\u00f3lo cuenta con una enorme comunidad de fans, sino sobre todo con una asombrosa identificaci\u00f3n y conocimiento del cliente. Para cualquiera que no solo se desplace en su veh\u00edculo, sino que tambi\u00e9n duerma, cocine, viva y trabaje en \u00e9l, el Bulli se convierte r\u00e1pidamente en un hogar.<\/p>\n<p>Puede que no se lo crea, pero hay gente que se aloja habitualmente en hoteles de cinco estrellas por trabajo, pero prefiere dormir en el aparcamiento por la noche. Antes me parec\u00eda una locura. Ahora ya no.<\/p>\n<h2><span class=\"ez-toc-section\" id=\"Bulli_Fangemeinde\"><\/span><span style=\"font-size: xx-large;\">Comunidad de fans del Bulli:<\/span><span class=\"ez-toc-section-end\"><\/span><\/h2>\n<p>Lo que me parece una pena es que los desarrolladores de VW no parezcan creer necesario escuchar a su comunidad de fans. Porque cuando leo alg\u00fan que otro post en los distintos grupos de Facebook sobre el tema del Bulli o el California, pienso: oye, aqu\u00ed ya se est\u00e1n publicando sugerencias \u00fatiles para un T3, T4, T5, T6, pero se est\u00e1n aplicando demasiado pocas. - \u00a1Qu\u00e9 l\u00e1stima! Al final, los conocimientos gratuitos no sirven para nada.\u00a0<\/p>\n<p>A menudo son simplemente peque\u00f1as cosas las que resultan incomprensibles. Encontrar\u00e1 dos ejemplos de ello en nuestro <a href=\"https:\/\/www.planbwagen.de\/es\/spacecamper-terranger-co\/el-configurador-vw-lineas-de-equipamiento-trendline-comfortline-y-highline\/\">siguiente entrada del blog<\/a>. Aqu\u00ed se trata el tema del orden en el VW California, as\u00ed como el Configurador Online de VW.\u00a0\u00a0<\/p>\n<p>A menudo se trata de art\u00edculos de un c\u00e9ntimo, as\u00ed que no siempre puede ser una cuesti\u00f3n de dinero. Spacecamper es completamente diferente: cuando ayer nos sentamos con Markus Liebenau, el director de ventas, tom\u00f3 nota de varias de nuestras sugerencias y dijo: \"Es la segunda vez que oigo esto, lo llevar\u00e9 a nuestra reuni\u00f3n de equipo. Tenemos que encontrar una soluci\u00f3n a esto\". - En SpaceCamper tampoco todo es posible, ya que se trata de un equipamiento modular y no a medida. Pero siempre se nota que aqu\u00ed se buscan soluciones. Es divertido.<\/p>\n<h2><span class=\"ez-toc-section\" id=\"Emotionale_Bemusterung\"><\/span><span style=\"font-size: xx-large;\">Muestreo emocional:<\/span><span class=\"ez-toc-section-end\"><\/span><\/h2>\n<p>Pero al final, tambi\u00e9n se trata de cuestiones emocionales. En el hogar, se trata de temas como ba\u00f1os y cocinas. En realidad, casi nadie dedica tanto tiempo a la tecnolog\u00eda dom\u00e9stica como a los objetos, los accesorios y los azulejos del cuarto de ba\u00f1o. - Lo mismo ocurre aqu\u00ed, al final pasamos m\u00e1s tiempo discutiendo sobre el color del cuero, el m\u00f3dulo de la cocina y los frentes de madera. Aunque el tema de la autosuficiencia era muy, muy importante para nosotros de antemano, es donde pasamos menos tiempo.<\/p>\n<p>Cuando nos sentamos en el coche de vuelta despu\u00e9s de 6 horas, los dos estamos bastante agotados, pero felices. El modesto tiempo en el ferrocarril no cambia eso.<\/p>\n<p>&nbsp;<\/p>\n<p>&nbsp;<\/p>\n<h2><span class=\"ez-toc-section\" id=\"Erganzende_Links\"><\/span><span style=\"font-size: xx-large;\">Enlaces complementarios:<\/span><span class=\"ez-toc-section-end\"><\/span><\/h2>\n<p>PD: Aqu\u00ed puedes encontrar a nuestros SpaceCampers <a href=\"https:\/\/www.planbwagen.de\/es\/spacecamper-terranger-co\/nuestra-spacecamper-classicopen\/\">Detalles del equipo<\/a>nuestra SpaceCamper <a href=\"https:\/\/www.planbwagen.de\/es\/spacecamper-terranger-co\/spacecamper-classicabrir-la-conversion-de-autocaravanas\/\">Expansi\u00f3n<\/a>\u00a0y SpaceCamper<a href=\"https:\/\/www.planbwagen.de\/es\/spacecamper-terranger-co\/t5-califoria-se-encuentra-con-t6-spacecamper\/\"> Consejos de expertos<\/a>.<\/p>\n<p>Aqu\u00ed nuestro <a href=\"https:\/\/www.planbwagen.de\/es\/spacecamper-terranger-co\/tecnologia-todoterreno\/\">TERRANGER Modificaciones Offroad<\/a>Informaci\u00f3n sobre los temas<a href=\"https:\/\/www.planbwagen.de\/es\/alemania\/terranger-gelaendefahrtraining\/\">\u00a0Formaci\u00f3n en conducci\u00f3n todoterreno Terranger<\/a>, <a href=\"https:\/\/www.planbwagen.de\/es\/consejos-trucos\/gestion-de-la-energia-de-la-caravana-modulo-solar-bolsa-solar-memoria-autocomprobacion\/\">Gesti\u00f3n de la energ\u00eda<\/a>BRICOLAJE <a href=\"https:\/\/www.planbwagen.de\/es\/spacecamper-terranger-co\/ducha-de-carretera-diy-ducha-de-camping\/\">Dep\u00f3sitos de agua<\/a>BRICOLAJE <a href=\"https:\/\/www.planbwagen.de\/es\/spacecamper-terranger-co\/sistema-de-transporte-trasero-diy-u-original-terranger\/\">Sistema de soporte trasero<\/a>parada en boxes en\u00a0<a href=\"https:\/\/www.planbwagen.de\/es\/alemania\/parada-en-boxes-en-delta4x4-el-especialista-en-tuning-de-vehiculos-todoterreno\/\">delta4x4<\/a>, <a href=\"https:\/\/www.planbwagen.de\/es\/spacecamper-terranger-co\/butch-va-terranger-delta-4x4-hojas-de-arena-co\/\">Placas de arena<\/a>,\u00a0<a href=\"https:\/\/www.planbwagen.de\/es\/spacecamper-terranger-co\/film-center-nrw-rotulacion-de-vehiculos-proteccion-de-pintura\/\">Embalaje de veh\u00edculos<\/a> y <a href=\"https:\/\/www.planbwagen.de\/es\/spacecamper-terranger-co\/sellado-ceramico-glanzwerk-bornheim\/\">Sellado cer\u00e1mico<\/a>.<\/p>\n<p>Para redondear el tema <a href=\"https:\/\/www.planbwagen.de\/es\/spacecamper-terranger-co\/pirateria-de-productos-falsificacion-pirateria-de-marcas-con-tuners-offroad\/\">Pirater\u00eda de productos<\/a> con sintonizadores todoterreno.<\/p>\n<p>Los temas <a href=\"https:\/\/www.planbwagen.de\/es\/lista-de-embalaje\/\">Lista de embalaje<\/a>, <a href=\"https:\/\/www.planbwagen.de\/es\/consejos-trucos\/\">Trucos y consejos<\/a>, <a href=\"https:\/\/www.planbwagen.de\/es\/amigos-marimachos\/\">BUTCH &amp; Amigos<\/a>, <a href=\"https:\/\/www.planbwagen.de\/es\/puerto-base\/\">Puerto de origen<\/a>El <a href=\"https:\/\/www.planbwagen.de\/es\/blogs-de-viajes\/\">Blogs de viajes,<\/a>\u00a0el tema <a href=\"https:\/\/www.planbwagen.de\/es\/musculo-de-la-suerte\/\">M\u00daSCULO FELIZ<\/a>\u00a0y <a href=\"https:\/\/www.planbwagen.de\/es\/acerca-de-nosotros\/\">Qui\u00e9nes somos<\/a> tienen sus propias secciones dedicadas a ellos. Puede ponerse en contacto con nosotros <a href=\"https:\/\/www.planbwagen.de\/es\/2266-2\/\">aqu\u00ed<\/a>.<\/p>\n<p>Und last but not least hier unsere Link\u00fcbersicht &#8222;<a href=\"https:\/\/www.planbwagen.de\/es\/hola\/\">Seguir al Sol<\/a>&#8222;. Damit ihr wisst wo man uns noch folgen kann.\u00a0<\/p>\n<p>Ya encontrar\u00e1s el camino. ? Si te gustan los posts, cu\u00e9ntalo y comparte, \u00a1gracias!<\/p>\n<p>[\/et_pb_text][et_pb_image src=&#8220;https:\/\/www.planbwagen.de\/wp-content\/uploads\/2020\/09\/4-128.jpg&#8220; title_text=&#8220;4&#8243; _builder_version=&#8220;4.5.1&#8243; _module_preset=&#8220;default&#8220;][\/et_pb_image][\/et_pb_column][\/et_pb_row][\/et_pb_section]<\/p>","protected":false},"excerpt":{"rendered":"<p>[et_pb_section fb_built=&#8220;1&#8243; _builder_version=&#8220;3.22&#8243;][et_pb_row column_structure=&#8220;1_3,1_3,1_3&#8243; _builder_version=&#8220;4.5.1&#8243; _module_preset=&#8220;default&#8220;][et_pb_column type=&#8220;1_3&#8243; _builder_version=&#8220;4.5.1&#8243; _module_preset=&#8220;default&#8220;][et_pb_image src=&#8220;https:\/\/www.planbwagen.de\/wp-content\/uploads\/2020\/09\/1-157.jpg&#8220; title_text=&#8220;1&#8243; _builder_version=&#8220;4.5.1&#8243; _module_preset=&#8220;default&#8220;][\/et_pb_image][\/et_pb_column][et_pb_column type=&#8220;1_3&#8243; _builder_version=&#8220;4.5.1&#8243; _module_preset=&#8220;default&#8220;][et_pb_image src=&#8220;https:\/\/www.planbwagen.de\/wp-content\/uploads\/2020\/09\/2-156.jpg&#8220; title_text=&#8220;2&#8243; _builder_version=&#8220;4.5.1&#8243; _module_preset=&#8220;default&#8220;][\/et_pb_image][\/et_pb_column][et_pb_column type=&#8220;1_3&#8243; _builder_version=&#8220;4.5.1&#8243; _module_preset=&#8220;default&#8220;][et_pb_image src=&#8220;https:\/\/www.planbwagen.de\/wp-content\/uploads\/2020\/09\/3-138.jpg&#8220; title_text=&#8220;3&#8243; _builder_version=&#8220;4.5.1&#8243; _module_preset=&#8220;default&#8220;][\/et_pb_image][\/et_pb_column][\/et_pb_row][et_pb_row _builder_version=&#8220;4.5.1&#8243; _module_preset=&#8220;default&#8220;][et_pb_column type=&#8220;4_4&#8243; _builder_version=&#8220;4.5.1&#8243; _module_preset=&#8220;default&#8220;][et_pb_text _builder_version=&#8220;4.5.1&#8243; _module_preset=&#8220;default&#8220;] Tagesmotto Spacy: Der heutige Tag steht ganz unter dem Motto SpaceCamper. Wir sind bereits fr\u00fch aufgestanden, und stehen p\u00fcnktlich um 7:30, [&hellip;]<\/p>","protected":false},"author":1,"featured_media":4162,"comment_status":"open","ping_status":"open","sticky":false,"template":"","format":"standard","meta":{"_et_pb_use_builder":"on","_et_pb_old_content":"<div id=\"content_start\">\u00a0<\/div><article class=\"j-blog\"><div class=\"n j-blog-meta j-blog-post--header\"><div class=\"j-text j-module n\"><a class=\"j-blog-post--category\" href=\"https:\/\/www.gluecksmuskel.de\/hectors-reisen\/spacecamper-terranger-co\/\"> SpaceCamper, Terranger & Co. <\/a> \u00a0\u00b7\u00a0 <span class=\"j-text j-blog-post--date\"> 28. November 2019 <\/span><\/div><h1 class=\"j-blog-header j-blog-headline j-blog-post--headline\">Tag No. 85 - SpaceCamper - Wir leben das<\/h1><\/div><div class=\"post j-blog-content\"><div id=\"cc-matrix-3603545126\"><div id=\"cc-m-12572894926\" class=\"j-module n j-spacing \"><div class=\"cc-m-spacer\" style=\"height: 20px;\">\u00a0<\/div><\/div><div id=\"cc-m-12558102226\" class=\"j-module n j-gallery \"><div id=\"cc-m-gallery-12558102226\" class=\"cc-m-gallery-container cc-m-gallery-cool clearover\"><div id=\"gallery_thumb_8115278726\" class=\"cc-m-gallery-cool-item\"><div><a rel=\"lightbox[12558102226]\" data-href=\"https:\/\/planbwagen.de\/wp-content\/uploads\/attachments\/image.jpg\" data-title=\"\" data-index=\"0\"> <img style=\"height: 176px; width: 132px; margin-bottom: 3px; margin-right: 3px;\" src=\"https:\/\/planbwagen.de\/wp-content\/uploads\/2020\/07\/image-8-4-2-4.jpg\" alt=\"\" data-orig-width=\"1536\" data-orig-height=\"2048\" \/> <\/a><\/div><\/div><div id=\"gallery_thumb_8115279026\" class=\"cc-m-gallery-cool-item\"><div><a rel=\"lightbox[12558102226]\" data-href=\"https:\/\/planbwagen.de\/wp-content\/uploads\/attachments\/image.jpg\" data-title=\"\" data-index=\"1\"> <img style=\"height: 176px; width: 235px; margin-bottom: 3px;\" src=\"https:\/\/planbwagen.de\/wp-content\/uploads\/2020\/07\/image-6-4-8-8.jpg\" alt=\"\" data-orig-width=\"2048\" data-orig-height=\"1536\" \/> <\/a><\/div><\/div><div id=\"gallery_thumb_8115278826\" class=\"cc-m-gallery-cool-item\"><div><a rel=\"lightbox[12558102226]\" data-href=\"https:\/\/planbwagen.de\/wp-content\/uploads\/attachments\/image.jpg\" data-title=\"\" data-index=\"2\"> <img style=\"height: 176px; width: 132px; margin-bottom: 3px;\" src=\"https:\/\/planbwagen.de\/wp-content\/uploads\/2020\/07\/image-0-0-9-7.jpg\" alt=\"\" data-orig-width=\"1536\" data-orig-height=\"2048\" \/> <\/a><\/div><\/div><\/div><\/div><div id=\"cc-m-12558019426\" class=\"j-module n j-text \"><p>Der heutige Tag steht ganz unter dem Motto SpaceCamper. Wir sind bereits fr\u00fch aufgestanden, und stehen p\u00fcnktlich um 7:30, Torgit vor dem B\u00e4cker und ich vor dem Metzger. Denn um 10:00 Uhr wollen wir bereits in Darmstadt, bei Spacecamper sein. Da wollen wir doch wenigstens ein Fr\u00fchst\u00fcck mitbringen. Inzwischen kennen wir von der Hausmesse, von der Caravan in D\u00fcsseldorf und von einigen Telefonaten schon den ein oder anderen Mitarbeiter im Hause Spacecamper. Bereits beim Eintreten werden wir\u00a0sehr famili\u00e4r\u00a0begr\u00fc\u00dft. Irgendwie sp\u00fcrt man im gesamten Haus, deren Motto, \"wir lieben das\". - Ja, die lieben das. Die meisten Mitarbeiter fahren einen SpaceCamper und sind Camping Enthusiasten.<\/p><p>Obwohl wir uns auf den Termin entsprechend vorbereitet haben, wir waren ja schon vorher bei VW und haben die Caravelle intensiv begutachtet, erschlagen einen die M\u00f6glichkeiten. Es sind\u00a0somit unheimlich viele Entscheidungen zu treffen.<\/p><p>Dabei haben wir sicherlich schon den Riesenvorteil, dass mir nun schon etliche Wochen in einem VW California leben. Wir wissen inzwischen was gut ist, doch wir wissen auch was verbesserungsw\u00fcrdig ist. Das Sch\u00f6ne bei SpaceCamper ist, dass man hier wirklich sp\u00fcrt, wie viel Erfahrung in dem Projekt steckt. Hier ist kein Wasserkopf,\u00a0der Entwicklungen verhindert.<\/p><p>VW hat mit dem Bulli- und California-Kunden nicht nur eine\u00a0riesige Fan Gemeinde, sondern vor allem eine unheimliche Kunden Identifikation und Know How. Wer mit seinem Fahrzeug nicht\u00a0nur durch die Gegend f\u00e4hrt, sondern darin schl\u00e4ft, kocht, wohnt und arbeitet, f\u00fcr den ist der Bulli ganz schnell ein zu Hause.<\/p><p>Man mag es nicht glauben, doch es gibt Menschen, die beruflich regelm\u00e4\u00dfig in f\u00fcnf Sterne Hotels residieren, doch nachts zum Schlafen, lieber auf den Parkplatz gehen. Fr\u00fcher habe ich so etwas f\u00fcr verr\u00fcckt gehalten. Heute nicht mehr.<\/p><p>Was ich schade finde, ist, dass die VW Entwickler es scheinbar\u00a0nicht\u00a0f\u00fcr n\u00f6tig halten, einmal auf ihre Fan Gemeinde zu h\u00f6ren. Denn, wenn ich\u00a0den ein oder anderen post auf den diversen Facebook Gruppen zum Thema Bulli oder California lese, denke ich: hey hier werden schon bei einem T3, T4, T5, T6 sinnvolle\u00a0 Anregungen gepostet, doch es ger\u00e4t\u00a0viel zu wenig in die Umsetzung. - Schade! Somit ist kostenloses Know How am Ende auch umsonst.<\/p><p>Oft handelt es sich um Pfennigs-Artikel, es kann also nicht immer eine Sache des Geldes sein. Ganz anders bei Spacecamper: Als wir gestern mit Markus Liebenau, dem Vertriebsleiter zusammensitzen, notiert er sich mehrere unserer Anregungen, mit den Worten,\u201cdas\u00a0 h\u00f6re ich jetzt zum zweiten Mal, das nehme ich mit in unser Team Meeting. Hierzu m\u00fcssen wir L\u00f6sung finden.\u201c - Auch bei SpaceCamper\u00a0 geht nicht alles, es ist ja ein modularer und kein individueller Ausbauer.\u00a0Doch man sp\u00fcrt\u00a0immer, hier wird nach L\u00f6sungen gesucht. Das macht Spa\u00df.<\/p><p>Doch am Ende, geht es auch wieder um die emotionale Themen. Beim Haus sind das Themen wie B\u00e4der und K\u00fcchen. Kaum einer h\u00e4lt sich wirklich mit der Haus Technologie, so lange auf, wie mit\u00a0Badobjekten, Armaturen und\u00a0Fliesen. - Hier ist es genauso, am Ende diskutieren wir am l\u00e4ngsten \u00fcber die Lederfarbe, das K\u00fcchenmodul und die Holzfronten. Obwohl uns im Vorfeld das Thema Autarkie sehr, sehr wichtig war, verbrauchen wir hier die wenigste Zeit.<\/p><p>Als wir auf dem R\u00fcckweg, nach 6 Stunden im Auto sitzen, sind wir beide ziemlich platt aber gl\u00fccklich. Das \u00e4ndert sich auch nicht durch das bescheidene Wetter auf der Bahn.<\/p><p>Abends haben wir noch einen Termin bei einem Anwalt. Auch dieser Termin gestaltet sich positiv und konstruktiv. Als wir endlich zu Hause ankommen ,\u00a0sitzen\u00a0wir\u00a0noch ein wenig mit Steffen und Benjamin zusammen. Endlich mal wieder Zeit f\u00fcr Schmitz K\u00f6lsch. Etwas was ich unterwegs vermisse.<\/p><\/div><div id=\"cc-m-12558584626\" class=\"j-module n j-imageSubtitle \"><figure class=\"cc-imagewrapper cc-m-image-align-3\"><img id=\"cc-m-imagesubtitle-image-12558584626\" class=\"\" src=\"https:\/\/planbwagen.de\/wp-content\/uploads\/2020\/07\/image-5-5-4.jpg\" sizes=\"(min-width: 599px) 599px, 100vw\" alt=\"\" data-src-width=\"3024\" data-src-height=\"4032\" data-src=\"https:\/\/planbwagen.de\/wp-content\/uploads\/2020\/07\/image-5-5-4.jpg\" data-image-id=\"8115751126\" data-pfsrc=\"https:\/\/planbwagen.de\/wp-content\/uploads\/2020\/07\/image-5-5-4.jpg\" \/><\/figure><div class=\"cc-clear\">\u00a0<\/div><\/div><div id=\"cc-m-12572895026\" class=\"j-module n j-text \"><p style=\"text-align: right;\"><a class=\"j-calltoaction-link j-calltoaction-link-style-2\" style=\"font-size: 16px; background-color: #ffcc00; border-width: 2px; border-color: #ffcc00; color: #ffffff; user-select: text; padding: 10px 20px; line-height: 1.5; border-radius: 0px; -webkit-appearance: none; margin: 1em 0px;\" title=\"Tag No. 86 - Alltag und Lebenskunst\" href=\"\/2019\/11\/29\/tag-no-86-alltag-und-lebenskunst\/\" data-action=\"button\" data-title=\"Sunny Side Up\"> Sunny Side Up\u00a0 \u00a0\u00a0<\/a><\/p><p style=\"text-align: right;\"><a class=\"j-calltoaction-link j-calltoaction-link-style-2\" style=\"background-color: #ffcc00; border-width: 2px; border-color: #ffcc00; color: #ffffff; user-select: text; padding: 10px 20px; font-size: 16px; line-height: 1.5; border-radius: 0px; -webkit-appearance: none; margin: 1em 0px;\" title=\"Tag No. 84 - Zuhause und doch so fern...\" href=\"\/2019\/11\/27\/tag-no-84-zuhause-und-doch-so-fern\/\" data-action=\"button\" data-title=\"Sunny Side Down\"> Sunny Side Down\u00a0 \u00a0\u00a0<\/a><\/p><\/div><\/div><\/div><div class=\"j-module n j-text j-blog-post--tags-wrapper\"><span class=\"j-blog-post--tags--template\" style=\"display: none;\"><a class=\"j-blog-post--tag\" href=\"https:\/\/www.gluecksmuskel.de\/hectors-reisen\/?tag=tagPlaceholder\">tagPlaceholder<\/a><\/span><span class=\"j-blog-post--tags-label\" style=\"display: none;\">Tags:<\/span><\/div><div class=\"n j-comment\"><div id=\"commentsModule12557946226\"><p id=\"skiptoform12557946226\" class=\"skiptoform\"><a href=\"#\" data-id=\"12557946226\" data-action=\"goToForm\">Kommentar schreiben<\/a><\/p><div id=\"numComments12557946226\" class=\"j-blog-comment-counter\">Kommentare: <i class=\"cc-comments-count\">0<\/i><\/div><ul id=\"commentOutput12557946226\" class=\"com-list-noava\"><li id=\"commentFormContainer12557946226\" class=\"commentstd clearover cc-m-comment-loading\"><a name=\"commentForm12557946226\"><\/a><\/li><\/ul><div id=\"commentError12557946226\" class=\"message-error\" style=\"display: none;\">\u00a0<\/div><div id=\"commentSuccess12557946226\" class=\"message-ok\" style=\"display: none;\">\u00a0<\/div><\/div><p><script>\/\/ <![CDATA[ window.regModule(\"module_comment\", {\"data\":{\"id\":\"12557946226\",\"closed\":\"0\",\"captcha\":\"b971efd74498de64d2bb003aa2f45361\",\"avatar\":false,\"lang\":{\"comment\":\"Kommentar\",\"comments\":\"Kommentare\"}}}); \/\/ ]]> <\/script><\/p><\/div><\/article>","_et_gb_content_width":"","footnotes":""},"categories":[17],"tags":[],"class_list":["post-1425","post","type-post","status-publish","format-standard","has-post-thumbnail","hentry","category-spacecamper-terranger-co"],"_links":{"self":[{"href":"https:\/\/www.planbwagen.de\/es\/wp-json\/wp\/v2\/posts\/1425","targetHints":{"allow":["GET"]}}],"collection":[{"href":"https:\/\/www.planbwagen.de\/es\/wp-json\/wp\/v2\/posts"}],"about":[{"href":"https:\/\/www.planbwagen.de\/es\/wp-json\/wp\/v2\/types\/post"}],"author":[{"embeddable":true,"href":"https:\/\/www.planbwagen.de\/es\/wp-json\/wp\/v2\/users\/1"}],"replies":[{"embeddable":true,"href":"https:\/\/www.planbwagen.de\/es\/wp-json\/wp\/v2\/comments?post=1425"}],"version-history":[{"count":13,"href":"https:\/\/www.planbwagen.de\/es\/wp-json\/wp\/v2\/posts\/1425\/revisions"}],"predecessor-version":[{"id":11252,"href":"https:\/\/www.planbwagen.de\/es\/wp-json\/wp\/v2\/posts\/1425\/revisions\/11252"}],"wp:featuredmedia":[{"embeddable":true,"href":"https:\/\/www.planbwagen.de\/es\/wp-json\/wp\/v2\/media\/4162"}],"wp:attachment":[{"href":"https:\/\/www.planbwagen.de\/es\/wp-json\/wp\/v2\/media?parent=1425"}],"wp:term":[{"taxonomy":"category","embeddable":true,"href":"https:\/\/www.planbwagen.de\/es\/wp-json\/wp\/v2\/categories?post=1425"},{"taxonomy":"post_tag","embeddable":true,"href":"https:\/\/www.planbwagen.de\/es\/wp-json\/wp\/v2\/tags?post=1425"}],"curies":[{"name":"wp","href":"https:\/\/api.w.org\/{rel}","templated":true}]}}