{"id":1394,"date":"2019-12-02T19:22:12","date_gmt":"2019-12-02T19:22:12","guid":{"rendered":""},"modified":"2021-03-29T15:47:27","modified_gmt":"2021-03-29T15:47:27","slug":"der-vw-konfigurator-ausstattungslinien-trendline-comfortline-und-highline","status":"publish","type":"post","link":"https:\/\/www.planbwagen.de\/es\/spacecamper-terranger-co\/el-configurador-vw-lineas-de-equipamiento-trendline-comfortline-y-highline\/","title":{"rendered":"VW Configurator | L\u00edneas de equipamiento | Trendline | Comfortline | Highline | SpaceCamper contra California"},"content":{"rendered":"<p>[et_pb_section fb_built=&#8220;1&#8243; _builder_version=&#8220;3.22&#8243;][et_pb_row _builder_version=&#8220;4.5.1&#8243; _module_preset=&#8220;default&#8220;][et_pb_column type=&#8220;4_4&#8243; _builder_version=&#8220;4.5.1&#8243; _module_preset=&#8220;default&#8220;][et_pb_text _builder_version=&#8220;4.5.1&#8243; _module_preset=&#8220;default&#8220;]<\/p>\n<h1 style=\"text-align: center;\"><span style=\"font-size: x-large;\">\u00bfPor qu\u00e9 nos decidimos por una SpaceCamper y no por una VW California?<\/span><\/h1>\n<p>&nbsp;<\/p>\n<p>Mantener ordenada una California es todo un reto. El asiento siempre estorba. As\u00ed que al menos tengo ejercicios regulares de escalada. Convenientemente, no se puede llegar a la parte posterior de nuestras cajas de almacenamiento desde el interior. Tampoco desde fuera, al menos no cuando las bicicletas est\u00e1n montadas en el portabicicletas y el techo desplegable est\u00e1 levantado. - Que suele ser el caso cuando estamos aparcados. Espero que la SpaceCamper suponga una mejora considerable en este aspecto. Pero no podremos averiguarlo hasta el a\u00f1o que viene. - Para no dar una impresi\u00f3n equivocada, nos encanta nuestra California. - No por ello, sino a pesar de ello.<\/p>\n<p>[\/et_pb_text][\/et_pb_column][\/et_pb_row][et_pb_row column_structure=&#8220;1_3,1_3,1_3&#8243; _builder_version=&#8220;4.5.1&#8243; _module_preset=&#8220;default&#8220;][et_pb_column type=&#8220;1_3&#8243; _builder_version=&#8220;4.5.1&#8243; _module_preset=&#8220;default&#8220;][et_pb_image src=&#8220;https:\/\/www.planbwagen.de\/wp-content\/uploads\/2020\/09\/1-156.jpg&#8220; title_text=&#8220;1&#8243; _builder_version=&#8220;4.5.1&#8243; _module_preset=&#8220;default&#8220;][\/et_pb_image][\/et_pb_column][et_pb_column type=&#8220;1_3&#8243; _builder_version=&#8220;4.5.1&#8243; _module_preset=&#8220;default&#8220;][et_pb_image src=&#8220;https:\/\/www.planbwagen.de\/wp-content\/uploads\/2020\/09\/2-155.jpg&#8220; title_text=&#8220;2&#8243; _builder_version=&#8220;4.5.1&#8243; _module_preset=&#8220;default&#8220;][\/et_pb_image][\/et_pb_column][et_pb_column type=&#8220;1_3&#8243; _builder_version=&#8220;4.5.1&#8243; _module_preset=&#8220;default&#8220;][et_pb_image src=&#8220;https:\/\/www.planbwagen.de\/wp-content\/uploads\/2020\/09\/3-139.jpg&#8220; title_text=&#8220;3&#8243; _builder_version=&#8220;4.5.1&#8243; _module_preset=&#8220;default&#8220;][\/et_pb_image][\/et_pb_column][\/et_pb_row][et_pb_row _builder_version=&#8220;4.5.1&#8243; _module_preset=&#8220;default&#8220;][et_pb_column type=&#8220;4_4&#8243; _builder_version=&#8220;4.5.1&#8243; _module_preset=&#8220;default&#8220;][et_pb_text _builder_version=&#8220;4.5.1&#8243; _module_preset=&#8220;default&#8220;]<\/p>\n<p>Algunas cosas en Volkswagen no se pueden explicar con sentido com\u00fan. - Pero quiz\u00e1 a\u00fan pueda encontrar una explicaci\u00f3n. La base de nuestro futuro hogar es un VW Caravelle. Est\u00e1 disponible en tres l\u00edneas de equipamiento: Trendline, Comfortline y Highline.<\/p>\n<p>[\/et_pb_text][\/et_pb_column][\/et_pb_row][et_pb_row column_structure=&#8220;1_2,1_2&#8243; _builder_version=&#8220;4.5.1&#8243; _module_preset=&#8220;default&#8220;][et_pb_column type=&#8220;1_2&#8243; _builder_version=&#8220;4.5.1&#8243; _module_preset=&#8220;default&#8220;][et_pb_text _builder_version=&#8220;4.5.1&#8243; _module_preset=&#8220;default&#8220;]<\/p>\n<p>Dar\u00fcber hinaus gibt es zwei Radst\u00e4nde. Der lange Radstand bietet 40cm mehr Platz- &#8211; Vierzig Zentimeter k\u00f6nnen ganz sch\u00f6n gro\u00df sein. \ud83d\ude09<\/p>\n<p>Obwohl uns Hector in &#8222;white and black&#8220; sehr gut gef\u00e4llt, soll unser Neuer, Projektname Spector, etwas unauff\u00e4lliger werden, eine graue Maus halt. &#8211; Deswegen w\u00e4re mausgrau oder pure grey wie das bei Volkswagen hei\u00dft, auch unsere Wunschfarbe. Zumal das auch noch Standard ist. &#8211; Bis dahin total geil. Das gilt leider nicht f\u00fcr alle Ausstattungslinien. &#8211; Klar, die Basislinie Trendline wird das nicht k\u00f6nnen, denkt man sich zumindest.<\/p>\n<p>[\/et_pb_text][\/et_pb_column][et_pb_column type=&#8220;1_2&#8243; _builder_version=&#8220;4.5.1&#8243; _module_preset=&#8220;default&#8220;][et_pb_image src=&#8220;https:\/\/www.planbwagen.de\/wp-content\/uploads\/2020\/09\/4-3.png&#8220; title_text=&#8220;4&#8243; _builder_version=&#8220;4.5.1&#8243; _module_preset=&#8220;default&#8220;][\/et_pb_image][\/et_pb_column][\/et_pb_row][et_pb_row _builder_version=&#8220;4.5.1&#8243; _module_preset=&#8220;default&#8220;][et_pb_column type=&#8220;4_4&#8243; _builder_version=&#8220;4.5.1&#8243; _module_preset=&#8220;default&#8220;][et_pb_text _builder_version=&#8220;4.5.1&#8243; _module_preset=&#8220;default&#8220;]<\/p>\n<p>Debe haber una diferencia en alguna parte. Pero es al rev\u00e9s. Funciona para la variante b\u00e1sica y tambi\u00e9n para la batalla corta. Pero no con la Comfortline de batalla larga. \u00bfHay una explicaci\u00f3n l\u00f3gica para esto? La foto muestra la variante Trendline. Visualmente, parece exactamente como nos gustar\u00eda. - \u00bfPuede ser realmente as\u00ed? (Nota de Torgit: Te compras un coche nuevo por mucho dinero y puedes elegir entre colores completamente imposibles. No puede ser, \u00bfverdad?)<\/p>\n<p>PD: Aqu\u00ed puedes encontrar a nuestros SpaceCampers <a href=\"https:\/\/www.planbwagen.de\/es\/spacecamper-terranger-co\/nuestra-spacecamper-classicopen\/\">Detalles del equipo<\/a>nuestra SpaceCamper <a href=\"https:\/\/www.planbwagen.de\/es\/spacecamper-terranger-co\/spacecamper-classicabrir-la-conversion-de-autocaravanas\/\">Expansi\u00f3n<\/a>el SpaceCamper <a href=\"https:\/\/www.planbwagen.de\/es\/spacecamper-terranger-co\/detalles-de-la-ultima-llamada-del-spacecamper\/\">Detailausstattung &#8222;Last Call&#8220;<\/a>y SpaceCamper<a href=\"https:\/\/www.planbwagen.de\/es\/spacecamper-terranger-co\/t5-califoria-se-encuentra-con-t6-spacecamper\/\"> Consejos de expertos<\/a>.<\/p>\n<p>Aqu\u00ed nuestro <a href=\"https:\/\/www.planbwagen.de\/es\/spacecamper-terranger-co\/tecnologia-todoterreno\/\">TERRANGER Modificaciones Offroad<\/a>Informaci\u00f3n sobre los temas<a href=\"https:\/\/www.planbwagen.de\/es\/alemania\/terranger-gelaendefahrtraining\/\">\u00a0Formaci\u00f3n en conducci\u00f3n todoterreno Terranger<\/a>, <a href=\"https:\/\/www.planbwagen.de\/es\/consejos-trucos\/gestion-de-la-energia-de-la-caravana-modulo-solar-bolsa-solar-memoria-autocomprobacion\/\">Gesti\u00f3n de la energ\u00eda<\/a>BRICOLAJE <a href=\"https:\/\/www.planbwagen.de\/es\/spacecamper-terranger-co\/ducha-de-carretera-diy-ducha-de-camping\/\">Dep\u00f3sitos de agua<\/a>BRICOLAJE <a href=\"https:\/\/www.planbwagen.de\/es\/spacecamper-terranger-co\/sistema-de-transporte-trasero-diy-u-original-terranger\/\">Sistema de soporte trasero<\/a>parada en boxes en\u00a0<a href=\"https:\/\/www.planbwagen.de\/es\/alemania\/parada-en-boxes-en-delta4x4-el-especialista-en-tuning-de-vehiculos-todoterreno\/\">delta4x4<\/a>, <a href=\"https:\/\/www.planbwagen.de\/es\/spacecamper-terranger-co\/butch-va-terranger-delta-4x4-hojas-de-arena-co\/\">Placas de arena<\/a>,\u00a0<a href=\"https:\/\/www.planbwagen.de\/es\/spacecamper-terranger-co\/film-center-nrw-rotulacion-de-vehiculos-proteccion-de-pintura\/\">Embalaje de veh\u00edculos<\/a> y <a href=\"https:\/\/www.planbwagen.de\/es\/spacecamper-terranger-co\/sellado-ceramico-glanzwerk-bornheim\/\">Sellado cer\u00e1mico<\/a>.<\/p>\n<p>Para redondear el tema <a href=\"https:\/\/www.planbwagen.de\/es\/spacecamper-terranger-co\/pirateria-de-productos-falsificacion-pirateria-de-marcas-con-tuners-offroad\/\">Pirater\u00eda de productos<\/a> con sintonizadores todoterreno.<\/p>\n<p>Los temas <a href=\"https:\/\/www.planbwagen.de\/es\/lista-de-embalaje\/\">Lista de embalaje<\/a>, <a href=\"https:\/\/www.planbwagen.de\/es\/consejos-trucos\/\">Trucos y consejos<\/a>, <a href=\"https:\/\/www.planbwagen.de\/es\/amigos-marimachos\/\">BUTCH &amp; Amigos<\/a>, <a href=\"https:\/\/www.planbwagen.de\/es\/puerto-base\/\">Puerto de origen<\/a>El <a href=\"https:\/\/www.planbwagen.de\/es\/blogs-de-viajes\/\">Blogs de viajes,<\/a>\u00a0el tema <a href=\"https:\/\/www.planbwagen.de\/es\/musculo-de-la-suerte\/\">M\u00daSCULO FELIZ<\/a>\u00a0y <a href=\"https:\/\/www.planbwagen.de\/es\/acerca-de-nosotros\/\">Qui\u00e9nes somos<\/a> tienen sus propias secciones dedicadas a ellos. Puede ponerse en contacto con nosotros <a href=\"https:\/\/www.planbwagen.de\/es\/2266-2\/\">aqu\u00ed<\/a>.<\/p>\n<p>Und last but not least hier unsere Link\u00fcbersicht &#8222;<a href=\"https:\/\/www.planbwagen.de\/es\/hola\/\">Seguir al Sol<\/a>&#8222;. Damit ihr wisst wo man uns noch folgen kann.\u00a0<\/p>\n<p>Ya encontrar\u00e1s el camino. ? Si te gustan los posts, cu\u00e9ntalo y comparte, \u00a1gracias!<\/p>\n<p>&nbsp;<\/p>\n<p>[\/et_pb_text][et_pb_image src=&#8220;https:\/\/www.planbwagen.de\/wp-content\/uploads\/2020\/09\/5-1.png&#8220; title_text=&#8220;5&#8243; _builder_version=&#8220;4.5.1&#8243; _module_preset=&#8220;default&#8220;][\/et_pb_image][\/et_pb_column][\/et_pb_row][\/et_pb_section]<\/p>","protected":false},"excerpt":{"rendered":"<p>[et_pb_section fb_built=&#8220;1&#8243; _builder_version=&#8220;3.22&#8243;][et_pb_row _builder_version=&#8220;4.5.1&#8243; _module_preset=&#8220;default&#8220;][et_pb_column type=&#8220;4_4&#8243; _builder_version=&#8220;4.5.1&#8243; _module_preset=&#8220;default&#8220;][et_pb_text _builder_version=&#8220;4.5.1&#8243; _module_preset=&#8220;default&#8220;] Warum haben wir uns f\u00fcr einen SpaceCamper und gegen einen VW California entschieden? &nbsp; In einem California Ordnung zu schaffen, ist wirklich eine Herausforderung. Die Sitzbank steht st\u00e4ndig im Weg rum. So habe ich wenigstens regelm\u00e4\u00dfige Kletter\u00fcbungen. Von innen kommt man praktischerweise nicht hinten an [&hellip;]<\/p>","protected":false},"author":1,"featured_media":4163,"comment_status":"open","ping_status":"open","sticky":false,"template":"","format":"standard","meta":{"_et_pb_use_builder":"on","_et_pb_old_content":"<p>\u00a0<\/p><div id=\"content_start\">\u00a0<\/div><article class=\"j-blog\"><div class=\"n j-blog-meta j-blog-post--header\"><div class=\"j-text j-module n\"><a class=\"j-blog-post--category\" href=\"https:\/\/www.gluecksmuskel.de\/hectors-reisen\/spacecamper-terranger-co\/\"> SpaceCamper, Terranger & Co. <\/a> \u00a0\u00b7\u00a0 <span class=\"j-text j-blog-post--date\"> 02. Dezember 2019 <\/span><\/div><h1 class=\"j-blog-header j-blog-headline j-blog-post--headline\">Der VW Konfigurator : Ausstattungslinien \u201eTrendline\", \u201eComfortline\" und Highline\"<\/h1><\/div><div class=\"post j-blog-content\"><div id=\"cc-matrix-3627090426\"><div id=\"cc-m-12640529826\" class=\"j-module n j-spacing \"><div class=\"cc-m-spacer\" style=\"height: 20px;\">\u00a0<\/div><\/div><div id=\"cc-m-12640505626\" class=\"j-module n j-text \"><p style=\"text-align: center;\"><span style=\"font-size: 18px;\"><em><strong>\u00a0Warum haben wir uns f\u00fcr die Zukunft, f\u00fcr einen SpaceCamper und nicht mehr f\u00fcr einen California entschieden?<\/strong><\/em><\/span><\/p><p>\u00a0<\/p><p>In einem California Ordnung zu schaffen, ist wirklich eine Herausforderung. Die Sitzbank steht st\u00e4ndig im Weg rum. So habe ich wenigstens regelm\u00e4\u00dfige Kletter\u00fcbungen. Von innen kommt man praktischerweise nicht hinten an unsere Stauboxen. Von au\u00dfen auch nicht, zumindest nicht, wenn die Fahrr\u00e4der auf dem Fahrradtr\u00e4ger montiert sind und das Aufstelldach hochgestellt ist. - Was ja meist der Fall ist, wenn wir stehen. Hier erhoffe ich mir eine erhebliche Verbesserung durch den SpaceCamper. Doch das werden wir erst im n\u00e4chsten Jahr feststellen k\u00f6nnen. - Um keinen falschen Eindruck zu hinterlassen, wir lieben unseren California. - Aber nicht wegen dem, sondern trotzdem.<\/p><p>\u00a0<\/p><\/div><div id=\"cc-m-12640505526\" class=\"j-module n j-gallery \"><div id=\"cc-m-gallery-12640505526\" class=\"cc-m-gallery-container cc-m-gallery-cool clearover\"><div id=\"gallery_thumb_8163184926\" class=\"cc-m-gallery-cool-item\"><div><a rel=\"lightbox[12640505526]\" data-href=\"https:\/\/planbwagen.de\/wp-content\/uploads\/attachments\/image.jpg\" data-title=\"\" data-index=\"0\"> <img style=\"height: 277px; width: 370px; margin-bottom: 3px;\" src=\"https:\/\/planbwagen.de\/wp-content\/uploads\/2020\/07\/image-9-9-3-9.jpg\" alt=\"\" data-orig-width=\"2048\" data-orig-height=\"1536\" \/> <\/a><\/div><\/div><div id=\"gallery_thumb_8163184826\" class=\"cc-m-gallery-cool-item\"><div><a rel=\"lightbox[12640505526]\" data-href=\"https:\/\/planbwagen.de\/wp-content\/uploads\/attachments\/image.jpg\" data-title=\"\" data-index=\"1\"> <img style=\"height: 176px; width: 132px; margin-bottom: 3px; margin-right: 3px;\" src=\"https:\/\/planbwagen.de\/wp-content\/uploads\/2020\/07\/image-0-8-1-7.jpg\" alt=\"\" data-orig-width=\"1536\" data-orig-height=\"2048\" \/> <\/a><\/div><\/div><div id=\"gallery_thumb_8163196626\" class=\"cc-m-gallery-cool-item\"><div><a rel=\"lightbox[12640505526]\" data-href=\"https:\/\/planbwagen.de\/wp-content\/uploads\/attachments\/image.jpg\" data-title=\"\" data-index=\"2\"> <img style=\"height: 176px; width: 235px; margin-bottom: 3px;\" src=\"https:\/\/planbwagen.de\/wp-content\/uploads\/2020\/07\/image-2-5-4.jpg\" alt=\"\" data-orig-width=\"2048\" data-orig-height=\"1536\" \/> <\/a><\/div><\/div><\/div><\/div><div id=\"cc-m-12640505826\" class=\"j-module n j-text \"><p>\u00a0<\/p><p>Manche Dinge sind bei Volkswagen nicht mit gesundem Menschenverstand zu erkl\u00e4ren. - Doch vielleicht finde ich ja noch eine Erl\u00e4uterung. Die Basis f\u00fcr unser zuk\u00fcnftiges Zuhause ist ja eine VW Caravelle. Diese gibt es in den drei Ausstattungslinien Trendline, Comfortline und Highline.<\/p><p>\u00a0<\/p><\/div><div id=\"cc-m-12640505926\" class=\"j-module n j-textWithImage \"><figure class=\"cc-imagewrapper cc-m-image-align-2\"><img id=\"cc-m-textwithimage-image-12640505926\" class=\"\" src=\"https:\/\/planbwagen.de\/wp-content\/uploads\/2020\/07\/image-0-1.png\" sizes=\"(min-width: 520px) 520px, 100vw\" alt=\"\" data-src-width=\"2250\" data-src-height=\"1166\" data-src=\"https:\/\/planbwagen.de\/wp-content\/uploads\/2020\/07\/image-0-1.png\" data-image-id=\"8163185426\" data-pfsrc=\"https:\/\/planbwagen.de\/wp-content\/uploads\/2020\/07\/image-0-1.png\" \/><\/figure><div><div id=\"cc-m-textwithimage-12640505926\" class=\"cc-m-textwithimage-inline-rte\" data-name=\"text\" data-action=\"text\"><p>Dar\u00fcber hinaus gibt es zwei Radst\u00e4nde. Der lange Radstand\u00a0bietet\u00a040cm mehr Platz- - Vierzig Zentimeter k\u00f6nnen ganz sch\u00f6n gro\u00df sein. ;-)<\/p><p>\u00a0<\/p><p>Obwohl uns Hector in \"white and black\" sehr gut gef\u00e4llt, soll unser Neuer, Projektname Spector, etwas unauff\u00e4lliger werden, eine graue Maus halt. - Deswegen w\u00e4re mausgrau oder pure grey wie das bei Volkswagen hei\u00dft, auch unsere Wunschfarbe. Zumal das auch noch Standard ist. - Bis dahin total geil. Das gilt leider nicht f\u00fcr alle Ausstattungslinien. - Klar, die Basislinie Trendline wird das nicht k\u00f6nnen, denkt man sich zumindest.<\/p><p>\u00a0<\/p><p>Irgendwo muss ja der Unterschied sein. Doch es ist genau anders herum. Bei der Basisvariante geht es, beim kurzen Radstand auch. Nur bei der Comfortline langer Radstand nicht. Gibt es hierf\u00fcr eine logische Erkl\u00e4rung? Das Foto zeigt die Variante Trendline. Optisch genauso, wie wir diese gern h\u00e4tten. - Kann das wirklich sein? (Anm. von Torgit: Man kauft f\u00fcr sehr, sehr, sehr viel Geld ein neues Auto und hat die Wahl zwischen v\u00f6llig unm\u00f6glichen Farben. Kann doch nicht sein, oder?)<\/p><p>\u00a0<\/p><p>Erkenntnis des Tages: Man kann vieles wissen und dennoch nicht alles verstehen.<\/p><p>\u00a0<\/p><\/div><\/div><div class=\"cc-clear\">\u00a0<\/div><\/div><div id=\"cc-m-12640506026\" class=\"j-module n j-imageSubtitle \"><figure class=\"cc-imagewrapper cc-m-image-align-3 cc-m-width-maxed\"><img id=\"cc-m-imagesubtitle-image-12640506026\" class=\"\" src=\"https:\/\/planbwagen.de\/wp-content\/uploads\/2020\/07\/image-4-4.png\" sizes=\"(min-width: 1040px) 1040px, 100vw\" alt=\"\" data-src-width=\"2892\" data-src-height=\"1150\" data-src=\"https:\/\/planbwagen.de\/wp-content\/uploads\/2020\/07\/image-4-4.png\" data-image-id=\"8163185526\" data-pfsrc=\"https:\/\/planbwagen.de\/wp-content\/uploads\/2020\/07\/image-4-4.png\" \/><\/figure><div class=\"cc-clear\">\u00a0<\/div><\/div><div id=\"cc-m-12640506126\" class=\"j-module n j-text \"><p style=\"text-align: right;\"><a class=\"j-calltoaction-link j-calltoaction-link-style-2\" style=\"font-size: 16px; background-color: #ffcc00; border-width: 2px; border-color: #ffcc00; color: #ffffff; user-select: text; padding: 10px 20px; line-height: 1.5; border-radius: 0px; -webkit-appearance: none; margin: 1em 0px;\" title=\"Tag No. 85 - SpaceCamper - Wir leben das\" href=\"\/2019\/11\/28\/tag-no-85-spacecamper\/\" data-action=\"button\" data-title=\"Sunny Side Up\"> Sunny Side Up\u00a0 \u00a0\u00a0<\/a><\/p><p style=\"text-align: right;\"><a class=\"j-calltoaction-link j-calltoaction-link-style-2\" style=\"background-color: #ffcc00; border-width: 2px; border-color: #ffcc00; color: #ffffff; user-select: text; padding: 10px 20px; font-size: 16px; line-height: 1.5; border-radius: 0px; -webkit-appearance: none; margin: 1em 0px;\" title=\"Packliste - Was darf alles an Bord?\" href=\"\/2020\/01\/01\/packliste-was-darf-alles-an-bord\/\" data-action=\"button\" data-title=\"Sunny Side Down\"> Sunny Side Down\u00a0 \u00a0\u00a0<\/a><\/p><\/div><\/div><\/div><div class=\"j-module n j-text j-blog-post--tags-wrapper\"><span class=\"j-blog-post--tags--template\" style=\"display: none;\"><a class=\"j-blog-post--tag\" href=\"https:\/\/www.gluecksmuskel.de\/hectors-reisen\/?tag=tagPlaceholder\">tagPlaceholder<\/a><\/span><span class=\"j-blog-post--tags-label\" style=\"display: none;\">Tags:<\/span><\/div><div id=\"flexsocialbuttons\" class=\"n\"><div class=\"cc-sharebuttons-element cc-sharebuttons-size-16 cc-sharebuttons-style-colored cc-sharebuttons-design-square cc-sharebuttons-align-left\">\u00a0<\/div><\/div><div class=\"n j-comment\"><div id=\"commentsModule12640506226\"><p id=\"skiptoform12640506226\" class=\"skiptoform\"><a href=\"#\" data-id=\"12640506226\" data-action=\"goToForm\">Kommentar schreiben<\/a><\/p><div id=\"numComments12640506226\" class=\"j-blog-comment-counter\">Kommentare: <i class=\"cc-comments-count\">0<\/i><\/div><ul id=\"commentOutput12640506226\" class=\"com-list-noava\"><li id=\"commentFormContainer12640506226\" class=\"commentstd clearover cc-m-comment-loading\"><a name=\"commentForm12640506226\"><\/a><\/li><\/ul><div id=\"commentError12640506226\" class=\"message-error\" style=\"display: none;\">\u00a0<\/div><div id=\"commentSuccess12640506226\" class=\"message-ok\" style=\"display: none;\">\u00a0<\/div><\/div><p><script>\/\/ <![CDATA[ window.regModule(\"module_comment\", {\"data\":{\"id\":\"12640506226\",\"closed\":\"0\",\"captcha\":\"8eb73fde66ae256065a79e5983dca2f0\",\"avatar\":false,\"lang\":{\"comment\":\"Kommentar\",\"comments\":\"Kommentare\"}}}); \/\/ ]]> <\/script><\/p><\/div><\/article><p>\u00a0<\/p>","_et_gb_content_width":"","footnotes":""},"categories":[17],"tags":[],"class_list":["post-1394","post","type-post","status-publish","format-standard","has-post-thumbnail","hentry","category-spacecamper-terranger-co"],"_links":{"self":[{"href":"https:\/\/www.planbwagen.de\/es\/wp-json\/wp\/v2\/posts\/1394","targetHints":{"allow":["GET"]}}],"collection":[{"href":"https:\/\/www.planbwagen.de\/es\/wp-json\/wp\/v2\/posts"}],"about":[{"href":"https:\/\/www.planbwagen.de\/es\/wp-json\/wp\/v2\/types\/post"}],"author":[{"embeddable":true,"href":"https:\/\/www.planbwagen.de\/es\/wp-json\/wp\/v2\/users\/1"}],"replies":[{"embeddable":true,"href":"https:\/\/www.planbwagen.de\/es\/wp-json\/wp\/v2\/comments?post=1394"}],"version-history":[{"count":13,"href":"https:\/\/www.planbwagen.de\/es\/wp-json\/wp\/v2\/posts\/1394\/revisions"}],"predecessor-version":[{"id":11201,"href":"https:\/\/www.planbwagen.de\/es\/wp-json\/wp\/v2\/posts\/1394\/revisions\/11201"}],"wp:featuredmedia":[{"embeddable":true,"href":"https:\/\/www.planbwagen.de\/es\/wp-json\/wp\/v2\/media\/4163"}],"wp:attachment":[{"href":"https:\/\/www.planbwagen.de\/es\/wp-json\/wp\/v2\/media?parent=1394"}],"wp:term":[{"taxonomy":"category","embeddable":true,"href":"https:\/\/www.planbwagen.de\/es\/wp-json\/wp\/v2\/categories?post=1394"},{"taxonomy":"post_tag","embeddable":true,"href":"https:\/\/www.planbwagen.de\/es\/wp-json\/wp\/v2\/tags?post=1394"}],"curies":[{"name":"wp","href":"https:\/\/api.w.org\/{rel}","templated":true}]}}