{"id":13105,"date":"2021-06-09T08:29:05","date_gmt":"2021-06-09T06:29:05","guid":{"rendered":"https:\/\/www.planbwagen.de\/?p=13105"},"modified":"2021-06-09T08:29:08","modified_gmt":"2021-06-09T06:29:08","slug":"isaswomo-zu-gast-bei-planbwagen-ein-womo-veraendert-alles","status":"publish","type":"post","link":"https:\/\/www.planbwagen.de\/es\/formacion-para-la-felicidad\/isaswomo-como-invitado-en-planbwagen-un-womo-lo-cambia-todo\/","title":{"rendered":"IsasWomo como invitado de planBwagen | Un Womo lo cambia todo"},"content":{"rendered":"<p>[et_pb_section fb_built=&#8220;1&#8243; _builder_version=&#8220;4.5.1&#8243; _module_preset=&#8220;default&#8220;][et_pb_row _builder_version=&#8220;4.5.1&#8243; _module_preset=&#8220;default&#8220; custom_margin=&#8220;|auto|-28px|auto||&#8220;][et_pb_column type=&#8220;4_4&#8243; _builder_version=&#8220;4.5.1&#8243; _module_preset=&#8220;default&#8220;][et_pb_text admin_label=&#8220;Text&#8220; _builder_version=&#8220;4.5.1&#8243; _module_preset=&#8220;default&#8220;]<\/p>\n<div id=\"ez-toc-container\" class=\"ez-toc-v2_0_76 counter-hierarchy ez-toc-counter ez-toc-grey ez-toc-container-direction\">\n<p class=\"ez-toc-title\" style=\"cursor:inherit\">Contenido<\/p>\n<label for=\"ez-toc-cssicon-toggle-item-69ef28788485b\" class=\"ez-toc-cssicon-toggle-label\"><span class=\"\"><span class=\"eztoc-hide\" style=\"display:none;\">Toggle<\/span><span class=\"ez-toc-icon-toggle-span\"><svg style=\"fill: #999;color:#999\" xmlns=\"http:\/\/www.w3.org\/2000\/svg\" class=\"list-377408\" width=\"20px\" height=\"20px\" viewbox=\"0 0 24 24\" fill=\"none\"><path d=\"M6 6H4v2h2V6zm14 0H8v2h12V6zM4 11h2v2H4v-2zm16 0H8v2h12v-2zM4 16h2v2H4v-2zm16 0H8v2h12v-2z\" fill=\"currentColor\"><\/path><\/svg><svg style=\"fill: #999;color:#999\" class=\"arrow-unsorted-368013\" xmlns=\"http:\/\/www.w3.org\/2000\/svg\" width=\"10px\" height=\"10px\" viewbox=\"0 0 24 24\" version=\"1.2\" baseprofile=\"tiny\"><path d=\"M18.2 9.3l-6.2-6.3-6.2 6.3c-.2.2-.3.4-.3.7s.1.5.3.7c.2.2.4.3.7.3h11c.3 0 .5-.1.7-.3.2-.2.3-.5.3-.7s-.1-.5-.3-.7zM5.8 14.7l6.2 6.3 6.2-6.3c.2-.2.3-.5.3-.7s-.1-.5-.3-.7c-.2-.2-.4-.3-.7-.3h-11c-.3 0-.5.1-.7.3-.2.2-.3.5-.3.7s.1.5.3.7z\"\/><\/svg><\/span><\/span><\/label><input type=\"checkbox\"  id=\"ez-toc-cssicon-toggle-item-69ef28788485b\"  aria-label=\"Alternar\" \/><nav><ul class='ez-toc-list ez-toc-list-level-1' ><li class='ez-toc-page-1 ez-toc-heading-level-2'><a class=\"ez-toc-link ez-toc-heading-1\" href=\"https:\/\/www.planbwagen.de\/es\/formacion-para-la-felicidad\/isaswomo-como-invitado-en-planbwagen-un-womo-lo-cambia-todo\/#Gluck_ist_keine_Gluckssache\" >La suerte no es cuesti\u00f3n de suerte<\/a><\/li><li class='ez-toc-page-1 ez-toc-heading-level-2'><a class=\"ez-toc-link ez-toc-heading-2\" href=\"https:\/\/www.planbwagen.de\/es\/formacion-para-la-felicidad\/isaswomo-como-invitado-en-planbwagen-un-womo-lo-cambia-todo\/#Wenn_ein_kleines_altes_Wohnmobil_das_ganze_Leben_auf_den_Kopf_stellt%E2%80%A6\" >Cuando una vieja caravana pone toda tu vida patas arriba....<\/a><\/li><\/ul><\/nav><\/div>\n<h2 style=\"text-align: justify;\"><span class=\"ez-toc-section\" id=\"Gluck_ist_keine_Gluckssache\"><\/span>La suerte no es cuesti\u00f3n de suerte<span class=\"ez-toc-section-end\"><\/span><\/h2>\n<p style=\"text-align: justify;\">\u00bfO no? Cualquiera que siga nuestro blog sabe que el tema de la felicidad me interesa especialmente. Creo firmemente que con la actitud adecuada y una visi\u00f3n positiva de las cosas, se puede dar un empuj\u00f3n a la felicidad. Pero en la vida no s\u00f3lo hay felicidad, sino tambi\u00e9n mala suerte de vez en cuando. No todos los golpes del destino, no todos los accidentes pueden deshacerse con una actitud positiva. Sobre todo como persona discapacitada, creo que puedo valorar esto. En mi caso fue un percance, un accidente. En la jerga de los seguros tambi\u00e9n se denomina \"<strong>PAUKE<\/strong>\"Un accidente es un <strong>P<\/strong>De repente de <strong>a<\/strong>u\u00dfen <strong>u<\/strong>nvoluntariamente en el <strong>K<\/strong>cuerpo <strong>e<\/strong>de los acontecimientos. Para m\u00ed, este accidente significa que sigo ciego del ojo izquierdo cuarenta a\u00f1os despu\u00e9s.\u00a0<\/p>\n<p style=\"text-align: justify;\">Klar, ein\u00e4ugig ist besser als blind. Mit einem gewissen Sarkasmus ist das ganz gut ertragbar. Schlie\u00dflich ist der &#8222;Ein\u00e4ugige unter den Blinden K\u00f6nig&#8220; &#8211; Erasmus. Und mein Lieblingswitz dazu: Sagt der Taube zum Blinden: Ich kann keine Behindertenwitze mehr h\u00f6ren. Antwortet der Blinde: Das sehe ich genauso.\u00a0<\/p>\n<p style=\"text-align: justify;\">En cualquier caso, hay golpes del destino en la vida bajo los cuales uno se rompe y el otro se fortalece. Cuando por casualidad me top\u00e9 con <a href=\"https:\/\/isaswomo.de\/\">IsasWomo<\/a> blog y le\u00ed su historia, tuve que pedirle a Isa que compartiera su historia con nosotros. Y as\u00ed lo ha hecho. As\u00ed que le cedo la palabra a Isa:<\/p>\n<p style=\"text-align: justify;\"><strong style=\"font-size: 18px;\"><\/strong><\/p>\n<h2 style=\"text-align: justify;\"><span class=\"ez-toc-section\" id=\"Wenn_ein_kleines_altes_Wohnmobil_das_ganze_Leben_auf_den_Kopf_stellt%E2%80%A6\"><\/span>Cuando una vieja caravana pone toda tu vida patas arriba....<span class=\"ez-toc-section-end\"><\/span><\/h2>\n<p style=\"text-align: justify;\">Soy Isa y hasta los 27 a\u00f1os no tuve nada que ver con el camping. Mis padres s\u00ed se iban de vacaciones con nosotros, los ni\u00f1os, dos o incluso tres veces al a\u00f1o, pero siempre fuimos los t\u00edpicos viajeros de paquete.<\/p>\n<p style=\"text-align: justify;\">Mi \u00fanica experiencia como campista, cuando era ni\u00f1o, fue una noche de tienda de campa\u00f1a incre\u00edblemente fr\u00eda, lluviosa y h\u00fameda en el jard\u00edn del Centro de Ocio Juvenil de Dortmund.<\/p>\n<p style=\"text-align: justify;\">Y sin embargo ya estaba<strong> SIEMPRE<\/strong> da, der Traum von einem eigenen kleinen Wohnmobil. Das Bild, wie ich zwischen den D\u00fcnen eines Strandes sitze, neben mir liegt ein gro\u00dfer, wei\u00dfer Hund und im Hintergrund steht ein kleines, altes Wohnmobil mit einer leuchtend roten Markise (ganz wichtig \ud83d\ude42 ) hat sich eingebrannt.<\/p>\n<p style=\"text-align: justify;\">No s\u00e9 por qu\u00e9 tengo esta imagen en la cabeza desde que tengo uso de raz\u00f3n... lo \u00fanico que s\u00e9 es que ha estado ah\u00ed todo el tiempo.\u00a0<span style=\"font-size: 18px;\">Sin embargo, no conoc\u00eda ni a un gran perro blanco, ni mucho menos lo que era estar en la carretera con una autocaravana.<\/span><\/p>\n<p style=\"text-align: justify;\"><span style=\"font-size: 18px;\">Durante mucho tiempo tambi\u00e9n pareci\u00f3 que ese pensamiento se quedar\u00eda en un sue\u00f1o, porque mi realidad era otra... completamente distinta.<\/span><\/p>\n<p style=\"text-align: justify;\"><span style=\"font-size: 18px;\">Durante un campo de entrenamiento en Espa\u00f1a, tuve mi primera hernia discal a los 16 a\u00f1os. Ning\u00fan m\u00e9dico ha podido decir todav\u00eda por qu\u00e9 y si todo lo que sigui\u00f3 estuvo relacionado con el deporte de competici\u00f3n.<\/span><\/p>\n<p style=\"text-align: justify;\">Pero tras el primer incidente, se sucedieron otros 22 en los 6 a\u00f1os siguientes, en los que se mezclaron 12 operaciones. Pero, por desgracia, eso no fue todo. Despu\u00e9s de que se me agarrotara gran parte de la columna vertebral y unos 6 meses despu\u00e9s de mi examen estatal para ser fisioterapeuta, volv\u00ed a caer gravemente enfermo.<\/p>\n<p style=\"text-align: justify;\"><strong>Esta vez, sin embargo, mi espalda no tuvo la culpa.<\/strong><\/p>\n<p style=\"text-align: justify;\">La mala suerte, unida a la idea de que no se me deb\u00eda permitir faltar al trabajo bajo ninguna circunstancia debido a mi periodo de prueba, hizo que finalmente estuviera en \"coma artificial\" durante 13 semanas y que pasara los dos a\u00f1os siguientes sentado en una silla de ruedas la mayor parte del tiempo en una u otra cl\u00ednica de rehabilitaci\u00f3n.<\/p>\n<p style=\"text-align: justify;\">En aquel momento, estaba tan mal que cuatro evaluaciones diferentes llegaron a la conclusi\u00f3n: ni nuevo trabajo, ni reciclaje, ni otros estudios, lo \u00fanico que me quedaba era la readaptaci\u00f3n permanente.<\/p>\n<p style=\"text-align: justify;\">As\u00ed que mi futuro profesional tambi\u00e9n estaba acabado, Bachillerato, estudios, solicitudes... \u00a1todo a la basura!<\/p>\n<p style=\"text-align: justify;\"><strong>Por suerte, ten\u00eda a mi perra Milla y a mi familia.<\/strong><\/p>\n<p style=\"text-align: justify;\">Mi relaci\u00f3n duradera lleg\u00f3 a su fin durante mi estancia en la silla de ruedas, pero mi familia siempre estuvo a mi lado. Mi madre en particular, gracias a permisos especiales y habitaciones de familiares, pasaba parte del d\u00eda y de la noche junto a mi cama y creo que sin mi perro nunca habr\u00eda hecho el esfuerzo de salir de la puerta de mi casa.<\/p>\n<p style=\"text-align: justify;\">\n<p>[\/et_pb_text][\/et_pb_column][\/et_pb_row][et_pb_row _builder_version=&#8220;4.5.1&#8243; _module_preset=&#8220;default&#8220;][et_pb_column type=&#8220;4_4&#8243; _builder_version=&#8220;4.5.1&#8243; _module_preset=&#8220;default&#8220;][et_pb_text _builder_version=&#8220;4.5.1&#8243; _module_preset=&#8220;default&#8220;]<\/p>\n<p style=\"text-align: justify;\"><strong>Unos dos a\u00f1os y medio despu\u00e9s, empec\u00e9 a sentirme mejor.<\/strong><\/p>\n<p style=\"text-align: justify;\">Podr\u00eda volver a andar medio camino y me arm\u00e9 de valor... de alguna manera seguir\u00eda adelante, aunque realmente hay algo m\u00e1s bonito que saber a los 27 a\u00f1os que, como prejubilado, nunca volver\u00e1s a ganar dinero como empleado. Esta sensaci\u00f3n de \"no ser necesario\" en toda tu vida es cualquier cosa menos \"divertida\". Por no mencionar el hecho de que no ten\u00eda dinero para disfrutar de todo ese tiempo libre despu\u00e9s de haber ca\u00eddo.<\/p>\n<p>[\/et_pb_text][\/et_pb_column][\/et_pb_row][et_pb_row column_structure=&#8220;2_3,1_3&#8243; _builder_version=&#8220;4.5.1&#8243; _module_preset=&#8220;default&#8220;][et_pb_column type=&#8220;2_3&#8243; _builder_version=&#8220;4.5.1&#8243; _module_preset=&#8220;default&#8220;][et_pb_text _builder_version=&#8220;4.5.1&#8243; _module_preset=&#8220;default&#8220;]<\/p>\n<p style=\"text-align: justify;\">\n<p style=\"text-align: justify;\">Sin embargo, como ya he dicho, mi salud iba mejorando poco a poco, y a continuaci\u00f3n llegar\u00edan las primeras Navidades sobre dos piernas.<\/p>\n<p style=\"text-align: justify;\">Justo cuando todo parec\u00eda tan bien, tan normal y por fin medio feliz de nuevo, de un momento a otro nada era igual.<\/p>\n<p style=\"text-align: justify;\">Celebramos esta Nochebuena como todos los a\u00f1os en el gran c\u00edrculo de mi familia y parientes.<\/p>\n<p style=\"text-align: justify;\">Todo era precioso, festivo y a la vez taaaan normal.<\/p>\n<p style=\"text-align: justify;\">Hasta que mi madre, de vuelta de casa de nuestros parientes en Nochebuena, dijo de repente que se sent\u00eda mal, se desplom\u00f3 a mi lado en el coche y muri\u00f3 bajo mis manos.\u00a0<\/p>\n<p style=\"text-align: justify;\">\n<p>[\/et_pb_text][\/et_pb_column][et_pb_column type=&#8220;1_3&#8243; _builder_version=&#8220;4.5.1&#8243; _module_preset=&#8220;default&#8220;][et_pb_image src=&#8220;https:\/\/www.planbwagen.de\/wp-content\/uploads\/2021\/06\/IsasWomo-Campingblog-1-683&#215;1024.jpeg&#8220; alt=&#8220;Isas Womo&#8220; title_text=&#8220;IsasWomo Campingblog 1&#8243; _builder_version=&#8220;4.5.1&#8243; _module_preset=&#8220;default&#8220;][\/et_pb_image][\/et_pb_column][\/et_pb_row][et_pb_row _builder_version=&#8220;4.5.1&#8243; _module_preset=&#8220;default&#8220;][et_pb_column type=&#8220;4_4&#8243; _builder_version=&#8220;4.5.1&#8243; _module_preset=&#8220;default&#8220;][et_pb_text _builder_version=&#8220;4.5.1&#8243; _module_preset=&#8220;default&#8220;]<\/p>\n<p><span style=\"font-size: 18px;\">La causa fue la rotura de un vaso sangu\u00edneo. En noviembre fue al m\u00e9dico para una revisi\u00f3n... \u00a1todo estaba bien! Hay cosas que nunca se entender\u00e1n.<\/span><\/p>\n<p><span style=\"font-size: 18px;\">Mi madre siempre dec\u00eda: cuando me jubile, quiero viajar, quiero volver a estudiar en la \"Senioren Uni\", hacer un curso de acuarela... luego quiero esto, luego quiero aquello.<\/span><\/p>\n<p>[\/et_pb_text][\/et_pb_column][\/et_pb_row][et_pb_row _builder_version=&#8220;4.5.1&#8243; _module_preset=&#8220;default&#8220;][et_pb_column type=&#8220;4_4&#8243; _builder_version=&#8220;4.5.1&#8243; _module_preset=&#8220;default&#8220;][et_pb_text _builder_version=&#8220;4.5.1&#8243; _module_preset=&#8220;default&#8220;]<\/p>\n<p style=\"text-align: justify;\"><strong>Demasiado tarde.<\/strong><\/p>\n<p style=\"text-align: justify;\">Todo lo que ha pasado en estos a\u00f1os me ha llevado a decir que tengo que cambiar mi vida, no puede seguir as\u00ed y ahora mi salud es razonablemente buena... si no es ahora, \u00bfcu\u00e1ndo?<\/p>\n<p style=\"text-align: justify;\">As\u00ed que el sue\u00f1o de la peque\u00f1a y vieja furgoneta camper volvi\u00f3 a m\u00ed.<\/p>\n<p style=\"text-align: justify;\">Un a\u00f1o y un centenar de veh\u00edculos usados despu\u00e9s, pude emprender mi primer viaje en autocaravana.<\/p>\n<p style=\"text-align: justify;\">3 Tage M\u00f6hnesee, keine 100 Kilometer von zuhause entfernt und gespickt mit 327 Anf\u00e4ngerfehlern, aber f\u00fcr mich war es der Start zu einem ganz gro\u00dfen Abenteuer. \ud83d\ude42<\/p>\n<p style=\"text-align: justify;\">Por supuesto, toda mi familia estaba mucho menos convencida que yo de mis planes de viaje, estaban todos muy preocupados, la \"ni\u00f1a enferma no puede viajar sola\".<\/p>\n<p style=\"text-align: justify;\"><strong>Hmmmm... \u00a1s\u00ed!<\/strong><\/p>\n<p style=\"text-align: justify;\">Adem\u00e1s, hace unos 7-8 a\u00f1os apenas hab\u00eda informaci\u00f3n en alem\u00e1n en la red sobre viajar sola en autocaravana. Hab\u00eda mucha sobre el tema de mochileros, etc., pero \"acampar\" sola con una autocaravana siendo mujer... \u00a1no hab\u00eda nada!<\/p>\n<p style=\"text-align: justify;\">As\u00ed que en alg\u00fan momento una cosa llev\u00f3 a la otra...<\/p>\n<p style=\"text-align: justify;\">Aunque entend\u00eda todas sus preocupaciones, las llamadas diarias a familiares y amigos me pon\u00edan de los nervios. A veces mi m\u00f3vil sonaba durante 3-4 horas sin interrupci\u00f3n porque todos quer\u00edan saber si estaba bien.<\/p>\n<p style=\"text-align: justify;\">Adem\u00e1s, como ya he dicho, no hab\u00eda informaci\u00f3n de otros campistas en solitario en la red, as\u00ed que mat\u00e9 dos p\u00e1jaros de un tiro abriendo mi propio blog.<\/p>\n<p style=\"text-align: justify;\">Amigos y familiares pod\u00edan seguir regularmente que me iba bien y otras personas con el mismo sue\u00f1o pod\u00edan informarse.<\/p>\n<p style=\"text-align: justify;\">Al principio, empec\u00e9 a bloguear a trav\u00e9s de un portal muy sencillo y gratuito, pero dej\u00f3 de funcionar al cabo de un a\u00f1o.<\/p>\n<p style=\"text-align: justify;\">Ten\u00eda claro que no escribir\u00eda m\u00e1s. Al cabo de un a\u00f1o, las mayores preocupaciones de la familia y los amigos se hab\u00edan desvanecido.<\/p>\n<p style=\"text-align: justify;\">Oben auf war es so, dass mir meine Schulzeit nicht unbedingt viel Freude am Schreiben gelassen hat. Laut meines Deutschlehrers bin ich wahnsinnig phantasielos, meine Ausdrucksweise ist mal gerade so ausreichend und ok, dass meine Rechtschreibung Z\u00fcge von Legasthenie zeigt, ist wahrscheinlich wirklich wahr.\u00a0 Nicht gerade die beste Grundlage f\u00fcr einen eigenen Blog! \ud83d\ude42<\/p>\n<p style=\"text-align: justify;\">Pero entonces empec\u00e9 a recibir m\u00e1s y m\u00e1s mensajes de completos desconocidos que quer\u00edan saber c\u00f3mo pod\u00edan seguir sigui\u00e9ndome. En alg\u00fan momento le cont\u00e9 estos mensajes a un buen amigo, que me pregunt\u00f3 como un tiro: \"\u00bfY por qu\u00e9 no lo haces de la manera correcta? Tienes tiempo y nada que perder, \u00bfno?\".<\/p>\n<p style=\"text-align: justify;\">Pero yo sab\u00eda<strong> NADA DE NADA <\/strong>sobre la gesti\u00f3n de su propia p\u00e1gina web, pero tampoco ten\u00edan ni de lejos el dinero para contratar a una agencia cara.<\/p>\n<p style=\"text-align: justify;\">As\u00ed que durante las siguientes semanas y meses me pas\u00e9 casi d\u00eda y noche en la red buscando toda la informaci\u00f3n que necesitaba para empezar mi propio blog.<\/p>\n<p>[\/et_pb_text][\/et_pb_column][\/et_pb_row][et_pb_row _builder_version=&#8220;4.5.1&#8243; _module_preset=&#8220;default&#8220;][et_pb_column type=&#8220;4_4&#8243; _builder_version=&#8220;4.5.1&#8243; _module_preset=&#8220;default&#8220;][et_pb_text _builder_version=&#8220;4.5.1&#8243; _module_preset=&#8220;default&#8220;]<\/p>\n<p style=\"text-align: justify;\"><strong>Cuatro meses m\u00e1s tarde, \u00a1se lanz\u00f3 IsasWomo!<\/strong><\/p>\n<p style=\"text-align: justify;\">Lo que sigui\u00f3 fue una mezcla de trabajo duro y suerte.<\/p>\n<p>[\/et_pb_text][\/et_pb_column][\/et_pb_row][et_pb_row column_structure=&#8220;1_4,3_4&#8243; _builder_version=&#8220;4.5.1&#8243; _module_preset=&#8220;default&#8220;][et_pb_column type=&#8220;1_4&#8243; _builder_version=&#8220;4.5.1&#8243; _module_preset=&#8220;default&#8220;][et_pb_code _builder_version=&#8220;4.5.1&#8243; _module_preset=&#8220;default&#8220;]<iframe style=\"width:120px;height:240px;\" marginwidth=\"0\" marginheight=\"0\" scrolling=\"no\" frameborder=\"0\" src=\"\/\/ws-eu.amazon-adsystem.com\/widgets\/q?ServiceVersion=20070822&#038;OneJS=1&#038;Operation=GetAdHtml&#038;MarketPlace=DE&#038;source=ss&#038;ref=as_ss_li_til&#038;ad_type=product_link&#038;tracking_id=gluecksmuskel-21&#038;language=de_DE&#038;marketplace=amazon&#038;region=DE&#038;placement=3744874141&#038;asins=3744874141&#038;linkId=0d0ff52f745151dff275c876f4f6c5d7&#038;show_border=true&#038;link_opens_in_new_window=true\"><\/iframe>[\/et_pb_code][\/et_pb_column][et_pb_column type=&#8220;3_4&#8243; _builder_version=&#8220;4.5.1&#8243; _module_preset=&#8220;default&#8220;][et_pb_text _builder_version=&#8220;4.5.1&#8243; _module_preset=&#8220;default&#8220;]<\/p>\n<p style=\"text-align: justify;\">Voy a ser sincero y decir que desde que existe IsasWomo, no ha habido un solo d\u00eda que no haya pasado en la red de alguna manera \"profesional\". Seg\u00fan mi horario semanal de trabajo en la red, paso una media de 9,5 horas al d\u00eda conectado. Pero eso incluye, por ejemplo, escribir correos electr\u00f3nicos o tiempo en una plataforma social. Sin embargo... es un tiempo medio para todos los d\u00edas de la semana, incluidos todos los festivos, s\u00e1bados, domingos o, o.<\/p>\n<p>[\/et_pb_text][\/et_pb_column][\/et_pb_row][et_pb_row _builder_version=&#8220;4.5.1&#8243; _module_preset=&#8220;default&#8220;][et_pb_column type=&#8220;4_4&#8243; _builder_version=&#8220;4.5.1&#8243; _module_preset=&#8220;default&#8220;][et_pb_text _builder_version=&#8220;4.5.1&#8243; _module_preset=&#8220;default&#8220;]<\/p>\n<p style=\"text-align: justify;\">\n<p style=\"text-align: justify;\">\u00bfPor qu\u00e9 escribo esto con tanta precisi\u00f3n? No se trata de demostrar lo \"trabajador\" que soy... tonter\u00edas, \u00a1soy aut\u00f3nomo y tengo que ocuparme yo solo de que el trabajo funcione! S\u00f3lo quiero demostrar que es posible ganar dinero como \"bloguero de camping\" o \"escritor de camping\"... pero eso no funciona con un poco de \"bloguero aficionado\" al margen.<\/p>\n<p style=\"text-align: justify;\">Aparte de eso, \u00a1tuve suerte!<\/p>\n<p style=\"text-align: justify;\">Con el tema de los viajes en solitario, atend\u00ed a un sector casi vac\u00edo desde el principio y que r\u00e1pidamente atrajo a un n\u00famero de lectores relativamente bueno. Al cabo de pocos meses recib\u00ed las primeras solicitudes de colaboraci\u00f3n y, al cabo de un a\u00f1o y medio, pude crear mi propia empresa como \"bloguero de camping\".<\/p>\n<p>[\/et_pb_text][\/et_pb_column][\/et_pb_row][et_pb_row _builder_version=&#8220;4.5.1&#8243; _module_preset=&#8220;default&#8220; min_height=&#8220;168px&#8220;][et_pb_column type=&#8220;4_4&#8243; _builder_version=&#8220;4.5.1&#8243; _module_preset=&#8220;default&#8220;][et_pb_text _builder_version=&#8220;4.5.1&#8243; _module_preset=&#8220;default&#8220;]<\/p>\n<p style=\"text-align: justify;\"><strong>Mientras tanto, trabajo por cuenta propia desde hace casi 4 a\u00f1os.<\/strong><\/p>\n<p style=\"text-align: justify;\">Escribo para mi blog, hago podcasts, pero tambi\u00e9n escribo mucho para diarios, revistas y otros sitios o ayudo a empresas con sus perfiles en las redes sociales.<\/p>\n<p style=\"text-align: justify;\">\u00a1\u00a1\u00a1\u00a1Cuando pienso en todo lo que ha pasado en los \u00faltimos 10 a\u00f1os, todo es PURA INSANIDAD!!!!<\/p>\n<p>[\/et_pb_text][\/et_pb_column][\/et_pb_row][et_pb_row column_structure=&#8220;3_4,1_4&#8243; _builder_version=&#8220;4.5.1&#8243; _module_preset=&#8220;default&#8220; min_height=&#8220;291px&#8220;][et_pb_column type=&#8220;3_4&#8243; _builder_version=&#8220;4.5.1&#8243; _module_preset=&#8220;default&#8220;][et_pb_text _builder_version=&#8220;4.5.1&#8243; _module_preset=&#8220;default&#8220; min_height=&#8220;213px&#8220;]<\/p>\n<p style=\"text-align: justify;\">\n<p style=\"text-align: justify;\">No pod\u00eda escribir una tarjeta con felicitaciones navide\u00f1as sin sentir verg\u00fcenza, ni mucho menos sab\u00eda nada sobre c\u00f3mo conseguir un buen posicionamiento en Google o hab\u00eda veces que ni siquiera pod\u00eda levantarme de la cama y subirme a la silla de ruedas sin ayuda.<\/p>\n<p style=\"text-align: justify;\">Durch das kleine Reisemobil hat sich mein Leben um 180 Grad gewendet, mittlerweile\u00a0 bin ich Mitautorin des Buches &#8222;Wie hast Du das geschafft&#8220;\u00a0 und habe sogar mein eigenes Buch mit &#8222;500 Camping Hacks&#8220;\u00a0 ver\u00f6ffentlicht\u2026 das Leben ist absolut verr\u00fcckt!<\/p>\n<p>[\/et_pb_text][\/et_pb_column][et_pb_column type=&#8220;1_4&#8243; _builder_version=&#8220;4.5.1&#8243; _module_preset=&#8220;default&#8220;][et_pb_code _builder_version=&#8220;4.5.1&#8243; _module_preset=&#8220;default&#8220;]<iframe style=\"width:120px;height:240px;\" marginwidth=\"0\" marginheight=\"0\" scrolling=\"no\" frameborder=\"0\" src=\"\/\/ws-eu.amazon-adsystem.com\/widgets\/q?ServiceVersion=20070822&#038;OneJS=1&#038;Operation=GetAdHtml&#038;MarketPlace=DE&#038;source=ss&#038;ref=as_ss_li_til&#038;ad_type=product_link&#038;tracking_id=gluecksmuskel-21&#038;language=de_DE&#038;marketplace=amazon&#038;region=DE&#038;placement=3734312787&#038;asins=3734312787&#038;linkId=e5850e2c2503333ddb0d6ca1efbefd42&#038;show_border=true&#038;link_opens_in_new_window=true\"><\/iframe>[\/et_pb_code][\/et_pb_column][\/et_pb_row][et_pb_row _builder_version=&#8220;4.5.1&#8243; _module_preset=&#8220;default&#8220;][et_pb_column type=&#8220;4_4&#8243; _builder_version=&#8220;4.5.1&#8243; _module_preset=&#8220;default&#8220;][et_pb_text _builder_version=&#8220;4.5.1&#8243; _module_preset=&#8220;default&#8220;]<\/p>\n<p style=\"text-align: justify;\"><strong>\u00bfPor qu\u00e9 te escribo todo esto?<\/strong><\/p>\n<p style=\"text-align: justify;\">Espero que mi \"viaje\" les demuestre a todos que, en los tiempos que corren, \u00a1todo es posible! Incluso la compra de una peque\u00f1a y vieja autocaravana puede conducir a un futuro profesional totalmente nuevo.<\/p>\n<p style=\"text-align: justify;\">Wie lange das alles so funktioniert\u2026 wer wei\u00df das schon? Aktuell geht es mir dank der Medikamente weitestgehend gut, ich genie\u00dfe jeden Tag den ich \u201eon Tour&#8220; gehen kann, ich freue mich \u00fcber jeden neuen Auftrag und auch wenn es vielleicht total unsympathisch klingt, aber ich bin echt stolz, dass mein Leben aktuell ist, wie es ist! (Abgesehen von Corona!!!)<\/p>\n<p style=\"text-align: justify;\">Ah, y como escrib\u00ed tan poco sobre el camping en s\u00ed... \u00a1Suecia!<\/p>\n<p style=\"text-align: justify;\">Hace alg\u00fan tiempo pas\u00e9 un verano entero, o casi 5 meses, en Suecia, \u00a1y fue una \u00e9poca de ensue\u00f1o!<\/p>\n<p style=\"text-align: justify;\">El norte me pareci\u00f3 a\u00fan m\u00e1s bonito que el sur, porque en el norte Suecia sigue siendo como siempre la hab\u00eda imaginado. Pueblos como Michel de L\u00f6nneberg y lagos enormes que mi perrita y yo ten\u00edamos para nosotros solos.<\/p>\n<p style=\"text-align: justify;\">Si le apetece conocer consejos para acampar, recorridos elaborados, grandes direcciones y echar un vistazo entre bastidores al sector, le invitamos, por supuesto, a echar un vistazo a IsasWomo o a IsasWomo en las redes sociales.<\/p>\n<p style=\"text-align: justify;\">As\u00ed que... no te desanimes y vive tu pasi\u00f3n ahora... \u00a1no despu\u00e9s! Ya ver\u00e1s, a veces un poco de pasi\u00f3n hace aflorar toda una serie de grandes talentos.<\/p>\n<p style=\"text-align: justify;\">Todos conocemos el ayer, todos sentimos el ahora... pero nadie....\u00a1nadie, nadie, nadie en este gran mundo conoce el ma\u00f1ana!<\/p>\n<p style=\"text-align: justify;\">In diesem Sinne\u2026 bleibt gesund \ud83d\ude09<\/p>\n<p style=\"text-align: justify;\">Tu Isa<\/p>\n<p style=\"text-align: justify;\">\n<p style=\"text-align: justify;\">\n<p style=\"text-align: justify;\">Isa escribe que tuvo suerte. \u00bfC\u00f3mo lo ve usted? En cualquier caso, se a\u00f1ade otro punto a mi definici\u00f3n de felicidad. La suerte es levantarse una y otra vez. Sobre todo donde otros permanecen sentados. \u00a1Gracias Isa!<\/p>\n<p style=\"text-align: justify;\">\n<p>[\/et_pb_text][\/et_pb_column][\/et_pb_row][et_pb_row _builder_version=&#8220;4.5.1&#8243; _module_preset=&#8220;default&#8220;][et_pb_column type=&#8220;4_4&#8243; _builder_version=&#8220;4.5.1&#8243; _module_preset=&#8220;default&#8220;][et_pb_image src=&#8220;https:\/\/www.planbwagen.de\/wp-content\/uploads\/2021\/06\/Isa-arbeit-Womo-klein-1024&#215;683.jpeg&#8220; alt=&#8220;Isabel Speckmann&#8220; title_text=&#8220;Isa arbeit Womo klein&#8220; _builder_version=&#8220;4.5.1&#8243; _module_preset=&#8220;default&#8220;][\/et_pb_image][\/et_pb_column][\/et_pb_row][\/et_pb_section]<\/p>","protected":false},"excerpt":{"rendered":"<p>[et_pb_section fb_built=&#8220;1&#8243; _builder_version=&#8220;4.5.1&#8243; _module_preset=&#8220;default&#8220;][et_pb_row _builder_version=&#8220;4.5.1&#8243; _module_preset=&#8220;default&#8220; custom_margin=&#8220;|auto|-28px|auto||&#8220;][et_pb_column type=&#8220;4_4&#8243; _builder_version=&#8220;4.5.1&#8243; _module_preset=&#8220;default&#8220;][et_pb_text admin_label=&#8220;Text&#8220; _builder_version=&#8220;4.5.1&#8243; _module_preset=&#8220;default&#8220;] Gl\u00fcck ist keine Gl\u00fcckssache Oder doch? Wer unseren Blog verfolgt, wei\u00df, dass mir das Thema Gl\u00fcck besonders am Herzen liegt. Ich glaube fest daran, dass man mit der richtigen Einstellung, einem positiven Blick auf die Dinge dem Gl\u00fcck einen Schubs geben kann. [&hellip;]<\/p>","protected":false},"author":1,"featured_media":13111,"comment_status":"open","ping_status":"open","sticky":false,"template":"","format":"standard","meta":{"_et_pb_use_builder":"on","_et_pb_old_content":"","_et_gb_content_width":"","footnotes":""},"categories":[18,15],"tags":[],"class_list":["post-13105","post","type-post","status-publish","format-standard","has-post-thumbnail","hentry","category-butch-friends","category-glueckstraining"],"_links":{"self":[{"href":"https:\/\/www.planbwagen.de\/es\/wp-json\/wp\/v2\/posts\/13105","targetHints":{"allow":["GET"]}}],"collection":[{"href":"https:\/\/www.planbwagen.de\/es\/wp-json\/wp\/v2\/posts"}],"about":[{"href":"https:\/\/www.planbwagen.de\/es\/wp-json\/wp\/v2\/types\/post"}],"author":[{"embeddable":true,"href":"https:\/\/www.planbwagen.de\/es\/wp-json\/wp\/v2\/users\/1"}],"replies":[{"embeddable":true,"href":"https:\/\/www.planbwagen.de\/es\/wp-json\/wp\/v2\/comments?post=13105"}],"version-history":[{"count":26,"href":"https:\/\/www.planbwagen.de\/es\/wp-json\/wp\/v2\/posts\/13105\/revisions"}],"predecessor-version":[{"id":13169,"href":"https:\/\/www.planbwagen.de\/es\/wp-json\/wp\/v2\/posts\/13105\/revisions\/13169"}],"wp:featuredmedia":[{"embeddable":true,"href":"https:\/\/www.planbwagen.de\/es\/wp-json\/wp\/v2\/media\/13111"}],"wp:attachment":[{"href":"https:\/\/www.planbwagen.de\/es\/wp-json\/wp\/v2\/media?parent=13105"}],"wp:term":[{"taxonomy":"category","embeddable":true,"href":"https:\/\/www.planbwagen.de\/es\/wp-json\/wp\/v2\/categories?post=13105"},{"taxonomy":"post_tag","embeddable":true,"href":"https:\/\/www.planbwagen.de\/es\/wp-json\/wp\/v2\/tags?post=13105"}],"curies":[{"name":"wp","href":"https:\/\/api.w.org\/{rel}","templated":true}]}}