{"id":1299,"date":"2019-12-14T19:22:05","date_gmt":"2019-12-14T19:22:05","guid":{"rendered":""},"modified":"2020-09-15T09:00:53","modified_gmt":"2020-09-15T09:00:53","slug":"tag-no-101-olhao-miele-miele-sprach-die-tante","status":"publish","type":"post","link":"https:\/\/www.planbwagen.de\/es\/portugal\/dia-no-101-olhao-miele-miele-hablo-la-tia\/","title":{"rendered":"D\u00eda n.\u00ba 101 - Olh\u00e3o - Miele Miele habl\u00f3 la t\u00eda..."},"content":{"rendered":"<p>[et_pb_section fb_built=&#8220;1&#8243; _builder_version=&#8220;3.22&#8243;][et_pb_row _builder_version=&#8220;4.5.1&#8243; _module_preset=&#8220;default&#8220;][et_pb_column _builder_version=&#8220;4.5.1&#8243; _module_preset=&#8220;default&#8220; type=&#8220;4_4&#8243;][et_pb_text _builder_version=&#8220;4.5.1&#8243; _module_preset=&#8220;default&#8220; hover_enabled=&#8220;0&#8243;]<\/p>\n<p><strong><span style=\"font-size: 18px;\">...que conoc\u00eda las lavadoras.<\/span><\/strong><\/p>\n<p>[\/et_pb_text][\/et_pb_column][\/et_pb_row][et_pb_row _builder_version=&#8220;4.5.1&#8243; _module_preset=&#8220;default&#8220; column_structure=&#8220;1_3,1_3,1_3&#8243;][et_pb_column _builder_version=&#8220;4.5.1&#8243; _module_preset=&#8220;default&#8220; type=&#8220;1_3&#8243;][et_pb_image src=&#8220;https:\/\/www.planbwagen.de\/wp-content\/uploads\/2020\/09\/1-1.jpg&#8220; _builder_version=&#8220;4.5.1&#8243; _module_preset=&#8220;default&#8220; title_text=&#8220;1&#8243; hover_enabled=&#8220;0&#8243;][\/et_pb_image][\/et_pb_column][et_pb_column _builder_version=&#8220;4.5.1&#8243; _module_preset=&#8220;default&#8220; type=&#8220;1_3&#8243;][et_pb_image src=&#8220;https:\/\/www.planbwagen.de\/wp-content\/uploads\/2020\/09\/2-1.jpg&#8220; _builder_version=&#8220;4.5.1&#8243; _module_preset=&#8220;default&#8220; title_text=&#8220;2&#8243; hover_enabled=&#8220;0&#8243;][\/et_pb_image][\/et_pb_column][et_pb_column _builder_version=&#8220;4.5.1&#8243; _module_preset=&#8220;default&#8220; type=&#8220;1_3&#8243;][et_pb_image src=&#8220;https:\/\/www.planbwagen.de\/wp-content\/uploads\/2020\/09\/3.png&#8220; _builder_version=&#8220;4.5.1&#8243; _module_preset=&#8220;default&#8220; title_text=&#8220;3&#8243; hover_enabled=&#8220;0&#8243;][\/et_pb_image][\/et_pb_column][\/et_pb_row][et_pb_row _builder_version=&#8220;4.5.1&#8243; _module_preset=&#8220;default&#8220;][et_pb_column _builder_version=&#8220;4.5.1&#8243; _module_preset=&#8220;default&#8220; type=&#8220;4_4&#8243;][et_pb_text _builder_version=&#8220;4.5.1&#8243; _module_preset=&#8220;default&#8220; hover_enabled=&#8220;0&#8243;]<\/p>\n<p>El d\u00eda de hoy comienza con una gran limpieza. Despu\u00e9s de desayunar, llenamos las bolsas y el dep\u00f3sito de agua, aspiramos, aclaramos y limpiamos el interior. - No podemos ni queremos estar a la altura del brillo de alguna que otra autocaravana de los alrededores. Algunos botes de yogur parecen salidos ayer de la tienda. Aqu\u00ed todo sigue bien. Casi como en los viejos tiempos, cuando pap\u00e1 se quedaba en la carretera el s\u00e1bado a mediod\u00eda, despu\u00e9s de la gran compra, esponja en mano. Primero lavaba el coche, luego le sacaba brillo. En la radio del coche sonaba Liga Live. Mam\u00e1 agitaba la aspiradora mientras tanto.<\/p>\n<p>Pero hoy tambi\u00e9n queremos lavar la ropa sucia. Hoy parece que tenemos suerte, porque enseguida hay dos lavadoras libres. Tenemos mucha ropa sucia. As\u00ed que primero lavamos y secamos.<\/p>\n<p>En Portugal, todav\u00eda parece ser costumbre lavar la ropa en un lugar c\u00e9ntrico. Mientras que en Alemania hay una lavadora en casi todos los hogares, aqu\u00ed todav\u00eda se encuentran muchos lavaderos p\u00fablicos. A menudo vemos a madres y madres lavando la ropa una al lado de la otra. Una y otra vez nos topamos con lavabos de porcelana con la forma de las antiguas tablas de lavar. As\u00ed que no es de extra\u00f1ar que la lavander\u00eda haya sustituido a este lugar de comunicaci\u00f3n. Incluso hoy, una anciana maneja la m\u00e1quina. Miele dec\u00eda la t\u00eda, nos acordamos de este eslogan publicitario cuando la vemos. - Es bien sabido que uno se encoge con la edad. Pero sin duda tendr\u00edamos que llegar a ser muy, muy viejos para poder ponernos al d\u00eda aqu\u00ed.<\/p>\n<p>[\/et_pb_text][\/et_pb_column][\/et_pb_row][et_pb_row _builder_version=&#8220;4.5.1&#8243; _module_preset=&#8220;default&#8220; column_structure=&#8220;1_3,1_3,1_3&#8243;][et_pb_column _builder_version=&#8220;4.5.1&#8243; _module_preset=&#8220;default&#8220; type=&#8220;1_3&#8243;][et_pb_image src=&#8220;https:\/\/www.planbwagen.de\/wp-content\/uploads\/2020\/09\/4-1.jpg&#8220; _builder_version=&#8220;4.5.1&#8243; _module_preset=&#8220;default&#8220; title_text=&#8220;4&#8243; hover_enabled=&#8220;0&#8243;][\/et_pb_image][\/et_pb_column][et_pb_column _builder_version=&#8220;4.5.1&#8243; _module_preset=&#8220;default&#8220; type=&#8220;1_3&#8243;][et_pb_image src=&#8220;https:\/\/www.planbwagen.de\/wp-content\/uploads\/2020\/09\/5.jpg&#8220; _builder_version=&#8220;4.5.1&#8243; _module_preset=&#8220;default&#8220; title_text=&#8220;5&#8243; hover_enabled=&#8220;0&#8243;][\/et_pb_image][\/et_pb_column][et_pb_column _builder_version=&#8220;4.5.1&#8243; _module_preset=&#8220;default&#8220; type=&#8220;1_3&#8243;][et_pb_image src=&#8220;https:\/\/www.planbwagen.de\/wp-content\/uploads\/2020\/09\/6.jpg&#8220; _builder_version=&#8220;4.5.1&#8243; _module_preset=&#8220;default&#8220; title_text=&#8220;6&#8243; hover_enabled=&#8220;0&#8243;][\/et_pb_image][\/et_pb_column][\/et_pb_row][et_pb_row _builder_version=&#8220;4.5.1&#8243; _module_preset=&#8220;default&#8220;][et_pb_column _builder_version=&#8220;4.5.1&#8243; _module_preset=&#8220;default&#8220; type=&#8220;4_4&#8243;][et_pb_text _builder_version=&#8220;4.5.1&#8243; _module_preset=&#8220;default&#8220; hover_enabled=&#8220;0&#8243;]<\/p>\n<p>Despu\u00e9s de los quehaceres, nos dedicamos a ver un poco de arte callejero. Como debe ser, \u00e9ste se encuentra principalmente en las zonas algo m\u00e1s oscuras. No me gustar\u00eda aparcar aqu\u00ed a H\u00e9ctor durante la noche. Da igual d\u00f3nde nos pongamos, enseguida nos sondean y nos miran. No obstante, creemos que nuestra cacer\u00eda mereci\u00f3 la pena. Siempre es emocionante ver lo que hay por descubrir.<\/p>\n<p>[\/et_pb_text][\/et_pb_column][\/et_pb_row][et_pb_row _builder_version=&#8220;4.5.1&#8243; _module_preset=&#8220;default&#8220; column_structure=&#8220;1_3,1_3,1_3&#8243;][et_pb_column _builder_version=&#8220;4.5.1&#8243; _module_preset=&#8220;default&#8220; type=&#8220;1_3&#8243;][et_pb_image src=&#8220;https:\/\/www.planbwagen.de\/wp-content\/uploads\/2020\/09\/7.jpg&#8220; _builder_version=&#8220;4.5.1&#8243; _module_preset=&#8220;default&#8220; title_text=&#8220;7&#8243; hover_enabled=&#8220;0&#8243;][\/et_pb_image][\/et_pb_column][et_pb_column _builder_version=&#8220;4.5.1&#8243; _module_preset=&#8220;default&#8220; type=&#8220;1_3&#8243;][et_pb_image src=&#8220;https:\/\/www.planbwagen.de\/wp-content\/uploads\/2020\/09\/8.jpg&#8220; _builder_version=&#8220;4.5.1&#8243; _module_preset=&#8220;default&#8220; title_text=&#8220;8&#8243; hover_enabled=&#8220;0&#8243;][\/et_pb_image][\/et_pb_column][et_pb_column _builder_version=&#8220;4.5.1&#8243; _module_preset=&#8220;default&#8220; type=&#8220;1_3&#8243;][et_pb_image src=&#8220;https:\/\/www.planbwagen.de\/wp-content\/uploads\/2020\/09\/9.jpg&#8220; _builder_version=&#8220;4.5.1&#8243; _module_preset=&#8220;default&#8220; title_text=&#8220;9&#8243; hover_enabled=&#8220;0&#8243;][\/et_pb_image][\/et_pb_column][\/et_pb_row][et_pb_row _builder_version=&#8220;4.5.1&#8243; _module_preset=&#8220;default&#8220;][et_pb_column _builder_version=&#8220;4.5.1&#8243; _module_preset=&#8220;default&#8220; type=&#8220;4_4&#8243;][et_pb_text _builder_version=&#8220;4.5.1&#8243; _module_preset=&#8220;default&#8220; hover_enabled=&#8220;0&#8243;]<\/p>\n<p>Como se nos est\u00e1n acabando las provisiones, buscamos despu\u00e9s un supermercado. Esta vez probamos primero en un Pingo Doce. Al mismo tiempo que nosotros, una horda de gitanos, perd\u00f3n viajeros, asalta la tienda. Me gustar\u00eda saber qui\u00e9n no habr\u00eda tenido reservas en ese momento. Me doy cuenta de que a\u00fan no puedo librarme de ellos. Me siento culpable hasta el momento en que veo a Torgit sujetando protectoramente su bolso.<\/p>\n<p>Auf dem Parkplatz spricht uns noch ein \u00e4lterer Herr an. Er m\u00f6chte nur ein freundliches &#8222;K\u00f6lle Alaaf&#8220; loswerden. Am Ende des Gespr\u00e4ches, haben wir eine lange Liste mit Tipps, was wir uns noch alles in der Algarve und im Hinterland anschauen sollen. &#8211; Und ich hab immer gedacht Koblenzer w\u00e4hren mundfaul.<\/p>\n<p>Salimos de nuevo en direcci\u00f3n a Praia de Loul\u00e9 Velho. Aqu\u00ed queremos recuperar mis gafas. Cuando llegamos, acabamos de ver la puesta de sol. Despu\u00e9s nos sentamos un rato junto al fuego. Como estuvimos aqu\u00ed hace s\u00f3lo unos d\u00edas, es casi como volver a casa.<\/p>\n<p>[\/et_pb_text][\/et_pb_column][\/et_pb_row][et_pb_row _builder_version=&#8220;4.5.1&#8243; _module_preset=&#8220;default&#8220; column_structure=&#8220;1_2,1_2&#8243;][et_pb_column _builder_version=&#8220;4.5.1&#8243; _module_preset=&#8220;default&#8220; type=&#8220;1_2&#8243;][et_pb_image src=&#8220;https:\/\/www.planbwagen.de\/wp-content\/uploads\/2020\/09\/10.jpg&#8220; _builder_version=&#8220;4.5.1&#8243; _module_preset=&#8220;default&#8220; title_text=&#8220;10&#8243; hover_enabled=&#8220;0&#8243;][\/et_pb_image][\/et_pb_column][et_pb_column _builder_version=&#8220;4.5.1&#8243; _module_preset=&#8220;default&#8220; type=&#8220;1_2&#8243;][et_pb_image src=&#8220;https:\/\/www.planbwagen.de\/wp-content\/uploads\/2020\/09\/11-1.jpg&#8220; _builder_version=&#8220;4.5.1&#8243; _module_preset=&#8220;default&#8220; title_text=&#8220;11&#8243; hover_enabled=&#8220;0&#8243;][\/et_pb_image][\/et_pb_column][\/et_pb_row][\/et_pb_section]<\/p>","protected":false},"excerpt":{"rendered":"<p>[et_pb_section fb_built=&#8220;1&#8243; _builder_version=&#8220;3.22&#8243;][et_pb_row _builder_version=&#8220;4.5.1&#8243; _module_preset=&#8220;default&#8220;][et_pb_column _builder_version=&#8220;4.5.1&#8243; _module_preset=&#8220;default&#8220; type=&#8220;4_4&#8243;][et_pb_text _builder_version=&#8220;4.5.1&#8243; _module_preset=&#8220;default&#8220; hover_enabled=&#8220;0&#8243;] &#8230;die die Waschmaschinen kannte. [\/et_pb_text][\/et_pb_column][\/et_pb_row][et_pb_row _builder_version=&#8220;4.5.1&#8243; _module_preset=&#8220;default&#8220; column_structure=&#8220;1_3,1_3,1_3&#8243;][et_pb_column _builder_version=&#8220;4.5.1&#8243; _module_preset=&#8220;default&#8220; type=&#8220;1_3&#8243;][et_pb_image src=&#8220;https:\/\/www.planbwagen.de\/wp-content\/uploads\/2020\/09\/1-1.jpg&#8220; _builder_version=&#8220;4.5.1&#8243; _module_preset=&#8220;default&#8220; title_text=&#8220;1&#8243; hover_enabled=&#8220;0&#8243;][\/et_pb_image][\/et_pb_column][et_pb_column _builder_version=&#8220;4.5.1&#8243; _module_preset=&#8220;default&#8220; type=&#8220;1_3&#8243;][et_pb_image src=&#8220;https:\/\/www.planbwagen.de\/wp-content\/uploads\/2020\/09\/2-1.jpg&#8220; _builder_version=&#8220;4.5.1&#8243; _module_preset=&#8220;default&#8220; title_text=&#8220;2&#8243; hover_enabled=&#8220;0&#8243;][\/et_pb_image][\/et_pb_column][et_pb_column _builder_version=&#8220;4.5.1&#8243; _module_preset=&#8220;default&#8220; type=&#8220;1_3&#8243;][et_pb_image src=&#8220;https:\/\/www.planbwagen.de\/wp-content\/uploads\/2020\/09\/3.png&#8220; _builder_version=&#8220;4.5.1&#8243; _module_preset=&#8220;default&#8220; title_text=&#8220;3&#8243; hover_enabled=&#8220;0&#8243;][\/et_pb_image][\/et_pb_column][\/et_pb_row][et_pb_row _builder_version=&#8220;4.5.1&#8243; _module_preset=&#8220;default&#8220;][et_pb_column _builder_version=&#8220;4.5.1&#8243; _module_preset=&#8220;default&#8220; type=&#8220;4_4&#8243;][et_pb_text _builder_version=&#8220;4.5.1&#8243; _module_preset=&#8220;default&#8220; hover_enabled=&#8220;0&#8243;] Der heutige Tag beginnt [&hellip;]<\/p>","protected":false},"author":1,"featured_media":3890,"comment_status":"open","ping_status":"open","sticky":false,"template":"","format":"standard","meta":{"_et_pb_use_builder":"on","_et_pb_old_content":"<p>\u00a0<\/p><div id=\"content_start\">\u00a0<\/div><article class=\"j-blog\"><div class=\"n j-blog-meta j-blog-post--header\"><div class=\"j-text j-module n\"><a class=\"j-blog-post--category\" href=\"https:\/\/www.gluecksmuskel.de\/hectors-reisen\/portugal\/\"> Portugal <\/a> \u00a0\u00b7\u00a0 <span class=\"j-text j-blog-post--date\"> 14. Dezember 2019 <\/span><\/div><h1 class=\"j-blog-header j-blog-headline j-blog-post--headline\">Tag No. 101 - Olh\u00e3o - Miele Miele sprach die Tante...<\/h1><\/div><div class=\"post j-blog-content\"><div id=\"cc-matrix-3604451626\"><div id=\"cc-m-12562668926\" class=\"j-module n j-text \"><p style=\"text-align: center;\"><strong><span style=\"font-size: 18px;\">\u00a0 \u00a0 \u00a0 \u00a0 \u00a0 \u00a0 \u00a0 \u00a0 \u00a0 \u00a0 \u00a0 \u00a0 \u00a0 \u00a0 \u00a0 \u00a0 \u00a0 \u00a0 \u00a0 \u00a0 \u00a0 \u00a0 \u00a0 \u00a0 \u00a0 \u00a0 \u00a0 \u00a0 \u00a0 \u00a0 \u00a0 \u00a0 \u00a0 \u00a0 \u00a0 \u00a0 \u00a0 \u00a0 \u00a0 \u00a0 \u00a0 \u00a0 \u00a0 \u00a0 \u00a0 \u00a0 \u00a0 \u00a0 \u00a0 \u00a0 \u00a0 \u00a0 \u00a0 \u00a0 \u00a0 ...die die Waschmaschinen kannte.\u00a0<\/span><br \/><\/strong><\/p><p style=\"text-align: center;\">\u00a0<\/p><\/div><div id=\"cc-m-12562680426\" class=\"j-module n j-gallery \"><div id=\"cc-m-gallery-12562680426\" class=\"cc-m-gallery-container cc-m-gallery-cool clearover\"><div id=\"gallery_thumb_8119036826\" class=\"cc-m-gallery-cool-item\"><div><a rel=\"lightbox[12562680426]\" data-href=\"https:\/\/planbwagen.de\/wp-content\/uploads\/attachments\/image.jpg\" data-title=\"\" data-index=\"0\"> <img style=\"height: 176px; width: 132px; margin-bottom: 3px; margin-right: 3px;\" src=\"https:\/\/planbwagen.de\/wp-content\/uploads\/2020\/07\/image-8-1-1-2.jpg\" alt=\"\" data-orig-width=\"1536\" data-orig-height=\"2048\" \/> <\/a><\/div><\/div><div id=\"gallery_thumb_8119042126\" class=\"cc-m-gallery-cool-item\"><div><a rel=\"lightbox[12562680426]\" data-href=\"https:\/\/planbwagen.de\/wp-content\/uploads\/attachments\/image.jpg\" data-title=\"\" data-index=\"1\"> <img style=\"height: 176px; width: 235px; margin-bottom: 3px;\" src=\"https:\/\/planbwagen.de\/wp-content\/uploads\/2020\/07\/image-7-1-8-7.jpg\" alt=\"\" data-orig-width=\"2048\" data-orig-height=\"1536\" \/> <\/a><\/div><\/div><div id=\"gallery_thumb_8119042926\" class=\"cc-m-gallery-cool-item\"><div><a rel=\"lightbox[12562680426]\" data-href=\"https:\/\/planbwagen.de\/wp-content\/uploads\/attachments\/image.png\" data-title=\"\" data-index=\"2\"> <img style=\"height: 176px; width: 99px; margin-bottom: 3px;\" src=\"https:\/\/planbwagen.de\/wp-content\/uploads\/2020\/07\/image-2-5.png\" alt=\"\" data-orig-width=\"1152\" data-orig-height=\"2048\" \/> <\/a><\/div><\/div><\/div><\/div><div id=\"cc-m-12562679826\" class=\"j-module n j-text \"><p>\u00a0<\/p><p>Der heutige Tag beginnt erst einmal mit gro\u00df Reine machen. Nach dem Fr\u00fchst\u00fcck werden die Wassers\u00e4cke und der Wassertank gef\u00fcllt, noch mal gesaugt, gesp\u00fclt und innen gewienert. - Wobei wir mit dem Glanz des ein oder anderen Camper in unserer N\u00e4he nicht mithalten k\u00f6nnen und wollen. Mancher Joghurtbecher sieht aus, als ob er gestern aus dem Laden geschoben wurde. Hier ist die Welt noch in Ordnung. Fast wie fr\u00fcher,\u00a0w\u00e4hrend\u00a0Vati Samstag Mittag, nach dem gro\u00dfen Einkauf, an der Stra\u00dfe stand, den Schwamm in der Hand. Zuerst wurde das Auto gewaschen, danach poliert. Im Autoradio lief Liga Live. Mutti hat w\u00e4hrenddessen mit dem Staubsauger gewedelt.<\/p><p>\u00a0<\/p><p>Doch auch wir wollen heute schmutzige W\u00e4sche waschen. Heute scheinen wir Gl\u00fcck zu haben, denn sofort sind zwei Waschmaschinen frei. Wir haben viel W\u00e4sche. Also erst mal waschen und trocken.<\/p><p>\u00a0<\/p><p>In Portugal scheint es immer noch \u00fcblich zu sein,\u00a0Kleidung an einem zentralen Platz zu waschen. W\u00e4hrend in Deutschland in fast jedem Haushalt eine Waschmaschine steht, findet man hier noch viele \u00f6ffentliche Waschstellen. Oft sehen wir \u00d6mchen und M\u00fctterchen nebeneinander auf der Hand waschen. Immer wieder sto\u00dfen wir auch auf Porzellanwaschbecken, in Form der alten Waschbretter. So ist auch nicht verwunderlich, dass der Waschsalon diesen Platz der Kommunikation ersetzt hat. Auch heute bedient eine alte Dame den Automaten. Miele sprach die Tante, an diesen Werbeslogan werden wir bei ihrem Anblick erinnert. - Es ist ja bekannt, das man mit zunehmenden Alter schrumpft. Doch wir m\u00fcssten sicherlich sehr, sehr alt werden um hier gleichziehen zu k\u00f6nnen.<\/p><p>\u00a0<\/p><\/div><div id=\"cc-m-12562684226\" class=\"j-module n j-gallery \"><div id=\"cc-m-gallery-12562684226\" class=\"cc-m-gallery-container cc-m-gallery-cool clearover\"><div id=\"gallery_thumb_8119043126\" class=\"cc-m-gallery-cool-item\"><div><a rel=\"lightbox[12562684226]\" data-href=\"https:\/\/planbwagen.de\/wp-content\/uploads\/attachments\/image.jpg\" data-title=\"\" data-index=\"0\"> <img style=\"height: 277px; width: 370px; margin-bottom: 3px;\" src=\"https:\/\/planbwagen.de\/wp-content\/uploads\/2020\/07\/image-4-6-5.jpg\" alt=\"\" data-orig-width=\"2048\" data-orig-height=\"1536\" \/> <\/a><\/div><\/div><div id=\"gallery_thumb_8119043026\" class=\"cc-m-gallery-cool-item\"><div><a rel=\"lightbox[12562684226]\" data-href=\"https:\/\/planbwagen.de\/wp-content\/uploads\/attachments\/image.jpg\" data-title=\"\" data-index=\"1\"> <img style=\"height: 178px; width: 128px; margin-bottom: 3px; margin-right: 3px;\" src=\"https:\/\/planbwagen.de\/wp-content\/uploads\/2020\/07\/image-0-5-2-6.jpg\" alt=\"\" data-orig-width=\"1482\" data-orig-height=\"2048\" \/> <\/a><\/div><\/div><div id=\"gallery_thumb_8119043226\" class=\"cc-m-gallery-cool-item\"><div><a rel=\"lightbox[12562684226]\" data-href=\"https:\/\/planbwagen.de\/wp-content\/uploads\/attachments\/image.jpg\" data-title=\"\" data-index=\"2\"> <img style=\"height: 178px; width: 239px; margin-bottom: 3px;\" src=\"https:\/\/planbwagen.de\/wp-content\/uploads\/2020\/07\/image-3-1-8-4.jpg\" alt=\"\" data-orig-width=\"2048\" data-orig-height=\"1536\" \/> <\/a><\/div><\/div><\/div><\/div><div id=\"cc-m-12562679626\" class=\"j-module n j-text \"><p>\u00a0<\/p><p>Nach\u00a0den Hausarbeitsdiensten, widmen wir uns ein wenig der Streetart. Wie es sich geh\u00f6rt, befindet sich diese vor allem in den etwas\u00a0finsteren Gegenden. Hier m\u00f6chte ich Hector nicht \u00fcber Nacht parken. Egal wo wir uns hinstellen, wir werden sofort sondiert und be\u00e4ugt. Wir finden unsere Jagd hat sich dennoch gelohnt. Immer wieder spannend, was es so zu entdecken gibt.<\/p><p>\u00a0<\/p><\/div><div id=\"cc-m-12562685026\" class=\"j-module n j-gallery \"><div id=\"cc-m-gallery-12562685026\" class=\"cc-m-gallery-container cc-m-gallery-cool clearover\"><div id=\"gallery_thumb_8119043426\" class=\"cc-m-gallery-cool-item\"><div><a rel=\"lightbox[12562685026]\" data-href=\"https:\/\/planbwagen.de\/wp-content\/uploads\/attachments\/image.jpg\" data-title=\"\" data-index=\"0\"> <img style=\"height: 204px; width: 137px; margin-bottom: 3px; margin-right: 3px;\" src=\"https:\/\/planbwagen.de\/wp-content\/uploads\/2020\/07\/image-8-3-1.jpg\" alt=\"\" data-orig-width=\"1385\" data-orig-height=\"2048\" \/> <\/a><\/div><\/div><div id=\"gallery_thumb_8119043726\" class=\"cc-m-gallery-cool-item\"><div><a rel=\"lightbox[12562685026]\" data-href=\"https:\/\/planbwagen.de\/wp-content\/uploads\/attachments\/image.jpg\" data-title=\"\" data-index=\"1\"> <img style=\"height: 204px; width: 230px; margin-bottom: 3px;\" src=\"https:\/\/planbwagen.de\/wp-content\/uploads\/2020\/07\/image-8-3-6-5.jpg\" alt=\"\" data-orig-width=\"2048\" data-orig-height=\"1834\" \/> <\/a><\/div><\/div><div id=\"gallery_thumb_8119043626\" class=\"cc-m-gallery-cool-item\"><div><a rel=\"lightbox[12562685026]\" data-href=\"https:\/\/planbwagen.de\/wp-content\/uploads\/attachments\/image.jpg\" data-title=\"\" data-index=\"2\"> <img style=\"height: 204px; width: 141px; margin-bottom: 3px;\" src=\"https:\/\/planbwagen.de\/wp-content\/uploads\/2020\/07\/image-8-3-2-7.jpg\" alt=\"\" data-orig-width=\"1421\" data-orig-height=\"2048\" \/> <\/a><\/div><\/div><\/div><\/div><div id=\"cc-m-12562684926\" class=\"j-module n j-text \"><p>\u00a0<\/p><p>Da unsere Vorr\u00e4te zur Neige gehen, suchen wir uns im Anschluss einen Supermarkt. Diesmal testen wir zuerst einen Pingo Doce. Gleichzeitig mit uns\u00a0st\u00fcrmt eine Horde Zigeuner, sorry reisendes Volk den Laden. Ich w\u00fcrde gerne wissen, wer in diesem Moment keinerlei Vorbehalte gehabt h\u00e4tte. Ich stelle fest, dass ich mich von diesen immer noch nicht frei machen kann. Ich f\u00fchle mich bis zu dem Moment schuldig, als ich sehe\u00a0wie Torgit ihre Handtasche sch\u00fctzend fest h\u00e4lt.<\/p><p>\u00a0<\/p><p>Auf dem Parkplatz spricht\u00a0uns noch ein \u00e4lterer Herr an. Er m\u00f6chte nur ein freundliches \"K\u00f6lle Alaaf\" loswerden. Am Ende des Gespr\u00e4ches, haben wir eine lange Liste mit Tipps, was wir uns noch alles in der Algarve und im Hinterland anschauen sollen. - Und ich hab immer gedacht Koblenzer w\u00e4hren mundfaul.<\/p><p>\u00a0<\/p><p>Wir machen uns wieder auf den Weg Richtung Praia de Loul\u00e9 Velho. Hier wollen wir meine Brille zur\u00fcckholen. Als wir ankommen,\u00a0sehen wir gerade noch den Sonnenuntergang. Danach sitzen wir noch einige Zeit am Feuer. Da wir ja erst vor einigen Tagen hier gestanden haben, ist es fast ein wenig wie heimkommen.<\/p><p>\u00a0<\/p><\/div><div id=\"cc-m-12562685926\" class=\"j-module n j-gallery \"><div id=\"cc-m-gallery-12562685926\" class=\"cc-m-gallery-container cc-m-gallery-cool clearover\"><div id=\"gallery_thumb_8119044326\" class=\"cc-m-gallery-cool-item\"><div><a rel=\"lightbox[12562685926]\" data-href=\"https:\/\/planbwagen.de\/wp-content\/uploads\/attachments\/image.jpg\" data-title=\"\" data-index=\"0\"> <img style=\"height: 277px; width: 370px; margin-bottom: 3px;\" src=\"https:\/\/planbwagen.de\/wp-content\/uploads\/2020\/07\/image-5-3-9-2.jpg\" alt=\"\" data-orig-width=\"2048\" data-orig-height=\"1536\" \/> <\/a><\/div><\/div><div id=\"gallery_thumb_8119044126\" class=\"cc-m-gallery-cool-item\"><div><a rel=\"lightbox[12562685926]\" data-href=\"https:\/\/planbwagen.de\/wp-content\/uploads\/attachments\/image.jpg\" data-title=\"\" data-index=\"1\"> <img style=\"height: 277px; width: 370px; margin-bottom: 3px;\" src=\"https:\/\/planbwagen.de\/wp-content\/uploads\/2020\/07\/image-5-8-0.jpg\" alt=\"\" data-orig-width=\"2048\" data-orig-height=\"1536\" \/> <\/a><\/div><\/div><\/div><\/div><div id=\"cc-m-12572889726\" class=\"j-module n j-text \"><p style=\"text-align: right;\"><a class=\"j-calltoaction-link j-calltoaction-link-style-2\" style=\"font-size: 16px; background-color: #ffcc00; border-width: 2px; border-color: #ffcc00; color: #ffffff; user-select: text; padding: 10px 20px; line-height: 1.5; border-radius: 0px; -webkit-appearance: none; margin: 1em 0px;\" title=\"Tag No. 102 - Spiel nicht mit den Schmuddelkindern...\" href=\"\/2019\/12\/15\/tag-no-102-spiel-nicht-mit-den-schmuddelkindern\/\" data-action=\"button\" data-title=\"Sunny Side Up\"> Sunny Side Up\u00a0 \u00a0\u00a0<\/a><\/p><p style=\"text-align: right;\"><a class=\"j-calltoaction-link j-calltoaction-link-style-2\" style=\"background-color: #ffcc00; border-width: 2px; border-color: #ffcc00; color: #ffffff; user-select: text; padding: 10px 20px; font-size: 16px; line-height: 1.5; border-radius: 0px; -webkit-appearance: none; margin: 1em 0px;\" title=\"Tag No. 100 - Tage auf der Stra\u00dfe...\" href=\"\/2019\/12\/13\/tag-no-100-tage-auf-der-stra%C3%9Fe\/\" data-action=\"button\" data-title=\"Sunny Side Down\"> Sunny Side Down\u00a0 \u00a0\u00a0<\/a><\/p><\/div><\/div><\/div><div class=\"j-module n j-text j-blog-post--tags-wrapper\"><span class=\"j-blog-post--tags--template\" style=\"display: none;\"><a class=\"j-blog-post--tag\" href=\"https:\/\/www.gluecksmuskel.de\/hectors-reisen\/?tag=tagPlaceholder\">tagPlaceholder<\/a><\/span><span class=\"j-blog-post--tags-label\" style=\"display: none;\">Tags:<\/span><\/div><div class=\"n j-comment\"><div id=\"commentsModule12562668726\"><p id=\"skiptoform12562668726\" class=\"skiptoform\"><a href=\"#\" data-id=\"12562668726\" data-action=\"goToForm\">Kommentar schreiben<\/a><\/p><div id=\"numComments12562668726\" class=\"j-blog-comment-counter\">Kommentare: <i class=\"cc-comments-count\">0<\/i><\/div><ul id=\"commentOutput12562668726\" class=\"com-list-noava\"><li id=\"commentFormContainer12562668726\" class=\"commentstd clearover cc-m-comment-loading\"><a name=\"commentForm12562668726\"><\/a><\/li><\/ul><div id=\"commentError12562668726\" class=\"message-error\" style=\"display: none;\">\u00a0<\/div><div id=\"commentSuccess12562668726\" class=\"message-ok\" style=\"display: none;\">\u00a0<\/div><\/div><p><script>\/\/ <![CDATA[ window.regModule(\"module_comment\", {\"data\":{\"id\":\"12562668726\",\"closed\":\"0\",\"captcha\":\"8538bb2da40070f697920166495aee42\",\"avatar\":false,\"lang\":{\"comment\":\"Kommentar\",\"comments\":\"Kommentare\"}}}); \/\/ ]]> <\/script><\/p><\/div><\/article><p>\u00a0<\/p>","_et_gb_content_width":"","footnotes":""},"categories":[8],"tags":[],"class_list":["post-1299","post","type-post","status-publish","format-standard","has-post-thumbnail","hentry","category-portugal"],"_links":{"self":[{"href":"https:\/\/www.planbwagen.de\/es\/wp-json\/wp\/v2\/posts\/1299","targetHints":{"allow":["GET"]}}],"collection":[{"href":"https:\/\/www.planbwagen.de\/es\/wp-json\/wp\/v2\/posts"}],"about":[{"href":"https:\/\/www.planbwagen.de\/es\/wp-json\/wp\/v2\/types\/post"}],"author":[{"embeddable":true,"href":"https:\/\/www.planbwagen.de\/es\/wp-json\/wp\/v2\/users\/1"}],"replies":[{"embeddable":true,"href":"https:\/\/www.planbwagen.de\/es\/wp-json\/wp\/v2\/comments?post=1299"}],"version-history":[{"count":6,"href":"https:\/\/www.planbwagen.de\/es\/wp-json\/wp\/v2\/posts\/1299\/revisions"}],"predecessor-version":[{"id":7881,"href":"https:\/\/www.planbwagen.de\/es\/wp-json\/wp\/v2\/posts\/1299\/revisions\/7881"}],"wp:featuredmedia":[{"embeddable":true,"href":"https:\/\/www.planbwagen.de\/es\/wp-json\/wp\/v2\/media\/3890"}],"wp:attachment":[{"href":"https:\/\/www.planbwagen.de\/es\/wp-json\/wp\/v2\/media?parent=1299"}],"wp:term":[{"taxonomy":"category","embeddable":true,"href":"https:\/\/www.planbwagen.de\/es\/wp-json\/wp\/v2\/categories?post=1299"},{"taxonomy":"post_tag","embeddable":true,"href":"https:\/\/www.planbwagen.de\/es\/wp-json\/wp\/v2\/tags?post=1299"}],"curies":[{"name":"wp","href":"https:\/\/api.w.org\/{rel}","templated":true}]}}