{"id":127,"date":"2020-07-20T19:20:44","date_gmt":"2020-07-20T19:20:44","guid":{"rendered":""},"modified":"2021-07-03T14:34:46","modified_gmt":"2021-07-03T12:34:46","slug":"produktpiraterie-produktfaelschung-markenpiraterie-bei-offroad-tunern","status":"publish","type":"post","link":"https:\/\/www.planbwagen.de\/es\/spacecamper-terranger-co\/pirateria-de-productos-falsificacion-pirateria-de-marcas-con-tuners-offroad\/","title":{"rendered":"Pirater\u00eda de productos, falsificaci\u00f3n de productos, pirater\u00eda de marcas | \u00bfQui\u00e9n lo invent\u00f3? | \u00bfHess o Terranger original?"},"content":{"rendered":"<p>[et_pb_section fb_built=&#8220;1&#8243; _builder_version=&#8220;3.22&#8243;][et_pb_row column_structure=&#8220;1_2,1_2&#8243; _builder_version=&#8220;4.5.1&#8243; _module_preset=&#8220;default&#8220;][et_pb_column type=&#8220;1_2&#8243; _builder_version=&#8220;4.5.1&#8243; _module_preset=&#8220;default&#8220;][et_pb_image src=&#8220;https:\/\/www.planbwagen.de\/wp-content\/uploads\/2020\/07\/R.jpeg&#8220; _builder_version=&#8220;4.5.1&#8243; _module_preset=&#8220;default&#8220; url=&#8220<div class=\"ikn-evt-container\">\r\n    <iframe\r\n            width=\"100%\"\r\n            class=\"ikn-evt-iframe\"\r\n            srcdoc=\"<style>\n    * {\n    padding:0;\n    margin:0;\n    overflow:hidden\n}\n\nhtml, body {\n    height:100%\n}\n\n.ikn-evt-container {\n    position: relative;\n    padding-bottom: 56.25%;\n    height: 0;\n}\n\n.ikn-evt-container iframe {\n    position: absolute;\n    top: 0;\n    left: 0;\n    width: 100%;\n    height: 100%;\n}\n\n.ikn-evt-frame {\n    display: block;\n    position: relative;\n    padding-bottom: 56.23%;\n    height: 0;\n    overflow: hidden;\n    max-width: 100%;\n    background: #000;\n}\n\n.ikn-evt-frame img.ikn-evt-thumbnail {\n    bottom: 0;\n    display: block;\n    left: 0;\n    margin: auto;\n    max-width: 100%;\n    width: 100%;\n    position: absolute;\n    right: 0;\n    top: 0;\n    border: none;\n    height: auto;\n    cursor: pointer;\n    -webkit-transition: .4s all;\n    -moz-transition: .4s all;\n    transition: .4s all;\n}\n\n.ikn-evt-frame[data-source=youtube] img.ikn-evt-thumbnail {\n    top: -63px;\n    bottom: -63px;\n}\n\n.ikn-evt-frame:hover img.ikn-evt-thumbnail {\n    -webkit-filter: brightness(75%);\n}\n\n.ikn-evt-frame .ikn-evt-play-button {\n    height: 20%;\n    width: 13%;\n    left: 44%;\n    top: 42%;\n    position: absolute;\n    cursor: pointer;\n    z-index: 1;\n    background-size: contain !important;\n}\n\n.ikn-evt-frame .ikn-evt-heading {\n    width: 100%;\n    position: absolute;\n    top: 0;\n    background: rgba(0, 0, 0, .5);\n    left: 0;\n    padding: 0.7em;\n    box-sizing: border-box;\n}\n\n.ikn-evt-frame .ikn-evt-heading .ikn-evt-heading-title {\n    font-weight: bold;\n    font-size: 1.5em;\n    color: #FFFFFF;\n    line-height: 30px;\n    margin: 0;\n    cursor: pointer;\n}.ikn-evt-frame[data-source=youtube] \r\n            .ikn-evt-play-button {background:url('https:\/\/www.planbwagen.de\/wp-content\/plugins\/embed-video-thumbnail\/assets\/images\/youtube-72-72.png') no-repeat;}.ikn-evt-frame[data-source=vimeo] \r\n            .ikn-evt-play-button {background:url('https:\/\/www.planbwagen.de\/wp-content\/plugins\/embed-video-thumbnail\/assets\/images\/play-default.png') no-repeat;}.ikn-evt-frame[data-source=dailymotion] \r\n            .ikn-evt-play-button {background:url('https:\/\/www.planbwagen.de\/wp-content\/plugins\/embed-video-thumbnail\/assets\/images\/play-default.png') no-repeat;}.ikn-evt-frame[data-source=facebook] \r\n            .ikn-evt-play-button {background:url('https:\/\/www.planbwagen.de\/wp-content\/plugins\/embed-video-thumbnail\/assets\/images\/play-default.png') no-repeat;}<\/style><div    class='ikn-evt-frame'    data-source='youtube'>    <a class='ikn-evt-link' href='\/\/www.youtube-nocookie.com\/embed\/tkZ1zklbTY0?controls=1&autoplay=1&enablejsapi=1&rel=1'>        <span class='ikn-evt-play-button'><\/span>                    <img                class='ikn-evt-thumbnail'                src='\/wp-content\/uploads\/ikana-embed-video-thumbnail\/youtube\/tkZ1zklbTY0-hqdefault.jpg'                alt='tkZ1zklbTY0'            \/>                    <\/a><\/div><script>\n    document\n        .querySelector('.ikn-evt-link')\n        .addEventListener('click', function(e) {\n                e.preventDefault();\n                e.stopPropagation();\n                window.location.replace(this.href);\n                return false;\n            }\n        )\n    ;\n<\/script>\"\r\n            frameborder=\"0\"\r\n            allow=\"accelerometer; encrypted-media; gyroscope; picture-in-picture\"\r\n            allowfullscreen\r\n title=\"tkZ1zklbTY0\"\r\n            loading=\"lazy\"\r\n            src=\"\/\/www.youtube-nocookie.com\/embed\/tkZ1zklbTY0?controls=1&autoplay=1&enablejsapi=1&rel=1\"\r\n    ><\/iframe>\r\n<\/div>8243; url_new_window=&#8220;on&#8220; hover_enabled=&#8220;0&#8243;][\/et_pb_image][\/et_pb_column][et_pb_column type=&#8220;1_2&#8243; _builder_version=&#8220;4.5.1&#8243; _module_preset=&#8220;default&#8220;][et_pb_text _builder_version=&#8220;4.5.1&#8243; _module_preset=&#8220;default&#8220;]<\/p>\n<div class=\"cc-m-hgrid-column last\">\n<div id=\"cc-matrix-3638065026\">\n<div id=\"cc-m-12677137226\" class=\"j-module n j-text\">\n<p>Neigt Ihr auch dazu, auf diese Frage mit &#8222;die Schweizer&#8220; zu antworten? &#8211; Wenn es sich um Ricola Schweizer Kr\u00e4uterzucker handelt, d\u00fcrfte diese Frage ja auch unstrittig sein. &#8211; Oder?\u00a0<\/p>\n<p>Pero la publicidad muestra de forma simp\u00e1tica que esto no siempre tiene por qu\u00e9 ser indiscutible. La pirater\u00eda de productos es omnipresente. Cuando se trata de az\u00facar de hierbas, me gusta fiarme del original. \u00bfQu\u00e9 otro aspecto tiene?<\/p>\n<\/div>\n<\/div>\n<\/div>\n<p>&nbsp;<\/p>\n<p>[\/et_pb_text][\/et_pb_column][\/et_pb_row][et_pb_row _builder_version=&#8220;4.5.1&#8243; _module_preset=&#8220;default&#8220;][et_pb_column type=&#8220;4_4&#8243; _builder_version=&#8220;4.5.1&#8243; _module_preset=&#8220;default&#8220;][et_pb_text _builder_version=&#8220;4.5.1&#8243; _module_preset=&#8220;default&#8220;]<\/p>\n<p>&#8222;Als Produktpiraterie, Produktf\u00e4lschung oder Markenpiraterie wird das Gesch\u00e4ft mit Nachahmer-Waren bezeichnet, die mit dem Ziel hergestellt werden, einer Original-Ware zum Verwechseln \u00e4hnlich zu sein.&#8220; &#8211; Achtung diese Erl\u00e4uterung ist geklaut, kopiert! &#8211; Ganz einfach, Strg-C \/\/ Strg-V. &#8211; Sie stammt von Wikipedia. Nicht fein, dennoch hoffe ich damit durch zu kommen. &#8211; Wird schon nicht so schlimm sein, oder? &#8211;\u00a0War ja keine Doktorarbeit.<\/p>\n<p>Geklaut\u00a0habe ich auch die Idee f\u00fcr\u00a0unser Hecktr\u00e4gersystem. &#8211; Inzwischen wei\u00df ich jedoch nicht mehr, ob das eine so gute Idee war. Doch dies ist mir erst\u00a0letzte Woche so richtig bewusst geworden. Ich muss eingestehen, dass auch ich ab und zu ein gespaltenes Verh\u00e4ltnis zu Regeln bzw. &#8222;Recht und Ordnung&#8220; habe. &#8211; Sp\u00e4testens wenn ich mich im Stra\u00dfenverkehr als Fu\u00dfg\u00e4nger oder Fahrradfahrer bewege, ist mein Ma\u00dfstab nicht, ob die Ampel rot oder gr\u00fcn ist, sondern der, ob Kinder an der Ampel warten. Man m\u00f6chte ja kein schlechtes Vorbild sein. &#8211; Sehe ich jedoch weder ein ran nahendes Auto, noch kleine Kinder, gehe oder fahre ich, wie selbstverst\u00e4ndlich \u00fcber die rote Ampel. Machen ja (fast) alle so, zumindest in K\u00f6ln. &#8211; Sobald ich aber in einem Auto sitze, k\u00e4me ich niemals auf die Idee. Schizophren, ich wei\u00df, zumal ich im Auto sicherlich gesch\u00fctzter bin. Weil\u00a0es (fast) alle machen, ist es ja noch lange nicht richtig, und schon gar nicht erlaubt. Oder?<\/p>\n<p>[\/et_pb_text][\/et_pb_column][\/et_pb_row][et_pb_row column_structure=&#8220;1_3,1_3,1_3&#8243; _builder_version=&#8220;4.5.1&#8243; _module_preset=&#8220;default&#8220;][et_pb_column type=&#8220;1_3&#8243; _builder_version=&#8220;4.5.1&#8243; _module_preset=&#8220;default&#8220;][et_pb_image src=&#8220;https:\/\/www.planbwagen.de\/wp-content\/uploads\/2020\/08\/1-23.jpg&#8220; title_text=&#8220;1&#8243; _builder_version=&#8220;4.5.1&#8243; _module_preset=&#8220;default&#8220;][\/et_pb_image][\/et_pb_column][et_pb_column type=&#8220;1_3&#8243; _builder_version=&#8220;4.5.1&#8243; _module_preset=&#8220;default&#8220;][et_pb_image src=&#8220;https:\/\/www.planbwagen.de\/wp-content\/uploads\/2020\/08\/2-21.jpg&#8220; alt=&#8220;planBwagen &#8211; T6.1 mit Terranger Unterbodenschutz&#8220; title_text=&#8220;2&#8243; _builder_version=&#8220;4.5.1&#8243; _module_preset=&#8220;default&#8220;][\/et_pb_image][\/et_pb_column][et_pb_column type=&#8220;1_3&#8243; _builder_version=&#8220;4.5.1&#8243; _module_preset=&#8220;default&#8220;][et_pb_image src=&#8220;https:\/\/www.planbwagen.de\/wp-content\/uploads\/2020\/08\/3-20.jpg&#8220; title_text=&#8220;3&#8243; _builder_version=&#8220;4.5.1&#8243; _module_preset=&#8220;default&#8220;][\/et_pb_image][\/et_pb_column][\/et_pb_row][et_pb_row _builder_version=&#8220;4.5.1&#8243; _module_preset=&#8220;default&#8220;][et_pb_column type=&#8220;4_4&#8243; _builder_version=&#8220;4.5.1&#8243; _module_preset=&#8220;default&#8220;][et_pb_text _builder_version=&#8220;4.5.1&#8243; _module_preset=&#8220;default&#8220;]<\/p>\n<p>Wenn\u00a0ich es so betrachte, habe ich bei meinem Hecktr\u00e4ger auch nicht geklaut, nur ein paar Ideen geborgt. Soweit\u00a0gestehe ich. War mir zu diesem Zeitpunkt gar nicht bewusst, dass ich frech kopiere? Vielleicht nicht, vielleicht habe ich mir auch gar keine Gedanken dazu gemacht. &#8211; Ich habe einfach im Netz recherchiert, wer baut den &#8222;aus meiner Sicht&#8220; besten Hecktr\u00e4ger, wer hat\u00a0die l\u00e4ngste Erfahrung.\u00a0<\/p>\n<p>&nbsp;<\/p>\n<p>[\/et_pb_text][\/et_pb_column][\/et_pb_row][et_pb_row column_structure=&#8220;1_2,1_2&#8243; _builder_version=&#8220;4.5.1&#8243; _module_preset=&#8220;default&#8220;][et_pb_column type=&#8220;1_2&#8243; _builder_version=&#8220;4.5.1&#8243; _module_preset=&#8220;default&#8220;][et_pb_image src=&#8220;https:\/\/www.planbwagen.de\/wp-content\/uploads\/2020\/08\/4-19.jpg&#8220; title_text=&#8220;4&#8243; _builder_version=&#8220;4.5.1&#8243; _module_preset=&#8220;default&#8220;][\/et_pb_image][\/et_pb_column][et_pb_column type=&#8220;1_2&#8243; _builder_version=&#8220;4.5.1&#8243; _module_preset=&#8220;default&#8220;][et_pb_text _builder_version=&#8220;4.5.1&#8243; _module_preset=&#8220;default&#8220;]<\/p>\n<p>Encontr\u00e9 esta interesante soluci\u00f3n en MultiCamper (foto de la feria) y les escrib\u00ed. - Recib\u00ed una bonita carta de respuesta. - MultiCamper ofrece su soluci\u00f3n exclusivamente para sus clientes. Hasta aqu\u00ed todo bien. - Como la decisi\u00f3n a favor de SpaceCamper ya estaba tomada, este transportista qued\u00f3 descartado. Pero el enfoque es estupendo.<\/p>\n<p><span style=\"font-size: 18px;\">Tuvimos una experiencia similar con una idea de TerraCamper. Al principio, no pudimos encontrar fotos de ella en Internet. Mientras tanto, es probable que su versi\u00f3n tambi\u00e9n se pueda comprar por separado. El precio de unos 3.000 euros no es ninguna ganga. Pero el sistema, como casi todo lo de TerraCamper, causa una impresi\u00f3n bien pensada y de alta calidad. - Si sus veh\u00edculos no fueran un poco demasiado limpios para nosotros, habr\u00eda sido una clara alternativa a SpaceCamper.\u00a0<\/span><\/p>\n<p>[\/et_pb_text][\/et_pb_column][\/et_pb_row][et_pb_row _builder_version=&#8220;4.5.1&#8243; _module_preset=&#8220;default&#8220;][et_pb_column type=&#8220;4_4&#8243; _builder_version=&#8220;4.5.1&#8243; _module_preset=&#8220;default&#8220;][et_pb_text _builder_version=&#8220;4.5.1&#8243; _module_preset=&#8220;default&#8220;]<\/p>\n<p>A continuaci\u00f3n nos encontramos con el sistema Terranger. Aqu\u00ed no s\u00f3lo hab\u00eda fotos, sino tambi\u00e9n veh\u00edculos en vivo y en color. Esto nos dio la oportunidad de ver de cerca el sistema. Tambi\u00e9n pude hablar con dos clientes y aprovechar sus experiencias. Aunque el sistema Terranger, que se basa en el portabicicletas con logotipo de VW, est\u00e1 disponible como kit de ampliaci\u00f3n por menos de 1.000 euros, tambi\u00e9n puede ampliarse r\u00e1pidamente hasta los 3.000 euros mencionados en la versi\u00f3n adecuada.\u00a0<\/p>\n<p>Seguro que tiene que haber una forma m\u00e1s barata. - As\u00ed fue como empec\u00e9 a copiar. Pero copiar no significa entender. Soy muy consciente del trabajo de desarrollo que requiere un sistema como \u00e9ste. Sin el apoyo de mi hermano, probablemente habr\u00eda ido directamente a por el original.<\/p>\n<p>Apropos Original. &#8211; Als ich vorgestern unseren BUTCH bei Terranger abholte, lagen dort\u00a0zwei Haltes\u00e4tze f\u00fcr die verst\u00e4rkten Gasfedern auf dem Tisch. Auf den ersten Blick identisch. &#8211; Auf den zweiten Blick auch. &#8211; Doch w\u00e4hrend auf den einen das zu erwartende Terranger Logo sichtbar war, prangerte auf den anderen ein Hess Logo. Auf meine Frage ob Terranger die Firma Hess beliefert, wurde mit dem Hinweis abgewunken. &#8222;Dann w\u00e4re ja alles in Ordnung&#8220;\u00a0<\/p>\n<p>[\/et_pb_text][\/et_pb_column][\/et_pb_row][et_pb_row column_structure=&#8220;1_3,1_3,1_3&#8243; _builder_version=&#8220;4.5.1&#8243; _module_preset=&#8220;default&#8220;][et_pb_column type=&#8220;1_3&#8243; _builder_version=&#8220;4.5.1&#8243; _module_preset=&#8220;default&#8220;][et_pb_image src=&#8220;https:\/\/www.planbwagen.de\/wp-content\/uploads\/2020\/08\/5-17.jpg&#8220; alt=&#8220;Produktpiraterie Original und F\u00e4lschung  Terranger oder Hess&#8220; title_text=&#8220;5&#8243; _builder_version=&#8220;4.5.1&#8243; _module_preset=&#8220;default&#8220;][\/et_pb_image][\/et_pb_column][et_pb_column type=&#8220;1_3&#8243; _builder_version=&#8220;4.5.1&#8243; _module_preset=&#8220;default&#8220;][et_pb_image src=&#8220;https:\/\/www.planbwagen.de\/wp-content\/uploads\/2020\/08\/6-15.jpg&#8220; alt=&#8220;Produktpiraterie Original und F\u00e4lschung  Terranger oder Hess&#8220; title_text=&#8220;6&#8243; _builder_version=&#8220;4.5.1&#8243; _module_preset=&#8220;default&#8220;][\/et_pb_image][\/et_pb_column][et_pb_column type=&#8220;1_3&#8243; _builder_version=&#8220;4.5.1&#8243; _module_preset=&#8220;default&#8220;][et_pb_image src=&#8220;https:\/\/www.planbwagen.de\/wp-content\/uploads\/2020\/08\/7-13.jpg&#8220; alt=&#8220;Produktpiraterie Original und F\u00e4lschung  Terranger oder Hess?&#8220; title_text=&#8220;7&#8243; _builder_version=&#8220;4.5.1&#8243; _module_preset=&#8220;default&#8220;][\/et_pb_image][\/et_pb_column][\/et_pb_row][et_pb_row _builder_version=&#8220;4.5.1&#8243; _module_preset=&#8220;default&#8220;][et_pb_column type=&#8220;4_4&#8243; _builder_version=&#8220;4.5.1&#8243; _module_preset=&#8220;default&#8220;][et_pb_text _builder_version=&#8220;4.5.1&#8243; _module_preset=&#8220;default&#8220;]<\/p>\n<p>A su lado hab\u00eda dos m\u00f3dulos de soporte de rueda de repuesto, que tampoco se distinguen aparte del logotipo. - \u00bfQui\u00e9n ha copiado a qui\u00e9n? - \u00bfEs esto robo de una idea o pirater\u00eda de producto? Probablemente los abogados del caso lo aclaren. - Pero una cosa parece clara: ni siquiera han intentado mejorar un producto, sino que simplemente se han ahorrado todos los costes de desarrollo. Cab\u00eda esperar algo as\u00ed de un pa\u00eds del sol naciente. \u00bfQui\u00e9n puede imaginar que algo as\u00ed ocurra en la neutral Suiza? - Pero la idea de que dos empresas desarrollen exactamente el mismo producto por casualidad, independientemente la una de la otra, me hace dudar. - \u00bfSoy demasiado ingenuo? - \u00bfDe qu\u00e9 magnitud es el da\u00f1o causado por la pirater\u00eda de productos?<\/p>\n<p>S\u00f3lo al final se vio afectado un buen amigo, director gerente de una empresa mediana. Es bien sabido que la industria el\u00e9ctrica y de la iluminaci\u00f3n es un hervidero de copias. Nombres como Osram, Siemens, Bosch, Miele, Hella y Vorwerk encabezan la ignominiosa lista de los fabricantes alemanes de marca m\u00e1s copiados. - Pero incluso \u00e9stas son superadas por la empresa Stihl Garten und Motorger\u00e4te. Ocupa el puesto n\u00ba 1 de la lista.<\/p>\n<p>Das Handelsblatt findet hierzu deutliche Worte und spricht sogar von der &#8218;&#8220;F\u00e4lschermafia&#8220;, welche\u00a0 Milliardensch\u00e4den anrichtet. &#8222;Durch gef\u00e4lschte Produkte entgehen Firmen und Staaten Milliardenums\u00e4tze, Millionen Jobs werden vernichtet.&#8220; &#8211; Das Gesch\u00e4ft ist angeblich lukrativer als Drogenhandel.\u00a0<\/p>\n<p>Auch SpaceCamper, welches als ein besonders innovatives Unternehmen gilt, bleibt von Kopierern nicht unbeschadet. Ganz im Gegenteil. Obwohl man Jahr f\u00fcr Jahr mit neuen Innovationen aufwartet,\u00a0kann man sp\u00e4testens ein Jahr darauf, diese auf den Messest\u00e4nden einzelner Marktbegleiter wieder finden. Spacecamper bietet z.B. seit Jahren das &#8222;SpaceCamper Moskitonetz f\u00fcr VW T5 und T6&#8220; an. Neuerdings findet man auf der Seite von Camping Wagner das &#8222;Moskitonetz f\u00fcr VW T5\/6 Heckklappe mit Verdunkelung&#8220;. Das die Beiden sich zum Verwechseln \u00e4hnlich sehen, ist sicherlich ebenfalls &#8222;nur Zufall&#8220;? &#8211; So etwas ist insbesondere dann \u00e4rgerlich, wenn man sich selbst sperrt Innovationen von Marktbegleitern zu \u00fcbernehmen. Wir h\u00e4tten z.B. gerne Airlineschienen im Auto verbaut. Klare Aussage von SpaceCamper:\u00a0&#8222;Das bieten wir nicht an, da TerraCamper hier der Erste war.&#8220;<\/p>\n<p>Wie gesagt, ob es sich\u00a0in\u00a0o.g. F\u00e4llen um F\u00e4lschungen handelt, blieb und bleibt offen.\u00a0Ich kann auch nur f\u00fcr mich sprechen. Ich hatte das Gef\u00fchl mit meinem Ideenklau etwas Unrechtes getan zu haben. Nicht im gro\u00dfen Stil, doch im kleinen f\u00e4ngt es an. Darauf hin habe ich mich entschuldigt. &#8222;So lange es wie bei mir beim Einzelfall bliebe, w\u00e4re das ja gar nicht so schlimm.&#8220;\u00a0&#8211; Ich bekam sogar noch Tipps, worauf ich achten sollte. Vielleicht wird es irgendwann doch ein Original Hecktr\u00e4gersystem.\u00a0Ich glaube nicht nur dieses bei Terranger zu finden, ich bin mir verdammt sicher. Und\u00a0falls ich ein neues Moskitonetz brauche, werde ich dieses wieder bei SpaceCamper kaufen. Das kostet dann zwar dreizig Euro mehr, daf\u00fcr habe ich aber ein gutes Gewissen und das ist es mir dann wert.<\/p>\n<p>PD: Aqu\u00ed puedes encontrar a nuestros SpaceCampers <a href=\"https:\/\/www.planbwagen.de\/es\/spacecamper-terranger-co\/nuestra-spacecamper-classicopen\/\">Detalles del equipo<\/a>nuestra SpaceCamper <a href=\"https:\/\/www.planbwagen.de\/es\/spacecamper-terranger-co\/spacecamper-classicabrir-la-conversion-de-autocaravanas\/\">Expansi\u00f3n<\/a>el SpaceCamper <a href=\"https:\/\/www.planbwagen.de\/es\/spacecamper-terranger-co\/detalles-de-la-ultima-llamada-del-spacecamper\/\">Detailausstattung &#8222;Last Call&#8220;<\/a>y SpaceCamper<a href=\"https:\/\/www.planbwagen.de\/es\/spacecamper-terranger-co\/t5-califoria-se-encuentra-con-t6-spacecamper\/\"> Consejos de expertos<\/a>.<\/p>\n<p>Aqu\u00ed nuestro <a href=\"https:\/\/www.planbwagen.de\/es\/spacecamper-terranger-co\/tecnologia-todoterreno\/\">TERRANGER Modificaciones Offroad<\/a>Informaci\u00f3n sobre los temas<a href=\"https:\/\/www.planbwagen.de\/es\/alemania\/terranger-gelaendefahrtraining\/\">\u00a0Formaci\u00f3n en conducci\u00f3n todoterreno Terranger<\/a>, <a href=\"https:\/\/www.planbwagen.de\/es\/consejos-trucos\/gestion-de-la-energia-de-la-caravana-modulo-solar-bolsa-solar-memoria-autocomprobacion\/\">Gesti\u00f3n de la energ\u00eda<\/a>BRICOLAJE <a href=\"https:\/\/www.planbwagen.de\/es\/spacecamper-terranger-co\/ducha-de-carretera-diy-ducha-de-camping\/\">Dep\u00f3sitos de agua<\/a>BRICOLAJE <a href=\"https:\/\/www.planbwagen.de\/es\/spacecamper-terranger-co\/sistema-de-transporte-trasero-diy-u-original-terranger\/\">Sistema de soporte trasero<\/a>parada en boxes en\u00a0<a href=\"https:\/\/www.planbwagen.de\/es\/alemania\/parada-en-boxes-en-delta4x4-el-especialista-en-tuning-de-vehiculos-todoterreno\/\">delta4x4<\/a>, <a href=\"https:\/\/www.planbwagen.de\/es\/spacecamper-terranger-co\/butch-va-terranger-delta-4x4-hojas-de-arena-co\/\">Placas de arena<\/a>,\u00a0<a href=\"https:\/\/www.planbwagen.de\/es\/spacecamper-terranger-co\/film-center-nrw-rotulacion-de-vehiculos-proteccion-de-pintura\/\">Embalaje de veh\u00edculos<\/a> y <a href=\"https:\/\/www.planbwagen.de\/es\/spacecamper-terranger-co\/sellado-ceramico-glanzwerk-bornheim\/\">Sellado cer\u00e1mico<\/a>.<\/p>\n<p>Los temas <a href=\"https:\/\/www.planbwagen.de\/es\/lista-de-embalaje\/\">Lista de embalaje<\/a>, <a href=\"https:\/\/www.planbwagen.de\/es\/consejos-trucos\/\">Trucos y consejos<\/a>, <a href=\"https:\/\/www.planbwagen.de\/es\/amigos-marimachos\/\">BUTCH &amp; Amigos<\/a>, <a href=\"https:\/\/www.planbwagen.de\/es\/puerto-base\/\">Puerto de origen<\/a>El <a href=\"https:\/\/www.planbwagen.de\/es\/blogs-de-viajes\/\">Blogs de viajes,<\/a>\u00a0el tema <a href=\"https:\/\/www.planbwagen.de\/es\/musculo-de-la-suerte\/\">M\u00daSCULO FELIZ<\/a>\u00a0y <a href=\"https:\/\/www.planbwagen.de\/es\/acerca-de-nosotros\/\">Qui\u00e9nes somos<\/a> tienen sus propias secciones dedicadas a ellos. Puede ponerse en contacto con nosotros <a href=\"https:\/\/www.planbwagen.de\/es\/2266-2\/\">aqu\u00ed<\/a>.<\/p>\n<p>Und last but not least hier unsere Link\u00fcbersicht &#8222;<a href=\"https:\/\/www.planbwagen.de\/es\/hola\/\">Seguir al Sol<\/a>&#8222;. Damit ihr wisst wo man uns noch folgen kann.\u00a0<\/p>\n<p>Ya encontrar\u00e1s el camino. ? Si te gustan los posts, cu\u00e9ntalo y comparte, \u00a1gracias!<\/p>\n<p>[\/et_pb_text][\/et_pb_column][\/et_pb_row][\/et_pb_section]<\/p>","protected":false},"excerpt":{"rendered":"<p>[et_pb_section fb_built=&#8220;1&#8243; _builder_version=&#8220;3.22&#8243;][et_pb_row column_structure=&#8220;1_2,1_2&#8243; _builder_version=&#8220;4.5.1&#8243; _module_preset=&#8220;default&#8220;][et_pb_column type=&#8220;1_2&#8243; _builder_version=&#8220;4.5.1&#8243; _module_preset=&#8220;default&#8220;][et_pb_image src=&#8220;https:\/\/www.planbwagen.de\/wp-content\/uploads\/2020\/07\/R.jpeg&#8220; _builder_version=&#8220;4.5.1&#8243; _module_preset=&#8220;default&#8220; url=&#038;#8220 8243; url_new_window=&#8220;on&#8220; hover_enabled=&#8220;0&#8243;][\/et_pb_image][\/et_pb_column][et_pb_column type=&#8220;1_2&#8243; _builder_version=&#8220;4.5.1&#8243; _module_preset=&#8220;default&#8220;][et_pb_text _builder_version=&#8220;4.5.1&#8243; _module_preset=&#8220;default&#8220;] Neigt Ihr auch dazu, auf diese Frage mit &#8222;die Schweizer&#8220; zu antworten? &#8211; Wenn es sich um Ricola Schweizer Kr\u00e4uterzucker handelt, d\u00fcrfte diese Frage ja auch unstrittig sein. &#8211; Oder?\u00a0 Doch die Werbung zeigt [&hellip;]<\/p>","protected":false},"author":1,"featured_media":4184,"comment_status":"open","ping_status":"open","sticky":false,"template":"","format":"standard","meta":{"_et_pb_use_builder":"on","_et_pb_old_content":"<div id=\"content_start\">\u00a0<\/div><article class=\"j-blog\"><div class=\"n j-blog-meta j-blog-post--header\"><div class=\"j-text j-module n\"><a class=\"j-blog-post--category\" href=\"https:\/\/www.gluecksmuskel.de\/hectors-reisen\/spacecamper-terranger-co\/\"> SpaceCamper, Terranger & Co. <\/a> \u00a0\u00b7\u00a0 <span class=\"j-text j-blog-post--date\"> 20. Juli 2020 <\/span><\/div><h1 class=\"j-blog-header j-blog-headline j-blog-post--headline\">Wer hat's erfunden?<\/h1><\/div><div class=\"post j-blog-content\"><div id=\"cc-matrix-3638013926\"><div id=\"cc-m-12677138526\" class=\"j-module n j-spacing \"><div class=\"cc-m-spacer\" style=\"height: 5px;\">\u00a0<\/div><\/div><div id=\"cc-m-12677136926\" class=\"j-module n j-hgrid \"><div class=\"cc-m-hgrid-column\" style=\"width: 49%;\"><div id=\"cc-matrix-3638064926\"><div id=\"cc-m-12677137126\" class=\"j-module n j-video \"><div class=\"cc-m-video-gutter cc-m-video-align-center cc-m-video-ratio-2\" style=\"width: 425px;\"><div class=\"cc-m-video-wrapper\"><p><iframe id=\"cc-m-video-container-12677137126\" class=\"cc-m-video-container\" src=\"https:\/\/www.youtube-nocookie.com\/embed\/tkZ1zklbTY0?wmode=transparent&vq=hd1080\" frameborder=\"0\" allowfullscreen=\"allowfullscreen\">             <\/iframe><\/p><div class=\"cc-m-video-overlay\">\u00a0<\/div><\/div><\/div><div class=\"cc-clear\">\u00a0<\/div><\/div><\/div><\/div><div class=\"cc-m-hgrid-separator\" data-display=\"cms-only\"><div>\u00a0<\/div><\/div><div class=\"cc-m-hgrid-column last\" style=\"width: 49%;\"><div id=\"cc-matrix-3638065026\"><div id=\"cc-m-12677137226\" class=\"j-module n j-text \"><p>Neigt Ihr auch dazu, auf diese Frage mit \"die Schweizer\" zu antworten? - Wenn es sich um Ricola Schweizer Kr\u00e4uterzucker handelt, d\u00fcrfte diese Frage ja auch unstrittig sein. - Oder?<\/p><p>\u00a0<\/p><p>Doch die Werbung zeigt auf nette Art und Weise, dass dies nicht immer unstrittig sein muss. Wenn es um Kr\u00e4uterzucker geht, vertraue ich gern dem Original. Wie sieht es sonst so aus?<\/p><\/div><\/div><\/div><div class=\"cc-m-hgrid-overlay\" data-display=\"cms-only\">\u00a0<\/div><p>\u00a0<\/p><\/div><div id=\"cc-m-12677136726\" class=\"j-module n j-text \"><p>\u00a0<\/p><p>\"Als Produktpiraterie, Produktf\u00e4lschung oder Markenpiraterie wird das Gesch\u00e4ft mit Nachahmer-Waren bezeichnet, die mit dem Ziel hergestellt werden, einer Original-Ware zum Verwechseln \u00e4hnlich zu sein.\" - Achtung diese Erl\u00e4uterung ist geklaut, kopiert! - Ganz einfach, Strg-C \/\/ Strg-V. - Sie stammt von Wikipedia. Nicht fein, dennoch hoffe ich damit durch zu kommen. - Wird schon nicht so schlimm sein, oder? -\u00a0War ja keine Doktorarbeit.<\/p><p>\u00a0<\/p><p>\u00a0<\/p><p>Geklaut\u00a0habe ich auch die Idee f\u00fcr\u00a0unser Hecktr\u00e4gersystem. - Inzwischen wei\u00df ich jedoch nicht mehr, ob das eine so gute Idee war. Doch dies ist mir erst\u00a0letzte Woche so richtig bewusst geworden. Ich muss eingestehen, dass auch ich ab und zu ein gespaltenes Verh\u00e4ltnis zu Regeln bzw. \"Recht und Ordnung\" habe. - Sp\u00e4testens wenn ich mich im Stra\u00dfenverkehr als Fu\u00dfg\u00e4nger oder Fahrradfahrer bewege, ist mein Ma\u00dfstab nicht, ob die Ampel rot oder gr\u00fcn ist, sondern der, ob Kinder an der Ampel warten. Man m\u00f6chte ja kein schlechtes Vorbild sein. - Sehe ich jedoch weder ein ran nahendes Auto, noch kleine Kinder, gehe oder fahre ich, wie selbstverst\u00e4ndlich \u00fcber die rote Ampel. Machen ja (fast) alle so, zumindest in K\u00f6ln. - Sobald ich aber in einem Auto sitze, k\u00e4me ich niemals auf die Idee. Schizophren, ich wei\u00df, zumal ich im Auto sicherlich gesch\u00fctzter bin. Weil\u00a0es (fast) alle machen, ist es ja noch lange nicht richtig, und schon gar nicht erlaubt. Oder?<\/p><p>\u00a0<\/p><\/div><div id=\"cc-m-12676870726\" class=\"j-module n j-gallery \"><div id=\"cc-m-gallery-12676870726\" class=\"cc-m-gallery-container cc-m-gallery-cool clearover\"><div id=\"gallery_thumb_8181088426\" class=\"cc-m-gallery-cool-item\"><div><a rel=\"lightbox[12676870726]\" data-href=\"https:\/\/planbwagen.de\/wp-content\/uploads\/attachments\/image.jpg\" data-title=\"\" data-index=\"0\"> <img style=\"height: 176px; width: 132px; margin-bottom: 3px; margin-right: 3px;\" src=\"https:\/\/planbwagen.de\/wp-content\/uploads\/2020\/07\/image-0-5.jpg\" alt=\"\" data-orig-width=\"1200\" data-orig-height=\"1600\" \/> <\/a><\/div><\/div><div id=\"gallery_thumb_8181088626\" class=\"cc-m-gallery-cool-item\"><div><a rel=\"lightbox[12676870726]\" data-href=\"https:\/\/planbwagen.de\/wp-content\/uploads\/attachments\/image.jpg\" data-title=\"\" data-index=\"1\"> <img style=\"height: 176px; width: 235px; margin-bottom: 3px;\" src=\"https:\/\/planbwagen.de\/wp-content\/uploads\/2020\/07\/image-4-4.jpg\" alt=\"\" data-orig-width=\"1280\" data-orig-height=\"960\" \/> <\/a><\/div><\/div><div id=\"gallery_thumb_8181088526\" class=\"cc-m-gallery-cool-item\"><div><a rel=\"lightbox[12676870726]\" data-href=\"https:\/\/planbwagen.de\/wp-content\/uploads\/attachments\/image.jpg\" data-title=\"\" data-index=\"2\"> <img style=\"height: 176px; width: 132px; margin-bottom: 3px;\" src=\"https:\/\/planbwagen.de\/wp-content\/uploads\/2020\/07\/image-2-7.jpg\" alt=\"\" data-orig-width=\"1200\" data-orig-height=\"1600\" \/> <\/a><\/div><\/div><\/div><\/div><div id=\"cc-m-12676864126\" class=\"j-module n j-text \"><p>\u00a0<\/p><p>Wenn\u00a0ich es so betrachte, habe ich bei meinem Hecktr\u00e4ger auch nicht geklaut, nur ein paar Ideen geborgt. Soweit\u00a0gestehe ich. War mir zu diesem Zeitpunkt gar nicht bewusst, dass ich frech kopiere? Vielleicht nicht, vielleicht habe ich mir auch gar keine Gedanken dazu gemacht. - Ich habe einfach im Netz recherchiert, wer baut den \"aus meiner Sicht\" besten Hecktr\u00e4ger, wer hat\u00a0die l\u00e4ngste Erfahrung.<\/p><p>\u00a0<\/p><\/div><div id=\"cc-m-12676920726\" class=\"j-module n j-textWithImage \"><figure class=\"cc-imagewrapper cc-m-image-align-1\"><img id=\"cc-m-textwithimage-image-12676920726\" class=\"\" src=\"https:\/\/planbwagen.de\/wp-content\/uploads\/2020\/07\/image-0-6.jpg\" sizes=\"(min-width: 423px) 423px, 100vw\" alt=\"\" data-src-width=\"1280\" data-src-height=\"960\" data-src=\"https:\/\/planbwagen.de\/wp-content\/uploads\/2020\/07\/image-0-6.jpg\" data-image-id=\"8181117826\" data-pfsrc=\"https:\/\/planbwagen.de\/wp-content\/uploads\/2020\/07\/image-0-6.jpg\" \/><\/figure><div><div id=\"cc-m-textwithimage-12676920726\" class=\"cc-m-textwithimage-inline-rte\" data-name=\"text\" data-action=\"text\"><p>Zuerst habe\u00a0ich\u00a0diese\u00a0spannende L\u00f6sung bei MultiCamper gefunden (Messebild) und diese angeschrieben.\u00a0- Hier kam auch ein nettes Schreiben zur\u00fcck. - MultiCamper bietet seine L\u00f6sung exklusiv f\u00fcr seine Kunden an. Soweit so gut. - Da die Entscheidung f\u00fcr SpaceCamper getroffen war, war dieser Tr\u00e4ger somit raus. Doch der Ansatz ist prima.<\/p><p>\u00a0<\/p><p>\u00c4hnlich erging es uns mit einer Idee von TerraCamper. Hierzu waren zuerst keinerlei Fotos im Netz zu finden. Inzwischen gibt es deren Variante wohl auch separat zu kaufen. Der Preis von ca. 3.000,- \u20ac ist zwar kein Schn\u00e4ppchen. Doch das System macht, wie fast alles von TerraCamper, einen\u00a0durchdachten und hochwertigen \u00a0Eindruck. - W\u00e4ren uns\u00a0deren Fahrzeuge nicht ein wenig zu clean, w\u00e4re dies eine klare Alternative zu SpaceCamper gewesen.<\/p><p>\u00a0<\/p><p>Danach stie\u00dfen wir auf das System von Terranger. Hier gab es nicht nur Fotos, sondern auch Fahrzeuge live und in Farbe. So hatten wir die Chance das System etwas genauer zu betrachten. Ich kam auch mit zwei Kunden ins Gespr\u00e4ch und konnte von deren Erfahrungen profitieren. Obwohl das Terranger System, welches auf dem VW Logo Fahrradtr\u00e4ger aufbaut, als Erweiterungssatz bereits f\u00fcr unter 1.000,- \u20ac zu bekommen ist, kann man es in der entsprechenden Ausf\u00fchrung auch schnell auf die o.g. 3.000,- \u20ac aufpeppen.<\/p><p>\u00a0<\/p><p>Das muss doch preiswerter gehen!? - So begann mein Anlauf zur Kopie. Doch kopieren hei\u00dft nicht kapieren. Mir ist durchaus bewusst, wie viel Entwicklungsarbeit in einem solchen System stecken kann. Ohne die Unterst\u00fctzung meines Bruders h\u00e4tte ich wohl direkt das Original gew\u00e4hlt.<\/p><p>\u00a0<\/p><p>Apropos Original. - Als ich vorgestern unseren BUTCH bei Terranger abholte, lagen dort\u00a0zwei Haltes\u00e4tze f\u00fcr die verst\u00e4rkten Gasfedern auf dem Tisch. Auf den ersten Blick identisch. - Auf den zweiten Blick auch. - Doch w\u00e4hrend auf den einen das zu erwartende Terranger Logo sichtbar war, prangerte auf den anderen ein Hess Logo. Auf meine Frage ob Terranger die Firma Hess beliefert, wurde mit dem Hinweis abgewunken. \"Dann w\u00e4re ja alles in Ordnung\"<\/p><p>\u00a0<\/p><\/div><\/div><div class=\"cc-clear\">\u00a0<\/div><\/div><div id=\"cc-m-12676861726\" class=\"j-module n j-gallery \"><div id=\"cc-m-gallery-12676861726\" class=\"cc-m-gallery-container cc-m-gallery-cool clearover\"><div id=\"gallery_thumb_8181082426\" class=\"cc-m-gallery-cool-item\"><div><a rel=\"lightbox[12676861726]\" data-href=\"https:\/\/planbwagen.de\/wp-content\/uploads\/attachments\/image.jpg\" data-title=\"\" data-index=\"0\"> <img style=\"height: 277px; width: 370px; margin-bottom: 3px;\" src=\"https:\/\/planbwagen.de\/wp-content\/uploads\/2020\/07\/image-1-2-6.jpg\" alt=\"\" data-orig-width=\"2048\" data-orig-height=\"1536\" \/> <\/a><\/div><\/div><div id=\"gallery_thumb_8181081926\" class=\"cc-m-gallery-cool-item\"><div><a rel=\"lightbox[12676861726]\" data-href=\"https:\/\/planbwagen.de\/wp-content\/uploads\/attachments\/image.jpg\" data-title=\"\" data-index=\"1\"> <img style=\"height: 176px; width: 132px; margin-bottom: 3px; margin-right: 3px;\" src=\"https:\/\/planbwagen.de\/wp-content\/uploads\/2020\/07\/image-5-1.jpg\" alt=\"\" data-orig-width=\"1536\" data-orig-height=\"2048\" \/> <\/a><\/div><\/div><div id=\"gallery_thumb_8181082526\" class=\"cc-m-gallery-cool-item\"><div><a rel=\"lightbox[12676861726]\" data-href=\"https:\/\/planbwagen.de\/wp-content\/uploads\/attachments\/image.jpg\" data-title=\"\" data-index=\"2\"> <img style=\"height: 176px; width: 235px; margin-bottom: 3px;\" src=\"https:\/\/planbwagen.de\/wp-content\/uploads\/2020\/07\/image-0-0.jpg\" alt=\"\" data-orig-width=\"2048\" data-orig-height=\"1536\" \/> <\/a><\/div><\/div><\/div><\/div><div id=\"cc-m-12676944026\" class=\"j-module n j-text \"><p>\u00a0<\/p><p>Daneben\u00a0lagen zwei\u00a0Ersatzrad-Haltemodule, welche ebenfalls bis auf das Logo nicht zu unterscheiden sind. - Wer hat da von wem abgeschaut? - Ist so etwas noch Ideenklau oder eiskalte Produktpiraterie? Dies\u00a0werden in diesem Fall wohl Juristen kl\u00e4ren. - Doch eines\u00a0scheint klar, hier hat man nicht einmal den Versuch gestartet, ein Produkt zu verbessern, sondern sich statt dessen einfach s\u00e4mtliche Entwicklungskosten gespart. So etwas h\u00e4tte ich vielleicht aus einem Land der aufgehenden Sonne erwartet. Wer kann sich vorstellen, dass so etwas auch in der neutralen Schweiz passiert? - Doch bei der Vorstellung, dass\u00a0zwei Unternehmen, unabh\u00e4ngig voneinander,\u00a0durch Zufall exakt das gleiche Produkt entwickeln, kommen mir Zweifel.\u00a0-\u00a0Bin ich zu blau\u00e4ugig unterwegs? - Wie gro\u00df ist der Schaden durch Produktpiraterie \u00fcberhaupt?<\/p><p>\u00a0<\/p><p>Erst letztlich war ein guter Freund, Gesch\u00e4ftsf\u00fchrer eines mittelst\u00e4ndigen Unternehmens betroffen. Das in der Elektro- und Leuchtmittelindustrie kopiert wird, ist ja bekannt. Namen wie Osram, Siemens, Bosch, Miele, Hella und Vorwerk belegen Toppl\u00e4tze der unr\u00fchmlichen Liste, der am meisten kopierten Deutschen Markenhersteller. - Doch auch diese werden noch \u00fcbertroffen durch die Firma Stihl Garten und Motorger\u00e4te. Diese belegt Platz No. 1 der Liste.<\/p><p>\u00a0<\/p><p>Das Handelsblatt findet hierzu deutliche Worte und spricht sogar von der '\"F\u00e4lschermafia\", welche\u00a0 Milliardensch\u00e4den anrichtet. \"Durch gef\u00e4lschte Produkte entgehen Firmen und Staaten Milliardenums\u00e4tze, Millionen Jobs werden vernichtet.\" - Das Gesch\u00e4ft ist angeblich lukrativer als Drogenhandel.<\/p><p>\u00a0<\/p><p>Auch SpaceCamper, welches als ein besonders innovatives Unternehmen gilt, bleibt von Kopierern nicht unbeschadet. Ganz im Gegenteil. Obwohl man Jahr f\u00fcr Jahr mit neuen Innovationen aufwartet,\u00a0kann man sp\u00e4testens ein Jahr darauf, diese auf den Messest\u00e4nden einzelner Marktbegleiter wieder finden. Spacecamper bietet z.B. seit Jahren das \"SpaceCamper Moskitonetz f\u00fcr VW T5 und T6\" an. Neuerdings findet man auf der Seite von Camping Wagner das \"Moskitonetz f\u00fcr VW T5\/6 Heckklappe mit Verdunkelung\". Das die Beiden sich zum Verwechseln \u00e4hnlich sehen, ist sicherlich ebenfalls \"nur Zufall\"? - So etwas ist insbesondere dann \u00e4rgerlich, wenn man sich selbst sperrt Innovationen von Marktbegleitern zu \u00fcbernehmen. Wir h\u00e4tten z.B. gerne Airlineschienen im Auto verbaut. Klare Aussage von SpaceCamper:\u00a0\"Das bieten wir nicht an, da TerraCamper hier der Erste war.\"<\/p><p>\u00a0<\/p><p>Wie gesagt, ob es sich\u00a0in\u00a0o.g. F\u00e4llen um F\u00e4lschungen handelt, blieb und bleibt offen.\u00a0Ich kann auch nur f\u00fcr mich sprechen. Ich hatte das Gef\u00fchl mit meinem Ideenklau etwas Unrechtes getan zu haben. Nicht im gro\u00dfen Stil, doch im kleinen f\u00e4ngt es an. Darauf hin habe ich mich entschuldigt. \"So lange es wie bei mir beim Einzelfall bliebe, w\u00e4re das ja gar nicht so schlimm.\"\u00a0- Ich bekam sogar noch Tipps, worauf ich achten sollte. Vielleicht wird es irgendwann doch ein Original Hecktr\u00e4gersystem.\u00a0Ich glaube nicht nur dieses bei Terranger zu finden, ich bin mir verdammt sicher. Und\u00a0falls ich ein neues Moskitonetz brauche, werde ich dieses wieder bei SpaceCamper kaufen. Das kostet dann zwar dreizig Euro mehr, daf\u00fcr habe ich aber ein gutes Gewissen und das ist es mir dann wert.<\/p><p>\u00a0<\/p><\/div><div id=\"cc-m-12677110426\" class=\"j-module n j-text \"><p style=\"text-align: right;\"><a class=\"j-calltoaction-link j-calltoaction-link-style-2\" style=\"font-size: 16px; background-color: #ffcc00; border-width: 2px; border-color: #ffcc00; color: #ffffff; user-select: text; padding: 10px 20px; line-height: 1.5; border-radius: 0px; -webkit-appearance: none; margin: 1em 0px;\" title=\"Packliste - Was darf alles an Bord?\" href=\"\/2020\/01\/01\/packliste-was-darf-alles-an-bord\/\" data-action=\"button\" data-title=\"Sunny Side Up\"> Sunny Side Up\u00a0 \u00a0\u00a0<\/a><\/p><p style=\"text-align: right;\"><a class=\"j-calltoaction-link j-calltoaction-link-style-2\" style=\"background-color: #ffcc00; border-width: 2px; border-color: #ffcc00; color: #ffffff; user-select: text; padding: 10px 20px; font-size: 16px; line-height: 1.5; border-radius: 0px; -webkit-appearance: none; margin: 1em 0px;\" title=\"Von Terranger zur\u00fcck zu SpaceCamper\" href=\"\/2020\/07\/17\/von-terranger-zur%C3%BCck-zu-spacecamper\/\" data-action=\"button\" data-title=\"Sunny Side Down\"> Sunny Side Down\u00a0 \u00a0\u00a0<\/a><\/p><\/div><\/div><\/div><div class=\"j-module n j-text j-blog-post--tags-wrapper\"><span class=\"j-blog-post--tags--template\" style=\"display: none;\"><a class=\"j-blog-post--tag\" href=\"https:\/\/www.gluecksmuskel.de\/hectors-reisen\/?tag=tagPlaceholder\">tagPlaceholder<\/a><\/span><span class=\"j-blog-post--tags-label\" style=\"display: none;\">Tags:<\/span><\/div><div id=\"flexsocialbuttons\" class=\"n\"><div class=\"cc-sharebuttons-element cc-sharebuttons-size-16 cc-sharebuttons-style-colored cc-sharebuttons-design-square cc-sharebuttons-align-left\">\u00a0<\/div><\/div><div class=\"n j-comment\"><div id=\"commentsModule12676852426\"><p id=\"skiptoform12676852426\" class=\"skiptoform\"><a href=\"#\" data-id=\"12676852426\" data-action=\"goToForm\">Kommentar schreiben<\/a><\/p><div id=\"numComments12676852426\" class=\"j-blog-comment-counter\">Kommentare: <i class=\"cc-comments-count\">0<\/i><\/div><ul id=\"commentOutput12676852426\" class=\"com-list-noava\"><li id=\"commentFormContainer12676852426\" class=\"commentstd clearover\"><strong class=\"number\">#1<\/strong><br \/><div class=\"com-meta\">\u00a0<\/div><p><a name=\"commentForm12676852426\"><\/a><\/p><div class=\"commententry cc-com-entry\"><form id=\"commentform12676852426\" action=\"\" enctype=\"application\/x-www-form-urlencoded\" method=\"post\"><div><label class=\"required\" for=\"name12676852426\">Name: *<\/label><br \/><input id=\"name12676852426\" class=\"single\" name=\"name\" type=\"text\" value=\"\" \/><\/div><div><label class=\"required\" for=\"comment12676852426\">Eintrag: *<\/label><br \/><textarea id=\"comment12676852426\" cols=\"80\" name=\"comment\" rows=\"6\"><\/textarea><\/div><div><label class=\"required\" for=\"privacyPolicy12676852426\">Es gilt die <a href=\"\/j\/privacy\" target=\"_blank\" rel=\"noopener noreferrer\">Datenschutzerkl\u00e4rung<\/a>. *<\/label><br \/><input name=\"privacyPolicy\" type=\"hidden\" value=\"0\" \/><input id=\"privacyPolicy12676852426\" name=\"privacyPolicy\" type=\"checkbox\" value=\"1\" \/><\/div><div><input id=\"submit12676852426\" name=\"Senden\" type=\"submit\" value=\"Senden\" \/><\/div><dl class=\"zend_form\"><dt id=\"mandFields-label\"><\/dt><\/dl><div style=\"margin-top: 4px;\">* Pflichtfelder<\/div><\/form><\/div><div class=\"c\">\u00a0<\/div><\/li><\/ul><div id=\"commentError12676852426\" class=\"message-error\" style=\"display: none;\">\u00a0<\/div><div id=\"commentSuccess12676852426\" class=\"message-ok\" style=\"display: none;\">\u00a0<\/div><\/div><p><script>\/\/ <![CDATA[ window.regModule(\"module_comment\", {\"data\":{\"id\":\"12676852426\",\"closed\":\"0\",\"captcha\":\"7b60218a1bd2a30c05d562f738fedba2\",\"avatar\":false,\"lang\":{\"comment\":\"Kommentar\",\"comments\":\"Kommentare\"}}}); \/\/ ]]> <\/script><\/p><\/div><\/article>","_et_gb_content_width":"","footnotes":""},"categories":[17],"tags":[],"class_list":["post-127","post","type-post","status-publish","format-standard","has-post-thumbnail","hentry","category-spacecamper-terranger-co"],"_links":{"self":[{"href":"https:\/\/www.planbwagen.de\/es\/wp-json\/wp\/v2\/posts\/127","targetHints":{"allow":["GET"]}}],"collection":[{"href":"https:\/\/www.planbwagen.de\/es\/wp-json\/wp\/v2\/posts"}],"about":[{"href":"https:\/\/www.planbwagen.de\/es\/wp-json\/wp\/v2\/types\/post"}],"author":[{"embeddable":true,"href":"https:\/\/www.planbwagen.de\/es\/wp-json\/wp\/v2\/users\/1"}],"replies":[{"embeddable":true,"href":"https:\/\/www.planbwagen.de\/es\/wp-json\/wp\/v2\/comments?post=127"}],"version-history":[{"count":15,"href":"https:\/\/www.planbwagen.de\/es\/wp-json\/wp\/v2\/posts\/127\/revisions"}],"predecessor-version":[{"id":13340,"href":"https:\/\/www.planbwagen.de\/es\/wp-json\/wp\/v2\/posts\/127\/revisions\/13340"}],"wp:featuredmedia":[{"embeddable":true,"href":"https:\/\/www.planbwagen.de\/es\/wp-json\/wp\/v2\/media\/4184"}],"wp:attachment":[{"href":"https:\/\/www.planbwagen.de\/es\/wp-json\/wp\/v2\/media?parent=127"}],"wp:term":[{"taxonomy":"category","embeddable":true,"href":"https:\/\/www.planbwagen.de\/es\/wp-json\/wp\/v2\/categories?post=127"},{"taxonomy":"post_tag","embeddable":true,"href":"https:\/\/www.planbwagen.de\/es\/wp-json\/wp\/v2\/tags?post=127"}],"curies":[{"name":"wp","href":"https:\/\/api.w.org\/{rel}","templated":true}]}}