{"id":1149,"date":"2020-01-03T19:21:55","date_gmt":"2020-01-03T19:21:55","guid":{"rendered":""},"modified":"2021-07-03T20:23:55","modified_gmt":"2021-07-03T18:23:55","slug":"tag-no-121-tsen-brider-zehn-bruder","status":"publish","type":"post","link":"https:\/\/www.planbwagen.de\/es\/espana\/tag-no-121-tsen-brother-ten-brother\/","title":{"rendered":"Tag No. 121 &#8211; \u05e6\u05e2\u05df \u05d1\u05e8\u05d9\u05d3\u05e2\u05e8 &#8211; tsen brider &#8211; &#8222;Zehn Br\u00fcder&#8220;"},"content":{"rendered":"<p>[et_pb_section fb_built=&#8220;1&#8243; _builder_version=&#8220;4.5.1&#8243; _module_preset=&#8220;default&#8220;][et_pb_row _builder_version=&#8220;4.5.1&#8243; _module_preset=&#8220;default&#8220;][et_pb_column type=&#8220;4_4&#8243; _builder_version=&#8220;4.5.1&#8243; _module_preset=&#8220;default&#8220;][et_pb_text _builder_version=&#8220;4.5.1&#8243; _module_preset=&#8220;default&#8220;]<\/p>\n<p>A \u00faltima hora de la tarde, en plena oscuridad, un veh\u00edculo se detiene de repente detr\u00e1s de nosotros. - Siempre es una situaci\u00f3n curiosa cuando est\u00e1s en tierra de nadie. Prefiero bajarme para ver qu\u00e9 pasa. - Pero es \"s\u00f3lo\" una furgoneta, tambi\u00e9n una California. Se habla espa\u00f1ol. Nos saludamos.  - Julia y Jos\u00e9, ella cambia a un perfecto ingl\u00e9s, no, americano. - As\u00ed que una americana con su novio espa\u00f1ol. As\u00ed que nos convertimos en nuevos vecinos y tengo la oportunidad de mirar m\u00e1s de cerca el cielo estrellado. C\u00f3mo brilla, simplemente incre\u00edble.<\/p>\n<p>[\/et_pb_text][\/et_pb_column][\/et_pb_row][et_pb_row _builder_version=&#8220;4.5.1&#8243; _module_preset=&#8220;default&#8220;][et_pb_column type=&#8220;4_4&#8243; _builder_version=&#8220;4.5.1&#8243; _module_preset=&#8220;default&#8220;][et_pb_image src=&#8220;https:\/\/www.planbwagen.de\/wp-content\/uploads\/2020\/09\/1-119.jpg&#8220; title_text=&#8220;1&#8243; force_fullwidth=&#8220;on&#8220; _builder_version=&#8220;4.5.1&#8243; _module_preset=&#8220;default&#8220;][\/et_pb_image][\/et_pb_column][\/et_pb_row][et_pb_row _builder_version=&#8220;4.5.1&#8243; _module_preset=&#8220;default&#8220;][et_pb_column type=&#8220;4_4&#8243; _builder_version=&#8220;4.5.1&#8243; _module_preset=&#8220;default&#8220;][et_pb_text _builder_version=&#8220;4.5.1&#8243; _module_preset=&#8220;default&#8220;]<\/p>\n<p>Nos despertamos sobre las siete y media. A\u00fan est\u00e1 oscuro. Pero el amanecer ya se vislumbra detr\u00e1s de la monta\u00f1a. Preparo la ducha exterior. Ducharse al aire libre a siete grados es maravillosamente refrescante, o eso me digo a m\u00ed mismo. Pero primero disfruto de la vista de las monta\u00f1as neblinosas, los \u00e1rboles y la exuberante vegetaci\u00f3n.\u00a0<\/p>\n<p>Otro muesli de frutas para el desayuno, esta vez con un nuevo ingrediente. Cacahuetes sin sal. \u00a1Deliciosos! - Por alguna raz\u00f3n no los hab\u00edamos probado antes en casa. Al menos no sin la c\u00e1scara.<\/p>\n<p>M\u00e1s tarde, por la ma\u00f1ana, me pongo a hablar con nuestros nuevos vecinos. Al principio todo es sobre los Bullis. Pero entonces Julia cambia al alem\u00e1n.<\/p>\n<p>Ich frage sie woher sie so gut deutsch spricht. Sie sagt ihr Jiddisch w\u00e4re besser. Ich frage und sie best\u00e4tigt, dass sie J\u00fcdin ist. &#8211; Wir stellen fest, dass wir beide die selben\u00a0Jiddischen Lieder kennen. Wir reden dar\u00fcber, dass ich Jiddisch immer als traurig und zeitgleich lebendig empfinde,\u00a0\u00a0&#8222;Di grine Kusine&#8220;, &#8222;Dire-gelt&#8220;, dar\u00fcber, dass ich erst im letzten Jahr auf einem jiddischen Konzert in einer christlichen Kirche war, \u00fcber singende, orthodoxe Juden\u00a0im ehemaligen Getto in Venedig. &#8211; Pl\u00f6tzlich beginnt auch sie \u201eTsen brider &#8211; Zehn Brieder\u201c.\u00a0\u00a0zu singen und ich falle ein. So singen wir gemeinsam &#8230;\u00a0<\/p>\n<p>&nbsp;<\/p>\n<p><span>Tsen brider senen mir gewesn<\/span><\/p>\n<p><span>Hobn mir gehandlt in wayn<\/span><\/p>\n<p><span>Senen ayns fun unds geshtorbn<\/span><\/p>\n<p><span>Sigo vivo<\/span><\/p>\n<p>&nbsp;<\/p>\n<p>Siempre me ha gustado esta canci\u00f3n. Como hombre de negocios, s\u00e9 que hay buenos y malos momentos. Esta canci\u00f3n habla de los malos. -<\/p>\n<p>De repente estamos en el pasado, en el tema de los campos de concentraci\u00f3n. Me cuenta que su abuela fue deportada pero sobrevivi\u00f3 al campo de concentraci\u00f3n de Buchenwald. Me cuenta c\u00f3mo su abuela escogi\u00f3 un par de botas de hombre de entre una monta\u00f1a de botas en Buchenwald. Desde luego, \"\u00e9l\" no las habr\u00eda necesitado, ya que hab\u00eda sido gaseado. Se me llenan los ojos de l\u00e1grimas, me siento culpable. - Nos quedamos all\u00ed un momento y le pregunto si puedo darle un abrazo. Siento la necesidad de disculparme, y lo hago. Nos miramos y cada uno sigue su camino.<\/p>\n<p>&nbsp;<\/p>\n<p><span><strong>Shmerel con el viol\u00edn, Tewye con el bajo<\/strong><\/span><\/p>\n<p><span><strong>Shpil-she me a lidl oyfn con gas<\/strong><\/span><\/p>\n<p><span><strong>Oy oy oy oy oy, oy oy oy oy oy oy<\/strong><\/span><\/p>\n<p>&nbsp;<\/p>\n<p>Se me acerca de nuevo m\u00e1s tarde y me dice que este gesto caus\u00f3 una profunda impresi\u00f3n en Jos\u00e9. Que para \u00e9l la culpa de los espa\u00f1oles bajo el franquismo era comparable. Pero que sent\u00eda un gran respeto por el hecho de que \"nosotros\", los alemanes, hubi\u00e9ramos aprendido a expresar esa culpa con palabras. Ning\u00fan espa\u00f1ol es capaz de hacerlo. - Discutimos el hecho de que pocos italianos, japoneses y otros \"aliados\" est\u00e1n ciertamente preparados para hacerlo.<\/p>\n<p>El hecho de que pida perd\u00f3n por las atrocidades cometidas por nuestros antepasados no me hace ciertamente mejor persona, pero forma parte de mis sentimientos, de mi actitud. Precisamente porque me considero un patriota, y porque afirmo ser un patriota, tambi\u00e9n intento mantenerme al margen de los abismos de nuestro pasado.\u00a0<\/p>\n<p>&nbsp;<\/p>\n<p><span>Shpil-she me a lidl oyfn con gas<\/span><\/p>\n<p><span>Nunca he sido un hermano<\/span><\/p>\n<p><span>Hemos manipulado en flete<\/span><\/p>\n<p><span>Senen ayns fun unds geshtorbn<\/span><\/p>\n<p><span>Senen mir geblibn acht<\/span><span style=\"font-size: 18px;\">\u00a0<\/span><\/p>\n<p><span>Shmerel con fidl ...<\/span><\/p>\n<p>&nbsp;<\/p>\n<p>Hablamos largo y tendido sobre c\u00f3mo pudo ocurrir algo as\u00ed, qu\u00e9 influencia tuvo la religi\u00f3n, qu\u00e9 influencia tuvo el dinero y la(s) culpa(s). Por qu\u00e9 siempre ha habido pogromos jud\u00edos. Qu\u00e9 conexi\u00f3n hab\u00eda con cuestiones como la exclusi\u00f3n de los gremios, la negaci\u00f3n del derecho a poseer tierras, a portar armas, pero a prestar dinero en contra del \"inter\u00e9s y validez\" de los cristianos. Sobre si algo as\u00ed podr\u00eda volver a ocurrir. Hablamos de la abundancia y riqueza en la que vivimos hoy y la pobreza de los que nos precedieron. Qu\u00e9 desinformaci\u00f3n sufrimos hoy en la abundancia de informaci\u00f3n. Incluso se habla de la pol\u00edtica israel\u00ed de asentamientos. - De tener y asumir responsabilidades por ello. La conversaci\u00f3n llega tan lejos que se habla de la responsabilidad de los humanos y de la propia humanidad. Qu\u00e9 responsabilidad tenemos en el mundo, qu\u00e9 papel juegan de nuevo hoy las armas y el dinero. Es una conversaci\u00f3n conmovedora. Por supuesto, tampoco encontramos soluciones. Pero s\u00ed encontramos un poco de paz.\u00a0<\/p>\n<p>&nbsp;<\/p>\n<p><span>Shpil-she me a lidl oyfn con gas<\/span><\/p>\n<p><span>Nunca he sido un hermano<\/span><\/p>\n<p><span>Hemos manipulado en flete<\/span><\/p>\n<p><span>Senen ayns fun unds geshtorbn<\/span><\/p>\n<p><span>Senen mir geblibn acht<\/span><span style=\"font-size: 18px;\">\u00a0<\/span><\/p>\n<p><span>Shmerel con fidl ...<\/span><\/p>\n<p>&nbsp;<\/p>\n<p>Sp\u00e4ter reden Torgit und ich noch ein wenig \u00fcber Patriotismus und dar\u00fcber wie widerspr\u00fcchlich wir Deutschen doch mit Nationalstolz umgehen. Warum die Deutschladfahnen doch nur in der Hoffnung auf ein neues Sommerm\u00e4rchen heraus kommen &#8222;d\u00fcrfen&#8220;. &#8211; Schon schr\u00e4g, wenn man betrachtet, dass gerade unsere Nationalfahne, von Nazis gestern und heute abgelehnt wird. Steht\u00a0die deutsche &#8222;Tricolore&#8220; doch ebenfalls\u00a0f\u00fcr Freiheit, Gleichheit, Br\u00fcderlichkeit. Oder war es\u00a0Einigkeit, Freiheit und Demokratie. Egal,\u00a0so oder so nichts, mit dem Rechte sich identifizieren k\u00f6nnen. &#8211; Wir reden auch \u00fcber Sachsenhausen, \u00fcber meine Gespr\u00e4che mit dem Bruder eines Arbeitskollegen, der dort im Archiv gearbeitet hat.\u00a0Wir stellen uns die Frage, was es mit einem Menschen\u00a0macht, der in einer solchen Gedenkst\u00e4tte arbeitet.\u00a0<\/p>\n<p>&nbsp;<\/p>\n<p><span><strong>Ocho hermanos han sido m\u00edos<\/strong><\/span><\/p>\n<p><span><strong>Manipulado con costillas<\/strong><\/span><\/p>\n<p><span><strong>Senen ayns fun unds geshtorbn<\/strong><\/span><\/p>\n<p><span><strong>Nacemos aqu\u00ed<\/strong><\/span><\/p>\n<p>&nbsp;<\/p>\n<p>Ein wenig sp\u00e4ter verabschieden sich Julia und Jose mit den Worten &#8222;Lehitra&#8217;ot&#8220;. &#8211; Wir sp\u00fcren, dass unser Gespr\u00e4ch auf beiden Seiten Emotionen ausgel\u00f6st hat. Die Verabschiedung ist ganz besonders herzlich. Auch Jose dr\u00fcckt mich.<\/p>\n<p>\u00a0<span style=\"font-size: 18px;\">\u00a0<\/span><\/p>\n<p><span><strong>Me he convertido en un hermano<\/strong><\/span><\/p>\n<p><span><strong>Manejamos con gebeks<\/strong><\/span><\/p>\n<p><span><strong>Senen ayns fun unds geshtorbn<\/strong><\/span><\/p>\n<p><span><strong>Senen mir geblibn seks<\/strong><\/span><\/p>\n<p><span><strong>Shmerel con fidl ...<\/strong><\/span><\/p>\n<p>&nbsp;<\/p>\n<p>Torgit y yo queremos quedarnos un rato en el lugar, ya que sospechamos que los buitres volver\u00e1n a levantarse por la tarde con las t\u00e9rmicas. Ya podemos ver algunos de ellos en el cielo. - \u00bfPodremos filmar este espect\u00e1culo natural? No lo sabemos. As\u00ed que aprovechamos el tiempo para familiarizarnos con nuestra tecnolog\u00eda. Torgit con nuestro DJI Osmo Pocket, un card\u00e1n de mano. Yo con nuestras im\u00e1genes de los dos \u00faltimos d\u00edas. De alguna manera sali\u00f3 menos de lo que pensaba. - Los buitres s\u00f3lo est\u00e1n borrosos.<\/p>\n<p>[\/et_pb_text][\/et_pb_column][\/et_pb_row][et_pb_row _builder_version=&#8220;4.5.1&#8243; _module_preset=&#8220;default&#8220;][et_pb_column type=&#8220;4_4&#8243; _builder_version=&#8220;4.5.1&#8243; _module_preset=&#8220;default&#8220;][et_pb_image src=&#8220;https:\/\/www.planbwagen.de\/wp-content\/uploads\/2020\/01\/GA\u0308NSEGEIER-1024&#215;576.jpeg&#8220; _builder_version=&#8220;4.5.1&#8243; _module_preset=&#8220;default&#8220; alt=&#8220;Unter Geiern &#8211; G\u00e4nsegeier im Parque Natural Los Alcornocales &#8211; Wandergebiet El Picacho&#8220; title_text=&#8220;Created with GIMP&#8220; url=&#8220<div class=\"ikn-evt-container\">\r\n    <iframe\r\n            width=\"100%\"\r\n            class=\"ikn-evt-iframe\"\r\n            srcdoc=\"<style>\n    * {\n    padding:0;\n    margin:0;\n    overflow:hidden\n}\n\nhtml, body {\n    height:100%\n}\n\n.ikn-evt-container {\n    position: relative;\n    padding-bottom: 56.25%;\n    height: 0;\n}\n\n.ikn-evt-container iframe {\n    position: absolute;\n    top: 0;\n    left: 0;\n    width: 100%;\n    height: 100%;\n}\n\n.ikn-evt-frame {\n    display: block;\n    position: relative;\n    padding-bottom: 56.23%;\n    height: 0;\n    overflow: hidden;\n    max-width: 100%;\n    background: #000;\n}\n\n.ikn-evt-frame img.ikn-evt-thumbnail {\n    bottom: 0;\n    display: block;\n    left: 0;\n    margin: auto;\n    max-width: 100%;\n    width: 100%;\n    position: absolute;\n    right: 0;\n    top: 0;\n    border: none;\n    height: auto;\n    cursor: pointer;\n    -webkit-transition: .4s all;\n    -moz-transition: .4s all;\n    transition: .4s all;\n}\n\n.ikn-evt-frame[data-source=youtube] img.ikn-evt-thumbnail {\n    top: -63px;\n    bottom: -63px;\n}\n\n.ikn-evt-frame:hover img.ikn-evt-thumbnail {\n    -webkit-filter: brightness(75%);\n}\n\n.ikn-evt-frame .ikn-evt-play-button {\n    height: 20%;\n    width: 13%;\n    left: 44%;\n    top: 42%;\n    position: absolute;\n    cursor: pointer;\n    z-index: 1;\n    background-size: contain !important;\n}\n\n.ikn-evt-frame .ikn-evt-heading {\n    width: 100%;\n    position: absolute;\n    top: 0;\n    background: rgba(0, 0, 0, .5);\n    left: 0;\n    padding: 0.7em;\n    box-sizing: border-box;\n}\n\n.ikn-evt-frame .ikn-evt-heading .ikn-evt-heading-title {\n    font-weight: bold;\n    font-size: 1.5em;\n    color: #FFFFFF;\n    line-height: 30px;\n    margin: 0;\n    cursor: pointer;\n}.ikn-evt-frame[data-source=youtube] \r\n            .ikn-evt-play-button {background:url('https:\/\/www.planbwagen.de\/wp-content\/plugins\/embed-video-thumbnail\/assets\/images\/youtube-72-72.png') no-repeat;}.ikn-evt-frame[data-source=vimeo] \r\n            .ikn-evt-play-button {background:url('https:\/\/www.planbwagen.de\/wp-content\/plugins\/embed-video-thumbnail\/assets\/images\/play-default.png') no-repeat;}.ikn-evt-frame[data-source=dailymotion] \r\n            .ikn-evt-play-button {background:url('https:\/\/www.planbwagen.de\/wp-content\/plugins\/embed-video-thumbnail\/assets\/images\/play-default.png') no-repeat;}.ikn-evt-frame[data-source=facebook] \r\n            .ikn-evt-play-button {background:url('https:\/\/www.planbwagen.de\/wp-content\/plugins\/embed-video-thumbnail\/assets\/images\/play-default.png') no-repeat;}<\/style><div    class='ikn-evt-frame'    data-source='youtube'>    <a class='ikn-evt-link' href='\/\/www.youtube-nocookie.com\/embed\/SstC_Mc-qHw?controls=1&autoplay=1&enablejsapi=1&rel=1'>        <span class='ikn-evt-play-button'><\/span>                    <img                class='ikn-evt-thumbnail'                src='\/wp-content\/uploads\/ikana-embed-video-thumbnail\/youtube\/SstC_Mc-qHw-hqdefault.jpg'                alt='SstC_Mc-qHw'            \/>                    <\/a><\/div><script>\n    document\n        .querySelector('.ikn-evt-link')\n        .addEventListener('click', function(e) {\n                e.preventDefault();\n                e.stopPropagation();\n                window.location.replace(this.href);\n                return false;\n            }\n        )\n    ;\n<\/script>\"\r\n            frameborder=\"0\"\r\n            allow=\"accelerometer; encrypted-media; gyroscope; picture-in-picture\"\r\n            allowfullscreen\r\n title=\"SstC_Mc-qHw\"\r\n            loading=\"lazy\"\r\n            src=\"\/\/www.youtube-nocookie.com\/embed\/SstC_Mc-qHw?controls=1&autoplay=1&enablejsapi=1&rel=1\"\r\n    ><\/iframe>\r\n<\/div>8220; url_new_window=&#8220;on&#8220; align=&#8220;center&#8220; hover_enabled=&#8220;0&#8243;][\/et_pb_image][\/et_pb_column][\/et_pb_row][et_pb_row _builder_version=&#8220;4.5.1&#8243; _module_preset=&#8220;default&#8220;][et_pb_column type=&#8220;4_4&#8243; _builder_version=&#8220;4.5.1&#8243; _module_preset=&#8220;default&#8220;][et_pb_text _builder_version=&#8220;4.5.1&#8243; _module_preset=&#8220;default&#8220;]<\/p>\n<p><span>Wir machen uns am Nachmittag zu Fu\u00df auf den Weg , um die Geier zu erkunden. Mehr und mehr Geier ziehen wie erhofft ihre Bahnen am Himmel. Ich lasse die Drohne aufsteigen, halte mich jedoch m\u00f6glichst fern, um die V\u00f6gel nicht zu verscheuchen, bzw. zu verschrecken. Doch das Gegenteil ist der Fall. Die Geier n\u00e4hern sich der Drohne sehr schnell. Pl\u00f6tzlich ist die Drohe von den V\u00f6gel umkreist. Nicht die V\u00f6gel haben Angst, sondern ich, zumindest um die Drohne. Ich hole sie lieber vom Himmel.\u00a0Trotzdem entstehen etliche Aufnahmen. Auch vom Boden aus bekommen wir einen wunderbaren Eindruck. Wir schauen nun lieber &#8222;nur&#8220; zu. Wie soll ich beschreiben was in uns vorgeht?Was wir sehen macht uns besinnlich, beeindruckt? Mir fehlen die Worte.<\/span><\/p>\n<p>[\/et_pb_text][\/et_pb_column][\/et_pb_row][et_pb_row _builder_version=&#8220;4.5.1&#8243; _module_preset=&#8220;default&#8220;][et_pb_column type=&#8220;4_4&#8243; _builder_version=&#8220;4.5.1&#8243; _module_preset=&#8220;default&#8220;][et_pb_image src=&#8220;https:\/\/www.planbwagen.de\/wp-content\/uploads\/2020\/09\/2-113.jpg&#8220; title_text=&#8220;2&#8243; _builder_version=&#8220;4.5.1&#8243; _module_preset=&#8220;default&#8220;][\/et_pb_image][\/et_pb_column][\/et_pb_row][et_pb_row _builder_version=&#8220;4.5.1&#8243; _module_preset=&#8220;default&#8220;][et_pb_column type=&#8220;4_4&#8243; _builder_version=&#8220;4.5.1&#8243; _module_preset=&#8220;default&#8220;][et_pb_text _builder_version=&#8220;4.5.1&#8243; _module_preset=&#8220;default&#8220;]<\/p>\n<p>M\u00e1s tarde, salimos en direcci\u00f3n a San Jos\u00e9 del Valle. Se supone que nuestro pr\u00f3ximo campamento para pasar la noche est\u00e1 cerca.  Al parecer, all\u00ed se puede acampar junto al lago. - Por el camino, vemos dos nutrias que cruzan la carretera. Tambi\u00e9n pasamos por varios corrales de animales de granja. De nuevo nos cruzamos con ganado vacuno, novillos, cabras y sus extra\u00f1os refugios para barriles. Pero tambi\u00e9n un macho cabr\u00edo que se ha enganchado los cuernos en una alambrada. El verde del jard\u00edn del vecino parece que vuelve a ser m\u00e1s verde. Cuesta un poco rescatar a la asustada cabra de su precaria situaci\u00f3n. - Y luego hay una cabra amamantando a su reci\u00e9n nacido. A\u00fan puede verse el cord\u00f3n umbilical.\u00a0<\/p>\n<p>[\/et_pb_text][\/et_pb_column][\/et_pb_row][et_pb_row column_structure=&#8220;1_3,1_3,1_3&#8243; _builder_version=&#8220;4.5.1&#8243; _module_preset=&#8220;default&#8220;][et_pb_column type=&#8220;1_3&#8243; _builder_version=&#8220;4.5.1&#8243; _module_preset=&#8220;default&#8220;][et_pb_image src=&#8220;https:\/\/www.planbwagen.de\/wp-content\/uploads\/2020\/09\/3-106.jpg&#8220; title_text=&#8220;3&#8243; _builder_version=&#8220;4.5.1&#8243; _module_preset=&#8220;default&#8220;][\/et_pb_image][\/et_pb_column][et_pb_column type=&#8220;1_3&#8243; _builder_version=&#8220;4.5.1&#8243; _module_preset=&#8220;default&#8220;][et_pb_image src=&#8220;https:\/\/www.planbwagen.de\/wp-content\/uploads\/2020\/09\/4-96.jpg&#8220; title_text=&#8220;4&#8243; _builder_version=&#8220;4.5.1&#8243; _module_preset=&#8220;default&#8220;][\/et_pb_image][\/et_pb_column][et_pb_column type=&#8220;1_3&#8243; _builder_version=&#8220;4.5.1&#8243; _module_preset=&#8220;default&#8220;][et_pb_image src=&#8220;https:\/\/www.planbwagen.de\/wp-content\/uploads\/2020\/09\/5-83.jpg&#8220; title_text=&#8220;5&#8243; _builder_version=&#8220;4.5.1&#8243; _module_preset=&#8220;default&#8220;][\/et_pb_image][\/et_pb_column][\/et_pb_row][et_pb_row _builder_version=&#8220;4.5.1&#8243; _module_preset=&#8220;default&#8220;][et_pb_column type=&#8220;4_4&#8243; _builder_version=&#8220;4.5.1&#8243; _module_preset=&#8220;default&#8220;][et_pb_text _builder_version=&#8220;4.5.1&#8243; _module_preset=&#8220;default&#8220;]<\/p>\n<p>Cuando llegamos al lago, estamos encantados. Un lugar precioso justo en el lago. Estas son las coordenadas: 36\u00b038'24.5\u2033N 5\u00b042'45.7\u2033W Si no fuera por la basura innecesaria. Pero s\u00f3lo se tarda tres o cuatro minutos y nuestra parcela para pasar la noche vuelve a ser bonita. C\u00f3mo se puede motivar a los campistas para que sigan el lema \"Por favor, dejad el camping m\u00e1s limpio de lo que lo encontrasteis\"?<\/p>\n<p>[\/et_pb_text][\/et_pb_column][\/et_pb_row][et_pb_row column_structure=&#8220;1_3,1_3,1_3&#8243; _builder_version=&#8220;4.5.1&#8243; _module_preset=&#8220;default&#8220;][et_pb_column type=&#8220;1_3&#8243; _builder_version=&#8220;4.5.1&#8243; _module_preset=&#8220;default&#8220;][et_pb_image src=&#8220;https:\/\/www.planbwagen.de\/wp-content\/uploads\/2020\/09\/6-79.jpg&#8220; title_text=&#8220;6&#8243; _builder_version=&#8220;4.5.1&#8243; _module_preset=&#8220;default&#8220;][\/et_pb_image][\/et_pb_column][et_pb_column type=&#8220;1_3&#8243; _builder_version=&#8220;4.5.1&#8243; _module_preset=&#8220;default&#8220;][et_pb_image src=&#8220;https:\/\/www.planbwagen.de\/wp-content\/uploads\/2020\/09\/7-57.jpg&#8220; title_text=&#8220;7&#8243; _builder_version=&#8220;4.5.1&#8243; _module_preset=&#8220;default&#8220;][\/et_pb_image][\/et_pb_column][et_pb_column type=&#8220;1_3&#8243; _builder_version=&#8220;4.5.1&#8243; _module_preset=&#8220;default&#8220;][et_pb_image src=&#8220;https:\/\/www.planbwagen.de\/wp-content\/uploads\/2020\/09\/8-50.jpg&#8220; title_text=&#8220;8&#8243; _builder_version=&#8220;4.5.1&#8243; _module_preset=&#8220;default&#8220;][\/et_pb_image][\/et_pb_column][\/et_pb_row][et_pb_row _builder_version=&#8220;4.5.1&#8243; _module_preset=&#8220;default&#8220;][et_pb_column type=&#8220;4_4&#8243; _builder_version=&#8220;4.5.1&#8243; _module_preset=&#8220;default&#8220;][et_pb_text _builder_version=&#8220;4.5.1&#8243; _module_preset=&#8220;default&#8220;]<\/p>\n<p>Escribo un poco m\u00e1s en el blog, luego se editan las pel\u00edculas de los \u00faltimos d\u00edas. - Qu\u00e9 d\u00eda, qu\u00e9 impresiones, qu\u00e9 fotos.<\/p>\n<p>Erkenntnis des Tages: &#8222;Berge kommen nicht zusammen, aber Menschen&#8220;<\/p>\n<p><span><strong>Mis hermanos se han convertido en m\u00ed<\/strong><\/span><\/p>\n<p><span><strong>Manejado con shtrimp<\/strong><\/span><\/p>\n<p><span><strong>Senen ayns fun unds geshtorbn<\/strong><\/span><\/p>\n<p><span><strong>Senen mir geblibn finf<\/strong><\/span><\/p>\n<p>[\/et_pb_text][\/et_pb_column][\/et_pb_row][et_pb_row column_structure=&#8220;1_3,1_3,1_3&#8243; _builder_version=&#8220;4.5.1&#8243; _module_preset=&#8220;default&#8220;][et_pb_column type=&#8220;1_3&#8243; _builder_version=&#8220;4.5.1&#8243; _module_preset=&#8220;default&#8220;][et_pb_image src=&#8220;https:\/\/www.planbwagen.de\/wp-content\/uploads\/2020\/09\/9-47.jpg&#8220; title_text=&#8220;9&#8243; _builder_version=&#8220;4.5.1&#8243; _module_preset=&#8220;default&#8220;][\/et_pb_image][\/et_pb_column][et_pb_column type=&#8220;1_3&#8243; _builder_version=&#8220;4.5.1&#8243; _module_preset=&#8220;default&#8220;][et_pb_image src=&#8220;https:\/\/www.planbwagen.de\/wp-content\/uploads\/2020\/09\/10-34.jpg&#8220; title_text=&#8220;10&#8243; _builder_version=&#8220;4.5.1&#8243; _module_preset=&#8220;default&#8220;][\/et_pb_image][\/et_pb_column][et_pb_column type=&#8220;1_3&#8243; _builder_version=&#8220;4.5.1&#8243; _module_preset=&#8220;default&#8220;][et_pb_image src=&#8220;https:\/\/www.planbwagen.de\/wp-content\/uploads\/2020\/09\/11-29.jpg&#8220; title_text=&#8220;11&#8243; _builder_version=&#8220;4.5.1&#8243; _module_preset=&#8220;default&#8220;][\/et_pb_image][\/et_pb_column][\/et_pb_row][et_pb_row _builder_version=&#8220;4.5.1&#8243; _module_preset=&#8220;default&#8220;][et_pb_column type=&#8220;4_4&#8243; _builder_version=&#8220;4.5.1&#8243; _module_preset=&#8220;default&#8220;][et_pb_text _builder_version=&#8220;4.5.1&#8243; _module_preset=&#8220;default&#8220;]<\/p>\n<div class=\"post j-blog-content\">\n<div id=\"cc-matrix-3605121126\">\n<div id=\"cc-m-12566712326\" class=\"j-module n j-text\">\n<p><span><strong>Finf brider senen mir gewesn<\/strong><\/span><\/p>\n<p><span><strong>Hemos gestionado bir<\/strong><\/span><\/p>\n<p><span><strong>Zenen ayns fun unds geshtorbn<\/strong><\/span><\/p>\n<p><span><strong>Zenen mir geblibn fir<\/strong><\/span><\/p>\n<p>&nbsp;<\/p>\n<p><span><strong>Shmerel con fidl ...<\/strong><\/span><\/p>\n<p>&nbsp;<\/p>\n<p><span><strong>Fir brider senen mir gewesn<\/strong><\/span><\/p>\n<p><span><strong>Manejamos con heno<\/strong><\/span><\/p>\n<p><span><strong>Senen ayns fun unds geshtorbn<\/strong><\/span><\/p>\n<p><span><strong>Senen mir geblibn dray<\/strong><\/span><\/p>\n<p>&nbsp;<\/p>\n<p><span><strong>Dray brider senen mir geblibn<\/strong><\/span><\/p>\n<p><span><strong>Hobn mir gehandlt mit blay<\/strong><\/span><\/p>\n<p><span><strong>Senen ayns fun unds geshtorbn<\/strong><\/span><\/p>\n<p><span><strong>Senen mir geblibn tsway<\/strong><\/span><\/p>\n<p>&nbsp;<\/p>\n<p><span><strong>Shmerel con fidl ...<\/strong><\/span><\/p>\n<p>&nbsp;<\/p>\n<p><span><strong>Tsway brider senen mir gewesn<\/strong><\/span><\/p>\n<p><span><strong>Hobn mir gehandlt mit bayner<\/strong><\/span><\/p>\n<p><span><strong>Senen ayns fun unds geshtorbn<\/strong><\/span><\/p>\n<p><span><strong>Todav\u00eda estoy un poco m\u00e1s<\/strong><\/span><\/p>\n<p>&nbsp;<\/p>\n<p><span><strong>Me he convertido en un hermano<\/strong><\/span><\/p>\n<p><span><strong>Act\u00fao con luz<\/strong><\/span><\/p>\n<p><span><strong>Shtarbn tor ich yedn tog<\/strong><\/span><\/p>\n<p><span><strong>Wayl tsu esn hob ich nisht.<\/strong><\/span><\/p>\n<p><span><strong>&#8211; &#8211; &#8211;<\/strong><\/span><\/p>\n<p><span><b>\u00c9ramos diez hermanos,<\/b><\/span><\/p>\n<p><span><b>han comerciado con lino.<\/b><\/span><\/p>\n<p><span><b>Uno de ellos muri\u00f3,<\/b><\/span><\/p>\n<p><span><b>nos quedamos nueve.<\/b><\/span><\/p>\n<p><span><b>\u00a0<\/b><\/span><\/p>\n<p><span><b>Oh Shmerl con el viol\u00edn,<\/b><\/span><\/p>\n<p><span><b>Tevje con el bajo.<\/b><\/span><\/p>\n<p><span><b>T\u00f3came una canci\u00f3n,<\/b><\/span><\/p>\n<p><span><b>en medio del callej\u00f3n,<\/b><\/span><\/p>\n<p><span><b>T\u00f3came una canci\u00f3n,<\/b><\/span><\/p>\n<p><span><b>en medio del callej\u00f3n.<\/b><\/span><\/p>\n<p><span><b>\u00a0<\/b><\/span><\/p>\n<p><span><b>\u00c9ramos nueve hermanos,<\/b><\/span><\/p>\n<p><span><b>cambiamos en flete.<\/b><\/span><\/p>\n<p><span><b>Uno de ellos muri\u00f3,<\/b><\/span><\/p>\n<p><span><b>nos quedamos ocho.\u00a0<\/b><\/span><\/p>\n<p><span><b>\u00a0<\/b><\/span><\/p>\n<p><span><b>\u00c9ramos ocho hermanos,<\/b><\/span><\/p>\n<p><span><b>cambiamos por remolacha.<\/b><\/span><\/p>\n<p><span><b>Uno de ellos muri\u00f3,\u00a0<\/b><\/span><\/p>\n<p><span><b>nos quedamos siete.<\/b><\/span><\/p>\n<p><span><b>\u00a0\u00a0<\/b><\/span><\/p>\n<p><span><b>\u00c9ramos siete hermanos<\/b><\/span><\/p>\n<p><span><b>intercambiamos con pasteles.<\/b><\/span><\/p>\n<p><span><b>Uno de nosotros ha muerto,<\/b><\/span><\/p>\n<p><span><b>nos quedamos seis.<\/b><\/span><\/p>\n<p><span><b>\u00a0<\/b><\/span><\/p>\n<p><span><b>\u00c9ramos seis hermanos,<\/b><\/span><\/p>\n<p><span><b>intercambiamos medias.<\/b><\/span><\/p>\n<p><span><b>Uno de nosotros ha muerto,<\/b><\/span><\/p>\n<p><span><b>nos quedamos cinco.<\/b><\/span><\/p>\n<p><span><b>\u00a0<\/b><\/span><\/p>\n<p><span><b>\u00c9ramos cinco hermanos,<\/b><\/span><\/p>\n<p><span><b>cambiamos por cerveza.<\/b><\/span><\/p>\n<p><span><b>Uno de nosotros ha muerto,<\/b><\/span><\/p>\n<p><span><b>nos quedamos cuatro.<\/b><\/span><\/p>\n<p><span><b>\u00a0<\/b><\/span><\/p>\n<p><span><b>\u00c9ramos cuatro hermanos,<\/b><\/span><\/p>\n<p><span><b>intercambiamos heno.<\/b><\/span><\/p>\n<p><span><b>Uno de nosotros ha muerto,<\/b><\/span><\/p>\n<p><span><b>nos quedamos tres.<\/b><\/span><\/p>\n<p><span><b>\u00a0<\/b><\/span><\/p>\n<p><span><b>\u00c9ramos tres hermanos,<\/b><\/span><\/p>\n<p><span><b>hemos comerciado con plomo.<\/b><\/span><\/p>\n<p><span><b>Uno de nosotros ha muerto,<\/b><\/span><\/p>\n<p><span><b>nos quedamos dos.<\/b><\/span><\/p>\n<p><span><b>\u00a0<\/b><\/span><\/p>\n<p><span><b>\u00c9ramos dos hermanos,<\/b><\/span><\/p>\n<p><span><b>hemos comerciado con huesos.<\/b><\/span><\/p>\n<p><span><b>Uno de nosotros ha muerto,<\/b><\/span><\/p>\n<p><span><b>todav\u00eda queda uno.<\/b><\/span><\/p>\n<p><span><b>\u00a0<\/b><\/span><\/p>\n<p><span><b>Yo era un hermano,<\/b><\/span><\/p>\n<p><span><b>han comerciado con la luz.<\/b><\/span><\/p>\n<p><span><b>Muero todos los d\u00edas,<\/b><\/span><\/p>\n<p>&nbsp;<\/p>\n<p>\u00a0<span><b>porque no tengo nada que comer.<\/b><\/span><\/p>\n<\/div>\n<\/div>\n<\/div>\n<div class=\"n j-comment\">\n<div id=\"commentsModule12566574326\">\n<p><a name=\"commentForm12566574326\"><\/a><\/p>\n<\/div>\n<\/div>\n<p>[\/et_pb_text][\/et_pb_column][\/et_pb_row][\/et_pb_section]<\/p>","protected":false},"excerpt":{"rendered":"<p>[et_pb_section fb_built=&#8220;1&#8243; _builder_version=&#8220;4.5.1&#8243; _module_preset=&#8220;default&#8220;][et_pb_row _builder_version=&#8220;4.5.1&#8243; _module_preset=&#8220;default&#8220;][et_pb_column type=&#8220;4_4&#8243; _builder_version=&#8220;4.5.1&#8243; _module_preset=&#8220;default&#8220;][et_pb_text _builder_version=&#8220;4.5.1&#8243; _module_preset=&#8220;default&#8220;] Am sp\u00e4ten Abend, in pechschwarzer Nacht, h\u00e4lt pl\u00f6tzlich ein Fahrzeug hinter uns. \u2013\u00a0So was\u00a0ist immer wieder eine komische Situation, wenn man im Niemandsland steht. Ich steige lieber mal aus, um nach dem Rechten zu schauen. &#8211; Doch es ist \u201enur\u201c ein Bulli, ebenfalls ein [&hellip;]<\/p>","protected":false},"author":1,"featured_media":4037,"comment_status":"open","ping_status":"open","sticky":false,"template":"","format":"standard","meta":{"_et_pb_use_builder":"on","_et_pb_old_content":"<p>\u00a0<\/p><div id=\"content_start\">\u00a0<\/div><article class=\"j-blog\"><div class=\"n j-blog-meta j-blog-post--header\"><div class=\"j-text j-module n\"><a class=\"j-blog-post--category\" href=\"https:\/\/www.gluecksmuskel.de\/hectors-reisen\/spain-spanien\/\"> Spain - Spanien <\/a> \u00a0\u00b7\u00a0 <span class=\"j-text j-blog-post--date\"> 03. Januar 2020 <\/span><\/div><h1 class=\"j-blog-header j-blog-headline j-blog-post--headline\">Tag No. 121 - \u05e6\u05e2\u05df \u05d1\u05e8\u05d9\u05d3\u05e2\u05e8 - tsen brider - \"Zehn Br\u00fcder\"<\/h1><\/div><div class=\"post j-blog-content\"><div id=\"cc-matrix-3605121126\"><div id=\"cc-m-12566574626\" class=\"j-module n j-text \"><p>\u00a0<\/p><p>Am sp\u00e4ten Abend, in pechschwarzer Nacht, h\u00e4lt pl\u00f6tzlich ein Fahrzeug hinter uns. \u2013\u00a0So was\u00a0ist immer wieder eine komische Situation, wenn man im Niemandsland steht. Ich steige lieber mal aus, um nach dem Rechten zu schauen. - Doch es ist \u201enur\u201c ein Bulli, ebenfalls ein California. Es wird spanisch gesprochen. Wir begr\u00fc\u00dfen uns.\u00a0 - Julia und Jose, sie switcht auf perfektes Englisch, nein Amerikanisch. - Also eine Amerikanerin mit ihrem spanischen Freund. So bekommen wir also neue Nachbarn und ich die Gelegenheit den Sternenhimmel etwas genauer zu betrachten. Wie es funkelt, einfach Wahnsinn.<\/p><p>\u00a0<\/p><\/div><div id=\"cc-m-12566641726\" class=\"j-module n j-textWithImage \"><figure class=\"cc-imagewrapper cc-m-image-align-1\"><img id=\"cc-m-textwithimage-image-12566641726\" class=\"\" src=\"https:\/\/planbwagen.de\/wp-content\/uploads\/2020\/07\/image-8-7-4.jpg\" sizes=\"(min-width: 520px) 520px, 100vw\" alt=\"\" data-src-width=\"4032\" data-src-height=\"3024\" data-src=\"https:\/\/planbwagen.de\/wp-content\/uploads\/2020\/07\/image-8-7-4.jpg\" data-image-id=\"8122230426\" data-pfsrc=\"https:\/\/planbwagen.de\/wp-content\/uploads\/2020\/07\/image-8-7-4.jpg\" \/><\/figure><div><div id=\"cc-m-textwithimage-12566641726\" class=\"cc-m-textwithimage-inline-rte\" data-name=\"text\" data-action=\"text\"><p>Wir werden gegen halb acht wach. Es ist noch dunkel drau\u00dfen. Doch der Sonnenaufgang k\u00fcndigt sich bereits hinter dem Berg an. Ich mache die Au\u00dfendusche startklar. Au\u00dfen bei sieben Grad zu duschen, ist herrlich erfrischend, rede ich mir zumindest ein. Doch zuerst genie\u00dfe ich den Blick \u00fcber die im Nebel stehenden Berge, die B\u00e4ume und das satte Gr\u00fcn.<\/p><p>\u00a0<\/p><p>Es gibt wieder ein Obstm\u00fcsli zum Fr\u00fchst\u00fcck, diesmal mit einer neuen Zutat. Ungesalzene Erdn\u00fcsse. Lecker! - Irgendwie haben wir diese in der Heimat bisher nicht wahrgenommen. Zumindest nicht ohne Schale.<\/p><p>\u00a0<\/p><p>Sp\u00e4ter am Morgen komme ich mit unseren neuen Nachbarn ins Gespr\u00e4ch. Zuerst geht es nur um die Bullis. Doch dann wechselt Julia ins Deutsche.<\/p><p>\u00a0<\/p><p>Ich frage sie woher sie so gut deutsch spricht. Sie sagt ihr Jiddisch w\u00e4re besser. Ich frage und sie best\u00e4tigt, dass sie J\u00fcdin ist. - Wir stellen fest, dass wir beide die selben\u00a0Jiddischen Lieder kennen. Wir reden dar\u00fcber, dass ich Jiddisch immer als traurig und zeitgleich lebendig empfinde,\u00a0\u00a0\"Di grine Kusine\", \"Dire-gelt\", dar\u00fcber, dass ich erst im letzten Jahr auf einem jiddischen Konzert in einer christlichen Kirche war, \u00fcber singende, orthodoxe Juden\u00a0im ehemaligen Getto in Venedig. - Pl\u00f6tzlich beginnt auch sie \u201eTsen brider - Zehn Brieder\u201c.\u00a0\u00a0zu singen und ich falle ein. So singen wir gemeinsam ...<\/p><p>\u00a0<\/p><p style=\"text-align: center;\"><span style=\"font-size: 20px;\"><span style=\"font-weight: 700 !important;\">Tsen brider senen mir gewesn<\/span><\/span><\/p><p style=\"text-align: center;\"><span style=\"font-size: 20px;\"><span style=\"font-weight: 700 !important;\">Hobn mir gehandlt in wayn<\/span><\/span><\/p><p style=\"text-align: center;\"><span style=\"font-size: 20px;\"><span style=\"font-weight: 700 !important;\">Senen ayns fun unds geshtorbn<\/span><\/span><\/p><p style=\"text-align: center;\"><span style=\"font-size: 20px;\"><span style=\"font-weight: 700 !important;\">Senen mir geblibn nayn<\/span><\/span><\/p><p>\u00a0<\/p><p>Ich habe dieses Lied immer geliebt. Als Kaufmann wei\u00df ich, es gibt gute und schlechte Zeiten. Dieses Lied handelt von den Schlechten. -<\/p><p>Pl\u00f6tzlich sind wir in der Vergangenheit, beim Thema Konzentrationslager. Dabei, dass ihre Oma deportiert wurde, das KZ Buchenwald\u00a0jedoch \u00fcberlebt hat. Sie erz\u00e4hlt mir wie ihre Oma in Buchenwald aus einem Berg von Stiefeln, sich ein paar M\u00e4nnerstiefel herausgesucht hat. \u201eEr\u201c h\u00e4tte sie sicherlich nicht mehr gebraucht, sei ja in\u2019s Gas gegangen. Mir stehen die Tr\u00e4nen in den Augen, ich f\u00fchle mich schuldig. \u2013 So stehen wir einen Moment da, ich\u00a0frage, ob ich\u00a0sie in den Arm nehmen darf.\u00a0Ich habe das Bed\u00fcrfnis mich zu entschuldigen, was ich dann auch tue. Wir sehen uns an und gehen erst einmal auseinander.<\/p><p>\u00a0<\/p><p style=\"text-align: center;\"><span style=\"font-size: 20px;\"><strong>Shmerel mitn fidl, Tewye mitn bass<\/strong><\/span><\/p><p style=\"text-align: center;\"><span style=\"font-size: 20px;\"><strong>Shpil-she mir a lidl oyfn mitn gas<\/strong><\/span><\/p><p>\u00a0<\/p><p style=\"text-align: center;\"><span style=\"font-size: 20px;\"><strong>Oy oy oy oy oy, oy oy oy oy oy<\/strong><\/span><\/p><p>Sp\u00e4ter kommt sie noch einmal auf mich zu. - Sie erz\u00e4hlt mir, dass diese Geste Jose tief beeindruckt hat. Dass er die Schuld der Spanier unter der Franko \u00c4ra, vergleichbar sehe. Doch er h\u00e4tte gro\u00dfen Respekt davor, dass \u201ewir\u201c Deutschen gelernt h\u00e4tten, diese Schuld in Worte zu fassen. Dazu sei kein Spanier f\u00e4hig. \u2013 Wir unterhalten uns dar\u00fcber, dass sicherlich auch wenige Italiener, Japaner und sonstige \u201eVerb\u00fcndete\u201c dazu\u00a0bereit sind.<\/p><p>\u00a0<\/p><p>Dass ich mich f\u00fcr die Greueltaten unserer Ahnen entschuldige, macht mich sicher nicht zu einem besseren Menschen, doch es ist Teil meiner Empfindung, meiner Haltung. Gerade weil ich mich als vaterlandsliebend sehe, und weil ich f\u00fcr mich den Anspruch erhebe Patriot zu sein, versuche ich auch zu den Abgr\u00fcnden unserer Vergangenheit zu stehen.<\/p><p>\u00a0<\/p><p style=\"text-align: center;\"><span style=\"font-size: 20px;\"><span style=\"font-weight: 700 !important;\">Shpil-she mir a lidl oyfn mitn gas<\/span><\/span><\/p><p style=\"text-align: center;\"><span style=\"font-size: 20px;\"><span style=\"font-weight: 700 !important;\">Nayn brider senen mir gewesn<\/span><\/span><\/p><p style=\"text-align: center;\"><span style=\"font-size: 20px;\"><span style=\"font-weight: 700 !important;\">Hobn mir gehandlt in fracht<\/span><\/span><\/p><p style=\"text-align: center;\"><span style=\"font-size: 20px;\"><span style=\"font-weight: 700 !important;\">Senen ayns fun unds geshtorbn<\/span><\/span><\/p><p style=\"text-align: center;\"><span style=\"font-size: 20px;\"><span style=\"font-weight: 700 !important;\">Senen mir geblibn acht<\/span><\/span><\/p><p style=\"text-align: center;\"><span style=\"font-size: 20px;\"><span style=\"font-weight: 700 !important;\">Shmerel mitn fidl ...<\/span><\/span><\/p><p>Wir sprechen noch lange dar\u00fcber, wie so etwas passieren konnte, welchen Einfluss hatte die Religion, welchen das Geld und die Schuld(en). Warum es schon immer Judenpogrome gegeben hat. Welche Verkn\u00fcpfung es zu Themen, Ausschluss aus den Gilden, der Verwehrung\u00a0des Rechtes auf Landbesitz, auf Waffen zu tragen, jedoch entgegen der Christen Geld zu verleihen \u201eZins und G\u00fclt\u201c gegeben hat. Dar\u00fcber ob so etwas noch einmal passieren k\u00f6nnte.\u00a0Wir sprechen dar\u00fcber in welchem \u00dcberfluss und Reichtum wir heute leben, und arm die vor uns waren. Unter welcher Desinformation wir heute im \u00dcberfluss der Informationen leiden. Selbst die israelische Siedlungspolitik wird thematisiert. - Dar\u00fcber Verantwortung zu haben und zu tragen. Das Gespr\u00e4ch geht so weit, dass wir \u00fcber die Verantwortung der Humans und Humanit\u00e4t an sich reden. Welche Verantwortung wir in die Welt tragen, welche Rolle auch heute wieder Waffen und Geld haben. Es ist ein bewegendes Gespr\u00e4ch. Nat\u00fcrlich finden auch wir keine L\u00f6sungen. Doch wir finden ein wenig Frieden.<\/p><p>\u00a0<\/p><p style=\"text-align: center;\"><span style=\"font-size: 20px;\"><span style=\"font-weight: 700 !important;\">Shpil-she mir a lidl oyfn mitn gas<\/span><\/span><\/p><p style=\"text-align: center;\"><span style=\"font-size: 20px;\"><span style=\"font-weight: 700 !important;\">Nayn brider senen mir gewesn<\/span><\/span><\/p><p style=\"text-align: center;\"><span style=\"font-size: 20px;\"><span style=\"font-weight: 700 !important;\">Hobn mir gehandlt in fracht<\/span><\/span><\/p><p style=\"text-align: center;\"><span style=\"font-size: 20px;\"><span style=\"font-weight: 700 !important;\">Senen ayns fun unds geshtorbn<\/span><\/span><\/p><p style=\"text-align: center;\"><span style=\"font-size: 20px;\"><span style=\"font-weight: 700 !important;\">Senen mir geblibn acht<\/span><\/span><\/p><p style=\"text-align: center;\"><span style=\"font-size: 20px;\"><span style=\"font-weight: 700 !important;\">Shmerel mitn fidl ...<\/span><\/span><\/p><p>Sp\u00e4ter reden Torgit und ich noch ein wenig \u00fcber Patriotismus und dar\u00fcber wie widerspr\u00fcchlich wir Deutschen doch mit Nationalstolz umgehen. Warum die Deutschladfahnen doch nur in der Hoffnung auf ein neues Sommerm\u00e4rchen heraus kommen \"d\u00fcrfen\". - Schon schr\u00e4g, wenn man betrachtet, dass gerade unsere Nationalfahne, von Nazis gestern und heute abgelehnt wird. Steht\u00a0die deutsche \"Tricolore\" doch ebenfalls\u00a0f\u00fcr Freiheit, Gleichheit, Br\u00fcderlichkeit. Oder war es\u00a0Einigkeit, Freiheit und Demokratie. Egal,\u00a0so oder so nichts, mit dem Rechte sich identifizieren k\u00f6nnen. - Wir reden auch \u00fcber Sachsenhausen, \u00fcber meine Gespr\u00e4che mit dem Bruder eines Arbeitskollegen, der dort im Archiv gearbeitet hat.\u00a0Wir stellen uns die Frage, was es mit einem Menschen\u00a0macht, der in einer solchen Gedenkst\u00e4tte arbeitet.<\/p><p>\u00a0<\/p><p style=\"text-align: center;\"><span style=\"font-size: 20px;\"><strong>Acht brider senen mir gewesn<\/strong><\/span><\/p><p style=\"text-align: center;\"><span style=\"font-size: 20px;\"><strong>Hobn mir gehandlt mit ribn<\/strong><\/span><\/p><p style=\"text-align: center;\"><span style=\"font-size: 20px;\"><strong>Senen ayns fun unds geshtorbn<\/strong><\/span><\/p><p>\u00a0<\/p><p style=\"text-align: center;\"><span style=\"font-size: 20px;\"><strong>Senen mir geblibn sibn<\/strong><\/span><\/p><p>\u00a0<\/p><p>Ein wenig sp\u00e4ter verabschieden sich Julia und Jose mit den Worten \"Lehitra'ot\". - Wir sp\u00fcren, dass unser Gespr\u00e4ch auf beiden Seiten Emotionen ausgel\u00f6st hat. Die Verabschiedung ist ganz besonders herzlich. Auch Jose dr\u00fcckt mich.<\/p><p>\u00a0<\/p><p>\u00a0<\/p><p style=\"text-align: center;\"><span style=\"font-size: 20px;\"><strong>Sibn brider senen mir gewesn<\/strong><\/span><\/p><p style=\"text-align: center;\"><span style=\"font-size: 20px;\"><strong>Hobn mir gehandlt mit gebeks<\/strong><\/span><\/p><p style=\"text-align: center;\"><span style=\"font-size: 20px;\"><strong>Senen ayns fun unds geshtorbn<\/strong><\/span><\/p><p style=\"text-align: center;\"><span style=\"font-size: 20px;\"><strong>Senen mir geblibn seks<\/strong><\/span><\/p><p>\u00a0<\/p><p style=\"text-align: center;\"><span style=\"font-size: 20px;\"><strong>Shmerel mitn fidl ...<\/strong><\/span><\/p><p>Torgit und ich\u00a0wollen noch ein wenig vor Ort bleiben, da wir vermuten, dass\u00a0am Nachmittag, mit der Thermik unser Geier wieder aufsteigen. Vereinzelt sind sie bereits am Himmel zu sehen. - Bekommen wir das Naturschauspiel gefilmt? Wir wissen es nicht. Also nutzen wir die Zeit, um uns ein wenig mit unserer Technik zu besch\u00e4ftigen. Torgit mit unserer DJI Osmo Pocket,\u00a0einem Handgimbal. Ich mit unseren Aufnahmen der letzten zwei Tage. Irgendwie ist da\u00a0weniger\u00a0bei rausgekommen,\u00a0als ich\u00a0geglaubt\u00a0habe. - Geier sind nur verschwommen zu sehen.<\/p><p>\u00a0<\/p><\/div><\/div><div class=\"cc-clear\">\u00a0<\/div><\/div><div id=\"cc-m-12566723326\" class=\"j-module n j-video \"><div class=\"cc-m-video-gutter cc-m-video-align-center cc-m-video-ratio-2\" style=\"width: 1040px;\"><div class=\"cc-m-video-wrapper\"><p><iframe id=\"cc-m-video-container-12566723326\" class=\"cc-m-video-container\" src=\"https:\/\/www.youtube-nocookie.com\/embed\/SstC_Mc-qHw?wmode=transparent&vq=hd1080\" frameborder=\"0\" allowfullscreen=\"allowfullscreen\">             <\/iframe><\/p><div class=\"cc-m-video-overlay\">\u00a0<\/div><\/div><\/div><div class=\"cc-clear\">\u00a0<\/div><\/div><div id=\"cc-m-12566723226\" class=\"j-module n j-text \"><p>\u00a0<\/p><p>Wir machen uns am Nachmittag zu Fu\u00df auf den Weg , um die Geier zu erkunden. Mehr und mehr Geier ziehen wie erhofft ihre Bahnen am Himmel. Ich lasse die Drohne aufsteigen, halte mich jedoch m\u00f6glichst fern, um die V\u00f6gel nicht zu verscheuchen, bzw. zu verschrecken. Doch das Gegenteil ist der Fall. Die Geier n\u00e4hern sich der Drohne sehr schnell. Pl\u00f6tzlich ist die Drohe von den V\u00f6gel umkreist. Nicht die V\u00f6gel haben Angst, sondern ich, zumindest um die Drohne. Ich hole sie lieber vom Himmel.\u00a0Trotzdem entstehen etliche Aufnahmen. Auch vom Boden aus bekommen wir einen wunderbaren Eindruck. Wir schauen nun lieber \"nur\" zu. Wie soll ich beschreiben was in uns vorgeht?Was wir sehen macht uns besinnlich, beeindruckt? Mir fehlen die Worte.<\/p><p>\u00a0<\/p><\/div><div id=\"cc-m-12566707126\" class=\"j-module n j-imageSubtitle \"><figure class=\"cc-imagewrapper cc-m-image-align-1 cc-m-width-maxed\"><img id=\"cc-m-imagesubtitle-image-12566707126\" class=\"\" src=\"https:\/\/planbwagen.de\/wp-content\/uploads\/2020\/07\/image-1-2-3.jpg\" sizes=\"(min-width: 1040px) 1040px, 100vw\" alt=\"\" data-src-width=\"9526\" data-src-height=\"3732\" data-src=\"https:\/\/planbwagen.de\/wp-content\/uploads\/2020\/07\/image-1-2-3.jpg\" data-image-id=\"8122274726\" data-pfsrc=\"https:\/\/planbwagen.de\/wp-content\/uploads\/2020\/07\/image-1-2-3.jpg\" \/><\/figure><div class=\"cc-clear\">\u00a0<\/div><\/div><div id=\"cc-m-12566641826\" class=\"j-module n j-text \"><p>\u00a0<\/p><p>Sp\u00e4ter machen wir uns auf in Richtung\u00a0San Jos\u00e9 del Valle. Unseres n\u00e4chster Stellplatzes f\u00fcr die Nacht, soll dort\u00a0in der N\u00e4he sein.\u00a0\u00a0Angeblich kann man dort direkt am See stehen. -\u00a0 Unterwegs sehen wir noch\u00a0zwei Fischotter die Stra\u00dfe kreuzen. Wir kommen auch an diversen Gattern f\u00fcr Nutztieren vorbei. So treffen wir wieder auf Rinder,\u00a0 Jungbullen, Ziegen, sowie ihre merkw\u00fcrdigen Tonnenunterk\u00fcnfte. Aber auch einen Ziegenbock, welcher sich in einem Maschendrahtzaun mit seinen H\u00f6rnern verfangen hat. Das Gr\u00fcn in Nachbars Garten wahr scheinbar mal wieder gr\u00fcner. Es kostet einige M\u00fche den \u00e4ngstlichen Bock aus seiner prek\u00e4ren Lage zu retten. - Und dann noch eine Ziege die ihr Neugeborenes stillt. Die Nabelschnur ist noch zu sehen.<\/p><p>\u00a0<\/p><\/div><div id=\"cc-m-12566708726\" class=\"j-module n j-gallery \"><div id=\"cc-m-gallery-12566708726\" class=\"cc-m-gallery-container cc-m-gallery-cool clearover\"><div id=\"gallery_thumb_8122274926\" class=\"cc-m-gallery-cool-item\"><div><a rel=\"lightbox[12566708726]\" data-href=\"https:\/\/planbwagen.de\/wp-content\/uploads\/attachments\/image.jpg\" data-title=\"\" data-index=\"0\"> <img style=\"height: 277px; width: 370px; margin-bottom: 3px;\" src=\"https:\/\/planbwagen.de\/wp-content\/uploads\/2020\/07\/image-4-7-4.jpg\" alt=\"\" data-orig-width=\"2048\" data-orig-height=\"1536\" \/> <\/a><\/div><\/div><div id=\"gallery_thumb_8122275026\" class=\"cc-m-gallery-cool-item\"><div><a rel=\"lightbox[12566708726]\" data-href=\"https:\/\/planbwagen.de\/wp-content\/uploads\/attachments\/image.jpg\" data-title=\"\" data-index=\"1\"> <img style=\"height: 277px; width: 370px; margin-bottom: 3px;\" src=\"https:\/\/planbwagen.de\/wp-content\/uploads\/2020\/07\/image-0-5-4-0.jpg\" alt=\"\" data-orig-width=\"2048\" data-orig-height=\"1536\" \/> <\/a><\/div><\/div><div id=\"gallery_thumb_8122275126\" class=\"cc-m-gallery-cool-item\"><div><a rel=\"lightbox[12566708726]\" data-href=\"https:\/\/planbwagen.de\/wp-content\/uploads\/attachments\/image.jpg\" data-title=\"\" data-index=\"2\"> <img style=\"height: 277px; width: 370px; margin-bottom: 3px;\" src=\"https:\/\/planbwagen.de\/wp-content\/uploads\/2020\/07\/image-5-5-6.jpg\" alt=\"\" data-orig-width=\"2048\" data-orig-height=\"1536\" \/> <\/a><\/div><\/div><\/div><\/div><div id=\"cc-m-12566710226\" class=\"j-module n j-text \"><p>\u00a0<\/p><p>Als wir am See ankommen, sind wir begeistert. Ein wundersch\u00f6ner Platz direkt am See. Hier die Koordinaten: 36\u00b038'24.5\"N 5\u00b042'45.7\"W W\u00e4re da nicht wieder der unn\u00f6tige Abfall. Doch es kostet nur drei bis vier Minuten und unser Platz f\u00fcr die Nacht ist wieder ansehnlich. Wie k\u00f6nnt man Camper dazu motivieren, dass jeder dem Motto folgt \u201ePlatz bitte sauberer hinterlassen, als vorgefunden\u201c?<\/p><p>\u00a0<\/p><\/div><div id=\"cc-m-12566710526\" class=\"j-module n j-gallery \"><div id=\"cc-m-gallery-12566710526\" class=\"cc-m-gallery-container cc-m-gallery-cool clearover\"><div id=\"gallery_thumb_8122275226\" class=\"cc-m-gallery-cool-item\"><div><a rel=\"lightbox[12566710526]\" data-href=\"https:\/\/planbwagen.de\/wp-content\/uploads\/attachments\/image.jpg\" data-title=\"\" data-index=\"0\"> <img style=\"height: 277px; width: 370px; margin-bottom: 3px;\" src=\"https:\/\/planbwagen.de\/wp-content\/uploads\/2020\/07\/image-5-6-9-6.jpg\" alt=\"\" data-orig-width=\"2048\" data-orig-height=\"1536\" \/> <\/a><\/div><\/div><div id=\"gallery_thumb_8122275326\" class=\"cc-m-gallery-cool-item\"><div><a rel=\"lightbox[12566710526]\" data-href=\"https:\/\/planbwagen.de\/wp-content\/uploads\/attachments\/image.jpg\" data-title=\"\" data-index=\"1\"> <img style=\"height: 277px; width: 370px; margin-bottom: 3px;\" src=\"https:\/\/planbwagen.de\/wp-content\/uploads\/2020\/07\/image-6-7-2-0.jpg\" alt=\"\" data-orig-width=\"2048\" data-orig-height=\"1536\" \/> <\/a><\/div><\/div><div id=\"gallery_thumb_8122276226\" class=\"cc-m-gallery-cool-item\"><div><a rel=\"lightbox[12566710526]\" data-href=\"https:\/\/planbwagen.de\/wp-content\/uploads\/attachments\/image.jpg\" data-title=\"\" data-index=\"2\"> <img style=\"height: 277px; width: 370px; margin-bottom: 3px;\" src=\"https:\/\/planbwagen.de\/wp-content\/uploads\/2020\/07\/image-4-5-4.jpg\" alt=\"\" data-orig-width=\"2048\" data-orig-height=\"1536\" \/> <\/a><\/div><\/div><\/div><\/div><div id=\"cc-m-12566641626\" class=\"j-module n j-text \"><p>\u00a0<\/p><p>Ich schreibe noch ein wenig im Blog, dann werden die Filme der letzten Tage geschnitten. - Was f\u00fcr ein Tag, was f\u00fcr Eindr\u00fccke, was f\u00fcr Bilder.<\/p><p>\u00a0<\/p><p>Erkenntnis des Tages: \"Berge kommen nicht zusammen, aber Menschen\"<\/p><p>\u00a0<\/p><p style=\"text-align: center;\"><span style=\"font-size: 20px;\"><strong>Seks brider senen mir gewesn<\/strong><\/span><\/p><p style=\"text-align: center;\"><span style=\"font-size: 20px;\"><strong>Hobn mir gehandlt mit shtrimp<\/strong><\/span><\/p><p style=\"text-align: center;\"><span style=\"font-size: 20px;\"><strong>Senen ayns fun unds geshtorbn<\/strong><\/span><\/p><p style=\"text-align: center;\"><span style=\"font-size: 20px;\"><strong>Senen mir geblibn finf<\/strong><\/span><\/p><p style=\"text-align: center;\">\u00a0<\/p><\/div><div id=\"cc-m-12566712426\" class=\"j-module n j-gallery \"><div id=\"cc-m-gallery-12566712426\" class=\"cc-m-gallery-container cc-m-gallery-cool clearover\"><div id=\"gallery_thumb_8122275726\" class=\"cc-m-gallery-cool-item\"><div><a rel=\"lightbox[12566712426]\" data-href=\"https:\/\/planbwagen.de\/wp-content\/uploads\/attachments\/image.jpg\" data-title=\"\" data-index=\"0\"> <img style=\"height: 277px; width: 370px; margin-bottom: 3px;\" src=\"https:\/\/planbwagen.de\/wp-content\/uploads\/2020\/07\/image-8-9-9-1.jpg\" alt=\"\" data-orig-width=\"2048\" data-orig-height=\"1536\" \/> <\/a><\/div><\/div><div id=\"gallery_thumb_8122276126\" class=\"cc-m-gallery-cool-item\"><div><a rel=\"lightbox[12566712426]\" data-href=\"https:\/\/planbwagen.de\/wp-content\/uploads\/attachments\/image.jpg\" data-title=\"\" data-index=\"1\"> <img style=\"height: 277px; width: 370px; margin-bottom: 3px;\" src=\"https:\/\/planbwagen.de\/wp-content\/uploads\/2020\/07\/image-7-7-5.jpg\" alt=\"\" data-orig-width=\"2048\" data-orig-height=\"1536\" \/> <\/a><\/div><\/div><div id=\"gallery_thumb_8122276026\" class=\"cc-m-gallery-cool-item\"><div><a rel=\"lightbox[12566712426]\" data-href=\"https:\/\/planbwagen.de\/wp-content\/uploads\/attachments\/image.jpg\" data-title=\"\" data-index=\"2\"> <img style=\"height: 277px; width: 370px; margin-bottom: 3px;\" src=\"https:\/\/planbwagen.de\/wp-content\/uploads\/2020\/07\/image-9-9-9-3.jpg\" alt=\"\" data-orig-width=\"2048\" data-orig-height=\"1536\" \/> <\/a><\/div><\/div><\/div><\/div><div id=\"cc-m-12566712326\" class=\"j-module n j-text \"><p style=\"text-align: center;\"><span style=\"font-size: 20px;\"><strong>Finf brider senen mir gewesn<\/strong><\/span><\/p><p style=\"text-align: center;\"><span style=\"font-size: 20px;\"><strong>Hobn mir gehandlt mit bir<\/strong><\/span><\/p><p style=\"text-align: center;\"><span style=\"font-size: 20px;\"><strong>Zenen ayns fun unds geshtorbn<\/strong><\/span><\/p><p style=\"text-align: center;\"><span style=\"font-size: 20px;\"><strong>Zenen mir geblibn fir<\/strong><\/span><\/p><p style=\"text-align: center;\"><span style=\"font-size: 20px;\"><strong>Shmerel mitn fidl ...<\/strong><\/span><\/p><p style=\"text-align: center;\"><span style=\"font-size: 20px;\"><strong>Fir brider senen mir gewesn<\/strong><\/span><\/p><p style=\"text-align: center;\"><span style=\"font-size: 20px;\"><strong>Hobn mir gehandlt mit hay<\/strong><\/span><\/p><p style=\"text-align: center;\"><span style=\"font-size: 20px;\"><strong>Senen ayns fun unds geshtorbn<\/strong><\/span><\/p><p style=\"text-align: center;\"><span style=\"font-size: 20px;\"><strong>Senen mir geblibn dray<\/strong><\/span><\/p><p style=\"text-align: center;\"><span style=\"font-size: 20px;\"><strong>Dray brider senen mir geblibn<\/strong><\/span><\/p><p style=\"text-align: center;\"><span style=\"font-size: 20px;\"><strong>Hobn mir gehandlt mit blay<\/strong><\/span><\/p><p style=\"text-align: center;\"><span style=\"font-size: 20px;\"><strong>Senen ayns fun unds geshtorbn<\/strong><\/span><\/p><p style=\"text-align: center;\"><span style=\"font-size: 20px;\"><strong>Senen mir geblibn tsway<\/strong><\/span><\/p><p style=\"text-align: center;\"><span style=\"font-size: 20px;\"><strong>Shmerel mitn fidl ...<\/strong><\/span><\/p><p style=\"text-align: center;\"><span style=\"font-size: 20px;\"><strong>Tsway brider senen mir gewesn<\/strong><\/span><\/p><p style=\"text-align: center;\"><span style=\"font-size: 20px;\"><strong>Hobn mir gehandlt mit bayner<\/strong><\/span><\/p><p style=\"text-align: center;\"><span style=\"font-size: 20px;\"><strong>Senen ayns fun unds geshtorbn<\/strong><\/span><\/p><p style=\"text-align: center;\"><span style=\"font-size: 20px;\"><strong>Bin ich mir geblibn nor noch ayner<\/strong><\/span><\/p><p>\u00a0<\/p><p style=\"text-align: center;\"><span style=\"font-size: 20px;\"><strong>Ayn bruder bin ich mir geblibn<\/strong><\/span><\/p><p style=\"text-align: center;\"><span style=\"font-size: 20px;\"><strong>Handl ich mit licht<\/strong><\/span><\/p><p style=\"text-align: center;\"><span style=\"font-size: 20px;\"><strong>Shtarbn tor ich yedn tog<\/strong><\/span><\/p><p style=\"text-align: center;\"><span style=\"font-size: 20px;\"><strong>Wayl tsu esn hob ich nisht.<\/strong><\/span><\/p><p style=\"text-align: center;\"><span style=\"font-size: 20px;\"><strong>- - -<\/strong><\/span><\/p><p style=\"text-align: center;\"><span style=\"font-size: 12px;\"><b>Zehn Br\u00fcder sind wir gewesen,<\/b><\/span><\/p><p style=\"text-align: center;\"><span style=\"font-size: 12px;\"><b>haben gehandelt mit Leinen.<\/b><\/span><\/p><p style=\"text-align: center;\"><span style=\"font-size: 12px;\"><b>Einer ist gestorben,<\/b><\/span><\/p><p style=\"text-align: center;\"><span style=\"font-size: 12px;\"><b>sind wir geblieben neun.<\/b><\/span><\/p><p style=\"text-align: center;\"><span style=\"font-size: 12px;\"><b>\u00a0<\/b><\/span><\/p><p style=\"text-align: center;\"><span style=\"font-size: 12px;\"><b>Oh Shmerl mit der Geige,<\/b><\/span><\/p><p style=\"text-align: center;\"><span style=\"font-size: 12px;\"><b>Tevje mit dem Ba\u00df.<\/b><\/span><\/p><p style=\"text-align: center;\"><span style=\"font-size: 12px;\"><b>Spielt mir ein Liedchen,<\/b><\/span><\/p><p style=\"text-align: center;\"><span style=\"font-size: 12px;\"><b>mitten auf der Gasse,<\/b><\/span><\/p><p style=\"text-align: center;\"><span style=\"font-size: 12px;\"><b>oh spielt mir ein Liedchen,<\/b><\/span><\/p><p style=\"text-align: center;\"><span style=\"font-size: 12px;\"><b>mitten auf der Gasse.<\/b><\/span><\/p><p style=\"text-align: center;\"><span style=\"font-size: 12px;\"><b>\u00a0<\/b><\/span><\/p><p style=\"text-align: center;\"><span style=\"font-size: 12px;\"><b>Neun Br\u00fcder sind wir gewesen,<\/b><\/span><\/p><p style=\"text-align: center;\"><span style=\"font-size: 12px;\"><b>haben wir gehandelt mit Frachgut.<\/b><\/span><\/p><p style=\"text-align: center;\"><span style=\"font-size: 12px;\"><b>Einer ist gestorben,<\/b><\/span><\/p><p style=\"text-align: center;\"><span style=\"font-size: 12px;\"><b>sind wir geblieben acht.\u00a0<\/b><\/span><\/p><p style=\"text-align: center;\"><span style=\"font-size: 12px;\"><b>\u00a0<\/b><\/span><\/p><p style=\"text-align: center;\"><span style=\"font-size: 12px;\"><b>Acht Br\u00fcder sind wir gewesen,<\/b><\/span><\/p><p style=\"text-align: center;\"><span style=\"font-size: 12px;\"><b>haben wir gehandelt mit R\u00fcben.<\/b><\/span><\/p><p style=\"text-align: center;\"><span style=\"font-size: 12px;\"><b>Einer ist gestorben,\u00a0<\/b><\/span><\/p><p style=\"text-align: center;\"><span style=\"font-size: 12px;\"><b>sind wir geblieben sieben.<\/b><\/span><\/p><p style=\"text-align: center;\"><span style=\"font-size: 12px;\"><b>\u00a0\u00a0<\/b><\/span><\/p><p style=\"text-align: center;\"><span style=\"font-size: 12px;\"><b>Sieben Br\u00fcder sind wir gewesen<\/b><\/span><\/p><p style=\"text-align: center;\"><span style=\"font-size: 12px;\"><b>haben wir gehandelt mir Geb\u00e4ck.<\/b><\/span><\/p><p style=\"text-align: center;\"><span style=\"font-size: 12px;\"><b>Einer ist von uns gestorben,<\/b><\/span><\/p><p style=\"text-align: center;\"><span style=\"font-size: 12px;\"><b>sind wir geblieben sechs.<\/b><\/span><\/p><p style=\"text-align: center;\"><span style=\"font-size: 12px;\"><b>\u00a0<\/b><\/span><\/p><p style=\"text-align: center;\"><span style=\"font-size: 12px;\"><b>Sechs Br\u00fcder sind wir gewesen,<\/b><\/span><\/p><p style=\"text-align: center;\"><span style=\"font-size: 12px;\"><b>haben wir gehandelt mit Str\u00fcmpfen.<\/b><\/span><\/p><p style=\"text-align: center;\"><span style=\"font-size: 12px;\"><b>Einer ist von uns gestorben,<\/b><\/span><\/p><p style=\"text-align: center;\"><span style=\"font-size: 12px;\"><b>sind wir geblieben f\u00fcnf.<\/b><\/span><\/p><p style=\"text-align: center;\"><span style=\"font-size: 12px;\"><b>\u00a0<\/b><\/span><\/p><p style=\"text-align: center;\"><span style=\"font-size: 12px;\"><b>F\u00fcnf Br\u00fcder sind wir gewesen,<\/b><\/span><\/p><p style=\"text-align: center;\"><span style=\"font-size: 12px;\"><b>haben wir gehandelt mit Bier.<\/b><\/span><\/p><p style=\"text-align: center;\"><span style=\"font-size: 12px;\"><b>Einer ist von uns gestorben,<\/b><\/span><\/p><p style=\"text-align: center;\"><span style=\"font-size: 12px;\"><b>sind wir geblieben vier.<\/b><\/span><\/p><p style=\"text-align: center;\"><span style=\"font-size: 12px;\"><b>\u00a0<\/b><\/span><\/p><p style=\"text-align: center;\"><span style=\"font-size: 12px;\"><b>Vier Br\u00fcder sind wir gewesen,<\/b><\/span><\/p><p style=\"text-align: center;\"><span style=\"font-size: 12px;\"><b>haben wir gehandelt mit Heu.<\/b><\/span><\/p><p style=\"text-align: center;\"><span style=\"font-size: 12px;\"><b>Einer ist von uns gestorben,<\/b><\/span><\/p><p style=\"text-align: center;\"><span style=\"font-size: 12px;\"><b>sind wir geblieben drei.<\/b><\/span><\/p><p style=\"text-align: center;\"><span style=\"font-size: 12px;\"><b>\u00a0<\/b><\/span><\/p><p style=\"text-align: center;\"><span style=\"font-size: 12px;\"><b>Drei Br\u00fcder sind wir gewesen,<\/b><\/span><\/p><p style=\"text-align: center;\"><span style=\"font-size: 12px;\"><b>haben wir gehandelt mit Blei.<\/b><\/span><\/p><p style=\"text-align: center;\"><span style=\"font-size: 12px;\"><b>Einer ist von uns gestorben,<\/b><\/span><\/p><p style=\"text-align: center;\"><span style=\"font-size: 12px;\"><b>sind wir geblieben zwei.<\/b><\/span><\/p><p style=\"text-align: center;\"><span style=\"font-size: 12px;\"><b>\u00a0<\/b><\/span><\/p><p style=\"text-align: center;\"><span style=\"font-size: 12px;\"><b>Zwei Br\u00fcder sind wir gewesen,<\/b><\/span><\/p><p style=\"text-align: center;\"><span style=\"font-size: 12px;\"><b>haben wir gehandelt mir Knochen.<\/b><\/span><\/p><p style=\"text-align: center;\"><span style=\"font-size: 12px;\"><b>Einer ist von uns gestorben,<\/b><\/span><\/p><p style=\"text-align: center;\"><span style=\"font-size: 12px;\"><b>ist noch einer geblieben.<\/b><\/span><\/p><p style=\"text-align: center;\"><span style=\"font-size: 12px;\"><b>\u00a0<\/b><\/span><\/p><p style=\"text-align: center;\"><span style=\"font-size: 12px;\"><b>Ein Bruder bin ich gewesen,<\/b><\/span><\/p><p style=\"text-align: center;\"><span style=\"font-size: 12px;\"><b>habe gehandelt mit Licht.<\/b><\/span><\/p><p style=\"text-align: center;\"><span style=\"font-size: 12px;\"><b>Sterben tue ich jeden Tag,<\/b><\/span><\/p><p>\u00a0<\/p><p style=\"text-align: center;\">\u00a0<span style=\"font-size: 12px;\"><b>weil zu essen habe ich nichts.<\/b><\/span><\/p><\/div><div id=\"cc-m-12572284026\" class=\"j-module n j-text \"><p style=\"text-align: right;\">\u00a0\u00a0<a class=\"j-calltoaction-link j-calltoaction-link-style-2\" style=\"font-size: 16px; background-color: #ffcc00; border-width: 2px; border-color: #ffcc00; color: #ffffff; user-select: text; padding: 10px 20px; line-height: 1.5; border-radius: 0px; -webkit-appearance: none; margin: 1em 0px;\" title=\"Tag No. 122 - Welttag der Brailleschrift\" href=\"\/2020\/01\/04\/tag-no-122-welttag-der-brailleschrift\/\" data-action=\"button\" data-title=\"Sunny Side Up\">Sunny Side Up\u00a0 \u00a0\u00a0<\/a><\/p><p style=\"text-align: right;\"><a class=\"j-calltoaction-link j-calltoaction-link-style-2\" style=\"background-color: #ffcc00; border-width: 2px; border-color: #ffcc00; color: #ffffff; user-select: text; padding: 10px 20px; font-size: 16px; line-height: 1.5; border-radius: 0px; -webkit-appearance: none; margin: 1em 0px;\" title=\"Tag No. 120 - Wei\u00df doch der Geier...\" href=\"\/2020\/01\/02\/tag-no-120-wei%C3%9F-doch-der-geier\/\" data-action=\"button\" data-title=\"Sunny Side Down\"> Sunny Side Down\u00a0 \u00a0\u00a0<\/a><\/p><\/div><\/div><\/div><div class=\"j-module n j-text j-blog-post--tags-wrapper\"><span class=\"j-blog-post--tags--template\" style=\"display: none;\"><a class=\"j-blog-post--tag\" href=\"https:\/\/www.gluecksmuskel.de\/hectors-reisen\/?tag=tagPlaceholder\">tagPlaceholder<\/a><\/span><span class=\"j-blog-post--tags-label\" style=\"display: none;\">Tags:<\/span><\/div><div id=\"flexsocialbuttons\" class=\"n\"><div class=\"cc-sharebuttons-element cc-sharebuttons-size-16 cc-sharebuttons-style-colored cc-sharebuttons-design-square cc-sharebuttons-align-left\">\u00a0<\/div><\/div><div class=\"n j-comment\"><div id=\"commentsModule12566574326\"><p id=\"skiptoform12566574326\" class=\"skiptoform\"><a href=\"#\" data-id=\"12566574326\" data-action=\"goToForm\">Kommentar schreiben<\/a><\/p><div id=\"numComments12566574326\" class=\"j-blog-comment-counter\">Kommentare: <i class=\"cc-comments-count\">0<\/i><\/div><ul id=\"commentOutput12566574326\" class=\"com-list-noava\"><li id=\"commentFormContainer12566574326\" class=\"commentstd clearover\"><strong class=\"number\">#1<\/strong><br \/><div class=\"com-meta\">\u00a0<\/div><p><a name=\"commentForm12566574326\"><\/a><\/p><div class=\"commententry cc-com-entry\"><form id=\"commentform12566574326\" action=\"\" enctype=\"application\/x-www-form-urlencoded\" method=\"post\"><div><label class=\"required\" for=\"name12566574326\">Name: *<\/label><br \/><input id=\"name12566574326\" class=\"single\" name=\"name\" type=\"text\" value=\"\" \/><\/div><div><label class=\"required\" for=\"comment12566574326\">Eintrag: *<\/label><br \/><textarea id=\"comment12566574326\" cols=\"80\" name=\"comment\" rows=\"6\"><\/textarea><\/div><div><label class=\"required\" for=\"privacyPolicy12566574326\">Es gilt die <a href=\"\/j\/privacy\" target=\"_blank\" rel=\"noopener noreferrer\">Datenschutzerkl\u00e4rung<\/a>. *<\/label><br \/><input name=\"privacyPolicy\" type=\"hidden\" value=\"0\" \/><input id=\"privacyPolicy12566574326\" name=\"privacyPolicy\" type=\"checkbox\" value=\"1\" \/><\/div><div><input id=\"submit12566574326\" name=\"Senden\" type=\"submit\" value=\"Senden\" \/><\/div><dl class=\"zend_form\"><dt id=\"mandFields-label\"><\/dt><\/dl><div style=\"margin-top: 4px;\">* Pflichtfelder<\/div><\/form><\/div><div class=\"c\">\u00a0<\/div><\/li><\/ul><div id=\"commentError12566574326\" class=\"message-error\" style=\"display: none;\">\u00a0<\/div><div id=\"commentSuccess12566574326\" class=\"message-ok\" style=\"display: none;\">\u00a0<\/div><\/div><p><script>\/\/ <![CDATA[ window.regModule(\"module_comment\", {\"data\":{\"id\":\"12566574326\",\"closed\":\"0\",\"captcha\":\"ebf71bb9f584d4d9e3613e266841f8f3\",\"avatar\":false,\"lang\":{\"comment\":\"Kommentar\",\"comments\":\"Kommentare\"}}}); \/\/ ]]> <\/script><\/p><\/div><\/article><p>\u00a0<\/p>","_et_gb_content_width":"","footnotes":""},"categories":[9],"tags":[],"class_list":["post-1149","post","type-post","status-publish","format-standard","has-post-thumbnail","hentry","category-spanien"],"_links":{"self":[{"href":"https:\/\/www.planbwagen.de\/es\/wp-json\/wp\/v2\/posts\/1149","targetHints":{"allow":["GET"]}}],"collection":[{"href":"https:\/\/www.planbwagen.de\/es\/wp-json\/wp\/v2\/posts"}],"about":[{"href":"https:\/\/www.planbwagen.de\/es\/wp-json\/wp\/v2\/types\/post"}],"author":[{"embeddable":true,"href":"https:\/\/www.planbwagen.de\/es\/wp-json\/wp\/v2\/users\/1"}],"replies":[{"embeddable":true,"href":"https:\/\/www.planbwagen.de\/es\/wp-json\/wp\/v2\/comments?post=1149"}],"version-history":[{"count":7,"href":"https:\/\/www.planbwagen.de\/es\/wp-json\/wp\/v2\/posts\/1149\/revisions"}],"predecessor-version":[{"id":13419,"href":"https:\/\/www.planbwagen.de\/es\/wp-json\/wp\/v2\/posts\/1149\/revisions\/13419"}],"wp:featuredmedia":[{"embeddable":true,"href":"https:\/\/www.planbwagen.de\/es\/wp-json\/wp\/v2\/media\/4037"}],"wp:attachment":[{"href":"https:\/\/www.planbwagen.de\/es\/wp-json\/wp\/v2\/media?parent=1149"}],"wp:term":[{"taxonomy":"category","embeddable":true,"href":"https:\/\/www.planbwagen.de\/es\/wp-json\/wp\/v2\/categories?post=1149"},{"taxonomy":"post_tag","embeddable":true,"href":"https:\/\/www.planbwagen.de\/es\/wp-json\/wp\/v2\/tags?post=1149"}],"curies":[{"name":"wp","href":"https:\/\/api.w.org\/{rel}","templated":true}]}}