{"id":10898,"date":"2021-03-19T18:48:19","date_gmt":"2021-03-19T18:48:19","guid":{"rendered":"https:\/\/www.planbwagen.de\/?p=10898"},"modified":"2023-03-23T15:20:10","modified_gmt":"2023-03-23T13:20:10","slug":"von-der-isola-delle-correnti-richtung-modica","status":"publish","type":"post","link":"https:\/\/www.planbwagen.de\/es\/italia\/desde-la-isola-delle-correnti-en-direccion-a-modica\/","title":{"rendered":"Sicilia: De Isola delle Correnti a Modica"},"content":{"rendered":"<p>[et_pb_section fb_built=&#8220;1&#8243; _builder_version=&#8220;4.5.1&#8243; _module_preset=&#8220;default&#8220;][et_pb_row _builder_version=&#8220;4.5.1&#8243; _module_preset=&#8220;default&#8220;][et_pb_column type=&#8220;4_4&#8243; _builder_version=&#8220;4.5.1&#8243; _module_preset=&#8220;default&#8220;][et_pb_text _builder_version=&#8220;4.5.1&#8243; _module_preset=&#8220;default&#8220;]<\/p>\n<p><span style=\"font-size: 18px; color: #666666; font-family: Montserrat, Helvetica, Arial, Lucida, sans-serif;\">Desde la Isola delle Correnti, en el punto m\u00e1s meridional de Sicilia, nos dirigimos a M\u00f3dica y Ragusa. Despu\u00e9s <a href=\"https:\/\/www.planbwagen.de\/es\/italia\/noto-y-noto-antica\/\">Noto<\/a> nos gustar\u00eda ver m\u00e1s del barroco Val di Noto. Por algo es Patrimonio de la Humanidad de la UNESCO. Seg\u00fan el GPS, el trayecto dura menos de una hora. Sin embargo, aqu\u00ed en Sicilia no me fiar\u00eda mucho de la informaci\u00f3n del navegador. A menudo tomamos atajos. Pero tenemos la esperanza de llegar hoy.<\/span><\/p>\n<p>[\/et_pb_text][\/et_pb_column][\/et_pb_row][et_pb_row column_structure=&#8220;1_3,1_3,1_3&#8243; _builder_version=&#8220;4.5.1&#8243; _module_preset=&#8220;default&#8220;][et_pb_column type=&#8220;1_3&#8243; _builder_version=&#8220;4.5.1&#8243; _module_preset=&#8220;default&#8220;][et_pb_image src=&#8220;https:\/\/www.planbwagen.de\/wp-content\/uploads\/2021\/03\/IMG_3527-768&#215;1024.jpg&#8220; alt=&#8220;PlanBwagen am Strand von Sizilien&#8220; title_text=&#8220;IMG_3527&#8243; _builder_version=&#8220;4.5.1&#8243; _module_preset=&#8220;default&#8220;][\/et_pb_image][\/et_pb_column][et_pb_column type=&#8220;1_3&#8243; _builder_version=&#8220;4.5.1&#8243; _module_preset=&#8220;default&#8220;][et_pb_image src=&#8220;https:\/\/www.planbwagen.de\/wp-content\/uploads\/2021\/03\/IMG_0041-768&#215;1024.jpg&#8220; alt=&#8220;Marc H\u00e4usgen w\u00e4scht planBwagen&#8220; title_text=&#8220;IMG_0041&#8243; _builder_version=&#8220;4.5.1&#8243; _module_preset=&#8220;default&#8220;][\/et_pb_image][\/et_pb_column][et_pb_column type=&#8220;1_3&#8243; _builder_version=&#8220;4.5.1&#8243; _module_preset=&#8220;default&#8220;][et_pb_image src=&#8220;https:\/\/www.planbwagen.de\/wp-content\/uploads\/2021\/03\/IMG_3526-768&#215;1024.jpg&#8220; alt=&#8220;PlanBwagen am Strand von Sizilien&#8220; title_text=&#8220;IMG_3526&#8243; _builder_version=&#8220;4.5.1&#8243; _module_preset=&#8220;default&#8220;][\/et_pb_image][\/et_pb_column][\/et_pb_row][et_pb_row _builder_version=&#8220;4.5.1&#8243; _module_preset=&#8220;default&#8220;][et_pb_column type=&#8220;4_4&#8243; _builder_version=&#8220;4.5.1&#8243; _module_preset=&#8220;default&#8220;][et_pb_text _builder_version=&#8220;4.5.1&#8243; _module_preset=&#8220;default&#8220;]<\/p>\n<div id=\"ez-toc-container\" class=\"ez-toc-v2_0_76 counter-hierarchy ez-toc-counter ez-toc-grey ez-toc-container-direction\">\n<p class=\"ez-toc-title\" style=\"cursor:inherit\">Contenido<\/p>\n<label for=\"ez-toc-cssicon-toggle-item-69ec8c574be97\" class=\"ez-toc-cssicon-toggle-label\"><span class=\"\"><span class=\"eztoc-hide\" style=\"display:none;\">Toggle<\/span><span class=\"ez-toc-icon-toggle-span\"><svg style=\"fill: #999;color:#999\" xmlns=\"http:\/\/www.w3.org\/2000\/svg\" class=\"list-377408\" width=\"20px\" height=\"20px\" viewbox=\"0 0 24 24\" fill=\"none\"><path d=\"M6 6H4v2h2V6zm14 0H8v2h12V6zM4 11h2v2H4v-2zm16 0H8v2h12v-2zM4 16h2v2H4v-2zm16 0H8v2h12v-2z\" fill=\"currentColor\"><\/path><\/svg><svg style=\"fill: #999;color:#999\" class=\"arrow-unsorted-368013\" xmlns=\"http:\/\/www.w3.org\/2000\/svg\" width=\"10px\" height=\"10px\" viewbox=\"0 0 24 24\" version=\"1.2\" baseprofile=\"tiny\"><path d=\"M18.2 9.3l-6.2-6.3-6.2 6.3c-.2.2-.3.4-.3.7s.1.5.3.7c.2.2.4.3.7.3h11c.3 0 .5-.1.7-.3.2-.2.3-.5.3-.7s-.1-.5-.3-.7zM5.8 14.7l6.2 6.3 6.2-6.3c.2-.2.3-.5.3-.7s-.1-.5-.3-.7c-.2-.2-.4-.3-.7-.3h-11c-.3 0-.5.1-.7.3-.2.2-.3.5-.3.7s.1.5.3.7z\"\/><\/svg><\/span><\/span><\/label><input type=\"checkbox\"  id=\"ez-toc-cssicon-toggle-item-69ec8c574be97\"  aria-label=\"Alternar\" \/><nav><ul class='ez-toc-list ez-toc-list-level-1' ><li class='ez-toc-page-1 ez-toc-heading-level-2'><a class=\"ez-toc-link ez-toc-heading-1\" href=\"https:\/\/www.planbwagen.de\/es\/italia\/desde-la-isola-delle-correnti-en-direccion-a-modica\/#Die_Kustenstrase\" >La carretera de la costa\u00a0<\/a><\/li><li class='ez-toc-page-1 ez-toc-heading-level-2'><a class=\"ez-toc-link ez-toc-heading-2\" href=\"https:\/\/www.planbwagen.de\/es\/italia\/desde-la-isola-delle-correnti-en-direccion-a-modica\/#Muscheln_zum_Sonnenaufgang\" >Mejillones al amanecer<\/a><\/li><li class='ez-toc-page-1 ez-toc-heading-level-2'><a class=\"ez-toc-link ez-toc-heading-3\" href=\"https:\/\/www.planbwagen.de\/es\/italia\/desde-la-isola-delle-correnti-en-direccion-a-modica\/#Strandtag_auf_Sizilien\" >D\u00eda de playa en Sicilia<\/a><\/li><li class='ez-toc-page-1 ez-toc-heading-level-2'><a class=\"ez-toc-link ez-toc-heading-4\" href=\"https:\/\/www.planbwagen.de\/es\/italia\/desde-la-isola-delle-correnti-en-direccion-a-modica\/#Renn_Pferd_renn_%E2%80%A6\" >Caballo de carreras, carrera ...<\/a><\/li><\/ul><\/nav><\/div>\n<h2><span class=\"ez-toc-section\" id=\"Die_Kustenstrase\"><\/span><span style=\"font-size: xx-large;\">La carretera de la costa\u00a0<\/span><span class=\"ez-toc-section-end\"><\/span><\/h2>\n<p>Aqu\u00ed en Sicilia, nos gusta tomar las carreteras costeras siempre que sea posible. Hay un pozo en el camino, una buena oportunidad para rellenar nuestros dep\u00f3sitos de agua. La ruta por la costa es preciosa, con una larga playa de arena y dunas cambiantes. Pronto queda claro que no iremos muy lejos. Para desayunar por segunda vez, nos detenemos en Santa Maria del Focallo, una playa de arena interminable. Aparcamos en Lido Otello, en medio del arenal. Hay algunos campistas en el aparcamiento del chiringuito. Hoy hace mucho viento y aqu\u00ed est\u00e1s resguardado del viento. Decidimos quedarnos aqu\u00ed en la playa. Demasiado para llegar a Modica hoy. Pero, \u00bfqui\u00e9n podr\u00eda resistirse a esta kilom\u00e9trica playa de arena blanca?<\/p>\n<p>Salimos a pasear por la playa. Observamos con entusiasmo a unos cuantos kiters. El viento y las olas son estupendos hoy.<\/p>\n<p>[\/et_pb_text][\/et_pb_column][\/et_pb_row][et_pb_row column_structure=&#8220;1_5,1_5,1_5,1_5,1_5&#8243; _builder_version=&#8220;4.5.1&#8243; _module_preset=&#8220;default&#8220;][et_pb_column type=&#8220;1_5&#8243; _builder_version=&#8220;4.5.1&#8243; _module_preset=&#8220;default&#8220;][et_pb_image src=&#8220;https:\/\/www.planbwagen.de\/wp-content\/uploads\/2021\/03\/IMG_3581-768&#215;1024.jpg&#8220; alt=&#8220;Torgit H\u00e4usgen am Strand von Sizilien&#8220; title_text=&#8220;IMG_3581&#8243; _builder_version=&#8220;4.5.1&#8243; _module_preset=&#8220;default&#8220;][\/et_pb_image][\/et_pb_column][et_pb_column type=&#8220;1_5&#8243; _builder_version=&#8220;4.5.1&#8243; _module_preset=&#8220;default&#8220;][et_pb_image src=&#8220;https:\/\/www.planbwagen.de\/wp-content\/uploads\/2021\/03\/IMG_3572-768&#215;1024.jpg&#8220; alt=&#8220;Torgit H\u00e4usgen am Strand von Sizilien&#8220; title_text=&#8220;IMG_3572&#8243; _builder_version=&#8220;4.5.1&#8243; _module_preset=&#8220;default&#8220;][\/et_pb_image][\/et_pb_column][et_pb_column type=&#8220;1_5&#8243; _builder_version=&#8220;4.5.1&#8243; _module_preset=&#8220;default&#8220;][et_pb_image src=&#8220;https:\/\/www.planbwagen.de\/wp-content\/uploads\/2021\/03\/IMG_3571-768&#215;1024.jpg&#8220; alt=&#8220;Torgit H\u00e4usgen am Strand von Sizilien&#8220; title_text=&#8220;IMG_3571&#8243; _builder_version=&#8220;4.5.1&#8243; _module_preset=&#8220;default&#8220;][\/et_pb_image][\/et_pb_column][et_pb_column type=&#8220;1_5&#8243; _builder_version=&#8220;4.5.1&#8243; _module_preset=&#8220;default&#8220;][et_pb_image src=&#8220;https:\/\/www.planbwagen.de\/wp-content\/uploads\/2021\/03\/IMG_3570-768&#215;1024.jpg&#8220; alt=&#8220;Torgit H\u00e4usgen am Strand von Sizilien&#8220; title_text=&#8220;IMG_3570&#8243; _builder_version=&#8220;4.5.1&#8243; _module_preset=&#8220;default&#8220;][\/et_pb_image][\/et_pb_column][et_pb_column type=&#8220;1_5&#8243; _builder_version=&#8220;4.5.1&#8243; _module_preset=&#8220;default&#8220;][et_pb_image src=&#8220;https:\/\/www.planbwagen.de\/wp-content\/uploads\/2021\/03\/IMG_3567-768&#215;1024.jpg&#8220; alt=&#8220;Torgit H\u00e4usgen am Strand von Sizilien&#8220; title_text=&#8220;IMG_3567&#8243; _builder_version=&#8220;4.5.1&#8243; _module_preset=&#8220;default&#8220;][\/et_pb_image][\/et_pb_column][\/et_pb_row][et_pb_row _builder_version=&#8220;4.5.1&#8243; _module_preset=&#8220;default&#8220;][et_pb_column type=&#8220;4_4&#8243; _builder_version=&#8220;4.5.1&#8243; _module_preset=&#8220;default&#8220;][et_pb_text _builder_version=&#8220;4.5.1&#8243; _module_preset=&#8220;default&#8220;]<\/p>\n<h2><span class=\"ez-toc-section\" id=\"Muscheln_zum_Sonnenaufgang\"><\/span><span style=\"font-size: xx-large;\">Mejillones al amanecer<\/span><span class=\"ez-toc-section-end\"><\/span><\/h2>\n<p>A la ma\u00f1ana siguiente estamos de vuelta en la playa muy temprano. Nuestro reloj interior suena poco antes de las 6 de la ma\u00f1ana. Porque los amaneceres aqu\u00ed, en la costa este de Sicilia, son tan bonitos que no queremos perd\u00e9rnoslos. Somos los \u00fanicos en la playa. Aparte de nosotros, no hay m\u00e1s gente en esta maravillosa playa. Me encanta tomarme el primer caf\u00e9 sola en la playa por la ma\u00f1ana, con los pies en la arena. Marc se va a nadar, as\u00ed que yo puedo disfrutar de mi caf\u00e9 en paz.\u00a0<\/p>\n<p>Pero hay un hombre en el agua. Con pantalones largos de pesca. Parece que est\u00e1 trabajando. \u00bfQu\u00e9 hace ah\u00ed? Le saludamos amistosamente. Y como siempre aqu\u00ed en Sicilia, a la gente le gusta que le hables amistosamente. Nos ense\u00f1a alegremente su bot\u00edn: \u00a1mejillones! Camina paralelo a la playa por las aguas poco profundas, arrastrando tras de s\u00ed una especie de pesado abanico o jaula. Nos cuenta alegremente que es un polic\u00eda jubilado y que todas las ma\u00f1anas, cuando hace buen tiempo, se dedica a la pesca de conchas. No es un trabajo duro, es su afici\u00f3n. Se nos permite probarlos. Y los primeros mejillones crudos de mi vida no saben nada mal. No podr\u00edan estar m\u00e1s frescos. Perfectos para la pasta vongole. Gracias por este gran encuentro, otra lecci\u00f3n aprendida. Y no, no nos aburriremos en nuestro viaje.<\/p>\n<p>[\/et_pb_text][\/et_pb_column][\/et_pb_row][et_pb_row column_structure=&#8220;1_5,1_5,1_5,1_5,1_5&#8243; _builder_version=&#8220;4.5.1&#8243; _module_preset=&#8220;default&#8220;][et_pb_column type=&#8220;1_5&#8243; _builder_version=&#8220;4.5.1&#8243; _module_preset=&#8220;default&#8220;][et_pb_image src=&#8220;https:\/\/www.planbwagen.de\/wp-content\/uploads\/2021\/03\/IMG_3602-768&#215;1024.jpg&#8220; alt=&#8220;Muschelreuse&#8220; title_text=&#8220;IMG_3602&#8243; _builder_version=&#8220;4.5.1&#8243; _module_preset=&#8220;default&#8220;][\/et_pb_image][\/et_pb_column][et_pb_column type=&#8220;1_5&#8243; _builder_version=&#8220;4.5.1&#8243; _module_preset=&#8220;default&#8220;][et_pb_image src=&#8220;https:\/\/www.planbwagen.de\/wp-content\/uploads\/2021\/03\/IMG_3609-768&#215;1024.jpg&#8220; alt=&#8220;Muscheln&#8220; title_text=&#8220;IMG_3609&#8243; _builder_version=&#8220;4.5.1&#8243; _module_preset=&#8220;default&#8220;][\/et_pb_image][\/et_pb_column][et_pb_column type=&#8220;1_5&#8243; _builder_version=&#8220;4.5.1&#8243; _module_preset=&#8220;default&#8220;][et_pb_image src=&#8220;https:\/\/www.planbwagen.de\/wp-content\/uploads\/2021\/03\/IMG_3604-1024&#215;768.jpg&#8220; alt=&#8220;Muschelsammler im Meer&#8220; title_text=&#8220;IMG_3604&#8243; _builder_version=&#8220;4.5.1&#8243; _module_preset=&#8220;default&#8220;][\/et_pb_image][\/et_pb_column][et_pb_column type=&#8220;1_5&#8243; _builder_version=&#8220;4.5.1&#8243; _module_preset=&#8220;default&#8220;][et_pb_image src=&#8220;https:\/\/www.planbwagen.de\/wp-content\/uploads\/2021\/03\/IMG_3612-768&#215;1024.jpg&#8220; alt=&#8220;Torgit H\u00e4usgen isst Muscheln&#8220; title_text=&#8220;IMG_3612&#8243; _builder_version=&#8220;4.5.1&#8243; _module_preset=&#8220;default&#8220;][\/et_pb_image][\/et_pb_column][et_pb_column type=&#8220;1_5&#8243; _builder_version=&#8220;4.5.1&#8243; _module_preset=&#8220;default&#8220;][et_pb_image src=&#8220;https:\/\/www.planbwagen.de\/wp-content\/uploads\/2021\/03\/IMG_3600-768&#215;1024.jpg&#8220; alt=&#8220;Muschelsammler im Meer&#8220; title_text=&#8220;IMG_3600&#8243; _builder_version=&#8220;4.5.1&#8243; _module_preset=&#8220;default&#8220;][\/et_pb_image][\/et_pb_column][\/et_pb_row][et_pb_row _builder_version=&#8220;4.5.1&#8243; _module_preset=&#8220;default&#8220;][et_pb_column type=&#8220;4_4&#8243; _builder_version=&#8220;4.5.1&#8243; _module_preset=&#8220;default&#8220;][et_pb_text _builder_version=&#8220;4.5.1&#8243; _module_preset=&#8220;default&#8220;]<\/p>\n<h2><span class=\"ez-toc-section\" id=\"Strandtag_auf_Sizilien\"><\/span><span style=\"font-size: xx-large;\">D\u00eda de playa en Sicilia<\/span><span class=\"ez-toc-section-end\"><\/span><\/h2>\n<p>Decidimos quedarnos aqu\u00ed un d\u00eda m\u00e1s. La red es buena, podemos trabajar en el blog y editar algunos v\u00eddeos.<\/p>\n<p>El segundo d\u00eda es igual de ventoso. Los kiters lo disfrutan. Lo que a su vez es divertido para nosotros. Pero tener arena en cada rendija es menos divertido para nosotros. Torgit s\u00f3lo dej\u00f3 la puerta corredera abierta brevemente hoy y el interior de nuestra furgoneta ya estaba completamente cubierto de una fina capa de arena. Y cuando volvimos de la playa, ten\u00edamos arena en la nariz, las orejas, los ojos y entre los dientes.\u00a0<\/p>\n<p>[\/et_pb_text][\/et_pb_column][\/et_pb_row][et_pb_row column_structure=&#8220;1_5,1_5,1_5,1_5,1_5&#8243; _builder_version=&#8220;4.5.1&#8243; _module_preset=&#8220;default&#8220;][et_pb_column type=&#8220;1_5&#8243; _builder_version=&#8220;4.5.1&#8243; _module_preset=&#8220;default&#8220;][et_pb_image src=&#8220;https:\/\/www.planbwagen.de\/wp-content\/uploads\/2021\/03\/IMG_3655-768&#215;1024.jpg&#8220; alt=&#8220;Rennpferd mit Sulky am Strand von Sizilien&#8220; title_text=&#8220;IMG_3655&#8243; _builder_version=&#8220;4.5.1&#8243; _module_preset=&#8220;default&#8220;][\/et_pb_image][\/et_pb_column][et_pb_column type=&#8220;1_5&#8243; _builder_version=&#8220;4.5.1&#8243; _module_preset=&#8220;default&#8220;][et_pb_image src=&#8220;https:\/\/www.planbwagen.de\/wp-content\/uploads\/2021\/03\/IMG_3674-1024&#215;768.jpg&#8220; alt=&#8220;Pferdetransporter&#8220; title_text=&#8220;IMG_3674&#8243; _builder_version=&#8220;4.5.1&#8243; _module_preset=&#8220;default&#8220;][\/et_pb_image][\/et_pb_column][et_pb_column type=&#8220;1_5&#8243; _builder_version=&#8220;4.5.1&#8243; _module_preset=&#8220;default&#8220;][et_pb_image src=&#8220;https:\/\/www.planbwagen.de\/wp-content\/uploads\/2021\/03\/IMG_3654-768&#215;1024.jpg&#8220; alt=&#8220;Rennpferd mit Sulky am Strand von Sizilien&#8220; title_text=&#8220;IMG_3654&#8243; _builder_version=&#8220;4.5.1&#8243; _module_preset=&#8220;default&#8220;][\/et_pb_image][\/et_pb_column][et_pb_column type=&#8220;1_5&#8243; _builder_version=&#8220;4.5.1&#8243; _module_preset=&#8220;default&#8220;][et_pb_image src=&#8220;https:\/\/www.planbwagen.de\/wp-content\/uploads\/2021\/03\/IMG_3651-1024&#215;768.jpg&#8220; alt=&#8220;Rennpferd mit Sulky am Strand von Sizilien&#8220; title_text=&#8220;IMG_3651&#8243; _builder_version=&#8220;4.5.1&#8243; _module_preset=&#8220;default&#8220;][\/et_pb_image][\/et_pb_column][et_pb_column type=&#8220;1_5&#8243; _builder_version=&#8220;4.5.1&#8243; _module_preset=&#8220;default&#8220;][et_pb_image src=&#8220;https:\/\/www.planbwagen.de\/wp-content\/uploads\/2021\/03\/IMG_3653-768&#215;1024.jpg&#8220; alt=&#8220;Rennpferd mit Sulky am Strand von Sizilien&#8220; title_text=&#8220;IMG_3653&#8243; _builder_version=&#8220;4.5.1&#8243; _module_preset=&#8220;default&#8220;][\/et_pb_image][\/et_pb_column][\/et_pb_row][et_pb_row _builder_version=&#8220;4.5.1&#8243; _module_preset=&#8220;default&#8220;][et_pb_column type=&#8220;4_4&#8243; _builder_version=&#8220;4.5.1&#8243; _module_preset=&#8220;default&#8220;][et_pb_text _builder_version=&#8220;4.5.1&#8243; _module_preset=&#8220;default&#8220;]<\/p>\n<h2><span class=\"ez-toc-section\" id=\"Renn_Pferd_renn_%E2%80%A6\"><\/span><span style=\"font-size: xx-large;\">Caballo de carreras, carrera ...<\/span><span class=\"ez-toc-section-end\"><\/span><\/h2>\n<p>A la ma\u00f1ana siguiente volvemos a la playa bastante temprano. Llega un cami\u00f3n y un par de tipos en scooter. Hay un mont\u00f3n de ch\u00e1chara siciliana, luego bajan la trampilla del cami\u00f3n y apenas puedo creer lo que ven mis ojos: sacan a un precioso caballo de carreras pura sangre. Tiene fuego en el trasero. El caballo es conducido r\u00e1pidamente a la playa y enganchado a un sulky. El jinete, o mejor dicho, el gaucho, salta y nos vamos por la playa. Cuando el caballo ha dado un buen revolc\u00f3n, Marc puede dar una vuelta. Y el jinete le dice con orgullo que este gran caballo de carreras le pertenece a \u00e9l y a sus cuatro amigos. Qu\u00e9 gran afici\u00f3n.<\/p>\n<p>Luego nos dirigimos a Modica. \u00bfLlegaremos hoy?<\/p>\n<p>[\/et_pb_text][\/et_pb_column][\/et_pb_row][et_pb_row _builder_version=&#8220;4.5.1&#8243; _module_preset=&#8220;default&#8220;][et_pb_column type=&#8220;4_4&#8243; _builder_version=&#8220;4.5.1&#8243; _module_preset=&#8220;default&#8220;][et_pb_image src=&#8220;https:\/\/www.planbwagen.de\/wp-content\/uploads\/2021\/03\/PFERD-1024&#215;577.jpg&#8220; alt=&#8220;Rennpferd auf Sizilien am Strand&#8220; url=&#8220<div class=\"ikn-evt-container\">\r\n    <iframe\r\n            width=\"100%\"\r\n            class=\"ikn-evt-iframe\"\r\n            srcdoc=\"<style>\n    * {\n    padding:0;\n    margin:0;\n    overflow:hidden\n}\n\nhtml, body {\n    height:100%\n}\n\n.ikn-evt-container {\n    position: relative;\n    padding-bottom: 56.25%;\n    height: 0;\n}\n\n.ikn-evt-container iframe {\n    position: absolute;\n    top: 0;\n    left: 0;\n    width: 100%;\n    height: 100%;\n}\n\n.ikn-evt-frame {\n    display: block;\n    position: relative;\n    padding-bottom: 56.23%;\n    height: 0;\n    overflow: hidden;\n    max-width: 100%;\n    background: #000;\n}\n\n.ikn-evt-frame img.ikn-evt-thumbnail {\n    bottom: 0;\n    display: block;\n    left: 0;\n    margin: auto;\n    max-width: 100%;\n    width: 100%;\n    position: absolute;\n    right: 0;\n    top: 0;\n    border: none;\n    height: auto;\n    cursor: pointer;\n    -webkit-transition: .4s all;\n    -moz-transition: .4s all;\n    transition: .4s all;\n}\n\n.ikn-evt-frame[data-source=youtube] img.ikn-evt-thumbnail {\n    top: -63px;\n    bottom: -63px;\n}\n\n.ikn-evt-frame:hover img.ikn-evt-thumbnail {\n    -webkit-filter: brightness(75%);\n}\n\n.ikn-evt-frame .ikn-evt-play-button {\n    height: 20%;\n    width: 13%;\n    left: 44%;\n    top: 42%;\n    position: absolute;\n    cursor: pointer;\n    z-index: 1;\n    background-size: contain !important;\n}\n\n.ikn-evt-frame .ikn-evt-heading {\n    width: 100%;\n    position: absolute;\n    top: 0;\n    background: rgba(0, 0, 0, .5);\n    left: 0;\n    padding: 0.7em;\n    box-sizing: border-box;\n}\n\n.ikn-evt-frame .ikn-evt-heading .ikn-evt-heading-title {\n    font-weight: bold;\n    font-size: 1.5em;\n    color: #FFFFFF;\n    line-height: 30px;\n    margin: 0;\n    cursor: pointer;\n}.ikn-evt-frame[data-source=youtube] \r\n            .ikn-evt-play-button {background:url('https:\/\/www.planbwagen.de\/wp-content\/plugins\/embed-video-thumbnail\/assets\/images\/youtube-72-72.png') no-repeat;}.ikn-evt-frame[data-source=vimeo] \r\n            .ikn-evt-play-button {background:url('https:\/\/www.planbwagen.de\/wp-content\/plugins\/embed-video-thumbnail\/assets\/images\/play-default.png') no-repeat;}.ikn-evt-frame[data-source=dailymotion] \r\n            .ikn-evt-play-button {background:url('https:\/\/www.planbwagen.de\/wp-content\/plugins\/embed-video-thumbnail\/assets\/images\/play-default.png') no-repeat;}.ikn-evt-frame[data-source=facebook] \r\n            .ikn-evt-play-button {background:url('https:\/\/www.planbwagen.de\/wp-content\/plugins\/embed-video-thumbnail\/assets\/images\/play-default.png') no-repeat;}<\/style><div    class='ikn-evt-frame'    data-source='youtube'>    <a class='ikn-evt-link' href='\/\/www.youtube-nocookie.com\/embed\/FoA8U4NuOX8?controls=1&autoplay=1&enablejsapi=1&rel=1'>        <span class='ikn-evt-play-button'><\/span>                    <img                class='ikn-evt-thumbnail'                src='\/wp-content\/uploads\/ikana-embed-video-thumbnail\/youtube\/FoA8U4NuOX8-hqdefault.jpg'                alt='FoA8U4NuOX8'            \/>                    <\/a><\/div><script>\n    document\n        .querySelector('.ikn-evt-link')\n        .addEventListener('click', function(e) {\n                e.preventDefault();\n                e.stopPropagation();\n                window.location.replace(this.href);\n                return false;\n            }\n        )\n    ;\n<\/script>\"\r\n            frameborder=\"0\"\r\n            allow=\"accelerometer; encrypted-media; gyroscope; picture-in-picture\"\r\n            allowfullscreen\r\n title=\"FoA8U4NuOX8\"\r\n            loading=\"lazy\"\r\n            src=\"\/\/www.youtube-nocookie.com\/embed\/FoA8U4NuOX8?controls=1&autoplay=1&enablejsapi=1&rel=1\"\r\n    ><\/iframe>\r\n<\/div>8243; url_new_window=&#8220;on&#8220; align=&#8220;center&#8220; _builder_version=&#8220;4.5.1&#8243; _module_preset=&#8220;default&#8220;][\/et_pb_image][\/et_pb_column][\/et_pb_row][\/et_pb_section]<\/p>","protected":false},"excerpt":{"rendered":"<p>[et_pb_section fb_built=&#8220;1&#8243; _builder_version=&#8220;4.5.1&#8243; _module_preset=&#8220;default&#8220;][et_pb_row _builder_version=&#8220;4.5.1&#8243; _module_preset=&#8220;default&#8220;][et_pb_column type=&#8220;4_4&#8243; _builder_version=&#8220;4.5.1&#8243; _module_preset=&#8220;default&#8220;][et_pb_text _builder_version=&#8220;4.5.1&#8243; _module_preset=&#8220;default&#8220;] Von der Isola delle Correnti am s\u00fcdlichsten Punkt Siziliens machen wir uns auf den Weg nach Modica und Ragusa. Nachdem uns Noto so gut gefallen hat, m\u00f6chten wir mehr vom barocken Val di Noto sehen. Geh\u00f6rt ja sicher nicht ohne Grund zum UNESCO Weltkulturerbe. [&hellip;]<\/p>","protected":false},"author":1,"featured_media":10902,"comment_status":"open","ping_status":"open","sticky":false,"template":"","format":"standard","meta":{"_et_pb_use_builder":"on","_et_pb_old_content":"","_et_gb_content_width":"","footnotes":""},"categories":[32,39],"tags":[],"class_list":["post-10898","post","type-post","status-publish","format-standard","has-post-thumbnail","hentry","category-italien","category-sizilien"],"_links":{"self":[{"href":"https:\/\/www.planbwagen.de\/es\/wp-json\/wp\/v2\/posts\/10898","targetHints":{"allow":["GET"]}}],"collection":[{"href":"https:\/\/www.planbwagen.de\/es\/wp-json\/wp\/v2\/posts"}],"about":[{"href":"https:\/\/www.planbwagen.de\/es\/wp-json\/wp\/v2\/types\/post"}],"author":[{"embeddable":true,"href":"https:\/\/www.planbwagen.de\/es\/wp-json\/wp\/v2\/users\/1"}],"replies":[{"embeddable":true,"href":"https:\/\/www.planbwagen.de\/es\/wp-json\/wp\/v2\/comments?post=10898"}],"version-history":[{"count":21,"href":"https:\/\/www.planbwagen.de\/es\/wp-json\/wp\/v2\/posts\/10898\/revisions"}],"predecessor-version":[{"id":14391,"href":"https:\/\/www.planbwagen.de\/es\/wp-json\/wp\/v2\/posts\/10898\/revisions\/14391"}],"wp:featuredmedia":[{"embeddable":true,"href":"https:\/\/www.planbwagen.de\/es\/wp-json\/wp\/v2\/media\/10902"}],"wp:attachment":[{"href":"https:\/\/www.planbwagen.de\/es\/wp-json\/wp\/v2\/media?parent=10898"}],"wp:term":[{"taxonomy":"category","embeddable":true,"href":"https:\/\/www.planbwagen.de\/es\/wp-json\/wp\/v2\/categories?post=10898"},{"taxonomy":"post_tag","embeddable":true,"href":"https:\/\/www.planbwagen.de\/es\/wp-json\/wp\/v2\/tags?post=10898"}],"curies":[{"name":"wp","href":"https:\/\/api.w.org\/{rel}","templated":true}]}}