{"id":1033,"date":"2020-01-17T19:21:48","date_gmt":"2020-01-17T19:21:48","guid":{"rendered":""},"modified":"2020-09-15T07:34:27","modified_gmt":"2020-09-15T07:34:27","slug":"tag-no-135-lazy-day-am-bibo-beach-house-nahe-tarifa","status":"publish","type":"post","link":"https:\/\/www.planbwagen.de\/es\/espana\/dia-no-135-dia-de-descanso-en-bibo-beach-house-cerca-de-tarifa\/","title":{"rendered":"D\u00eda n\u00ba 135 - D\u00eda de ocio - en BIBO BEACH HOUSE - cerca de Tarifa"},"content":{"rendered":"<p>[et_pb_section fb_built=&#8220;1&#8243; _builder_version=&#8220;3.22&#8243;][et_pb_row _builder_version=&#8220;4.5.1&#8243; _module_preset=&#8220;default&#8220; column_structure=&#8220;2_3,1_3&#8243; hover_enabled=&#8220;0&#8243;][et_pb_column _builder_version=&#8220;4.5.1&#8243; _module_preset=&#8220;default&#8220; type=&#8220;2_3&#8243;][et_pb_image src=&#8220;https:\/\/www.planbwagen.de\/wp-content\/uploads\/2020\/09\/1-110.jpg&#8220; _builder_version=&#8220;4.5.1&#8243; _module_preset=&#8220;default&#8220; title_text=&#8220;1&#8243; hover_enabled=&#8220;0&#8243;][\/et_pb_image][\/et_pb_column][et_pb_column _builder_version=&#8220;4.5.1&#8243; _module_preset=&#8220;default&#8220; type=&#8220;1_3&#8243;][et_pb_image src=&#8220;https:\/\/www.planbwagen.de\/wp-content\/uploads\/2020\/09\/2-103.jpg&#8220; _builder_version=&#8220;4.5.1&#8243; _module_preset=&#8220;default&#8220; title_text=&#8220;2&#8243; hover_enabled=&#8220;0&#8243;][\/et_pb_image][\/et_pb_column][\/et_pb_row][et_pb_row _builder_version=&#8220;4.5.1&#8243; _module_preset=&#8220;default&#8220;][et_pb_column _builder_version=&#8220;4.5.1&#8243; _module_preset=&#8220;default&#8220; type=&#8220;4_4&#8243;][et_pb_text _builder_version=&#8220;4.5.1&#8243; _module_preset=&#8220;default&#8220; hover_enabled=&#8220;0&#8243;]<\/p>\n<p>Cuando me despierto esta ma\u00f1ana, el amanecer ya est\u00e1 gui\u00f1ando un poco a trav\u00e9s de mi tienda de campa\u00f1a. Como hoy queremos quedarnos en la Playa de Valdevaqueros, no miro el reloj. - Bajo r\u00e1pidamente junto a Marc, que sigue un poco malhumorado, y me acurruco. Disimuladamente, subo la persiana y disfruto de la vista de la playa desierta. Y enseguida Marc grita \"caf\u00e9, caf\u00e9\". - El pobre se muere de sed otra vez, claro.<\/p>\n<p>Flux dr\u00fccke ich ihm die Kaffeem\u00fchle in die Hand und schon habe ich Ruhe. Ich mache unsere Schiebet\u00fcre auf und schie\u00dfe eine Foto f\u00fcr Instagram. Auf den 2. Blick sieht das Foto nicht mehr ganz so gut aus, denn man sieht einen Zaun und eine Stromtrasse. Und w\u00e4hrend ich noch denke\u201a jeder sieht, was er sehen m\u00f6chte\u2019, habe ich das Foto schon mit genau dem Titel ver\u00f6ffentlicht. Nebenbei habe ich Kaffee gemacht, Frau ist ja multitasking f\u00e4hig und bin schon wieder gl\u00fccklich. &#8211; Was gibt es Sch\u00f6neres als Kaffee am Strand? &#8211; Stimmt, 2 Kaffee am Strand \ud83d\ude09<\/p>\n<p>[\/et_pb_text][\/et_pb_column][\/et_pb_row][et_pb_row _builder_version=&#8220;4.5.1&#8243; _module_preset=&#8220;default&#8220; column_structure=&#8220;1_3,1_3,1_3&#8243;][et_pb_column _builder_version=&#8220;4.5.1&#8243; _module_preset=&#8220;default&#8220; type=&#8220;1_3&#8243;][et_pb_image src=&#8220;https:\/\/www.planbwagen.de\/wp-content\/uploads\/2020\/09\/3-98.jpg&#8220; _builder_version=&#8220;4.5.1&#8243; _module_preset=&#8220;default&#8220; title_text=&#8220;3&#8243; hover_enabled=&#8220;0&#8243;][\/et_pb_image][\/et_pb_column][et_pb_column _builder_version=&#8220;4.5.1&#8243; _module_preset=&#8220;default&#8220; type=&#8220;1_3&#8243;][et_pb_image src=&#8220;https:\/\/www.planbwagen.de\/wp-content\/uploads\/2020\/09\/4-88.jpg&#8220; _builder_version=&#8220;4.5.1&#8243; _module_preset=&#8220;default&#8220; title_text=&#8220;4&#8243; hover_enabled=&#8220;0&#8243;][\/et_pb_image][\/et_pb_column][et_pb_column _builder_version=&#8220;4.5.1&#8243; _module_preset=&#8220;default&#8220; type=&#8220;1_3&#8243;][et_pb_image src=&#8220;https:\/\/www.planbwagen.de\/wp-content\/uploads\/2020\/09\/5-75.jpg&#8220; _builder_version=&#8220;4.5.1&#8243; _module_preset=&#8220;default&#8220; title_text=&#8220;5&#8243; hover_enabled=&#8220;0&#8243;][\/et_pb_image][\/et_pb_column][\/et_pb_row][et_pb_row _builder_version=&#8220;4.5.1&#8243; _module_preset=&#8220;default&#8220;][et_pb_column _builder_version=&#8220;4.5.1&#8243; _module_preset=&#8220;default&#8220; type=&#8220;4_4&#8243;][et_pb_text _builder_version=&#8220;4.5.1&#8243; _module_preset=&#8220;default&#8220; hover_enabled=&#8220;0&#8243;]<\/p>\n<p>En el prado que tenemos delante, una bandada de pajaritos revolotea y Marc canta la Flauta M\u00e1gica. C\u00f3mo me gusta esta \u00f3pera. La vimos la \u00faltima vez con mis padres y amigos en Bonn. Marc y yo est\u00e1bamos encantados.<\/p>\n<p>&nbsp;<\/p>\n<p style=\"text-align: center;\"><span style=\"font-size: 18px;\"><em><strong>&#8222;Der Vogelf\u00e4nger bin ich ja,<\/strong><\/em><\/span><\/p>\n<p style=\"text-align: center;\"><span style=\"font-size: 18px;\"><em><strong>\u00a1Siempre divertido, heisa, hopsassa!<\/strong><\/em><\/span><\/p>\n<p style=\"text-align: center;\"><span style=\"font-size: 18px;\"><em><strong>I bird catcher am known<\/strong><\/em><\/span><\/p>\n<p style=\"text-align: center;\"><span style=\"font-size: 18px;\"><em><strong>Bei alt und jung im ganzen Land.&#8220;<\/strong><\/em><\/span><\/p>\n<p>&nbsp;<\/p>\n<p>(Nota del editor: A Torgit no le sorprende en absoluto que est\u00e9 seguro de mi letra aqu\u00ed. - No me extra\u00f1a, mi padre ya la cantaba en la ducha).<\/p>\n<p>Es fabuloso lo a menudo que cantamos en nuestra gira. \u00bfEs cierto que la gente feliz canta m\u00e1s?<\/p>\n<p>Aparte, corto la fruta para el desayuno, hoy hay fresas y Marc ha cazado un pl\u00e1tano mutante. Viva la variedad. R\u00e1pidamente descubrimos que el supuesto pl\u00e1tano no puede ser un pl\u00e1tano porque no sabe bien. Gracias a google ahora sabemos que es un pl\u00e1tano. Todav\u00eda no tengo ni idea de c\u00f3mo voy a cocinarlo, pero m\u00e1s sobre eso en los pr\u00f3ximos d\u00edas.<\/p>\n<p>Cojo mi esterilla de yoga y busco un buen sitio en la playa. La fuerza del mar, el viento y el calor del sol son hermosos. Disfruto de la energ\u00eda de este lugar de poder. Y me parece una pena que Marc no est\u00e9 all\u00ed. As\u00ed que hoy tampoco tiene una foto para m\u00ed, o mejor dicho, yo no tengo una foto m\u00eda haciendo yoga. M\u00e1s tarde, en la playa, veo que estaba sobre un viejo b\u00fanker con un gran grafiti de un gorila en la fachada.<\/p>\n<p>\u00bfHe mencionado que desde el 11 de enero he dejado el az\u00facar y el alcohol? Me resulta dif\u00edcil llevar una vida sana durante nuestro viaje, es decir, hacer ejercicio y comer\/beber sano. O no encuentro las rutas adecuadas para hacer footing, o hace demasiado fr\u00edo fuera para practicar yoga, o me distraigo con otras cosas, como charlar con los vecinos en los campings o cuando estamos de viaje. - Basta de excusas. Marc suele ba\u00f1arse en el mar o en lagos de monta\u00f1a, pero hace demasiado fr\u00edo para m\u00ed. Soy una duchadora confesa.\u00a0<\/p>\n<p>Cuando le hablo con entusiasmo a Marc de mi yoga, enseguida coge la esterilla y ya est\u00e1 de camino al b\u00fanker de la playa. Seguramente m\u00e1s abdominales, planchas y flexiones que meditaci\u00f3n. - Pero en cualquier caso, vuelve con H\u00e9ctor con una expresi\u00f3n de felicidad en la cara.<\/p>\n<p>[\/et_pb_text][\/et_pb_column][\/et_pb_row][et_pb_row _builder_version=&#8220;4.5.1&#8243; _module_preset=&#8220;default&#8220; column_structure=&#8220;1_3,1_3,1_3&#8243; hover_enabled=&#8220;0&#8243;][et_pb_column _builder_version=&#8220;4.5.1&#8243; _module_preset=&#8220;default&#8220; type=&#8220;1_3&#8243;][et_pb_image src=&#8220;https:\/\/www.planbwagen.de\/wp-content\/uploads\/2020\/09\/6-72.jpg&#8220; _builder_version=&#8220;4.5.1&#8243; _module_preset=&#8220;default&#8220; title_text=&#8220;6&#8243; hover_enabled=&#8220;0&#8243;][\/et_pb_image][\/et_pb_column][et_pb_column _builder_version=&#8220;4.5.1&#8243; _module_preset=&#8220;default&#8220; type=&#8220;1_3&#8243;][et_pb_image src=&#8220;https:\/\/www.planbwagen.de\/wp-content\/uploads\/2020\/09\/7-51.jpg&#8220; _builder_version=&#8220;4.5.1&#8243; _module_preset=&#8220;default&#8220; title_text=&#8220;7&#8243; hover_enabled=&#8220;0&#8243;][\/et_pb_image][\/et_pb_column][et_pb_column _builder_version=&#8220;4.5.1&#8243; _module_preset=&#8220;default&#8220; type=&#8220;1_3&#8243;][et_pb_image src=&#8220;https:\/\/www.planbwagen.de\/wp-content\/uploads\/2020\/09\/8-45.jpg&#8220; _builder_version=&#8220;4.5.1&#8243; _module_preset=&#8220;default&#8220; title_text=&#8220;8&#8243; hover_enabled=&#8220;0&#8243;][\/et_pb_image][\/et_pb_column][\/et_pb_row][et_pb_row _builder_version=&#8220;4.5.1&#8243; _module_preset=&#8220;default&#8220;][et_pb_column _builder_version=&#8220;4.5.1&#8243; _module_preset=&#8220;default&#8220; type=&#8220;4_4&#8243;][et_pb_text _builder_version=&#8220;4.5.1&#8243; _module_preset=&#8220;default&#8220; hover_enabled=&#8220;0&#8243;]<\/p>\n<p>A la hora de comer, voy r\u00e1pidamente a la panader\u00eda de la esquina y me hago con un peque\u00f1o bocadillo. Acabamos de comer cuando Pascal vuelve de escalar. Parece contento. Le damos otro bocadillo y Marc y yo nos vamos a dar un paseo por la playa. Incluso hay playa para llevar. Marc se r\u00ede cuando vuelvo a hacer fotos en la playa. No entiende que cada ola y cada concha son de una belleza \u00fanica. De hecho, pensaba que \u00edbamos a dar un paseo cuando Marc se saca la toalla del bolsillo y me mira expectante. Me permite usar la toalla primero. Antes de que pueda decir mucho, se la ha quitado y ha desaparecido entre las olas.<\/p>\n<p>Por la tarde estamos sentados en nuestra furgoneta cuando o\u00edmos una voz: Marc y yo nos miramos. Entonces la cara que coincide con la voz mira a la vuelta de la esquina y vuelve a preguntar. Y luego explica que ha perdido el m\u00f3vil y que quien lo ha encontrado ha llamado a su hija y le ha explicado que est\u00e1 en una Voikswagen en esta playa. Desgraciadamente, s\u00f3lo pudimos indicarle el camino hacia el siguiente campo de esta playa, donde hay m\u00e1s campistas.<\/p>\n<p>Pasamos la tarde planeando la ruta. Me horroriza ver que Marc ya est\u00e1 planeando la ruta de vuelta a casa. Vale, s\u00f3lo quedan 10 semanas, luego tenemos que volver a casa.<\/p>\n<p>[\/et_pb_text][et_pb_image src=&#8220;https:\/\/www.planbwagen.de\/wp-content\/uploads\/2020\/09\/9-1.png&#8220; _builder_version=&#8220;4.5.1&#8243; _module_preset=&#8220;default&#8220; title_text=&#8220;9&#8243; hover_enabled=&#8220;0&#8243;][\/et_pb_image][et_pb_text _builder_version=&#8220;4.5.1&#8243; _module_preset=&#8220;default&#8220; hover_enabled=&#8220;0&#8243;]<\/p>\n<p>Tarifa ist Wendepunkt, denn die Halbzeit haben wir ja bereits hinter uns gelassen. &#8211; Doch wir sehen das entspannt, denn wir fahren ja nicht zur\u00fcck nach Zuhause, denn dieses ist ja hier. &#8211; K\u00f6ln ist nur noch ein Aufenthaltsort auf unserer Reise. Dort gilt es &#8222;nur&#8220; noch eine Wohnung aufzul\u00f6sen. Der letzte Stepp in Richtung WAGENVOLK.<\/p>\n<p>Realizaci\u00f3n del d\u00eda: Hoy aqu\u00ed, ma\u00f1ana all\u00ed, apenas estoy aqu\u00ed, tengo que irme...<\/p>\n<p style=\"text-align: center;\">\n<p style=\"text-align: center;\"><span style=\"font-size: 18px;\"><em><strong>&#8222;&#8230;Hab&#8216; mich niemals deswegen beklagt<\/strong><\/em><\/span><\/p>\n<p style=\"text-align: center;\"><span style=\"font-size: 18px;\"><em><strong>Hab&#8216; es selbst so gew\u00e4hlt<\/strong><\/em><\/span><\/p>\n<p style=\"text-align: center;\"><span style=\"font-size: 18px;\"><em><strong>Nunca cont\u00e9 los a\u00f1os<\/strong><\/em><\/span><\/p>\n<p style=\"text-align: center;\"><span style=\"font-size: 18px;\"><em><strong>Nunca pregunt\u00f3 por el ayer y el ma\u00f1ana<\/strong><\/em><\/span><\/p>\n<p style=\"text-align: center;\">\n<p style=\"text-align: center;\"><span style=\"font-size: 18px;\"><em><strong>A veces sue\u00f1o mucho<\/strong><\/em><\/span><\/p>\n<p style=\"text-align: center;\"><span style=\"font-size: 18px;\"><em><strong>Und dann denk&#8216; ich es w\u00e4r&#8216;<\/strong><\/em><\/span><\/p>\n<p style=\"text-align: center;\"><span style=\"font-size: 18px;\"><em><strong>Hora de quedarse y ahora<\/strong><\/em><\/span><\/p>\n<p style=\"text-align: center;\"><span style=\"font-size: 18px;\"><em><strong>Otra cosa que hacer<\/strong><\/em><\/span><\/p>\n<p style=\"text-align: center;\"><span style=\"font-size: 18px;\"><em><strong>As\u00ed que a\u00f1o tras a\u00f1o pasa<\/strong><\/em><\/span><\/p>\n<p style=\"text-align: center;\"><span style=\"font-size: 18px;\"><em><strong>Y hace tiempo que tengo claro<\/strong><\/em><\/span><\/p>\n<p style=\"text-align: center;\"><span style=\"font-size: 18px;\"><em><strong>Que no queda nada<\/strong><\/em><\/span><\/p>\n<p style=\"text-align: center;\"><span style=\"font-size: 18px;\"><em><strong>Que nada quede como estaba<\/strong><\/em><\/span><\/p>\n<p style=\"text-align: center;\">\n<p style=\"text-align: center;\"><span style=\"font-size: 18px;\"><em><strong>Que apenas me echan de menos<\/strong><\/em><\/span><\/p>\n<p style=\"text-align: center;\"><span style=\"font-size: 18px;\"><em><strong>Despu\u00e9s de s\u00f3lo unos d\u00edas<\/strong><\/em><\/span><\/p>\n<p style=\"text-align: center;\"><span style=\"font-size: 18px;\"><em><strong>Cuando ya me haya ido otra vez<\/strong><\/em><\/span><\/p>\n<p style=\"text-align: center;\"><span style=\"font-size: 18px;\"><em><strong>No me importa y no me importa<\/strong><\/em><\/span><\/p>\n<p style=\"text-align: center;\"><span style=\"font-size: 18px;\"><em><strong>Tal vez mi cara se quede<\/strong><\/em><\/span><\/p>\n<p style=\"text-align: center;\"><span style=\"font-size: 18px;\"><em><strong>Doch dem Ein&#8216; oder Ander&#8217;n im Sinn<\/strong><\/em><\/span><\/p>\n<p style=\"text-align: center;\">\n<p style=\"text-align: center;\">\n<p style=\"text-align: center;\"><span style=\"font-size: 18px;\"><em><strong>\u00bfAlguien me pregunta por qu\u00e9<\/strong><\/em><\/span><\/p>\n<p style=\"text-align: center;\"><span style=\"font-size: 18px;\"><em><strong>Soy as\u00ed, permanezco mudo<\/strong><\/em><\/span><\/p>\n<p style=\"text-align: center;\"><span style=\"font-size: 18px;\"><em><strong>Porque la respuesta a eso es dif\u00edcil para m\u00ed<\/strong><\/em><\/span><\/p>\n<p style=\"text-align: center;\"><span style=\"font-size: 18px;\"><em><strong>Porque lo nuevo se hace viejo<\/strong><\/em><\/span><\/p>\n<p style=\"text-align: center;\"><span style=\"font-size: 18px;\"><em><strong>Y lo que era cierto ayer<\/strong><\/em><\/span><\/p>\n<p style=\"text-align: center;\"><span style=\"font-size: 18px;\"><em><strong>Stimmt schon heut&#8216; oder morgen nicht mehr&#8220;<\/strong><\/em><\/span><\/p>\n<p style=\"text-align: center;\"><span style=\"font-size: 18px;\"><em><strong>hannes wader<\/strong><\/em><\/span><\/p>\n<p>[\/et_pb_text][\/et_pb_column][\/et_pb_row][\/et_pb_section]<\/p>","protected":false},"excerpt":{"rendered":"<p>[et_pb_section fb_built=&#8220;1&#8243; _builder_version=&#8220;3.22&#8243;][et_pb_row _builder_version=&#8220;4.5.1&#8243; _module_preset=&#8220;default&#8220; column_structure=&#8220;2_3,1_3&#8243; hover_enabled=&#8220;0&#8243;][et_pb_column _builder_version=&#8220;4.5.1&#8243; _module_preset=&#8220;default&#8220; type=&#8220;2_3&#8243;][et_pb_image src=&#8220;https:\/\/www.planbwagen.de\/wp-content\/uploads\/2020\/09\/1-110.jpg&#8220; _builder_version=&#8220;4.5.1&#8243; _module_preset=&#8220;default&#8220; title_text=&#8220;1&#8243; hover_enabled=&#8220;0&#8243;][\/et_pb_image][\/et_pb_column][et_pb_column _builder_version=&#8220;4.5.1&#8243; _module_preset=&#8220;default&#8220; type=&#8220;1_3&#8243;][et_pb_image src=&#8220;https:\/\/www.planbwagen.de\/wp-content\/uploads\/2020\/09\/2-103.jpg&#8220; _builder_version=&#8220;4.5.1&#8243; _module_preset=&#8220;default&#8220; title_text=&#8220;2&#8243; hover_enabled=&#8220;0&#8243;][\/et_pb_image][\/et_pb_column][\/et_pb_row][et_pb_row _builder_version=&#8220;4.5.1&#8243; _module_preset=&#8220;default&#8220;][et_pb_column _builder_version=&#8220;4.5.1&#8243; _module_preset=&#8220;default&#8220; type=&#8220;4_4&#8243;][et_pb_text _builder_version=&#8220;4.5.1&#8243; _module_preset=&#8220;default&#8220; hover_enabled=&#8220;0&#8243;] Als ich heute morgen aufwache, blinzelt schon ein bisschen die Morgend\u00e4mmerung durch mein Dachzelt. Da wir heute hier am Playa de Valdevaqueros bleiben wollen, [&hellip;]<\/p>","protected":false},"author":1,"featured_media":4064,"comment_status":"open","ping_status":"open","sticky":false,"template":"","format":"standard","meta":{"_et_pb_use_builder":"on","_et_pb_old_content":"<div id=\"content_start\">\u00a0<\/div><article class=\"j-blog\"><div class=\"n j-blog-meta j-blog-post--header\"><div class=\"j-text j-module n\"><a class=\"j-blog-post--category\" href=\"https:\/\/www.gluecksmuskel.de\/hectors-reisen\/spain-spanien\/\"> Spain - Spanien <\/a> \u00a0\u00b7\u00a0 <span class=\"j-text j-blog-post--date\"> 17. Januar 2020 <\/span><\/div><h1 class=\"j-blog-header j-blog-headline j-blog-post--headline\">Tag No. 135 - Lazy Day - am BIBO BEACH HOUSE - N\u00e4he Tarifa<\/h1><\/div><div class=\"post j-blog-content\"><div id=\"cc-matrix-3605903726\"><div id=\"cc-m-12572274926\" class=\"j-module n j-spacing \"><div class=\"cc-m-spacer\" style=\"height: 20px;\">\u00a0<\/div><\/div><div id=\"cc-m-12570423726\" class=\"j-module n j-gallery \"><div id=\"cc-m-gallery-12570423726\" class=\"cc-m-gallery-container cc-m-gallery-cool clearover\"><div id=\"gallery_thumb_8125302926\" class=\"cc-m-gallery-cool-item\"><div><a rel=\"lightbox[12570423726]\" data-href=\"https:\/\/planbwagen.de\/wp-content\/uploads\/attachments\/image.jpg\" data-title=\"\" data-index=\"0\"> <img style=\"height: 155px; width: 370px; margin-bottom: 3px;\" src=\"https:\/\/planbwagen.de\/wp-content\/uploads\/2020\/07\/image-1-9-8-6.jpg\" alt=\"\" data-orig-width=\"2048\" data-orig-height=\"858\" \/> <\/a><\/div><\/div><div id=\"gallery_thumb_8125302826\" class=\"cc-m-gallery-cool-item\"><div><a rel=\"lightbox[12570423726]\" data-href=\"https:\/\/planbwagen.de\/wp-content\/uploads\/attachments\/image.jpg\" data-title=\"\" data-index=\"1\"> <img style=\"height: 277px; width: 370px; margin-bottom: 3px;\" src=\"https:\/\/planbwagen.de\/wp-content\/uploads\/2020\/07\/image-7-7-2-8.jpg\" alt=\"\" data-orig-width=\"2048\" data-orig-height=\"1536\" \/> <\/a><\/div><\/div><\/div><\/div><div id=\"cc-m-12570409626\" class=\"j-module n j-text \"><p>\u00a0<\/p><p>Als ich heute morgen aufwache, blinzelt schon ein bisschen die Morgend\u00e4mmerung durch mein Dachzelt. Da wir heute hier am Playa de Valdevaqueros bleiben wollen, schaue ich nicht auf die Uhr. - Egal. - Schnell zu Marc runter, er ist noch ein wenig knurrig, und angekuschelt. Unauff\u00e4llig schiebe ich das Rollo hoch und geniesse den Blick auf den menschenleeren Strand. Und prompt kommt auch schon von Marc der N\u00f6lruf \u201aKaffee, Kaffee\u2019. - Der Arme verdurstet nat\u00fcrlich mal wieder.<\/p><p>\u00a0<\/p><p>Flux dr\u00fccke ich ihm die Kaffeem\u00fchle in die Hand und schon habe ich Ruhe. Ich mache unsere Schiebet\u00fcre auf und schie\u00dfe eine Foto f\u00fcr Instagram. Auf den 2. Blick sieht das Foto nicht mehr ganz so gut aus, denn man sieht einen Zaun und eine Stromtrasse. Und w\u00e4hrend ich noch denke\u201a jeder sieht, was er sehen m\u00f6chte\u2019, habe ich das Foto schon mit genau dem Titel ver\u00f6ffentlicht. Nebenbei habe ich Kaffee gemacht, Frau ist ja multitasking f\u00e4hig und bin schon wieder gl\u00fccklich. - Was gibt es Sch\u00f6neres als Kaffee am Strand? - Stimmt, 2 Kaffee am Strand ;-)<\/p><p>\u00a0<\/p><\/div><div id=\"cc-m-12570423926\" class=\"j-module n j-gallery \"><div id=\"cc-m-gallery-12570423926\" class=\"cc-m-gallery-container cc-m-gallery-cool clearover\"><div id=\"gallery_thumb_8125303026\" class=\"cc-m-gallery-cool-item\"><div><a rel=\"lightbox[12570423926]\" data-href=\"https:\/\/planbwagen.de\/wp-content\/uploads\/attachments\/image.jpg\" data-title=\"\" data-index=\"0\"> <img style=\"height: 277px; width: 370px; margin-bottom: 3px;\" src=\"https:\/\/planbwagen.de\/wp-content\/uploads\/2020\/07\/image-8-0-9-5.jpg\" alt=\"\" data-orig-width=\"2048\" data-orig-height=\"1536\" \/> <\/a><\/div><\/div><div id=\"gallery_thumb_8125303226\" class=\"cc-m-gallery-cool-item\"><div><a rel=\"lightbox[12570423926]\" data-href=\"https:\/\/planbwagen.de\/wp-content\/uploads\/attachments\/image.jpg\" data-title=\"\" data-index=\"1\"> <img style=\"height: 189px; width: 113px; margin-bottom: 3px; margin-right: 3px;\" src=\"https:\/\/planbwagen.de\/wp-content\/uploads\/2020\/07\/image-0-0-9.jpg\" alt=\"\" data-orig-width=\"1235\" data-orig-height=\"2048\" \/> <\/a><\/div><\/div><div id=\"gallery_thumb_8125303126\" class=\"cc-m-gallery-cool-item\"><div><a rel=\"lightbox[12570423926]\" data-href=\"https:\/\/planbwagen.de\/wp-content\/uploads\/attachments\/image.jpg\" data-title=\"\" data-index=\"2\"> <img style=\"height: 189px; width: 254px; margin-bottom: 3px;\" src=\"https:\/\/planbwagen.de\/wp-content\/uploads\/2020\/07\/image-3-0-7-9.jpg\" alt=\"\" data-orig-width=\"2048\" data-orig-height=\"1536\" \/> <\/a><\/div><\/div><\/div><\/div><div id=\"cc-m-12570423826\" class=\"j-module n j-text \"><p>\u00a0<\/p><p>Auf der Wiese vor uns flattert eine Schar kleiner V\u00f6gelchen umher und Marc stimmt die Zauberfl\u00f6te an. Wie liebe ich diese Oper. Wir haben sie das letzte mal mit meinen Eltern und Freunden in Bonn gesehen. Marc & ich waren begeistert.<\/p><p>\u00a0<\/p><p style=\"text-align: center;\"><span style=\"font-size: 18px;\"><em><strong>\"Der Vogelf\u00e4nger bin ich ja,<\/strong><\/em><\/span><\/p><p style=\"text-align: center;\"><span style=\"font-size: 18px;\"><em><strong>Stets lustig, heisa, hopsassa!<\/strong><\/em><\/span><\/p><p style=\"text-align: center;\"><span style=\"font-size: 18px;\"><em><strong>Ich Vogelf\u00e4nger bin bekannt<\/strong><\/em><\/span><\/p><p style=\"text-align: center;\"><span style=\"font-size: 18px;\"><em><strong>Bei alt und jung im ganzen Land.\"<\/strong><\/em><\/span><\/p><p>\u00a0<\/p><p>(Anmerkung der Chefredakteurs: Torgit wundert sich gar nicht, dass ich hier textsicher bin. - Ist auch kein Wunder, hat schon mein Papa unter der Dusche gesungen.)<\/p><p>\u00a0<\/p><p>Es ist sagenhaft, wie oft wir auf unserer Tour singen. Ist es wirklich so, dass gl\u00fcckliche Menschen mehr singen?<\/p><p>\u00a0<\/p><p>Nebenbei schnippel ich schon mal das Obst f\u00fcrs Fr\u00fchst\u00fcck, heute gibt es auch mal Erdbeeren und Marc hat eine mutierte Banane gejagd. Es lebe die Abwechslung. Schnell stellen wir fest, dass die angebliche Banane keine sein kann, weil sie nicht schmeckt. Danke google, dass wir jetzt wissen, dass es sich um eine Kochbanane handelt. Ich habe noch keine Ahnung, wie ich die verwurste, davon in den n\u00e4chsten Tagen mehr.<\/p><p>\u00a0<\/p><p>Ich schnappe mir meine Yogamatte und suche mir am Strand ein sch\u00f6nes Pl\u00e4tzchen. Diese Kraft des Meeres, des Windes und die w\u00e4rmende Kraft der Sonne sind wundersch\u00f6n. Ich genie\u00dfe die Energie dieses Kraftorts. Und finde es schade, dass Marc nicht da ist. Also hat er heute wieder kein Foto f\u00fcr mich, bzw. ich kein Foto wie ich Yoga mache. Erst sp\u00e4ter am Strand sehe ich, dass ich auf einem alten Bunker stand, der vorne ein tolles Gorilla Grafitti hat.<\/p><p>\u00a0<\/p><p>Hatte ich eigentlich schon erw\u00e4hnt, dass ich seit dem 11. Januar auf Zucker und Alkohol verzichte? Ich finde es schwierig auf unserer Tour gesund zu leben, dh Sport zu treiben und gesund zu essen bzw. trinken. Ich finde entweder nicht die richtigen Joggingstrecken, es ist draussen zu kalt f\u00fcr Yoga\u00a0 oder ich bin von anderen Dingen abgelenkt, wie z.B. quatschende Nachbarn auf Campingpl\u00e4tzen oder wir sind unterwegs. - Genug der Ausreden. Marc geht ja oft im Meer oder in den Bergseen baden, mir ist das zu kalt. Ich bin bekennende Warmduscherin.<\/p><p>\u00a0<\/p><p>Als ich Marc begeistert von meinem Yoga erz\u00e4hle, hat er sich prompt die Yogamatte geschnappt und ist bereits auf dem Weg zum Bunker am Strand. Sicherlich eher SitUps, Plank und Liegest\u00fctze, statt Meditation. - Doch so oder so, kommt auch er mit einem gl\u00fccklichen Gesichtsausdruck zur\u00fcck zu Hector.<\/p><p>\u00a0<\/p><\/div><div id=\"cc-m-12570422226\" class=\"j-module n j-gallery \"><div id=\"cc-m-gallery-12570422226\" class=\"cc-m-gallery-container cc-m-gallery-cool clearover\"><div id=\"gallery_thumb_8125302126\" class=\"cc-m-gallery-cool-item\"><div><a rel=\"lightbox[12570422226]\" data-href=\"https:\/\/planbwagen.de\/wp-content\/uploads\/attachments\/image.jpg\" data-title=\"\" data-index=\"0\"> <img style=\"height: 157px; width: 157px; margin-bottom: 3px; margin-right: 3px;\" src=\"https:\/\/planbwagen.de\/wp-content\/uploads\/2020\/07\/image-7-3-5.jpg\" alt=\"\" data-orig-width=\"2048\" data-orig-height=\"2048\" \/> <\/a><\/div><\/div><div id=\"gallery_thumb_8125302226\" class=\"cc-m-gallery-cool-item\"><div><a rel=\"lightbox[12570422226]\" data-href=\"https:\/\/planbwagen.de\/wp-content\/uploads\/attachments\/image.jpg\" data-title=\"\" data-index=\"1\"> <img style=\"height: 157px; width: 210px; margin-bottom: 3px;\" src=\"https:\/\/planbwagen.de\/wp-content\/uploads\/2020\/07\/image-0-2-8-7.jpg\" alt=\"\" data-orig-width=\"2048\" data-orig-height=\"1536\" \/> <\/a><\/div><\/div><div id=\"gallery_thumb_8125302426\" class=\"cc-m-gallery-cool-item\"><div><a rel=\"lightbox[12570422226]\" data-href=\"https:\/\/planbwagen.de\/wp-content\/uploads\/attachments\/image.jpg\" data-title=\"\" data-index=\"2\"> <img style=\"height: 157px; width: 117px; margin-bottom: 3px;\" src=\"https:\/\/planbwagen.de\/wp-content\/uploads\/2020\/07\/image-9-5-9.jpg\" alt=\"\" data-orig-width=\"1536\" data-orig-height=\"2048\" \/> <\/a><\/div><\/div><\/div><\/div><div id=\"cc-m-12570414226\" class=\"j-module n j-text \"><p>\u00a0<\/p><p>Mittags flitze ich schnell zur Panaderia um die Ecke und jage uns ein kleines Brot. Unsere Brotzeit ist gerade beendet, da kommt Pascal vom Klettern zur\u00fcck. Er sieht gl\u00fccklich aus. Er wird schnell noch mit einem kleinen Brot abgefr\u00fchst\u00fcckt, und dann gehen Marc und ich noch eine Runde an den Strand. Dort gibt es sogar Strand zum Mitnehmen - Take away. Marc lacht, als ich mal wieder am Strand Fotos mache. Er versteht einfach nicht, dass jede Welle und jede Muschel einzigartig sch\u00f6n sind. Ich dachte ja eigentlich wir gehen mal ne Runde, als Marc schon sein Handtuch aus der Hosentasche zieht und mich erwartungsvoll ansieht. Ich d\u00fcrfte das Handtuch auch zuerst benutzen. Bevor ich viel sagen kann, ist er ausgezogen und in den Wellen verschwunden.<\/p><p>\u00a0<\/p><p>Nachmittags sitzen wir chillig in unserem Van, als wir eine Stimme h\u00f6ren: Are you Henry? - Marc und ich schauen uns an. Dann guckt das passende Gesicht zur Stimme um die Ecke und fragt noch einmal. Und erkl\u00e4rt dann, dass er sein Handy verloren hat und der Finder seine Tochter angerufen hat und ihr erkl\u00e4rt hat, dass er an diesem Beach in einem Voikswagen steht. Wir konnten ihm leider nur den Weg zum n\u00e4chsten Stellplatz an diesem Beach zeigen, wo noch mehr Camper stehen.<\/p><p>\u00a0<\/p><p>\u00a0<\/p><p>Der Abend geh\u00f6rt der Streckenplanung. Entsetzt stelle ich fest, dass Marc schon die Strecke nach Hause plant. Ok, es sind auch nur noch 10 Wochen, dann m\u00fcssen wir wieder nach Hause.<\/p><p>\u00a0<\/p><\/div><div id=\"cc-m-12570405726\" class=\"j-module n j-imageSubtitle \"><figure class=\"cc-imagewrapper cc-m-image-align-1 cc-m-width-maxed\"><img id=\"cc-m-imagesubtitle-image-12570405726\" class=\"\" src=\"https:\/\/planbwagen.de\/wp-content\/uploads\/2020\/07\/image-0-9.png\" sizes=\"(min-width: 1040px) 1040px, 100vw\" alt=\"\" data-src-width=\"2456\" data-src-height=\"1784\" data-src=\"https:\/\/planbwagen.de\/wp-content\/uploads\/2020\/07\/image-0-9.png\" data-image-id=\"8125293426\" data-pfsrc=\"https:\/\/planbwagen.de\/wp-content\/uploads\/2020\/07\/image-0-9.png\" \/><\/figure><div class=\"cc-clear\">\u00a0<\/div><\/div><div id=\"cc-m-12570416626\" class=\"j-module n j-text \"><p>\u00a0<\/p><p>Tarifa ist Wendepunkt, denn die Halbzeit haben wir ja bereits hinter uns gelassen. - Doch wir sehen das entspannt, denn wir fahren ja nicht zur\u00fcck nach Zuhause, denn dieses ist ja hier. - K\u00f6ln ist nur noch ein Aufenthaltsort auf unserer Reise. Dort gilt es \"nur\" noch eine Wohnung aufzul\u00f6sen. Der letzte Stepp in Richtung WAGENVOLK.<\/p><p>\u00a0<\/p><p>Erkenntnis des Tages: Heute hier, morgen dort, bin kaum da, muss ich fort...<\/p><p style=\"text-align: center;\"><span style=\"font-size: 18px;\"><em><strong>\"...Hab' mich niemals deswegen beklagt<\/strong><\/em><\/span><\/p><p style=\"text-align: center;\"><span style=\"font-size: 18px;\"><em><strong>Hab' es selbst so gew\u00e4hlt<\/strong><\/em><\/span><\/p><p style=\"text-align: center;\"><span style=\"font-size: 18px;\"><em><strong>Nie die Jahre gez\u00e4hlt<\/strong><\/em><\/span><\/p><p style=\"text-align: center;\"><span style=\"font-size: 18px;\"><em><strong>Nie nach Gestern und Morgen gefragt<\/strong><\/em><\/span><\/p><p style=\"text-align: center;\"><span style=\"font-size: 18px;\"><em><strong>Manchmal tr\u00e4ume ich schwer<\/strong><\/em><\/span><\/p><p style=\"text-align: center;\"><span style=\"font-size: 18px;\"><em><strong>Und dann denk' ich es w\u00e4r'<\/strong><\/em><\/span><\/p><p style=\"text-align: center;\"><span style=\"font-size: 18px;\"><em><strong>Zeit zu bleiben und nun<\/strong><\/em><\/span><\/p><p style=\"text-align: center;\"><span style=\"font-size: 18px;\"><em><strong>Was ganz And'res zu tun<\/strong><\/em><\/span><\/p><p style=\"text-align: center;\"><span style=\"font-size: 18px;\"><em><strong>So vergeht Jahr um Jahr<\/strong><\/em><\/span><\/p><p style=\"text-align: center;\"><span style=\"font-size: 18px;\"><em><strong>Und es ist mir l\u00e4ngst klar<\/strong><\/em><\/span><\/p><p style=\"text-align: center;\"><span style=\"font-size: 18px;\"><em><strong>Dass nichts bleibt<\/strong><\/em><\/span><\/p><p style=\"text-align: center;\"><span style=\"font-size: 18px;\"><em><strong>Dass nichts bleibt, wie es war<\/strong><\/em><\/span><\/p><p style=\"text-align: center;\"><span style=\"font-size: 18px;\"><em><strong>Dass man mich kaum vermisst<\/strong><\/em><\/span><\/p><p style=\"text-align: center;\"><span style=\"font-size: 18px;\"><em><strong>Schon nach Tagen vergisst<\/strong><\/em><\/span><\/p><p style=\"text-align: center;\"><span style=\"font-size: 18px;\"><em><strong>Wenn ich l\u00e4ngst wieder anderswo bin<\/strong><\/em><\/span><\/p><p style=\"text-align: center;\"><span style=\"font-size: 18px;\"><em><strong>St\u00f6rt und k\u00fcmmert mich nicht<\/strong><\/em><\/span><\/p><p style=\"text-align: center;\"><span style=\"font-size: 18px;\"><em><strong>Vielleicht bleibt mein Gesicht<\/strong><\/em><\/span><\/p><p style=\"text-align: center;\"><span style=\"font-size: 18px;\"><em><strong>Doch dem Ein' oder Ander'n im Sinn<\/strong><\/em><\/span><\/p><p style=\"text-align: center;\"><span style=\"font-size: 18px;\"><em><strong>Fragt mich einer, warum<\/strong><\/em><\/span><\/p><p style=\"text-align: center;\"><span style=\"font-size: 18px;\"><em><strong>Ich so bin, bleib ich stumm<\/strong><\/em><\/span><\/p><p style=\"text-align: center;\"><span style=\"font-size: 18px;\"><em><strong>Denn die Antwort darauf f\u00e4llt mir schwer<\/strong><\/em><\/span><\/p><p style=\"text-align: center;\"><span style=\"font-size: 18px;\"><em><strong>Denn was neu ist wird alt<\/strong><\/em><\/span><\/p><p style=\"text-align: center;\"><span style=\"font-size: 18px;\"><em><strong>Und was gestern noch galt<\/strong><\/em><\/span><\/p><p style=\"text-align: center;\"><span style=\"font-size: 18px;\"><em><strong>Stimmt schon heut' oder morgen nicht mehr\"<\/strong><\/em><\/span><\/p><p style=\"text-align: center;\"><span style=\"font-size: 18px;\"><em><strong>hannes wader<\/strong><\/em><\/span><\/p><\/div><div id=\"cc-m-12572275026\" class=\"j-module n j-text \"><p style=\"text-align: right;\">\u00a0\u00a0<a class=\"j-calltoaction-link j-calltoaction-link-style-2\" style=\"font-size: 16px; background-color: #ffcc00; border-width: 2px; border-color: #ffcc00; color: #ffffff; user-select: text; padding: 10px 20px; line-height: 1.5; border-radius: 0px; -webkit-appearance: none; margin: 1em 0px;\" title=\"Tag No. 136 - Parque Natural Del Estrecho\" href=\"\/2020\/01\/18\/tag-no-136-parque-natural-del-estrecho\/\" data-action=\"button\" data-title=\"Sunny Side Up\">Sunny Side Up\u00a0 \u00a0\u00a0<\/a><\/p><p style=\"text-align: right;\"><a class=\"j-calltoaction-link j-calltoaction-link-style-2\" style=\"background-color: #ffcc00; border-width: 2px; border-color: #ffcc00; color: #ffffff; user-select: text; padding: 10px 20px; font-size: 16px; line-height: 1.5; border-radius: 0px; -webkit-appearance: none; margin: 1em 0px;\" title=\"Tag No. 134 - Tarifa - 36\u00b000'07.4\"N 5\u00b036'35.2\"W - wie Wendepunkt\" href=\"\/2020\/01\/17\/tag-no-tag-der-italienischen-k%C3%BCche\/\" data-action=\"button\" data-title=\"Sunny Side Down\"> Sunny Side Down\u00a0 \u00a0\u00a0<\/a><\/p><\/div><\/div><\/div><div class=\"j-module n j-text j-blog-post--tags-wrapper\"><span class=\"j-blog-post--tags--template\" style=\"display: none;\"><a class=\"j-blog-post--tag\" href=\"https:\/\/www.gluecksmuskel.de\/hectors-reisen\/?tag=tagPlaceholder\">tagPlaceholder<\/a><\/span><span class=\"j-blog-post--tags-label\" style=\"display: inline;\">Tags:<\/span> <span class=\"j-blog-post--tags-list\"><a class=\"j-blog-post--tag\" href=\"https:\/\/www.gluecksmuskel.de\/hectors-reisen\/?tag=gl%C3%BCck\">gl\u00fcck<\/a>, <a class=\"j-blog-post--tag\" href=\"https:\/\/www.gluecksmuskel.de\/hectors-reisen\/?tag=bulli\">bulli<\/a>, <a class=\"j-blog-post--tag\" href=\"https:\/\/www.gluecksmuskel.de\/hectors-reisen\/?tag=Strand\">Strand<\/a>, <a class=\"j-blog-post--tag\" href=\"https:\/\/www.gluecksmuskel.de\/hectors-reisen\/?tag=Beach\">Beach<\/a>, <a class=\"j-blog-post--tag\" href=\"https:\/\/www.gluecksmuskel.de\/hectors-reisen\/?tag=Reisetagebuch\">Reisetagebuch<\/a>, <a class=\"j-blog-post--tag\" href=\"https:\/\/www.gluecksmuskel.de\/hectors-reisen\/?tag=Reise\">Reise<\/a>, <a class=\"j-blog-post--tag\" href=\"https:\/\/www.gluecksmuskel.de\/hectors-reisen\/?tag=spanien\">spanien<\/a>, <a class=\"j-blog-post--tag\" href=\"https:\/\/www.gluecksmuskel.de\/hectors-reisen\/?tag=andalusien\">andalusien<\/a>, <a class=\"j-blog-post--tag\" href=\"https:\/\/www.gluecksmuskel.de\/hectors-reisen\/?tag=Paar+auf+Reise\">Paar auf Reise<\/a>, <a class=\"j-blog-post--tag\" href=\"https:\/\/www.gluecksmuskel.de\/hectors-reisen\/?tag=Tarifa\">Tarifa<\/a>, <a class=\"j-blog-post--tag\" href=\"https:\/\/www.gluecksmuskel.de\/hectors-reisen\/?tag=Yoga\">Yoga<\/a>, <a class=\"j-blog-post--tag\" href=\"https:\/\/www.gluecksmuskel.de\/hectors-reisen\/?tag=T5\">T5<\/a>, <a class=\"j-blog-post--tag\" href=\"https:\/\/www.gluecksmuskel.de\/hectors-reisen\/?tag=Kaffee\">Kaffee<\/a>, <a class=\"j-blog-post--tag\" href=\"https:\/\/www.gluecksmuskel.de\/hectors-reisen\/?tag=gesund+essen\">gesund essen<\/a><\/span><\/div><div id=\"flexsocialbuttons\" class=\"n\"><div class=\"cc-sharebuttons-element cc-sharebuttons-size-16 cc-sharebuttons-style-colored cc-sharebuttons-design-square cc-sharebuttons-align-left\">\u00a0<\/div><\/div><div class=\"n j-comment\"><div id=\"commentsModule12570383326\"><p id=\"skiptoform12570383326\" class=\"skiptoform\"><a href=\"#\" data-id=\"12570383326\" data-action=\"goToForm\">Kommentar schreiben<\/a><\/p><div id=\"numComments12570383326\" class=\"j-blog-comment-counter\">Kommentare: <i class=\"cc-comments-count\">0<\/i><\/div><ul id=\"commentOutput12570383326\" class=\"com-list-noava\"><li id=\"commentFormContainer12570383326\" class=\"commentstd clearover cc-m-comment-loading\"><a name=\"commentForm12570383326\"><\/a><\/li><\/ul><div id=\"commentError12570383326\" class=\"message-error\" style=\"display: none;\">\u00a0<\/div><div id=\"commentSuccess12570383326\" class=\"message-ok\" style=\"display: none;\">\u00a0<\/div><\/div><p><script>\/\/ <![CDATA[ window.regModule(\"module_comment\", {\"data\":{\"id\":\"12570383326\",\"closed\":\"0\",\"captcha\":\"9ffeeb25e3dd82e3e0758d9abe992d29\",\"avatar\":false,\"lang\":{\"comment\":\"Kommentar\",\"comments\":\"Kommentare\"}}}); \/\/ ]]> <\/script><\/p><\/div><\/article>","_et_gb_content_width":"","footnotes":""},"categories":[9],"tags":[],"class_list":["post-1033","post","type-post","status-publish","format-standard","has-post-thumbnail","hentry","category-spanien"],"_links":{"self":[{"href":"https:\/\/www.planbwagen.de\/es\/wp-json\/wp\/v2\/posts\/1033","targetHints":{"allow":["GET"]}}],"collection":[{"href":"https:\/\/www.planbwagen.de\/es\/wp-json\/wp\/v2\/posts"}],"about":[{"href":"https:\/\/www.planbwagen.de\/es\/wp-json\/wp\/v2\/types\/post"}],"author":[{"embeddable":true,"href":"https:\/\/www.planbwagen.de\/es\/wp-json\/wp\/v2\/users\/1"}],"replies":[{"embeddable":true,"href":"https:\/\/www.planbwagen.de\/es\/wp-json\/wp\/v2\/comments?post=1033"}],"version-history":[{"count":7,"href":"https:\/\/www.planbwagen.de\/es\/wp-json\/wp\/v2\/posts\/1033\/revisions"}],"predecessor-version":[{"id":7765,"href":"https:\/\/www.planbwagen.de\/es\/wp-json\/wp\/v2\/posts\/1033\/revisions\/7765"}],"wp:featuredmedia":[{"embeddable":true,"href":"https:\/\/www.planbwagen.de\/es\/wp-json\/wp\/v2\/media\/4064"}],"wp:attachment":[{"href":"https:\/\/www.planbwagen.de\/es\/wp-json\/wp\/v2\/media?parent=1033"}],"wp:term":[{"taxonomy":"category","embeddable":true,"href":"https:\/\/www.planbwagen.de\/es\/wp-json\/wp\/v2\/categories?post=1033"},{"taxonomy":"post_tag","embeddable":true,"href":"https:\/\/www.planbwagen.de\/es\/wp-json\/wp\/v2\/tags?post=1033"}],"curies":[{"name":"wp","href":"https:\/\/api.w.org\/{rel}","templated":true}]}}