{"id":757,"date":"2020-02-14T19:21:27","date_gmt":"2020-02-14T19:21:27","guid":{"rendered":""},"modified":"2020-09-15T07:32:16","modified_gmt":"2020-09-15T07:32:16","slug":"tage-no-162-163-playa-de-las-covaticas","status":"publish","type":"post","link":"https:\/\/www.planbwagen.de\/en\/spain\/days-no-162-163-playa-de-las-covaticas\/","title":{"rendered":"Days No. 162\/163 - Playa de las Covaticas"},"content":{"rendered":"<p>[et_pb_section fb_built=&#8220;1&#8243; _builder_version=&#8220;3.22&#8243;][et_pb_row _builder_version=&#8220;4.5.1&#8243; _module_preset=&#8220;default&#8220; column_structure=&#8220;1_3,1_3,1_3&#8243;][et_pb_column _builder_version=&#8220;4.5.1&#8243; _module_preset=&#8220;default&#8220; type=&#8220;1_3&#8243;][et_pb_image src=&#8220;https:\/\/www.planbwagen.de\/wp-content\/uploads\/2020\/09\/1-89.jpg&#8220; _builder_version=&#8220;4.5.1&#8243; _module_preset=&#8220;default&#8220; title_text=&#8220;1&#8243; hover_enabled=&#8220;0&#8243;][\/et_pb_image][\/et_pb_column][et_pb_column _builder_version=&#8220;4.5.1&#8243; _module_preset=&#8220;default&#8220; type=&#8220;1_3&#8243;][et_pb_image src=&#8220;https:\/\/www.planbwagen.de\/wp-content\/uploads\/2020\/09\/2-83.jpg&#8220; _builder_version=&#8220;4.5.1&#8243; _module_preset=&#8220;default&#8220; title_text=&#8220;2&#8243; hover_enabled=&#8220;0&#8243;][\/et_pb_image][\/et_pb_column][et_pb_column _builder_version=&#8220;4.5.1&#8243; _module_preset=&#8220;default&#8220; type=&#8220;1_3&#8243;][et_pb_image src=&#8220;https:\/\/www.planbwagen.de\/wp-content\/uploads\/2020\/09\/3-77.jpg&#8220; _builder_version=&#8220;4.5.1&#8243; _module_preset=&#8220;default&#8220; title_text=&#8220;3&#8243; hover_enabled=&#8220;0&#8243;][\/et_pb_image][\/et_pb_column][\/et_pb_row][et_pb_row _builder_version=&#8220;4.5.1&#8243; _module_preset=&#8220;default&#8220;][et_pb_column _builder_version=&#8220;4.5.1&#8243; _module_preset=&#8220;default&#8220; type=&#8220;4_4&#8243;][et_pb_text _builder_version=&#8220;4.5.1&#8243; _module_preset=&#8220;default&#8220; hover_enabled=&#8220;0&#8243;]<\/p>\n<p>Unsere heutige Reise zum Gl\u00fcck soll uns vom Camping la Caleta weiter in Richtung Norden und in die Region Murcia bringen. &#8211; Die Etappe f\u00fchrt uns zuerst ein wenig von der K\u00fcste weg und in die Berge. Doch wir versuchen so schnell als m\u00f6glich zur K\u00fcste zur\u00fcck zu gelangen. Bald schon sehen wir das Meer. Gleichzeitig verl\u00e4ngert sich mit jedem gefahrenen Kilometer die angegebene Fahrzeit unseres Navis. Das k\u00f6nnte daran liegen, dass die Stra\u00dfen stark verkehrsberuhigt sind. Auf jede Fahrbahnschwelle folgt die N\u00e4chste. So werden wir ein &#8222;wenig&#8220; durchgeschaukelt. &#8211; Die K\u00fcstenorte sind wenig spektakul\u00e4r, um nicht zu sagen gr\u00e4sslich h\u00e4sslich. Wir sehen ein wenig Industrie und ein paar Bauruinen. &#8211; Daf\u00fcr ist die Landschaft spannend, sobald man das jeweilige Ortsschild hinter sich gelassen hat. Wir fahren durch Carboneras, Ventanicas-el Cantal, Garrucha, San Juan de los Terreros und vorbei an \u00c1guilas. &#8211; Hinter Los Alc\u00e1zar halten wir uns wieder in Richtung der Berge. Die RM-D20 f\u00fchrt uns \u00fcber Serpentinen zuerst bergauf und dann bergab. Dies ist zwar ein kleiner Umweg, doch er lohnt sich landschaftlich. Wir werden mit einem wundersch\u00f6nen Ausblick belohnt. Bei Los Curas fahren wir wieder an einem Camper Stellplatz vorbei. Die Camper stehen in Reih und Glied nebeneinander. Man muss seine Nachbarn sehr m\u00f6gen, um so nett zu kuscheln. Da die Camper jedoch Jahr f\u00fcr Jahr wieder kommen, scheint es ihnen eine Freude zu sein. &#8211; &#8222;Jedes T\u00f6pfchen hat sein Deckelchen&#8220; &#8211; Passt also!<\/p>\n<p>That would be too tight for us. So we drive on. - We had heard from several sources that the bay of Mazarron, Canada de Gallego, on the Playa de las Covaticas is a good place to stand. There was talk of a former goat meadow, the scent of herbs and a beach that was about 1 kilometer long and 30 meters wide. - What can I say? - As we drive towards the beach, we are left speechless. We drive through a huge plantation, plastic as far as the eye can see. There is supposed to be a beach here<\/p>\n<p>But suddenly the greenhouses stop and lo and behold, the beach is in front of us. There are a few campers here. But there is a path a little further along the beach. We follow it. It gets a little more difficult. Suddenly we see another old camper right on the beach below us. We drive a little further on. Now we have to be careful. The path is washed out. But this is exactly where we find what we are looking for. - 37\u00b032'32.0\u2033N 1\u00b021'58.6\u2033W - A sheltered spot right on the beach - This is how we enjoy the sunset on the beach - A perfect south-facing beach, so we can expect plenty of sun tomorrow.<\/p>\n<p>[\/et_pb_text][\/et_pb_column][\/et_pb_row][et_pb_row _builder_version=&#8220;4.5.1&#8243; _module_preset=&#8220;default&#8220; column_structure=&#8220;1_2,1_2&#8243;][et_pb_column _builder_version=&#8220;4.5.1&#8243; _module_preset=&#8220;default&#8220; type=&#8220;1_2&#8243;][et_pb_image src=&#8220;https:\/\/www.planbwagen.de\/wp-content\/uploads\/2020\/09\/5-57.jpg&#8220; _builder_version=&#8220;4.5.1&#8243; _module_preset=&#8220;default&#8220; title_text=&#8220;5&#8243; hover_enabled=&#8220;0&#8243;][\/et_pb_image][\/et_pb_column][et_pb_column _builder_version=&#8220;4.5.1&#8243; _module_preset=&#8220;default&#8220; type=&#8220;1_2&#8243;][et_pb_image src=&#8220;https:\/\/www.planbwagen.de\/wp-content\/uploads\/2020\/09\/6-54.jpg&#8220; _builder_version=&#8220;4.5.1&#8243; _module_preset=&#8220;default&#8220; title_text=&#8220;6&#8243; hover_enabled=&#8220;0&#8243;][\/et_pb_image][\/et_pb_column][\/et_pb_row][et_pb_row _builder_version=&#8220;4.5.1&#8243; _module_preset=&#8220;default&#8220;][et_pb_column _builder_version=&#8220;4.5.1&#8243; _module_preset=&#8220;default&#8220; type=&#8220;4_4&#8243;][et_pb_text _builder_version=&#8220;4.5.1&#8243; _module_preset=&#8220;default&#8220; hover_enabled=&#8220;0&#8243;]<\/p>\n<p><span style=\"font-size: 24px;\">&#8222;<em><strong>Gl\u00fcck ist im Bulli auf&#8217;m Beach aufzuwachen.&#8220;<\/strong><\/em><\/span><\/p>\n<p>[\/et_pb_text][\/et_pb_column][\/et_pb_row][et_pb_row _builder_version=&#8220;4.5.1&#8243; _module_preset=&#8220;default&#8220;][et_pb_column _builder_version=&#8220;4.5.1&#8243; _module_preset=&#8220;default&#8220; type=&#8220;4_4&#8243;][et_pb_text _builder_version=&#8220;4.5.1&#8243; _module_preset=&#8220;default&#8220; hover_enabled=&#8220;0&#8243;]<\/p>\n<p>When we wake up on Valentine's Day, the new day is just dawning. It's just before sunrise. So we enjoy the sunrise with a cup of coffee in our hands. Once again, we do nothing today. Reading, eating and a little sport. The emphasis is on little!<\/p>\n<p>Then a short walk along the beach - this takes us in the direction of Playa de Percheles, also known as Snake Bay. - An arched bay with palm trees between slate cliffs. - We count about forty campers, all dressed in white, with a lone van in between. - This bay is really beautiful, but we are all the more pleased to have found a quiet spot for ourselves. On the way, we spot a cool IVECO on the beach. A nice Dutch couple. - Let's take a picture.<\/p>\n<p>In between, I ask myself what the plantations behind us remind me of. Then it comes to me. - The original title is Wrapped Andalusia. - An art project by the artist couple Christo and Jeanne-Claude? - Like back in 1995 in Berlin? - We are unsure.<\/p>\n<p>What else do we do? - Nothing, really nothing. - The perfect Valentine's Day!<\/p>\n<p>[\/et_pb_text][\/et_pb_column][\/et_pb_row][et_pb_row _builder_version=&#8220;4.5.1&#8243; _module_preset=&#8220;default&#8220; column_structure=&#8220;1_4,1_4,1_4,1_4&#8243;][et_pb_column _builder_version=&#8220;4.5.1&#8243; _module_preset=&#8220;default&#8220; type=&#8220;1_4&#8243;][et_pb_image src=&#8220;https:\/\/www.planbwagen.de\/wp-content\/uploads\/2020\/09\/7-37.jpg&#8220; _builder_version=&#8220;4.5.1&#8243; _module_preset=&#8220;default&#8220; title_text=&#8220;7&#8243; hover_enabled=&#8220;0&#8243;][\/et_pb_image][\/et_pb_column][et_pb_column _builder_version=&#8220;4.5.1&#8243; _module_preset=&#8220;default&#8220; type=&#8220;1_4&#8243;][et_pb_image src=&#8220;https:\/\/www.planbwagen.de\/wp-content\/uploads\/2020\/09\/8-34.jpg&#8220; _builder_version=&#8220;4.5.1&#8243; _module_preset=&#8220;default&#8220; title_text=&#8220;8&#8243; hover_enabled=&#8220;0&#8243;][\/et_pb_image][\/et_pb_column][et_pb_column _builder_version=&#8220;4.5.1&#8243; _module_preset=&#8220;default&#8220; type=&#8220;1_4&#8243;][et_pb_image src=&#8220;https:\/\/www.planbwagen.de\/wp-content\/uploads\/2020\/09\/9-33.jpg&#8220; _builder_version=&#8220;4.5.1&#8243; _module_preset=&#8220;default&#8220; title_text=&#8220;9&#8243; hover_enabled=&#8220;0&#8243;][\/et_pb_image][\/et_pb_column][et_pb_column _builder_version=&#8220;4.5.1&#8243; _module_preset=&#8220;default&#8220; type=&#8220;1_4&#8243;][et_pb_image src=&#8220;https:\/\/www.planbwagen.de\/wp-content\/uploads\/2020\/09\/10-22.jpg&#8220; _builder_version=&#8220;4.5.1&#8243; _module_preset=&#8220;default&#8220; title_text=&#8220;10&#8243; hover_enabled=&#8220;0&#8243;][\/et_pb_image][\/et_pb_column][\/et_pb_row][\/et_pb_section]<\/p>","protected":false},"excerpt":{"rendered":"<p>[et_pb_section fb_built=&#8220;1&#8243; _builder_version=&#8220;3.22&#8243;][et_pb_row _builder_version=&#8220;4.5.1&#8243; _module_preset=&#8220;default&#8220; column_structure=&#8220;1_3,1_3,1_3&#8243;][et_pb_column _builder_version=&#8220;4.5.1&#8243; _module_preset=&#8220;default&#8220; type=&#8220;1_3&#8243;][et_pb_image src=&#8220;https:\/\/www.planbwagen.de\/wp-content\/uploads\/2020\/09\/1-89.jpg&#8220; _builder_version=&#8220;4.5.1&#8243; _module_preset=&#8220;default&#8220; title_text=&#8220;1&#8243; hover_enabled=&#8220;0&#8243;][\/et_pb_image][\/et_pb_column][et_pb_column _builder_version=&#8220;4.5.1&#8243; _module_preset=&#8220;default&#8220; type=&#8220;1_3&#8243;][et_pb_image src=&#8220;https:\/\/www.planbwagen.de\/wp-content\/uploads\/2020\/09\/2-83.jpg&#8220; _builder_version=&#8220;4.5.1&#8243; _module_preset=&#8220;default&#8220; title_text=&#8220;2&#8243; hover_enabled=&#8220;0&#8243;][\/et_pb_image][\/et_pb_column][et_pb_column _builder_version=&#8220;4.5.1&#8243; _module_preset=&#8220;default&#8220; type=&#8220;1_3&#8243;][et_pb_image src=&#8220;https:\/\/www.planbwagen.de\/wp-content\/uploads\/2020\/09\/3-77.jpg&#8220; _builder_version=&#8220;4.5.1&#8243; _module_preset=&#8220;default&#8220; title_text=&#8220;3&#8243; hover_enabled=&#8220;0&#8243;][\/et_pb_image][\/et_pb_column][\/et_pb_row][et_pb_row _builder_version=&#8220;4.5.1&#8243; _module_preset=&#8220;default&#8220;][et_pb_column _builder_version=&#8220;4.5.1&#8243; _module_preset=&#8220;default&#8220; type=&#8220;4_4&#8243;][et_pb_text _builder_version=&#8220;4.5.1&#8243; _module_preset=&#8220;default&#8220; hover_enabled=&#8220;0&#8243;] Unsere heutige Reise zum Gl\u00fcck soll uns vom Camping la Caleta weiter in Richtung Norden und in [&hellip;]<\/p>","protected":false},"author":1,"featured_media":4106,"comment_status":"open","ping_status":"open","sticky":false,"template":"","format":"standard","meta":{"_et_pb_use_builder":"on","_et_pb_old_content":"<p>\u00a0<\/p><div id=\"content_start\">\u00a0<\/div><article class=\"j-blog\"><div class=\"n j-blog-meta j-blog-post--header\"><div class=\"j-text j-module n\"><a class=\"j-blog-post--category\" href=\"https:\/\/www.gluecksmuskel.de\/hectors-reisen\/spain-spanien\/\"> Spain - Spanien <\/a> \u00a0\u00b7\u00a0 <span class=\"j-text j-blog-post--date\"> 14. Februar 2020 <\/span><\/div><h1 class=\"j-blog-header j-blog-headline j-blog-post--headline\">Tage No. 162\/163 - Playa de las Covaticas<\/h1><\/div><div class=\"post j-blog-content\"><div id=\"cc-matrix-3607375726\"><div id=\"cc-m-12577875126\" class=\"j-module n j-spacing \"><div class=\"cc-m-spacer\" style=\"height: 20px;\">\u00a0<\/div><\/div><div id=\"cc-m-12577805126\" class=\"j-module n j-gallery \"><div id=\"cc-m-gallery-12577805126\" class=\"cc-m-gallery-container cc-m-gallery-cool clearover\"><div id=\"gallery_thumb_8131477226\" class=\"cc-m-gallery-cool-item\"><div><a rel=\"lightbox[12577805126]\" data-href=\"https:\/\/planbwagen.de\/wp-content\/uploads\/attachments\/image.jpg\" data-title=\"\" data-index=\"0\"> <img style=\"height: 277px; width: 370px; margin-bottom: 3px;\" src=\"https:\/\/planbwagen.de\/wp-content\/uploads\/2020\/07\/image-3-3-0.jpg\" alt=\"\" data-orig-width=\"2048\" data-orig-height=\"1536\" \/> <\/a><\/div><\/div><div id=\"gallery_thumb_8131477426\" class=\"cc-m-gallery-cool-item\"><div><a rel=\"lightbox[12577805126]\" data-href=\"https:\/\/planbwagen.de\/wp-content\/uploads\/attachments\/image.jpg\" data-title=\"\" data-index=\"1\"> <img style=\"height: 176px; width: 132px; margin-bottom: 3px; margin-right: 3px;\" src=\"https:\/\/planbwagen.de\/wp-content\/uploads\/2020\/07\/image-2-1-2-5.jpg\" alt=\"\" data-orig-width=\"1536\" data-orig-height=\"2048\" \/> <\/a><\/div><\/div><div id=\"gallery_thumb_8131477526\" class=\"cc-m-gallery-cool-item\"><div><a rel=\"lightbox[12577805126]\" data-href=\"https:\/\/planbwagen.de\/wp-content\/uploads\/attachments\/image.jpg\" data-title=\"\" data-index=\"2\"> <img style=\"height: 176px; width: 235px; margin-bottom: 3px;\" src=\"https:\/\/planbwagen.de\/wp-content\/uploads\/2020\/07\/image-9-0-6-2.jpg\" alt=\"\" data-orig-width=\"2048\" data-orig-height=\"1536\" \/> <\/a><\/div><\/div><\/div><\/div><div id=\"cc-m-12577804626\" class=\"j-module n j-text \"><p>\u00a0<\/p><p>Unsere heutige\u00a0Reise zum Gl\u00fcck\u00a0soll uns vom Camping la Caleta weiter in Richtung Norden und in die Region Murcia bringen. - Die Etappe\u00a0f\u00fchrt uns zuerst ein wenig von der K\u00fcste weg und in die Berge. Doch wir versuchen so schnell als m\u00f6glich zur K\u00fcste zur\u00fcck zu gelangen.\u00a0Bald schon sehen wir das Meer. Gleichzeitig verl\u00e4ngert sich mit jedem gefahrenen Kilometer die angegebene Fahrzeit unseres Navis. Das k\u00f6nnte daran liegen, dass die Stra\u00dfen stark verkehrsberuhigt sind.\u00a0Auf jede\u00a0Fahrbahnschwelle folgt die N\u00e4chste. So werden wir ein \"wenig\" durchgeschaukelt. - Die K\u00fcstenorte sind wenig spektakul\u00e4r, um nicht zu sagen gr\u00e4sslich h\u00e4sslich. Wir sehen ein wenig Industrie und ein paar Bauruinen. - Daf\u00fcr ist die Landschaft spannend, sobald man das jeweilige Ortsschild hinter sich gelassen hat. Wir fahren durch Carboneras,\u00a0 Ventanicas-el Cantal,\u00a0 Garrucha,\u00a0San Juan de los Terreros und vorbei an \u00c1guilas. - Hinter\u00a0Los Alc\u00e1zar halten wir uns wieder in Richtung der Berge. Die RM-D20 f\u00fchrt uns \u00fcber Serpentinen zuerst bergauf und dann bergab. Dies ist zwar ein kleiner Umweg,\u00a0doch er lohnt\u00a0\u00a0sich landschaftlich. Wir werden mit einem wundersch\u00f6nen Ausblick belohnt. Bei Los Curas fahren wir wieder an einem Camper Stellplatz vorbei. Die Camper stehen in Reih und Glied nebeneinander. Man muss seine Nachbarn sehr m\u00f6gen, um so nett zu kuscheln. Da die Camper jedoch Jahr f\u00fcr Jahr wieder kommen, scheint es ihnen eine Freude zu sein. - \"Jedes T\u00f6pfchen hat sein Deckelchen\" - Passt also!<\/p><p>\u00a0<\/p><p>Uns w\u00e4re das zu eng. Deshalb fahren wir weiter. - Von mehreren Seiten hatten wir geh\u00f6rt, dass man in der Bucht von Mazarron, Canada de Gallego, an der Playa de las Covaticas gut stehen kann. Von einer ehemaligen Ziegenwiese war die Rede, von Kr\u00e4uterduft und einem Strand, welcher ca. 1 Kilometer lang und 30 Meter breit sei. - Was soll ich sagen? - Als wir Richtung Strand fahren, verschl\u00e4gt es\u00a0uns erst einmal die Sprache. Wir fahren durch eine riesige Plantage, Plaste Elaste soweit man blickt. Hier soll es einen Strand geben?<\/p><p>\u00a0<\/p><p>Doch pl\u00f6tzlich h\u00f6ren die Gew\u00e4chsh\u00e4user auf und\u00a0siehe da, vor uns liegt\u00a0der Strand.\u00a0Hier\u00a0stehen einige Camper. Doch es f\u00fchrt noch ein Weg etwas weiter am Strand entlang. Wir folgen diesem. Es wird etwas unwegsamer. Pl\u00f6tzlich sehen wir unter uns noch einen alten Camper direkt am Strand. Wir fahren noch ein kleines St\u00fcck weiter. Jetzt ist Vorsicht geboten. Der Weg\u00a0ist ausgewaschen. Doch genau hier finden wir was wir suchen. -\u00a0 37\u00b032'32.0\"N 1\u00b021'58.6\"W - Ein gesch\u00fctztes Pl\u00e4tzchen genau am Strand. - So genie\u00dfen wir den Sonnenuntergang am Strand. - Ein perfekter S\u00fcdstrand, so k\u00f6nnen wir Morgen Sonne satt erwarten.<\/p><p>\u00a0<\/p><\/div><div id=\"cc-m-12577805526\" class=\"j-module n j-gallery \"><div id=\"cc-m-gallery-12577805526\" class=\"cc-m-gallery-container cc-m-gallery-cool clearover\"><div id=\"gallery_thumb_8131477626\" class=\"cc-m-gallery-cool-item\"><div><a rel=\"lightbox[12577805526]\" data-href=\"https:\/\/planbwagen.de\/wp-content\/uploads\/attachments\/image.jpg\" data-title=\"Sonnenaufgang\" data-index=\"0\"> <img style=\"height: 277px; width: 370px; margin-bottom: 3px;\" src=\"https:\/\/planbwagen.de\/wp-content\/uploads\/2020\/07\/image-4-7-0.jpg\" alt=\"Sonnenaufgang\" data-orig-width=\"2048\" data-orig-height=\"1536\" \/> <\/a><\/div><\/div><div id=\"gallery_thumb_8131477826\" class=\"cc-m-gallery-cool-item\"><div><a rel=\"lightbox[12577805526]\" data-href=\"https:\/\/planbwagen.de\/wp-content\/uploads\/attachments\/image.jpg\" data-title=\"Gew\u00e4chsh\u00e4user in Spanien\" data-index=\"1\"> <img style=\"height: 157px; width: 157px; margin-bottom: 3px; margin-right: 3px;\" src=\"https:\/\/planbwagen.de\/wp-content\/uploads\/2020\/07\/image-8-5-5.jpg\" alt=\"Gew\u00e4chsh\u00e4user in Spanien\" data-orig-width=\"1845\" data-orig-height=\"1845\" \/> <\/a><\/div><\/div><div id=\"gallery_thumb_8131477726\" class=\"cc-m-gallery-cool-item\"><div><a rel=\"lightbox[12577805526]\" data-href=\"https:\/\/planbwagen.de\/wp-content\/uploads\/attachments\/image.jpg\" data-title=\"Unser Bulli am Strand\" data-index=\"2\"> <img style=\"height: 157px; width: 210px; margin-bottom: 3px;\" src=\"https:\/\/planbwagen.de\/wp-content\/uploads\/2020\/07\/image-4-1-3.jpg\" alt=\"Unser Bulli am Strand\" data-orig-width=\"2048\" data-orig-height=\"1536\" \/> <\/a><\/div><\/div><\/div><\/div><div id=\"cc-m-12577817626\" class=\"j-module n j-text \"><p style=\"text-align: center;\"><span style=\"font-size: 24px;\">\"<em><strong>Gl\u00fcck ist im Bulli auf'm Beach aufzuwachen.\"<\/strong><\/em><\/span><\/p><p>Als wir am Valentinstag aufwachen, k\u00fcndigt sich der neue Tag gerade an. Es ist kurz vor Sonnenaufgang. So genie\u00dfen wir den Sonnenaufgang mit einer Tasse Kaffee in der Hand. Heute machen wir mal wieder nichts. Lesen, Essen und ein wenig Sport. Betonung liegt auf wenig!<\/p><p>\u00a0<\/p><p>Dann noch ein kleiner Strandspaziergang - Dieser f\u00fchrt uns in Richtung der\u00a0Playa de Percheles, wohl auch Schlangenbucht genannt. - Eine bogenf\u00f6rmige Bucht mit Palmen zwischen Schieferfelsen. - Wir z\u00e4hlen etwa vierzig Camper, alle sch\u00f6n in wei\u00df, dazwischen ein einsamer Bulli. - Diese Bucht\u00a0ist wirklich sch\u00f6n, doch wir freuen uns umso mehr, dass wir ein ruhiges Pl\u00e4tzchen f\u00fcr uns gefunden haben. Unterwegs sehen wir noch einen coolen IVECO am Strand. Ein nettes holl\u00e4ndisches Paar. - Da machen wir doch ein Pic.<\/p><p>\u00a0<\/p><p>Zwischendurch frage ich mich, woran mich die Plantagen hinter uns erinnern.\u00a0 Dann f\u00e4llt es mir ein. - Das Verh\u00fcllte\u00a0Andalusien (engl. Originaltitel Wrapped Andalusia). - Ein Kunstprojekt des K\u00fcnstlerehepaars Christo und Jeanne-Claude? - Wie damals 1995 in Berlin? - Wir sind uns unsicher.<\/p><p>\u00a0<\/p><p>\u00a0<\/p><p>Was machen wir sonst?\u00a0\u00a0- Nichts, wirklich mal nichts. - Der perfekte Valentinstag!<\/p><p>\u00a0<\/p><\/div><div id=\"cc-m-12577818126\" class=\"j-module n j-gallery \"><div id=\"cc-m-gallery-12577818126\" class=\"cc-m-gallery-container cc-m-gallery-cool clearover\"><div id=\"gallery_thumb_8131482826\" class=\"cc-m-gallery-cool-item\"><div><a rel=\"lightbox[12577818126]\" data-href=\"https:\/\/planbwagen.de\/wp-content\/uploads\/attachments\/image.jpg\" data-title=\"Sonnenaufgang\" data-index=\"0\"> <img style=\"height: 137px; width: 182px; margin-bottom: 3px; margin-right: 3px;\" src=\"https:\/\/planbwagen.de\/wp-content\/uploads\/2020\/07\/image-5-6-6-5.jpg\" alt=\"Sonnenaufgang\" data-orig-width=\"2048\" data-orig-height=\"1536\" \/> <\/a><\/div><\/div><div id=\"gallery_thumb_8131482926\" class=\"cc-m-gallery-cool-item\"><div><a rel=\"lightbox[12577818126]\" data-href=\"https:\/\/planbwagen.de\/wp-content\/uploads\/attachments\/image.jpg\" data-title=\"Marc auf den Klippen am Meer\" data-index=\"1\"> <img style=\"height: 137px; width: 185px; margin-bottom: 3px;\" src=\"https:\/\/planbwagen.de\/wp-content\/uploads\/2020\/07\/image-3-9-0.jpg\" alt=\"Marc auf den Klippen am Meer\" data-orig-width=\"2048\" data-orig-height=\"1536\" \/> <\/a><\/div><\/div><div id=\"gallery_thumb_8131483126\" class=\"cc-m-gallery-cool-item\"><div><a rel=\"lightbox[12577818126]\" data-href=\"https:\/\/planbwagen.de\/wp-content\/uploads\/attachments\/image.jpg\" data-title=\"Mehr Meer\" data-index=\"2\"> <img style=\"height: 137px; width: 182px; margin-bottom: 3px; margin-right: 3px;\" src=\"https:\/\/planbwagen.de\/wp-content\/uploads\/2020\/07\/image-9-1-8.jpg\" alt=\"Mehr Meer\" data-orig-width=\"2048\" data-orig-height=\"1536\" \/> <\/a><\/div><\/div><div id=\"gallery_thumb_8131483226\" class=\"cc-m-gallery-cool-item\"><div><a rel=\"lightbox[12577818126]\" data-href=\"https:\/\/planbwagen.de\/wp-content\/uploads\/attachments\/image.jpg\" data-title=\"Iveco\" data-index=\"3\"> <img style=\"height: 137px; width: 185px; margin-bottom: 3px;\" src=\"https:\/\/planbwagen.de\/wp-content\/uploads\/2020\/07\/image-1-5-2-2.jpg\" alt=\"Iveco\" data-orig-width=\"2048\" data-orig-height=\"1536\" \/> <\/a><\/div><\/div><\/div><\/div><div id=\"cc-m-12577875226\" class=\"j-module n j-text \"><p style=\"text-align: right;\">\u00a0<a class=\"j-calltoaction-link j-calltoaction-link-style-2\" style=\"font-size: 16px; background-color: #ffcc00; border-width: 2px; border-color: #ffcc00; color: #ffffff; user-select: text; padding: 10px 20px; line-height: 1.5; border-radius: 0px; -webkit-appearance: none; margin: 1em 0px;\" title=\"Tag No. 164 - Geburtstag - Zum Gl\u00fcck gibt es Gl\u00fcck\" href=\"\/2020\/02\/15\/tag-no-164-geburtstag-zum-gl%C3%BCck-gibt-es-gl%C3%BCck\/\" data-action=\"button\" data-title=\"Sunny Side Up\">Sunny Side Up\u00a0 \u00a0\u00a0<\/a><\/p><p style=\"text-align: right;\"><a class=\"j-calltoaction-link j-calltoaction-link-style-2\" style=\"background-color: #ffcc00; border-width: 2px; border-color: #ffcc00; color: #ffffff; user-select: text; padding: 10px 20px; font-size: 16px; line-height: 1.5; border-radius: 0px; -webkit-appearance: none; margin: 1em 0px;\" title=\"Tag No. 161 - F\u00fcr eine Handvoll Dollar - Tabernas - Texas Hollywod\" href=\"\/2020\/02\/12\/tag-no-161-f%C3%BCr-eine-handvoll-dollar-tabernas-texas-hollywod\/\" data-action=\"button\" data-title=\"Sunny Side Down\"> Sunny Side Down\u00a0 \u00a0\u00a0<\/a><\/p><\/div><\/div><\/div><div class=\"j-module n j-text j-blog-post--tags-wrapper\"><span class=\"j-blog-post--tags--template\" style=\"display: none;\"><a class=\"j-blog-post--tag\" href=\"https:\/\/www.gluecksmuskel.de\/hectors-reisen\/?tag=tagPlaceholder\">tagPlaceholder<\/a><\/span><span class=\"j-blog-post--tags-label\" style=\"display: inline;\">Tags:<\/span> <span class=\"j-blog-post--tags-list\"><a class=\"j-blog-post--tag\" href=\"https:\/\/www.gluecksmuskel.de\/hectors-reisen\/?tag=bulli\">bulli<\/a>, <a class=\"j-blog-post--tag\" href=\"https:\/\/www.gluecksmuskel.de\/hectors-reisen\/?tag=Strand\">Strand<\/a>, <a class=\"j-blog-post--tag\" href=\"https:\/\/www.gluecksmuskel.de\/hectors-reisen\/?tag=Beach\">Beach<\/a>, <a class=\"j-blog-post--tag\" href=\"https:\/\/www.gluecksmuskel.de\/hectors-reisen\/?tag=Reisetagebuch\">Reisetagebuch<\/a>, <a class=\"j-blog-post--tag\" href=\"https:\/\/www.gluecksmuskel.de\/hectors-reisen\/?tag=VW+Bus\">VW Bus<\/a>, <a class=\"j-blog-post--tag\" href=\"https:\/\/www.gluecksmuskel.de\/hectors-reisen\/?tag=Reise\">Reise<\/a>, <a class=\"j-blog-post--tag\" href=\"https:\/\/www.gluecksmuskel.de\/hectors-reisen\/?tag=spanien\">spanien<\/a>, <a class=\"j-blog-post--tag\" href=\"https:\/\/www.gluecksmuskel.de\/hectors-reisen\/?tag=andalusien\">andalusien<\/a><\/span><\/div><div id=\"flexsocialbuttons\" class=\"n\"><div class=\"cc-sharebuttons-element cc-sharebuttons-size-16 cc-sharebuttons-style-colored cc-sharebuttons-design-square cc-sharebuttons-align-left\">\u00a0<\/div><\/div><div class=\"n j-comment\"><div id=\"commentsModule12577801926\"><p id=\"skiptoform12577801926\" class=\"skiptoform\"><a href=\"#\" data-id=\"12577801926\" data-action=\"goToForm\">Kommentar schreiben<\/a><\/p><div id=\"numComments12577801926\" class=\"j-blog-comment-counter\">Kommentare: <i class=\"cc-comments-count\">0<\/i><\/div><ul id=\"commentOutput12577801926\" class=\"com-list-noava\"><li id=\"commentFormContainer12577801926\" class=\"commentstd clearover cc-m-comment-loading\"><a name=\"commentForm12577801926\"><\/a><\/li><\/ul><div id=\"commentError12577801926\" class=\"message-error\" style=\"display: none;\">\u00a0<\/div><div id=\"commentSuccess12577801926\" class=\"message-ok\" style=\"display: none;\">\u00a0<\/div><\/div><p><script>\/\/ <![CDATA[ window.regModule(\"module_comment\", {\"data\":{\"id\":\"12577801926\",\"closed\":\"0\",\"captcha\":\"9cd24da65b873fa049fe5545557ba75f\",\"avatar\":false,\"lang\":{\"comment\":\"Kommentar\",\"comments\":\"Kommentare\"}}}); \/\/ ]]> <\/script><\/p><\/div><\/article><p>\u00a0<\/p>","_et_gb_content_width":"","footnotes":""},"categories":[9],"tags":[],"class_list":["post-757","post","type-post","status-publish","format-standard","has-post-thumbnail","hentry","category-spanien"],"_links":{"self":[{"href":"https:\/\/www.planbwagen.de\/en\/wp-json\/wp\/v2\/posts\/757","targetHints":{"allow":["GET"]}}],"collection":[{"href":"https:\/\/www.planbwagen.de\/en\/wp-json\/wp\/v2\/posts"}],"about":[{"href":"https:\/\/www.planbwagen.de\/en\/wp-json\/wp\/v2\/types\/post"}],"author":[{"embeddable":true,"href":"https:\/\/www.planbwagen.de\/en\/wp-json\/wp\/v2\/users\/1"}],"replies":[{"embeddable":true,"href":"https:\/\/www.planbwagen.de\/en\/wp-json\/wp\/v2\/comments?post=757"}],"version-history":[{"count":6,"href":"https:\/\/www.planbwagen.de\/en\/wp-json\/wp\/v2\/posts\/757\/revisions"}],"predecessor-version":[{"id":7760,"href":"https:\/\/www.planbwagen.de\/en\/wp-json\/wp\/v2\/posts\/757\/revisions\/7760"}],"wp:featuredmedia":[{"embeddable":true,"href":"https:\/\/www.planbwagen.de\/en\/wp-json\/wp\/v2\/media\/4106"}],"wp:attachment":[{"href":"https:\/\/www.planbwagen.de\/en\/wp-json\/wp\/v2\/media?parent=757"}],"wp:term":[{"taxonomy":"category","embeddable":true,"href":"https:\/\/www.planbwagen.de\/en\/wp-json\/wp\/v2\/categories?post=757"},{"taxonomy":"post_tag","embeddable":true,"href":"https:\/\/www.planbwagen.de\/en\/wp-json\/wp\/v2\/tags?post=757"}],"curies":[{"name":"wp","href":"https:\/\/api.w.org\/{rel}","templated":true}]}}