{"id":615,"date":"2020-02-26T19:21:13","date_gmt":"2020-02-26T19:21:13","guid":{"rendered":""},"modified":"2020-09-18T11:51:19","modified_gmt":"2020-09-18T11:51:19","slug":"tag-no-175-ibiza-strand-benirras","status":"publish","type":"post","link":"https:\/\/www.planbwagen.de\/en\/spain\/day-no-175-ibiza-beach-benirras\/","title":{"rendered":"Day No. 175 - Ibiza - Benirr\u00e1s Beach"},"content":{"rendered":"<p>[et_pb_section fb_built=&#8220;1&#8243; _builder_version=&#8220;3.22&#8243;][et_pb_row column_structure=&#8220;1_3,1_3,1_3&#8243; _builder_version=&#8220;4.5.1&#8243; _module_preset=&#8220;default&#8220;][et_pb_column type=&#8220;1_3&#8243; _builder_version=&#8220;4.5.1&#8243; _module_preset=&#8220;default&#8220;][et_pb_image src=&#8220;https:\/\/www.planbwagen.de\/wp-content\/uploads\/2020\/09\/1-79.jpg&#8220; title_text=&#8220;1&#8243; _builder_version=&#8220;4.5.1&#8243; _module_preset=&#8220;default&#8220;][\/et_pb_image][\/et_pb_column][et_pb_column type=&#8220;1_3&#8243; _builder_version=&#8220;4.5.1&#8243; _module_preset=&#8220;default&#8220;][et_pb_image src=&#8220;https:\/\/www.planbwagen.de\/wp-content\/uploads\/2020\/09\/2-74.jpg&#8220; title_text=&#8220;2&#8243; _builder_version=&#8220;4.5.1&#8243; _module_preset=&#8220;default&#8220; hover_enabled=&#8220;0&#8243; alt=&#8220;Torgit und Marc entspannt am Strand von Benirras&#8220;][\/et_pb_image][\/et_pb_column][et_pb_column type=&#8220;1_3&#8243; _builder_version=&#8220;4.5.1&#8243; _module_preset=&#8220;default&#8220;][et_pb_image src=&#8220;https:\/\/www.planbwagen.de\/wp-content\/uploads\/2020\/09\/3-69.jpg&#8220; title_text=&#8220;3&#8243; _builder_version=&#8220;4.5.1&#8243; _module_preset=&#8220;default&#8220; hover_enabled=&#8220;0&#8243; alt=&#8220;Blick auf das Meer am Strand Benirr\u00e1s, Ibiza&#8220;][\/et_pb_image][\/et_pb_column][\/et_pb_row][et_pb_row _builder_version=&#8220;4.5.1&#8243; _module_preset=&#8220;default&#8220;][et_pb_column type=&#8220;4_4&#8243; _builder_version=&#8220;4.5.1&#8243; _module_preset=&#8220;default&#8220;][et_pb_text _builder_version=&#8220;4.5.1&#8243; _module_preset=&#8220;default&#8220;]<\/p>\n<p>We had a wonderful night's sleep and it was only when I stepped out of the van that we realized the beauty of the property. Right next to us are some palm trees and behind them a small but beautiful pool. The finca, which we only saw from the inside yesterday, is furnished with a lot of love and taste. This impression continues from the outside in daylight. - As you know, we like the Dutch style of furnishing. Outside on the terrace we also find the typical Dutch beach furniture made from old scaffolding planks.<\/p>\n<p>Nach dem Fr\u00fchst\u00fcck machen wir uns erst einmal auf in Richtung Benirr\u00e1s. Der Strand, welcher in der N\u00e4he des Puerto de San Miguel liegt, ist um diese Jahreszeit fast ein Insider Tipp. Denn die meisten Touristen halten sich im S\u00fcd Osten Ibiza ist auf. Der Strand, der als einer der sch\u00f6nsten auf Ibiza gilt, ist im Sommer gleichzeitig Treffpunkt f\u00fcr Hippies, die hier jeden Abend mit ihren Trommeln den Sonnenuntergang zelebrieren. Uns ist noch nicht nach Sonnenuntergang zu mute, sondern wir wollen erst einmal richtig Sonne genie\u00dfen. Die Bucht wird auf beiden Seiten von hohen Felsen eingerahmt. Mitten in der Bucht ragt ein Felsen der &#8218;Can Bernat&#8216; in Form eines Fingers, aus dem Wasser. Die Insulaner nennen ihn &#8222;Finger Gottes&#8220;. &#8211; Was aber besonders sch\u00f6n ist, sind die Bootsschuppen der Fischer, welche sich an die Felsen anlehnen. Ein perfekter Platz um die Sonne zu genie\u00dfen. &#8211; Zwischendurch mache ich ein paar Aufnahmen mit der Drohne. Das dauert nicht lange, dann bin ich auch schon im Wasser. Herrlich erfrischend. &#8211; Einen solchen Strand fu\u00dfl\u00e4ufig von seiner eigenen Finca zu besitzen, ist schon ein wahrer Luxus. Was m\u00f6chte man mehr?<\/p>\n<p>When we walk back to the finca some time later, we collect wild asparagus on the way. Our lunch consists of asparagus, scrambled eggs and babyale - delicious! We enjoy the afternoon sun on the couch. I start by editing the footage from the morning.<\/p>\n<p>[\/et_pb_text][\/et_pb_column][\/et_pb_row][et_pb_row column_structure=&#8220;1_4,1_4,1_4,1_4&#8243; _builder_version=&#8220;4.5.1&#8243; _module_preset=&#8220;default&#8220;][et_pb_column type=&#8220;1_4&#8243; _builder_version=&#8220;4.5.1&#8243; _module_preset=&#8220;default&#8220;][et_pb_image src=&#8220;https:\/\/www.planbwagen.de\/wp-content\/uploads\/2020\/09\/4-61.jpg&#8220; title_text=&#8220;4&#8243; _builder_version=&#8220;4.5.1&#8243; _module_preset=&#8220;default&#8220; hover_enabled=&#8220;0&#8243; alt=&#8220;Wilder Spargel w\u00e4chst an vielen Stellen auf IBIZ&#8220;][\/et_pb_image][\/et_pb_column][et_pb_column type=&#8220;1_4&#8243; _builder_version=&#8220;4.5.1&#8243; _module_preset=&#8220;default&#8220;][et_pb_image src=&#8220;https:\/\/www.planbwagen.de\/wp-content\/uploads\/2020\/09\/5-52.jpg&#8220; title_text=&#8220;5&#8243; _builder_version=&#8220;4.5.1&#8243; _module_preset=&#8220;default&#8220; hover_enabled=&#8220;0&#8243; alt=&#8220;Wilder Spargel, Babyale und R\u00fchrei, unser Mittagsmahl&#8220;][\/et_pb_image][\/et_pb_column][et_pb_column type=&#8220;1_4&#8243; _builder_version=&#8220;4.5.1&#8243; _module_preset=&#8220;default&#8220;][et_pb_image src=&#8220;https:\/\/www.planbwagen.de\/wp-content\/uploads\/2020\/09\/6-48.jpg&#8220; title_text=&#8220;6&#8243; _builder_version=&#8220;4.5.1&#8243; _module_preset=&#8220;default&#8220;][\/et_pb_image][\/et_pb_column][et_pb_column type=&#8220;1_4&#8243; _builder_version=&#8220;4.5.1&#8243; _module_preset=&#8220;default&#8220;][et_pb_image src=&#8220;https:\/\/www.planbwagen.de\/wp-content\/uploads\/2020\/09\/7-32.jpg&#8220; title_text=&#8220;7&#8243; _builder_version=&#8220;4.5.1&#8243; _module_preset=&#8220;default&#8220; hover_enabled=&#8220;0&#8243; alt=&#8220;Der planBwagen, VW California, ist in einem ausgetrockneten Flussbett geparkt.&#8220;][\/et_pb_image][\/et_pb_column][\/et_pb_row][et_pb_row _builder_version=&#8220;4.5.1&#8243; _module_preset=&#8220;default&#8220;][et_pb_column type=&#8220;4_4&#8243; _builder_version=&#8220;4.5.1&#8243; _module_preset=&#8220;default&#8220;][et_pb_text _builder_version=&#8220;4.5.1&#8243; _module_preset=&#8220;default&#8220;]<\/p>\n<p>Torgit and I decide to look for a new place to sleep for the night. It's important to know that wild camping is supposedly heavily penalized on Ibiza. But in the low season, this seems to be handled a little more relaxed. We find a nice spot in a washed-out and dried-up riverbed. We can now also reach the beach on foot from our spot. The finca is currently for sale. - But the price takes our breath away. Our van is actually quite nice too. Would we swap if money was no object? - Not today! It's crazy how perspectives have shifted. Just a year ago, we would have blindly opted for the finca.<\/p>\n<p>Later, we walk to the beach again. Now it really is time for sunset. We sit leaning against one of the old boat garages and enjoy the last rays of sunshine on our skin. Happiness is priceless.<\/p>\n<p>[\/et_pb_text][\/et_pb_column][\/et_pb_row][\/et_pb_section]<\/p>","protected":false},"excerpt":{"rendered":"<p>[et_pb_section fb_built=&#8220;1&#8243; _builder_version=&#8220;3.22&#8243;][et_pb_row column_structure=&#8220;1_3,1_3,1_3&#8243; _builder_version=&#8220;4.5.1&#8243; _module_preset=&#8220;default&#8220;][et_pb_column type=&#8220;1_3&#8243; _builder_version=&#8220;4.5.1&#8243; _module_preset=&#8220;default&#8220;][et_pb_image src=&#8220;https:\/\/www.planbwagen.de\/wp-content\/uploads\/2020\/09\/1-79.jpg&#8220; title_text=&#8220;1&#8243; _builder_version=&#8220;4.5.1&#8243; _module_preset=&#8220;default&#8220;][\/et_pb_image][\/et_pb_column][et_pb_column type=&#8220;1_3&#8243; _builder_version=&#8220;4.5.1&#8243; _module_preset=&#8220;default&#8220;][et_pb_image src=&#8220;https:\/\/www.planbwagen.de\/wp-content\/uploads\/2020\/09\/2-74.jpg&#8220; title_text=&#8220;2&#8243; _builder_version=&#8220;4.5.1&#8243; _module_preset=&#8220;default&#8220; hover_enabled=&#8220;0&#8243; alt=&#8220;Torgit und Marc entspannt am Strand von Benirras&#8220;][\/et_pb_image][\/et_pb_column][et_pb_column type=&#8220;1_3&#8243; _builder_version=&#8220;4.5.1&#8243; _module_preset=&#8220;default&#8220;][et_pb_image src=&#8220;https:\/\/www.planbwagen.de\/wp-content\/uploads\/2020\/09\/3-69.jpg&#8220; title_text=&#8220;3&#8243; _builder_version=&#8220;4.5.1&#8243; _module_preset=&#8220;default&#8220; hover_enabled=&#8220;0&#8243; alt=&#8220;Blick auf das Meer am Strand Benirr\u00e1s, Ibiza&#8220;][\/et_pb_image][\/et_pb_column][\/et_pb_row][et_pb_row _builder_version=&#8220;4.5.1&#8243; _module_preset=&#8220;default&#8220;][et_pb_column type=&#8220;4_4&#8243; _builder_version=&#8220;4.5.1&#8243; _module_preset=&#8220;default&#8220;][et_pb_text _builder_version=&#8220;4.5.1&#8243; _module_preset=&#8220;default&#8220;] Wir haben wunderbar [&hellip;]<\/p>","protected":false},"author":1,"featured_media":4126,"comment_status":"open","ping_status":"open","sticky":false,"template":"","format":"standard","meta":{"_et_pb_use_builder":"on","_et_pb_old_content":"<p>\u00a0<\/p><div id=\"content_start\">\u00a0<\/div><article class=\"j-blog\"><div class=\"n j-blog-meta j-blog-post--header\"><div class=\"j-text j-module n\"><a class=\"j-blog-post--category\" href=\"https:\/\/www.gluecksmuskel.de\/hectors-reisen\/spain-spanien\/\"> Spain - Spanien <\/a> \u00a0\u00b7\u00a0 <span class=\"j-text j-blog-post--date\"> 26. Februar 2020 <\/span><\/div><h1 class=\"j-blog-header j-blog-headline j-blog-post--headline\">Tag No. 175 - Ibiza - Strand Benirr\u00e1s<\/h1><\/div><div class=\"post j-blog-content\"><div id=\"cc-matrix-3608061826\"><div id=\"cc-m-12581477726\" class=\"j-module n j-spacing \"><div class=\"cc-m-spacer\" style=\"height: 20px;\">\u00a0<\/div><\/div><div id=\"cc-m-12581476326\" class=\"j-module n j-gallery \"><div id=\"cc-m-gallery-12581476326\" class=\"cc-m-gallery-container cc-m-gallery-cool clearover\"><div id=\"gallery_thumb_8134685126\" class=\"cc-m-gallery-cool-item\"><div><a rel=\"lightbox[12581476326]\" data-href=\"https:\/\/planbwagen.de\/wp-content\/uploads\/attachments\/image.jpg\" data-title=\"\" data-index=\"0\"> <img style=\"height: 277px; width: 370px; margin-bottom: 3px;\" src=\"https:\/\/planbwagen.de\/wp-content\/uploads\/2020\/07\/image-3-8-9.jpg\" alt=\"\" data-orig-width=\"2048\" data-orig-height=\"1536\" \/> <\/a><\/div><\/div><div id=\"gallery_thumb_8134685426\" class=\"cc-m-gallery-cool-item\"><div><a rel=\"lightbox[12581476326]\" data-href=\"https:\/\/planbwagen.de\/wp-content\/uploads\/attachments\/image.jpg\" data-title=\"\" data-index=\"1\"> <img style=\"height: 176px; width: 132px; margin-bottom: 3px; margin-right: 3px;\" src=\"https:\/\/planbwagen.de\/wp-content\/uploads\/2020\/07\/image-5-5-2.jpg\" alt=\"\" data-orig-width=\"1536\" data-orig-height=\"2048\" \/> <\/a><\/div><\/div><div id=\"gallery_thumb_8134685226\" class=\"cc-m-gallery-cool-item\"><div><a rel=\"lightbox[12581476326]\" data-href=\"https:\/\/planbwagen.de\/wp-content\/uploads\/attachments\/image.jpg\" data-title=\"\" data-index=\"2\"> <img style=\"height: 176px; width: 235px; margin-bottom: 3px;\" src=\"https:\/\/planbwagen.de\/wp-content\/uploads\/2020\/07\/image-5-0-7-9.jpg\" alt=\"\" data-orig-width=\"2048\" data-orig-height=\"1536\" \/> <\/a><\/div><\/div><\/div><\/div><div id=\"cc-m-12581421726\" class=\"j-module n j-text \"><p>\u00a0<\/p><p>Wir haben wunderbar geschlafen, erst als ich aus dem Bulli trete, wird uns die Sch\u00f6nheit des Anwesens gewahr. Direkt neben uns, stehen einige Palmen und dahinter ein kleiner, aber feiner Pool. Die Finca, welche wir gestern lediglich von\u00a0innen gesehen haben, ist\u00a0mit sehr viel Liebe und Geschmack eingerichtet. Dieser Eindruck setzt sich bei Tageslicht von au\u00dfen fort. - Wir m\u00f6gen ja bekanntlich den holl\u00e4ndischen Einrichtungsstil. Auch drau\u00dfen auf der\u00a0Terrasse finden wir die typische holl\u00e4ndischen Strandm\u00f6bel aus alten Ger\u00fcst-Dielen.<\/p><p>\u00a0<\/p><p>Nach dem Fr\u00fchst\u00fcck machen wir uns erst einmal auf in Richtung Benirr\u00e1s. Der Strand, welcher in der N\u00e4he des Puerto de San Miguel liegt, ist um diese Jahreszeit\u00a0fast ein Insider Tipp. Denn die meisten Touristen halten sich im S\u00fcd Osten Ibiza ist auf. Der Strand, der als einer der sch\u00f6nsten auf Ibiza gilt, ist im Sommer gleichzeitig Treffpunkt f\u00fcr Hippies, die hier jeden Abend mit ihren Trommeln den Sonnenuntergang zelebrieren. Uns ist\u00a0noch nicht nach Sonnenuntergang zu mute, sondern wir wollen erst einmal richtig Sonne genie\u00dfen. Die Bucht wird auf beiden Seiten von hohen Felsen eingerahmt.\u00a0 Mitten in der Bucht ragt ein\u00a0Felsen der 'Can Bernat' in Form eines Fingers, aus dem Wasser.\u00a0Die Insulaner nennen ihn \"Finger Gottes\". - Was aber besonders sch\u00f6n ist, sind die Bootsschuppen der Fischer, welche sich an die Felsen anlehnen. Ein\u00a0perfekter Platz um die\u00a0Sonne zu genie\u00dfen. - Zwischendurch mache ich ein paar Aufnahmen mit der Drohne. Das dauert nicht lange, dann bin ich auch schon im Wasser. Herrlich erfrischend. - Einen solchen Strand fu\u00dfl\u00e4ufig von seiner eigenen Finca zu besitzen, ist schon ein wahrer Luxus. Was m\u00f6chte man mehr?<\/p><p>\u00a0<\/p><p>Als wir\u00a0einige Zeit sp\u00e4ter zur Finca zur\u00fcck laufen, sammeln wir unterwegs wilden Spargel. Unser Mittagsmahl besteht dann auch aus Spargel, R\u00fchrei und dazu Babyale. - Lecker! Die Nachmittags Sonne genie\u00dfen wir auf der Couch.\u00a0Ich schneide\u00a0erst einmal die Aufnahmen vom Vormittag.<\/p><p>\u00a0<\/p><\/div><div id=\"cc-m-12581470426\" class=\"j-module n j-gallery \"><div id=\"cc-m-gallery-12581470426\" class=\"cc-m-gallery-container cc-m-gallery-cool clearover\"><div id=\"gallery_thumb_8134681926\" class=\"cc-m-gallery-cool-item\"><div><a rel=\"lightbox[12581470426]\" data-href=\"https:\/\/planbwagen.de\/wp-content\/uploads\/attachments\/image.jpg\" data-title=\"Ibiza wilder Spargel\" data-index=\"0\"> <img style=\"height: 252px; width: 177px; margin-bottom: 3px; margin-right: 3px;\" src=\"https:\/\/planbwagen.de\/wp-content\/uploads\/2020\/07\/image-6-1-6.jpg\" alt=\"Ibiza wilder Spargel\" data-orig-width=\"1446\" data-orig-height=\"2048\" \/> <\/a><\/div><\/div><div id=\"gallery_thumb_8134682126\" class=\"cc-m-gallery-cool-item\"><div><a rel=\"lightbox[12581470426]\" data-href=\"https:\/\/planbwagen.de\/wp-content\/uploads\/attachments\/image.jpg\" data-title=\"Ibiza Mittagessen wilder Spargel\" data-index=\"1\"> <img style=\"height: 252px; width: 190px; margin-bottom: 3px;\" src=\"https:\/\/planbwagen.de\/wp-content\/uploads\/2020\/07\/image-5-0-2.jpg\" alt=\"Ibiza Mittagessen wilder Spargel\" data-orig-width=\"1536\" data-orig-height=\"2048\" \/> <\/a><\/div><\/div><div id=\"gallery_thumb_8134682026\" class=\"cc-m-gallery-cool-item\"><div><a rel=\"lightbox[12581470426]\" data-href=\"https:\/\/planbwagen.de\/wp-content\/uploads\/attachments\/image.jpg\" data-title=\"Ibiza wilde Kr\u00e4uter Zistrose\" data-index=\"2\"> <img style=\"height: 244px; width: 183px; margin-bottom: 3px; margin-right: 3px;\" src=\"https:\/\/planbwagen.de\/wp-content\/uploads\/2020\/07\/image-0-9-6.jpg\" alt=\"Ibiza wilde Kr\u00e4uter Zistrose\" data-orig-width=\"675\" data-orig-height=\"900\" \/> <\/a><\/div><\/div><div id=\"gallery_thumb_8134681726\" class=\"cc-m-gallery-cool-item\"><div><a rel=\"lightbox[12581470426]\" data-href=\"https:\/\/planbwagen.de\/wp-content\/uploads\/attachments\/image.jpg\" data-title=\"Ibiza Bulli T5 in Flu\u00dfbett\" data-index=\"3\"> <img style=\"height: 244px; width: 184px; margin-bottom: 3px;\" src=\"https:\/\/planbwagen.de\/wp-content\/uploads\/2020\/07\/image-3-5-5.jpg\" alt=\"Ibiza Bulli T5 in Flu\u00dfbett\" data-orig-width=\"1536\" data-orig-height=\"2048\" \/> <\/a><\/div><\/div><\/div><\/div><div id=\"cc-m-12581469826\" class=\"j-module n j-text \"><p>\u00a0<\/p><p>Torgit\u00a0und ich beschlie\u00dfen uns einen neuen Schlafplatz f\u00fcr die Nacht zu suchen. Hierzu muss man wissen, dass auf Ibiza Wildcampen, angeblich hoch bestraft wird. Doch in der Nebensaison, scheint dies etwas\u00a0relaxter gehandhabt zu werden. Wir finden einen sch\u00f6nen Platz in einem ausgewaschenen und auch ausgetrocknetem Flussbett. Auch von unserem Spot\u00a0k\u00f6nnen wir\u00a0nun den Strand fu\u00dfl\u00e4ufig erreichen. Die Finca steht zur Zeit zum Verkauf. - Doch der Preis verschl\u00e4gt uns den Atem. Eigentlich ist unser Van auch ganz nett. W\u00fcrden wir tauschen, wenn Geld keine Rolle spielen w\u00fcrde? - Heute nicht! Es ist schon ein Wahnsinn, wie sich die Perspektiven verschoben haben. Noch vor einem Jahr h\u00e4tten wir uns blind f\u00fcr die Finca entschieden.<\/p><p>\u00a0<\/p><p>Sp\u00e4ter\u00a0laufen wir noch einmal zum Strand. Nun ist es wirklich Zeit f\u00fcr Sunset. Wir sitzen an eine der alten Bootsgaragen gelehnt und genie\u00dfen die letzten Sonnenstrahlen auf der Haut. Gl\u00fcck ist unbezahlbar.<\/p><\/div><div id=\"cc-m-12581510526\" class=\"j-module n j-text \"><p style=\"text-align: right;\"><a class=\"j-calltoaction-link j-calltoaction-link-style-2\" style=\"font-size: 16px; background-color: #ffcc00; border-width: 2px; border-color: #ffcc00; color: #ffffff; user-select: text; padding: 10px 20px; line-height: 1.5; border-radius: 0px; -webkit-appearance: none; margin: 1em 0px;\" title=\"Tag No. 176 - The Making of XXX\" href=\"\/2020\/02\/28\/tag-no-176-the-making-of-xxx\/\" data-action=\"button\" data-title=\"Sunny Side Up\"> Sunny Side Up\u00a0 \u00a0\u00a0<\/a><\/p><p style=\"text-align: right;\"><a class=\"j-calltoaction-link j-calltoaction-link-style-2\" style=\"background-color: #ffcc00; border-width: 2px; border-color: #ffcc00; color: #ffffff; user-select: text; padding: 10px 20px; font-size: 16px; line-height: 1.5; border-radius: 0px; -webkit-appearance: none; margin: 1em 0px;\" title=\"Tag No. 174 - IBIZA is coming\" href=\"\/2020\/02\/25\/tag-no-174-ibiza-is-coming\/\" data-action=\"button\" data-title=\"Sunny Side Down\"> Sunny Side Down\u00a0 \u00a0\u00a0<\/a><\/p><\/div><\/div><\/div><div class=\"j-module n j-text j-blog-post--tags-wrapper\"><span class=\"j-blog-post--tags--template\" style=\"display: none;\"><a class=\"j-blog-post--tag\" href=\"https:\/\/www.gluecksmuskel.de\/hectors-reisen\/?tag=tagPlaceholder\">tagPlaceholder<\/a><\/span><span class=\"j-blog-post--tags-label\" style=\"display: inline;\">Tags:<\/span> <span class=\"j-blog-post--tags-list\"><a class=\"j-blog-post--tag\" href=\"https:\/\/www.gluecksmuskel.de\/hectors-reisen\/?tag=gl%C3%BCck\">gl\u00fcck<\/a>, <a class=\"j-blog-post--tag\" href=\"https:\/\/www.gluecksmuskel.de\/hectors-reisen\/?tag=bulli\">bulli<\/a>, <a class=\"j-blog-post--tag\" href=\"https:\/\/www.gluecksmuskel.de\/hectors-reisen\/?tag=Strand\">Strand<\/a>, <a class=\"j-blog-post--tag\" href=\"https:\/\/www.gluecksmuskel.de\/hectors-reisen\/?tag=Beach\">Beach<\/a>, <a class=\"j-blog-post--tag\" href=\"https:\/\/www.gluecksmuskel.de\/hectors-reisen\/?tag=VW+Bus\">VW Bus<\/a>, <a class=\"j-blog-post--tag\" href=\"https:\/\/www.gluecksmuskel.de\/hectors-reisen\/?tag=Freunde\">Freunde<\/a>, <a class=\"j-blog-post--tag\" href=\"https:\/\/www.gluecksmuskel.de\/hectors-reisen\/?tag=love\">love<\/a>, <a class=\"j-blog-post--tag\" href=\"https:\/\/www.gluecksmuskel.de\/hectors-reisen\/?tag=Paar+auf+Reise\">Paar auf Reise<\/a>, <a class=\"j-blog-post--tag\" href=\"https:\/\/www.gluecksmuskel.de\/hectors-reisen\/?tag=T5\">T5<\/a>, <a class=\"j-blog-post--tag\" href=\"https:\/\/www.gluecksmuskel.de\/hectors-reisen\/?tag=Ibiza\">Ibiza<\/a>, <a class=\"j-blog-post--tag\" href=\"https:\/\/www.gluecksmuskel.de\/hectors-reisen\/?tag=Benirras\">Benirras<\/a>, <a class=\"j-blog-post--tag\" href=\"https:\/\/www.gluecksmuskel.de\/hectors-reisen\/?tag=wilder+Spargel\">wilder Spargel<\/a>, <a class=\"j-blog-post--tag\" href=\"https:\/\/www.gluecksmuskel.de\/hectors-reisen\/?tag=meer\">meer<\/a><\/span><\/div><div id=\"flexsocialbuttons\" class=\"n\"><div class=\"cc-sharebuttons-element cc-sharebuttons-size-16 cc-sharebuttons-style-colored cc-sharebuttons-design-square cc-sharebuttons-align-left\">\u00a0<\/div><\/div><div class=\"n j-comment\"><div id=\"commentsModule12581421426\"><p id=\"skiptoform12581421426\" class=\"skiptoform\"><a href=\"#\" data-id=\"12581421426\" data-action=\"goToForm\">Kommentar schreiben<\/a><\/p><div id=\"numComments12581421426\" class=\"j-blog-comment-counter\">Kommentare: <i class=\"cc-comments-count\">0<\/i><\/div><ul id=\"commentOutput12581421426\" class=\"com-list-noava\"><li id=\"commentFormContainer12581421426\" class=\"commentstd clearover cc-m-comment-loading\"><a name=\"commentForm12581421426\"><\/a><\/li><\/ul><div id=\"commentError12581421426\" class=\"message-error\" style=\"display: none;\">\u00a0<\/div><div id=\"commentSuccess12581421426\" class=\"message-ok\" style=\"display: none;\">\u00a0<\/div><\/div><p><script>\/\/ <![CDATA[ window.regModule(\"module_comment\", {\"data\":{\"id\":\"12581421426\",\"closed\":\"0\",\"captcha\":\"82c42cfcc8bfe24dbaa3cf56ec6d43b4\",\"avatar\":false,\"lang\":{\"comment\":\"Kommentar\",\"comments\":\"Kommentare\"}}}); \/\/ ]]> <\/script><\/p><\/div><\/article><p>\u00a0<\/p>","_et_gb_content_width":"","footnotes":""},"categories":[9],"tags":[],"class_list":["post-615","post","type-post","status-publish","format-standard","has-post-thumbnail","hentry","category-spanien"],"_links":{"self":[{"href":"https:\/\/www.planbwagen.de\/en\/wp-json\/wp\/v2\/posts\/615","targetHints":{"allow":["GET"]}}],"collection":[{"href":"https:\/\/www.planbwagen.de\/en\/wp-json\/wp\/v2\/posts"}],"about":[{"href":"https:\/\/www.planbwagen.de\/en\/wp-json\/wp\/v2\/types\/post"}],"author":[{"embeddable":true,"href":"https:\/\/www.planbwagen.de\/en\/wp-json\/wp\/v2\/users\/1"}],"replies":[{"embeddable":true,"href":"https:\/\/www.planbwagen.de\/en\/wp-json\/wp\/v2\/comments?post=615"}],"version-history":[{"count":7,"href":"https:\/\/www.planbwagen.de\/en\/wp-json\/wp\/v2\/posts\/615\/revisions"}],"predecessor-version":[{"id":8441,"href":"https:\/\/www.planbwagen.de\/en\/wp-json\/wp\/v2\/posts\/615\/revisions\/8441"}],"wp:featuredmedia":[{"embeddable":true,"href":"https:\/\/www.planbwagen.de\/en\/wp-json\/wp\/v2\/media\/4126"}],"wp:attachment":[{"href":"https:\/\/www.planbwagen.de\/en\/wp-json\/wp\/v2\/media?parent=615"}],"wp:term":[{"taxonomy":"category","embeddable":true,"href":"https:\/\/www.planbwagen.de\/en\/wp-json\/wp\/v2\/categories?post=615"},{"taxonomy":"post_tag","embeddable":true,"href":"https:\/\/www.planbwagen.de\/en\/wp-json\/wp\/v2\/tags?post=615"}],"curies":[{"name":"wp","href":"https:\/\/api.w.org\/{rel}","templated":true}]}}