{"id":4186,"date":"2020-08-07T13:46:21","date_gmt":"2020-08-07T13:46:21","guid":{"rendered":"https:\/\/planbwagen.de\/?p=4186"},"modified":"2021-07-03T14:27:44","modified_gmt":"2021-07-03T12:27:44","slug":"foliencenter-nrw-fahrzeugfolierung-lackschutz","status":"publish","type":"post","link":"https:\/\/www.planbwagen.de\/en\/spacecamper-terranger-co\/film-center-nrw-vehicle-wrapping-paint-protection\/","title":{"rendered":"Pixel camouflage instead of pure grey | pit stop at the Foliencenter-NRW | vehicle foiling &amp; paint protection"},"content":{"rendered":"<p>[et_pb_section fb_built=&#8220;1&#8243; admin_label=&#8220;section&#8220; _builder_version=&#8220;3.22&#8243;][et_pb_row column_structure=&#8220;1_2,1_2&#8243; _builder_version=&#8220;4.5.1&#8243; _module_preset=&#8220;default&#8220;][et_pb_column type=&#8220;1_2&#8243; _builder_version=&#8220;4.5.1&#8243; _module_preset=&#8220;default&#8220;][et_pb_image src=&#8220;https:\/\/www.planbwagen.de\/wp-content\/uploads\/2020\/08\/2-20.jpg&#8220; alt=&#8220;VW T6.1 Folierung MARPART Digital urban pixeltarn&#8220; title_text=&#8220;2&#8243; _builder_version=&#8220;4.5.1&#8243; _module_preset=&#8220;default&#8220;][\/et_pb_image][\/et_pb_column][et_pb_column type=&#8220;1_2&#8243; _builder_version=&#8220;4.5.1&#8243; _module_preset=&#8220;default&#8220;][et_pb_image src=&#8220;https:\/\/www.planbwagen.de\/wp-content\/uploads\/2020\/08\/1-22.jpg&#8220; alt=&#8220;SpaceCamper foliert in MARPART Digital urban pixeltarn&#8220; title_text=&#8220;1&#8243; _builder_version=&#8220;4.5.1&#8243; _module_preset=&#8220;default&#8220; custom_margin=&#8220;||63px|||&#8220;][\/et_pb_image][\/et_pb_column][\/et_pb_row][et_pb_row _builder_version=&#8220;4.5.1&#8243; _module_preset=&#8220;default&#8220;][et_pb_column type=&#8220;4_4&#8243; _builder_version=&#8220;4.5.1&#8243; _module_preset=&#8220;default&#8220;][et_pb_text _builder_version=&#8220;4.5.1&#8243; _module_preset=&#8220;default&#8220; content__hover_enabled=&#8220;on|desktop&#8220;]<\/p>\n<div id=\"ez-toc-container\" class=\"ez-toc-v2_0_76 counter-hierarchy ez-toc-counter ez-toc-grey ez-toc-container-direction\">\n<p class=\"ez-toc-title\" style=\"cursor:inherit\">Content<\/p>\n<label for=\"ez-toc-cssicon-toggle-item-69f2f9eb4347c\" class=\"ez-toc-cssicon-toggle-label\"><span class=\"\"><span class=\"eztoc-hide\" style=\"display:none;\">Toggle<\/span><span class=\"ez-toc-icon-toggle-span\"><svg style=\"fill: #999;color:#999\" xmlns=\"http:\/\/www.w3.org\/2000\/svg\" class=\"list-377408\" width=\"20px\" height=\"20px\" viewbox=\"0 0 24 24\" fill=\"none\"><path d=\"M6 6H4v2h2V6zm14 0H8v2h12V6zM4 11h2v2H4v-2zm16 0H8v2h12v-2zM4 16h2v2H4v-2zm16 0H8v2h12v-2z\" fill=\"currentColor\"><\/path><\/svg><svg style=\"fill: #999;color:#999\" class=\"arrow-unsorted-368013\" xmlns=\"http:\/\/www.w3.org\/2000\/svg\" width=\"10px\" height=\"10px\" viewbox=\"0 0 24 24\" version=\"1.2\" baseprofile=\"tiny\"><path d=\"M18.2 9.3l-6.2-6.3-6.2 6.3c-.2.2-.3.4-.3.7s.1.5.3.7c.2.2.4.3.7.3h11c.3 0 .5-.1.7-.3.2-.2.3-.5.3-.7s-.1-.5-.3-.7zM5.8 14.7l6.2 6.3 6.2-6.3c.2-.2.3-.5.3-.7s-.1-.5-.3-.7c-.2-.2-.4-.3-.7-.3h-11c-.3 0-.5.1-.7.3-.2.2-.3.5-.3.7s.1.5.3.7z\"\/><\/svg><\/span><\/span><\/label><input type=\"checkbox\"  id=\"ez-toc-cssicon-toggle-item-69f2f9eb4347c\"  aria-label=\"Toggle\" \/><nav><ul class='ez-toc-list ez-toc-list-level-1' ><li class='ez-toc-page-1 ez-toc-heading-level-2'><a class=\"ez-toc-link ez-toc-heading-1\" href=\"https:\/\/www.planbwagen.de\/en\/spacecamper-terranger-co\/film-center-nrw-vehicle-wrapping-paint-protection\/#Pixeltarn_statt_Tarnumhang\" >Pixel camouflage instead of camouflage cloak:<\/a><\/li><li class='ez-toc-page-1 ez-toc-heading-level-2'><a class=\"ez-toc-link ez-toc-heading-2\" href=\"https:\/\/www.planbwagen.de\/en\/spacecamper-terranger-co\/film-center-nrw-vehicle-wrapping-paint-protection\/#UCP_%E2%80%93_Universal_Camo_Pattern\" >UCP - Universal Camo Pattern:<\/a><\/li><li class='ez-toc-page-1 ez-toc-heading-level-2'><a class=\"ez-toc-link ez-toc-heading-3\" href=\"https:\/\/www.planbwagen.de\/en\/spacecamper-terranger-co\/film-center-nrw-vehicle-wrapping-paint-protection\/#Urban_Camo\" >Urban Camo:<\/a><\/li><li class='ez-toc-page-1 ez-toc-heading-level-2'><a class=\"ez-toc-link ez-toc-heading-4\" href=\"https:\/\/www.planbwagen.de\/en\/spacecamper-terranger-co\/film-center-nrw-vehicle-wrapping-paint-protection\/#Mausgrau_sprich_pure_grey\" >Mouse gray, i.e. pure gray:<\/a><\/li><\/ul><\/nav><\/div>\n<h2><span class=\"ez-toc-section\" id=\"Pixeltarn_statt_Tarnumhang\"><\/span><span style=\"font-size: xx-large;\">Pixel camouflage instead of camouflage cloak:<\/span><span class=\"ez-toc-section-end\"><\/span><\/h2>\n<p><span>A magical cloak of invisibility appears again and again in the Harry Potter books. Simply put it on and you are invisible.<\/span><\/p>\n<p><span>Who hasn't wished for a camouflage cloak like this? In Germany, the so-called hunter's green is a permanent fixture in forests and fields. As we all know, the Americans always go one step further. Here, camouflage clothing is an integral part of hunting culture. Do we still have to have reservations about camouflage patterns for traditional reasons? I believe that even pacifists can wish to be invisible. And that's exactly what we want. When we are out in the wild, we want to irritate people and animals as little as possible. <\/span><\/p>\n<h2><span class=\"ez-toc-section\" id=\"UCP_%E2%80%93_Universal_Camo_Pattern\"><\/span><span style=\"font-size: xx-large;\">UCP - Universal Camo Pattern:<\/span><span class=\"ez-toc-section-end\"><\/span><\/h2>\n<p><span>That's why we came up with a few ideas. We came across a pixelated universal camouflage,\u00a0<\/span>called UCP - Universal Camo Pattern. - These are also available in shades of gray. We found this less militant than camouflage, camouflage or woodland camouflage.\u00a0<\/p>\n<p>[\/et_pb_text][\/et_pb_column][\/et_pb_row][et_pb_row column_structure=&#8220;1_2,1_2&#8243; _builder_version=&#8220;4.5.1&#8243; _module_preset=&#8220;default&#8220;][et_pb_column type=&#8220;1_2&#8243; _builder_version=&#8220;4.5.1&#8243; _module_preset=&#8220;default&#8220;][et_pb_image src=&#8220;https:\/\/www.planbwagen.de\/wp-content\/uploads\/2021\/06\/SpaceCamper-1024&#215;576.png&#8220; _builder_version=&#8220;4.5.1&#8243; _module_preset=&#8220;default&#8220; alt=&#8220;SpaceCamper statt California &#8211; BUTCH &#8211; VW T6.1 Overlander &#8211; Das Beste aus Terranger &#038; Delta4x4.&#8220; title_text=&#8220;SpaceCamper&#8220; url=&#8220<div class=\"ikn-evt-container\">\r\n    <iframe\r\n            width=\"100%\"\r\n            class=\"ikn-evt-iframe\"\r\n            srcdoc=\"<style>\n    * {\n    padding:0;\n    margin:0;\n    overflow:hidden\n}\n\nhtml, body {\n    height:100%\n}\n\n.ikn-evt-container {\n    position: relative;\n    padding-bottom: 56.25%;\n    height: 0;\n}\n\n.ikn-evt-container iframe {\n    position: absolute;\n    top: 0;\n    left: 0;\n    width: 100%;\n    height: 100%;\n}\n\n.ikn-evt-frame {\n    display: block;\n    position: relative;\n    padding-bottom: 56.23%;\n    height: 0;\n    overflow: hidden;\n    max-width: 100%;\n    background: #000;\n}\n\n.ikn-evt-frame img.ikn-evt-thumbnail {\n    bottom: 0;\n    display: block;\n    left: 0;\n    margin: auto;\n    max-width: 100%;\n    width: 100%;\n    position: absolute;\n    right: 0;\n    top: 0;\n    border: none;\n    height: auto;\n    cursor: pointer;\n    -webkit-transition: .4s all;\n    -moz-transition: .4s all;\n    transition: .4s all;\n}\n\n.ikn-evt-frame[data-source=youtube] img.ikn-evt-thumbnail {\n    top: -63px;\n    bottom: -63px;\n}\n\n.ikn-evt-frame:hover img.ikn-evt-thumbnail {\n    -webkit-filter: brightness(75%);\n}\n\n.ikn-evt-frame .ikn-evt-play-button {\n    height: 20%;\n    width: 13%;\n    left: 44%;\n    top: 42%;\n    position: absolute;\n    cursor: pointer;\n    z-index: 1;\n    background-size: contain !important;\n}\n\n.ikn-evt-frame .ikn-evt-heading {\n    width: 100%;\n    position: absolute;\n    top: 0;\n    background: rgba(0, 0, 0, .5);\n    left: 0;\n    padding: 0.7em;\n    box-sizing: border-box;\n}\n\n.ikn-evt-frame .ikn-evt-heading .ikn-evt-heading-title {\n    font-weight: bold;\n    font-size: 1.5em;\n    color: #FFFFFF;\n    line-height: 30px;\n    margin: 0;\n    cursor: pointer;\n}.ikn-evt-frame[data-source=youtube] \r\n            .ikn-evt-play-button {background:url('https:\/\/www.planbwagen.de\/wp-content\/plugins\/embed-video-thumbnail\/assets\/images\/youtube-72-72.png') no-repeat;}.ikn-evt-frame[data-source=vimeo] \r\n            .ikn-evt-play-button {background:url('https:\/\/www.planbwagen.de\/wp-content\/plugins\/embed-video-thumbnail\/assets\/images\/play-default.png') no-repeat;}.ikn-evt-frame[data-source=dailymotion] \r\n            .ikn-evt-play-button {background:url('https:\/\/www.planbwagen.de\/wp-content\/plugins\/embed-video-thumbnail\/assets\/images\/play-default.png') no-repeat;}.ikn-evt-frame[data-source=facebook] \r\n            .ikn-evt-play-button {background:url('https:\/\/www.planbwagen.de\/wp-content\/plugins\/embed-video-thumbnail\/assets\/images\/play-default.png') no-repeat;}<\/style><div    class='ikn-evt-frame'    data-source='youtube'>    <a class='ikn-evt-link' href='\/\/www.youtube-nocookie.com\/embed\/BPweLKFhvR8?controls=1&autoplay=1&enablejsapi=1&rel=1'>        <span class='ikn-evt-play-button'><\/span>                    <img                class='ikn-evt-thumbnail'                src='\/wp-content\/uploads\/ikana-embed-video-thumbnail\/youtube\/BPweLKFhvR8-hqdefault.jpg'                alt='BPweLKFhvR8'            \/>                    <\/a><\/div><script>\n    document\n        .querySelector('.ikn-evt-link')\n        .addEventListener('click', function(e) {\n                e.preventDefault();\n                e.stopPropagation();\n                window.location.replace(this.href);\n                return false;\n            }\n        )\n    ;\n<\/script>\"\r\n            frameborder=\"0\"\r\n            allow=\"accelerometer; encrypted-media; gyroscope; picture-in-picture\"\r\n            allowfullscreen\r\n title=\"BPweLKFhvR8\"\r\n            loading=\"lazy\"\r\n            src=\"\/\/www.youtube-nocookie.com\/embed\/BPweLKFhvR8?controls=1&autoplay=1&enablejsapi=1&rel=1\"\r\n    ><\/iframe>\r\n<\/div>8243; url_new_window=&#8220;on&#8220; hover_enabled=&#8220;0&#8243;][\/et_pb_image][\/et_pb_column][et_pb_column type=&#8220;1_2&#8243; _builder_version=&#8220;4.5.1&#8243; _module_preset=&#8220;default&#8220;][et_pb_text _builder_version=&#8220;4.5.1&#8243; _module_preset=&#8220;default&#8220;]<\/p>\n<p>As chance would have it, we came across someone who drives a SpaceCamper in this kind of camouflage. - We met and were immediately impressed. - Thank you Kai.\u00a0<\/p>\n<h2><span class=\"ez-toc-section\" id=\"Urban_Camo\"><\/span><span style=\"font-size: xx-large;\">Urban Camo:<\/span><span class=\"ez-toc-section-end\"><\/span><\/h2>\n<p>Allegedly, this camouflage is also supposed to work in urban areas, which I doubt. But that wasn't so much the point.<\/p>\n<p>Whether the bus looks better as a result is certainly, like many things, a matter of taste. A project like this is likely to polarize opinion. Even my friend Micha vehemently advised against it. But I can be stubborn and agree with Ulrich Erckenbrecht in this respect:<\/p>\n<p>[\/et_pb_text][\/et_pb_column][\/et_pb_row][et_pb_row _builder_version=&#8220;4.5.1&#8243; _module_preset=&#8220;default&#8220;][et_pb_column type=&#8220;4_4&#8243; _builder_version=&#8220;4.5.1&#8243; _module_preset=&#8220;default&#8220;][et_pb_text _builder_version=&#8220;4.5.1&#8243; _module_preset=&#8220;default&#8220;]<\/p>\n<p><span><em><strong>&#8222;\u00dcber Geschmack soll man nur mit jenen streiten, die welchen haben.&#8220;<\/strong><\/em><\/span><\/p>\n<p>&nbsp;<\/p>\n<p>[\/et_pb_text][\/et_pb_column][\/et_pb_row][et_pb_row column_structure=&#8220;1_3,1_3,1_3&#8243; _builder_version=&#8220;4.5.1&#8243; _module_preset=&#8220;default&#8220;][et_pb_column type=&#8220;1_3&#8243; _builder_version=&#8220;4.5.1&#8243; _module_preset=&#8220;default&#8220;][et_pb_image src=&#8220;https:\/\/www.planbwagen.de\/wp-content\/uploads\/2020\/08\/3-19.jpg&#8220; alt=&#8220;T6.1 SpaceCamper in pure gray auf Feld&#8220; _builder_version=&#8220;4.5.1&#8243; _module_preset=&#8220;default&#8220;][\/et_pb_image][\/et_pb_column][et_pb_column type=&#8220;1_3&#8243; _builder_version=&#8220;4.5.1&#8243; _module_preset=&#8220;default&#8220;][et_pb_image src=&#8220;https:\/\/www.planbwagen.de\/wp-content\/uploads\/2020\/08\/4-18.jpg&#8220; alt=&#8220;T6.1 SpaceCamper in pure gray auf Feld&#8220; _builder_version=&#8220;4.5.1&#8243; _module_preset=&#8220;default&#8220;][\/et_pb_image][\/et_pb_column][et_pb_column type=&#8220;1_3&#8243; _builder_version=&#8220;4.5.1&#8243; _module_preset=&#8220;default&#8220;][et_pb_image src=&#8220;https:\/\/www.planbwagen.de\/wp-content\/uploads\/2020\/08\/5-16.jpg&#8220; alt=&#8220;T6.1 SpaceCamper in pure gray auf Feld&#8220; _builder_version=&#8220;4.5.1&#8243; _module_preset=&#8220;default&#8220;][\/et_pb_image][\/et_pb_column][\/et_pb_row][et_pb_row _builder_version=&#8220;4.5.1&#8243; _module_preset=&#8220;default&#8220;][et_pb_column type=&#8220;4_4&#8243; _builder_version=&#8220;4.5.1&#8243; _module_preset=&#8220;default&#8220;][et_pb_text _builder_version=&#8220;4.5.1&#8243; _module_preset=&#8220;default&#8220;]<\/p>\n<h2><span class=\"ez-toc-section\" id=\"Mausgrau_sprich_pure_grey\"><\/span>Mouse gray, i.e. pure gray:<span class=\"ez-toc-section-end\"><\/span><\/h2>\n<p>Therefore, for Micha once again in mouse gray, for VW pure gray - but we are already further along. Our pixel camouflage was customized according to our wishes. The implementation as digital printing, car wrapping, was carried out by Foliencenter NRW in Haan. I had previously looked at two other wrappers. But in the end, as is usually the case, it's a matter of gut feeling. In addition to the friendly manner of the boss, the decades of experience spoke in my favor. - We are definitely satisfied. Whether the project achieves the desired effect in the end remains to be seen. But we can already see from the first photos and film recordings that it works. The colors are not clearly displayed. Sometimes the car looks green in pictures, sometimes purple. The last attempt? No, we're sticking with PlanB. It is still gray, no longer pure gray, but more Fifty Shades of Grey.<\/p>\n<p>Our camper conversion is now entering the final phase. The storage boxes are already packed and stowed away. We will report on this separately. - All that's missing now is the completion of our water tanks and the rear rack. But we won't get to that until next week.  - Finally, a few impressions of the individual phases of the wrapping.<\/p>\n<p>&nbsp;<\/p>\n<p>PS: Here you can find our SpaceCampers <a href=\"https:\/\/www.planbwagen.de\/en\/spacecamper-terranger-co\/our-spacecamper-classicopen\/\">Equipment details<\/a>, our SpaceCamper <a href=\"https:\/\/www.planbwagen.de\/en\/spacecamper-terranger-co\/spacecamper-classicopen-the-motorhome-conversion\/\">Expansion<\/a>, the SpaceCamper <a href=\"https:\/\/www.planbwagen.de\/en\/spacecamper-terranger-co\/last-call-details-of-the-spacecamper\/\">Detailausstattung &#8222;Last Call&#8220;<\/a>, as well as SpaceCamper<a href=\"https:\/\/www.planbwagen.de\/en\/spacecamper-terranger-co\/t5-califoria-meets-t6-spacecamper\/\"> Insider tips<\/a>.<\/p>\n<p>Here our <a href=\"https:\/\/www.planbwagen.de\/en\/spacecamper-terranger-co\/offroad-technology\/\">TERRANGER Offroad modifications<\/a>, info about the topics<a href=\"https:\/\/www.planbwagen.de\/en\/germany\/terranger-gelaendefahrtraining\/\">\u00a0Terranger off-road driving training<\/a>, <a href=\"https:\/\/www.planbwagen.de\/en\/tips-tricks\/camper-energy-management-solar-module-solar-pocket-memory-in-self-check\/\">Energy management<\/a>, DIY <a href=\"https:\/\/www.planbwagen.de\/en\/spacecamper-terranger-co\/diy-road-shower-camping-shower\/\">Water tanks<\/a>, DIY <a href=\"https:\/\/www.planbwagen.de\/en\/spacecamper-terranger-co\/rear-carrier-system-diy-or-original-terranger\/\">Rear carrier system<\/a>, pit stop at\u00a0<a href=\"https:\/\/www.planbwagen.de\/en\/germany\/pit-stop-at-delta4x4-the-specialist-for-off-road-car-tuning\/\">delta4x4<\/a>, <a href=\"https:\/\/www.planbwagen.de\/en\/spacecamper-terranger-co\/butch-its-going-ahead-terranger-delta-4x4-sand-plate-co\/\">Sand sheets<\/a>\u00a0and <a href=\"https:\/\/www.planbwagen.de\/en\/spacecamper-terranger-co\/ceramic-sealing-glanzwerk-bornheim\/\">Ceramic sealing<\/a>.<\/p>\n<p>To round off the topic <a href=\"https:\/\/www.planbwagen.de\/en\/spacecamper-terranger-co\/product-piracy-product-counterfeiting-brand-piracy-for-offroad-tuners\/\">Product piracy<\/a> with offroad tuners.<\/p>\n<p>The topics <a href=\"https:\/\/www.planbwagen.de\/en\/packing-list\/\">Packing list<\/a>, <a href=\"https:\/\/www.planbwagen.de\/en\/tips-tricks\/\">Tips &amp; Tricks<\/a>, <a href=\"https:\/\/www.planbwagen.de\/en\/butch-friends\/\">BUTCH &amp; Friends<\/a>, <a href=\"https:\/\/www.planbwagen.de\/en\/home-port\/\">Home port<\/a>, the <a href=\"https:\/\/www.planbwagen.de\/en\/travel-blogs\/\">Travel blogs,<\/a>\u00a0the subject <a href=\"https:\/\/www.planbwagen.de\/en\/happiness-muscle\/\">HAPPINESS MUSCLE<\/a>\u00a0as well as <a href=\"https:\/\/www.planbwagen.de\/en\/about-us\/\">About us<\/a> we have dedicated separate sections. You can contact us <a href=\"https:\/\/www.planbwagen.de\/en\/2266-2\/\">here<\/a>.<\/p>\n<p>Und last but not least hier unsere Link\u00fcbersicht &#8222;<a href=\"https:\/\/www.planbwagen.de\/en\/hello\/\">Follow the Sun<\/a>&#8222;. Damit ihr wisst wo man uns noch folgen kann.\u00a0<\/p>\n<p>You will find your way around. ? If you like the posts, tell and share it, thank you!<\/p>\n<p>[\/et_pb_text][\/et_pb_column][\/et_pb_row][et_pb_row column_structure=&#8220;1_4,1_4,1_4,1_4&#8243; _builder_version=&#8220;4.5.1&#8243; _module_preset=&#8220;default&#8220;][et_pb_column type=&#8220;1_4&#8243; _builder_version=&#8220;4.5.1&#8243; _module_preset=&#8220;default&#8220;][et_pb_image src=&#8220;https:\/\/www.planbwagen.de\/wp-content\/uploads\/2020\/08\/6-14.jpg&#8220; alt=&#8220;planbwagen beim Foliencenter-NRW Pixeltarn camouflage&#8220; title_text=&#8220;6&#8243; _builder_version=&#8220;4.5.1&#8243; _module_preset=&#8220;default&#8220;][\/et_pb_image][\/et_pb_column][et_pb_column type=&#8220;1_4&#8243; _builder_version=&#8220;4.5.1&#8243; _module_preset=&#8220;default&#8220;][et_pb_image src=&#8220;https:\/\/www.planbwagen.de\/wp-content\/uploads\/2020\/08\/7-12.jpg&#8220; alt=&#8220;planbwagen beim Foliencenter-NRW Pixeltarn camouflage&#8220; _builder_version=&#8220;4.5.1&#8243; _module_preset=&#8220;default&#8220;][\/et_pb_image][\/et_pb_column][et_pb_column type=&#8220;1_4&#8243; _builder_version=&#8220;4.5.1&#8243; _module_preset=&#8220;default&#8220;][et_pb_image src=&#8220;https:\/\/www.planbwagen.de\/wp-content\/uploads\/2020\/08\/8-11.jpg&#8220; alt=&#8220;planbwagen beim Foliencenter-NRW Pixeltarn camouflage&#8220; _builder_version=&#8220;4.5.1&#8243; _module_preset=&#8220;default&#8220;][\/et_pb_image][\/et_pb_column][et_pb_column type=&#8220;1_4&#8243; _builder_version=&#8220;4.5.1&#8243; _module_preset=&#8220;default&#8220;][et_pb_image src=&#8220;https:\/\/www.planbwagen.de\/wp-content\/uploads\/2020\/08\/9-9.jpg&#8220; alt=&#8220;planbwagen beim Foliencenter-NRW Pixeltarn camouflage&#8220; _builder_version=&#8220;4.5.1&#8243; _module_preset=&#8220;default&#8220;][\/et_pb_image][\/et_pb_column][\/et_pb_row][\/et_pb_section]<\/p>","protected":false},"excerpt":{"rendered":"<p>[et_pb_section fb_built=&#8220;1&#8243; admin_label=&#8220;section&#8220; _builder_version=&#8220;3.22&#8243;][et_pb_row column_structure=&#8220;1_2,1_2&#8243; _builder_version=&#8220;4.5.1&#8243; _module_preset=&#8220;default&#8220;][et_pb_column type=&#8220;1_2&#8243; _builder_version=&#8220;4.5.1&#8243; _module_preset=&#8220;default&#8220;][et_pb_image src=&#8220;https:\/\/www.planbwagen.de\/wp-content\/uploads\/2020\/08\/2-20.jpg&#8220; alt=&#8220;VW T6.1 Folierung MARPART Digital urban pixeltarn&#8220; title_text=&#8220;2&#8243; _builder_version=&#8220;4.5.1&#8243; _module_preset=&#8220;default&#8220;][\/et_pb_image][\/et_pb_column][et_pb_column type=&#8220;1_2&#8243; _builder_version=&#8220;4.5.1&#8243; _module_preset=&#8220;default&#8220;][et_pb_image src=&#8220;https:\/\/www.planbwagen.de\/wp-content\/uploads\/2020\/08\/1-22.jpg&#8220; alt=&#8220;SpaceCamper foliert in MARPART Digital urban pixeltarn&#8220; title_text=&#8220;1&#8243; _builder_version=&#8220;4.5.1&#8243; _module_preset=&#8220;default&#8220; custom_margin=&#8220;||63px|||&#8220;][\/et_pb_image][\/et_pb_column][\/et_pb_row][et_pb_row _builder_version=&#8220;4.5.1&#8243; _module_preset=&#8220;default&#8220;][et_pb_column type=&#8220;4_4&#8243; _builder_version=&#8220;4.5.1&#8243; _module_preset=&#8220;default&#8220;][et_pb_text _builder_version=&#8220;4.5.1&#8243; _module_preset=&#8220;default&#8220; content__hover_enabled=&#8220;on|desktop&#8220;] Pixeltarn statt Tarnumhang: In den B\u00fcchern von Harry Potter taucht immer [&hellip;]<\/p>","protected":false},"author":1,"featured_media":4187,"comment_status":"open","ping_status":"open","sticky":false,"template":"","format":"standard","meta":{"_et_pb_use_builder":"on","_et_pb_old_content":"<img class=\"alignnone size-medium wp-image-4188\" src=\"https:\/\/planbwagen.de\/wp-content\/uploads\/2020\/08\/1-2-300x169.jpg\" alt=\"\" width=\"300\" height=\"169\" \/><img class=\"alignnone size-medium wp-image-4189\" src=\"https:\/\/planbwagen.de\/wp-content\/uploads\/2020\/08\/2-1-300x219.jpg\" alt=\"\" width=\"300\" height=\"219\" \/><img class=\"alignnone size-medium wp-image-4190\" src=\"https:\/\/planbwagen.de\/wp-content\/uploads\/2020\/08\/3-300x169.jpg\" alt=\"\" width=\"300\" height=\"169\" \/>\r\n\r\nIn den B\u00fcchern von Harry Potter taucht immer wieder ein magischer Tarnumhang auf. Einfach \u00fcberziehen und schon ist man unsichtbar.\r\n\r\nWer hat sich nicht schon mal einen solchen Tarnumhang gew\u00fcnscht? In Wald und Flur hat in Deutschland das sogenannte J\u00e4gergr\u00fcn seinen festen Bestandteil. Die Amis gehen ja bekanntlich immer einen Schritt weiter. Hier ist Tarnbekleidung ein fester Bestandteil der Jagdkultur. M\u00fcssen wir immer noch aus traditionellen Gr\u00fcnden, Vorbehalte gegen\u00fcber Tarnmustern haben? Ich glaube, man darf sich auch mal als Pazifist w\u00fcnschen unsichtbar zu sein. Und genau das wollen wir. Wenn wir in der freien Wildbahn stehen, wollen wir Mensch und Tier m\u00f6glichst wenig irritieren. Und deshalb haben wir uns ein paar Anregungen geholt. Hierbei stie\u00dfen wir auf eine pixelige Universaltarnung, genannt UCP - Universal Camo Pattern. - Diese gibt es auch in Graut\u00f6nen. Wir fanden dies weniger militant, als Flecktarn, Camouflage oder Woodland bezeichneten Tarnungen.\r\n\r\n[su_youtube url=\"https:\/\/youtu.be\/BPweLKFhvR8\" title=\"BUTCH - VW T6.1 Camper - SpaceCamper statt California, sowie das Beste aus Terranger & Delta4x4\"]\r\n\r\n\u00a0\r\n<div class=\"cc-m-hgrid-column last\">\r\n<div id=\"cc-matrix-3638943026\">\r\n<div id=\"cc-m-12681752926\" class=\"j-module n j-text \">\r\n\r\nDer Zufall wollte es, dass wir auf jemanden stie\u00dfen, der einen SpaceCamper in einer solchen Tarnung f\u00e4hrt. - Wir trafen uns und waren sofort begeistert. - Danke Kai.\r\n\r\nAngeblich soll diese Tarnung auch im st\u00e4dtischen Bereich wirken, was ich bezweifeln mag. Doch\u00a0darum ging es uns\u00a0ja auch weniger.\r\n\r\nOb der Bus dadurch besser aussieht, ist sicherlich, wie vieles Geschmacksache. So ein Projekt d\u00fcrfte polarisieren. Selbst mein Freund Micha, hat vehement abgeraten. Doch ich kann ja stur sein und halte es diesbez\u00fcglich mit Ulrich Erckenbrecht:\r\n\r\n<em><strong>\"\u00dcber Geschmack soll man nur mit jenen streiten, die welchen haben.\"<\/strong><\/em>\r\n\r\n<img class=\"alignnone size-medium wp-image-4191\" src=\"https:\/\/planbwagen.de\/wp-content\/uploads\/2020\/08\/4-1-300x225.jpg\" alt=\"\" width=\"300\" height=\"225\" \/><img class=\"alignnone size-medium wp-image-4192\" src=\"https:\/\/planbwagen.de\/wp-content\/uploads\/2020\/08\/5-300x225.jpg\" alt=\"\" width=\"300\" height=\"225\" \/><img class=\"alignnone size-medium wp-image-4193\" src=\"https:\/\/planbwagen.de\/wp-content\/uploads\/2020\/08\/6-300x225.jpg\" alt=\"\" width=\"300\" height=\"225\" \/>\r\n\r\nDeshalb f\u00fcr Micha noch einmal in mausgrau, bei VW sprich pure grey.\u00a0- Doch wir sind schon weiter. Unser Pixeltarn wurde individuell nach unseren W\u00fcnschen angefertigt. Die Umsetzung als Digitaldruck, Car Wrapping, erfolgte durch das Foliencenter NRW in Haan. Ich hatte mir vorher noch zwei andere Folierer angesehen. Doch am Ende ist es wie meistens eine Bauchsache. F\u00fcr mich sprach neben der netten Art des Chefs, die jahrzehntelange Erfahrung. - Wir sind auf jeden Fall zufrieden. Ob das Projekt am Ende die gew\u00fcnschte Wirkung erzielt, wird sich zeigen. Doch dass es wirkt, sehen wir bereits bei den ersten Fotos und Filmaufnahmen. Die Farben\u00a0werden nicht klar dargestellt. Manchmal wirkt das Auto auf Bildern gr\u00fcn, manchmal violett. Der letzte Versuch? Nein, wir bleiben bei PlanB. Es ist auch weiterhin grau, nicht mehr pure grey, sondern mehr\u00a0Fifty Shades of Grey.\r\n\r\nSomit gelangt unser Camperumbau in die letzte Phase. Die Staukisten sind bereits gepackt und verstaut. Dazu berichten wir noch mal separat. - Jetzt fehlt nur noch die Vollendung unserer Wassertanks, sowie der Hecktr\u00e4ger. Doch dazu kommen wir erst in der n\u00e4chsten Woche.\u00a0 - Zum Schluss noch ein paar Eindr\u00fccke\u00a0 von den einzelnen Phasen der Folierung.\r\n\r\n<img class=\"alignnone size-medium wp-image-4194\" src=\"https:\/\/planbwagen.de\/wp-content\/uploads\/2020\/08\/7-300x225.jpg\" alt=\"\" width=\"300\" height=\"225\" \/><img class=\"alignnone size-medium wp-image-4195\" src=\"https:\/\/planbwagen.de\/wp-content\/uploads\/2020\/08\/8-300x225.jpg\" alt=\"\" width=\"300\" height=\"225\" \/><img class=\"alignnone size-medium wp-image-4196\" src=\"https:\/\/planbwagen.de\/wp-content\/uploads\/2020\/08\/9-300x225.jpg\" alt=\"\" width=\"300\" height=\"225\" \/><img class=\"alignnone size-medium wp-image-4197\" src=\"https:\/\/planbwagen.de\/wp-content\/uploads\/2020\/08\/10-300x225.jpg\" alt=\"\" width=\"300\" height=\"225\" \/>\r\n\r\n<\/div>\r\n<\/div>\r\n<\/div>","_et_gb_content_width":"","footnotes":""},"categories":[17],"tags":[],"class_list":["post-4186","post","type-post","status-publish","format-standard","has-post-thumbnail","hentry","category-spacecamper-terranger-co"],"_links":{"self":[{"href":"https:\/\/www.planbwagen.de\/en\/wp-json\/wp\/v2\/posts\/4186","targetHints":{"allow":["GET"]}}],"collection":[{"href":"https:\/\/www.planbwagen.de\/en\/wp-json\/wp\/v2\/posts"}],"about":[{"href":"https:\/\/www.planbwagen.de\/en\/wp-json\/wp\/v2\/types\/post"}],"author":[{"embeddable":true,"href":"https:\/\/www.planbwagen.de\/en\/wp-json\/wp\/v2\/users\/1"}],"replies":[{"embeddable":true,"href":"https:\/\/www.planbwagen.de\/en\/wp-json\/wp\/v2\/comments?post=4186"}],"version-history":[{"count":14,"href":"https:\/\/www.planbwagen.de\/en\/wp-json\/wp\/v2\/posts\/4186\/revisions"}],"predecessor-version":[{"id":13337,"href":"https:\/\/www.planbwagen.de\/en\/wp-json\/wp\/v2\/posts\/4186\/revisions\/13337"}],"wp:featuredmedia":[{"embeddable":true,"href":"https:\/\/www.planbwagen.de\/en\/wp-json\/wp\/v2\/media\/4187"}],"wp:attachment":[{"href":"https:\/\/www.planbwagen.de\/en\/wp-json\/wp\/v2\/media?parent=4186"}],"wp:term":[{"taxonomy":"category","embeddable":true,"href":"https:\/\/www.planbwagen.de\/en\/wp-json\/wp\/v2\/categories?post=4186"},{"taxonomy":"post_tag","embeddable":true,"href":"https:\/\/www.planbwagen.de\/en\/wp-json\/wp\/v2\/tags?post=4186"}],"curies":[{"name":"wp","href":"https:\/\/api.w.org\/{rel}","templated":true}]}}