{"id":347,"date":"2020-03-16T19:20:58","date_gmt":"2020-03-16T19:20:58","guid":{"rendered":""},"modified":"2020-09-18T08:16:35","modified_gmt":"2020-09-18T08:16:35","slug":"tag-no-194-deutschland-hat-uns-wieder","status":"publish","type":"post","link":"https:\/\/www.planbwagen.de\/en\/germany\/day-no-194-germany-has-us-again\/","title":{"rendered":"Day No. 194 - Germany has us again"},"content":{"rendered":"<p>[et_pb_section fb_built=&#8220;1&#8243; _builder_version=&#8220;3.22&#8243;][et_pb_row column_structure=&#8220;1_3,1_3,1_3&#8243; _builder_version=&#8220;4.5.1&#8243; _module_preset=&#8220;default&#8220;][et_pb_column type=&#8220;1_3&#8243; _builder_version=&#8220;4.5.1&#8243; _module_preset=&#8220;default&#8220;][et_pb_image src=&#8220;https:\/\/www.planbwagen.de\/wp-content\/uploads\/2020\/08\/1-7.jpg&#8220; alt=&#8220;nackte F\u00fc\u00dfe in Flip Flops auf deutschem Boden n\u00e4he Kandern, im Markgr\u00e4flerland&#8220; title_text=&#8220;1&#8243; _builder_version=&#8220;4.5.1&#8243; _module_preset=&#8220;default&#8220;][\/et_pb_image][\/et_pb_column][et_pb_column type=&#8220;1_3&#8243; _builder_version=&#8220;4.5.1&#8243; _module_preset=&#8220;default&#8220;][et_pb_image src=&#8220;https:\/\/www.planbwagen.de\/wp-content\/uploads\/2020\/08\/2-7.jpg&#8220; alt=&#8220;Waldspaziergang Kandern, im Markgr\u00e4flerland&#8220; title_text=&#8220;2&#8243; _builder_version=&#8220;4.5.1&#8243; _module_preset=&#8220;default&#8220;][\/et_pb_image][\/et_pb_column][et_pb_column type=&#8220;1_3&#8243; _builder_version=&#8220;4.5.1&#8243; _module_preset=&#8220;default&#8220;][et_pb_image src=&#8220;https:\/\/www.planbwagen.de\/wp-content\/uploads\/2020\/08\/3-6.jpg&#8220; title_text=&#8220;3&#8243; _builder_version=&#8220;4.5.1&#8243; _module_preset=&#8220;default&#8220;][\/et_pb_image][\/et_pb_column][\/et_pb_row][et_pb_row _builder_version=&#8220;4.5.1&#8243; _module_preset=&#8220;default&#8220;][et_pb_column type=&#8220;4_4&#8243; _builder_version=&#8220;4.5.1&#8243; _module_preset=&#8220;default&#8220;][et_pb_text _builder_version=&#8220;4.5.1&#8243; _module_preset=&#8220;default&#8220;]<\/p>\n<div id=\"cc-m-12586101326\" class=\"j-module n j-text\">\n<p>After crossing the border into Germany last night without any problems, we look for a place to spend the night. We pass through several small villages. - Near Kandern, in the Markgr\u00e4flerland, we find a quiet spot at the Steli hiking parking lot - 47\u00b044'32.9\u2033N 7\u00b037'50.2\u2033E. This region in the far south-west of Baden-W\u00fcrttemberg, and therefore Germany, borders France to the west and Switzerland to the south.<\/p>\n<p>&nbsp;<\/p>\n<p>In the middle of the night, we hear the sound of vehicles several times. - When we wake up in the morning, the forest clearing is no longer ours alone. A total of four campers are stranded here. Two of them from the Hanover region. They had also broken off their tour and had driven here yesterday from the south of France. As they avoided the toll roads, their journey was even more difficult. The border crossing was also effortless for them. - But the measures in the individual federal states show that it is only getting worse.\u00a0\u00a0<\/p>\n<p style=\"text-align: center;\">\n<p style=\"text-align: center;\"><em><strong><span style=\"font-size: 22px;\">&#8222;So sehr die Einschr\u00e4nkungen Opfer bedeuten, so wichtig ist es jetzt,<\/span><\/strong><\/em><\/p>\n<p style=\"text-align: center;\"><em><strong><span style=\"font-size: 22px;\">besonnen und entschlossen unser Leben zu endschleunigen&#8220; &#8211;\u00a0<\/span><\/strong><\/em><span style=\"font-size: 12px;\"><b><i>Armin Laschet Minister President of the State of NRW\u00a0<\/i><\/b><\/span><\/p>\n<p>&nbsp;<\/p>\n<p>In NRW werden ab Morgen alle Freizeit-, Sport-, Unterhaltungs- und Bildungsangebote eingestellt. So m\u00fcssen bereits ab Montag alle so genannten \u201eAm\u00fcsierbetriebe\u201c wie zum Beispiel Bars, Clubs, Diskotheken, Spielhallen, Theater, Kinos, Museen schlie\u00dfen. Eine gleiche Regelung ergeht f\u00fcr Prostitutionsbetriebe. &#8211; Was mich beruhigt ist, dass nun sicherlich alle Panikmacher ihre Frauen von der Stra\u00dfe holen, da die Luden ja ebenso handeln. &#8211; Deutlich &#8222;lockerer&#8220; scheinen unsere niederl\u00e4ndischen Nachbarn mit der Situation umzugehen.\u00a0H\u00e4usliche Isolation &#8211; nicht ohne mein Gras! &#8211; Kurz nach der Ank\u00fcndigung der Schlie\u00dfung bildeten sich lange Schlangen vor den Coffeeshops.\u00a0<\/p>\n<\/div>\n<div id=\"cc-m-12586231626\" class=\"j-module n j-hr\">\n<hr \/>\n<\/div>\n<div id=\"cc-m-12586231826\" class=\"j-module n j-text\">\n<p>Torgit and I first inform friends and family about our return home. - What surprises me is that acquaintances still want to meet up with us. - Thanks but no thanks. - Let's finish off together. But separately first, please. - We've just come off a crowded ferry, of course we think we're healthy. But faith and hope belong in church.<\/p>\n<p>&nbsp;<\/p>\n<p>Wir machen erst mal einen Spaziergang durch den hiesigen Wald. &#8211; Laubw\u00f6lder dieser Gr\u00f6\u00dfe sind in NRW rar geworden. Sonne und frische Luft tut gut. &#8211; Doch ich muss mich erst einmal an die neue Situation gew\u00f6hnen. W\u00e4hrend ich es noch Gestern in Frankreich mit Gebotsschildern und &#8222;Merci&#8220; zu tun hatte, sind die Schilder hier eindeutig Verbotsschilder &#8211; &#8222;kein Bitte, kein Danke&#8220; &#8211; daf\u00fcr aber mit den enstprechenden Paragraphen. &#8211; \u00a7 37 der regelt \u00fcbrigens das Betreten des Waldes. In Absatz vier wir spezifiziert, <em>&#8222;Ohne besondere Befugnis ist nicht zul\u00e4ssig 4. das Betreten von Waldfl\u00e4chen und Waldwegen w\u00e4hrend der Dauer des Einschlags oder der Aufbereitung von Holz.&#8220;<\/em> - Who is supposed to know that? Or do you always have the current version of the Forest Act, in this case for Baden-W\u00fcrttemberg (Landeswaldgesetz - LWaldG) to hand? - No, then I hope you have a net in the forest. - I also have another issue to deal with, the German citizen. How they look at me just because I'm walking through the forest in flip flops. Or have I overlooked a paragraph that regulates the wearing of flip flops in the forest? - I look forward to your feedback.<\/p>\n<p>&nbsp;<\/p>\n<p>But apart from that, everything here is in order. Whereas on Ibiza the roads didn't even have a name, here every forest path is marked and every tree is numbered. - I really missed it.<\/p>\n<\/div>\n<p>[\/et_pb_text][\/et_pb_column][\/et_pb_row][et_pb_row column_structure=&#8220;1_5,1_5,1_5,1_5,1_5&#8243; _builder_version=&#8220;4.5.1&#8243; _module_preset=&#8220;default&#8220;][et_pb_column type=&#8220;1_5&#8243; _builder_version=&#8220;4.5.1&#8243; _module_preset=&#8220;default&#8220;][et_pb_image src=&#8220;https:\/\/www.planbwagen.de\/wp-content\/uploads\/2020\/08\/4-7.jpg&#8220; alt=&#8220;Hochsitz im Wald N\u00e4he Kandern, im Markgr\u00e4flerland&#8220; title_text=&#8220;4&#8243; _builder_version=&#8220;4.5.1&#8243; _module_preset=&#8220;default&#8220;][\/et_pb_image][\/et_pb_column][et_pb_column type=&#8220;1_5&#8243; _builder_version=&#8220;4.5.1&#8243; _module_preset=&#8220;default&#8220;][et_pb_image src=&#8220;https:\/\/www.planbwagen.de\/wp-content\/uploads\/2020\/08\/5-5.jpg&#8220; alt=&#8220;Waldweg im Wald N\u00e4he Kandern, im Markgr\u00e4flerland&#8220; title_text=&#8220;5&#8243; _builder_version=&#8220;4.5.1&#8243; _module_preset=&#8220;default&#8220;][\/et_pb_image][\/et_pb_column][et_pb_column type=&#8220;1_5&#8243; _builder_version=&#8220;4.5.1&#8243; _module_preset=&#8220;default&#8220;][et_pb_image src=&#8220;https:\/\/www.planbwagen.de\/wp-content\/uploads\/2020\/08\/6-5.jpg&#8220; alt=&#8220;frisch geschlagenes Holz im Wald N\u00e4he Kandern, im Markgr\u00e4flerland&#8220; title_text=&#8220;6&#8243; _builder_version=&#8220;4.5.1&#8243; _module_preset=&#8220;default&#8220;][\/et_pb_image][\/et_pb_column][et_pb_column type=&#8220;1_5&#8243; _builder_version=&#8220;4.5.1&#8243; _module_preset=&#8220;default&#8220;][et_pb_image src=&#8220;https:\/\/www.planbwagen.de\/wp-content\/uploads\/2020\/08\/7-4.jpg&#8220; alt=&#8220;Unser letztes Paket IBIZA Kaffee&#8220; _builder_version=&#8220;4.5.1&#8243; _module_preset=&#8220;default&#8220;][\/et_pb_image][\/et_pb_column][et_pb_column type=&#8220;1_5&#8243; _builder_version=&#8220;4.5.1&#8243; _module_preset=&#8220;default&#8220;][et_pb_image src=&#8220;https:\/\/www.planbwagen.de\/wp-content\/uploads\/2020\/08\/8-3.jpg&#8220; alt=&#8220;Waldweg &#8220; title_text=&#8220;8&#8243; _builder_version=&#8220;4.5.1&#8243; _module_preset=&#8220;default&#8220;][\/et_pb_image][\/et_pb_column][\/et_pb_row][et_pb_row _builder_version=&#8220;4.5.1&#8243; _module_preset=&#8220;default&#8220;][et_pb_column type=&#8220;4_4&#8243; _builder_version=&#8220;4.5.1&#8243; _module_preset=&#8220;default&#8220;][et_pb_text _builder_version=&#8220;4.5.1&#8243; _module_preset=&#8220;default&#8220;]<\/p>\n<p>Barely back in Germany and already complaining again? - So as not to leave the wrong impression, I would like to point out that many things are particularly good here in Germany. And that doesn't just mean the selection at the sausage, bread and cheese counter. I have often described how much I missed the Rhenish brown bread.<\/p>\n<p>&nbsp;<\/p>\n<p>We think we know that some campers and surfers in Spain are feeling pretty queasy right now. - Surfers were chased off the beach today. - Fines of \u20ac2,000 are threatened for non-compliance.<\/p>\n<p>&nbsp;<\/p>\n<p>But for our friends on Tenerife, the sun is just setting on their paradise. The campers and vans on the road were stopped. They were told to leave the vehicles and go to permanent accommodation, they were not allowed to drive on the road. - After several indications that they were living in their cars, the Guardia Civil herded them more than roughly into a parking lot. They were not allowed to leave their vehicles. The showers and toilets at the neighboring campsite were closed. Then the Polic\u00eda Local arrived. - The gentlemen from the local police authorities were friendlier, but there was no solution for toilets or anything. - The supermarket opposite can only be entered individually and with gloves. - As the shelves are almost empty, there is hardly anything to touch. - From tomorrow, the military are supposed to be monitoring compliance with the measures. - We have done everything right. - After the shock, we open a bag of our Ibiza coffee. We sit in the van with the feeling that we have done everything right. Thank you Germany, also for your prudence.<\/p>\n<p>[\/et_pb_text][\/et_pb_column][\/et_pb_row][\/et_pb_section]<\/p>","protected":false},"excerpt":{"rendered":"<p>[et_pb_section fb_built=&#8220;1&#8243; _builder_version=&#8220;3.22&#8243;][et_pb_row column_structure=&#8220;1_3,1_3,1_3&#8243; _builder_version=&#8220;4.5.1&#8243; _module_preset=&#8220;default&#8220;][et_pb_column type=&#8220;1_3&#8243; _builder_version=&#8220;4.5.1&#8243; _module_preset=&#8220;default&#8220;][et_pb_image src=&#8220;https:\/\/www.planbwagen.de\/wp-content\/uploads\/2020\/08\/1-7.jpg&#8220; alt=&#8220;nackte F\u00fc\u00dfe in Flip Flops auf deutschem Boden n\u00e4he Kandern, im Markgr\u00e4flerland&#8220; title_text=&#8220;1&#8243; _builder_version=&#8220;4.5.1&#8243; _module_preset=&#8220;default&#8220;][\/et_pb_image][\/et_pb_column][et_pb_column type=&#8220;1_3&#8243; _builder_version=&#8220;4.5.1&#8243; _module_preset=&#8220;default&#8220;][et_pb_image src=&#8220;https:\/\/www.planbwagen.de\/wp-content\/uploads\/2020\/08\/2-7.jpg&#8220; alt=&#8220;Waldspaziergang Kandern, im Markgr\u00e4flerland&#8220; title_text=&#8220;2&#8243; _builder_version=&#8220;4.5.1&#8243; _module_preset=&#8220;default&#8220;][\/et_pb_image][\/et_pb_column][et_pb_column type=&#8220;1_3&#8243; _builder_version=&#8220;4.5.1&#8243; _module_preset=&#8220;default&#8220;][et_pb_image src=&#8220;https:\/\/www.planbwagen.de\/wp-content\/uploads\/2020\/08\/3-6.jpg&#8220; title_text=&#8220;3&#8243; _builder_version=&#8220;4.5.1&#8243; _module_preset=&#8220;default&#8220;][\/et_pb_image][\/et_pb_column][\/et_pb_row][et_pb_row _builder_version=&#8220;4.5.1&#8243; _module_preset=&#8220;default&#8220;][et_pb_column type=&#8220;4_4&#8243; _builder_version=&#8220;4.5.1&#8243; _module_preset=&#8220;default&#8220;][et_pb_text _builder_version=&#8220;4.5.1&#8243; _module_preset=&#8220;default&#8220;] Nachdem wir gestern Abend die [&hellip;]<\/p>","protected":false},"author":1,"featured_media":3720,"comment_status":"open","ping_status":"open","sticky":false,"template":"","format":"standard","meta":{"_et_pb_use_builder":"on","_et_pb_old_content":"<p>\u00a0<\/p><div id=\"content_start\">\u00a0<\/div><article class=\"j-blog\"><div class=\"n j-blog-meta j-blog-post--header\"><div class=\"j-text j-module n\"><a class=\"j-blog-post--category\" href=\"https:\/\/www.gluecksmuskel.de\/hectors-reisen\/germany-deutschland\/\"> Germany - Deutschland <\/a> \u00a0\u00b7\u00a0 <span class=\"j-text j-blog-post--date\"> 16. M\u00e4rz 2020 <\/span><\/div><h1 class=\"j-blog-header j-blog-headline j-blog-post--headline\">Tag No. 194 - Deutschland hat uns wieder<\/h1><\/div><div class=\"post j-blog-content\"><div id=\"cc-matrix-3609044426\"><div id=\"cc-m-12586234926\" class=\"j-module n j-spacing \"><div class=\"cc-m-spacer\" style=\"height: 15px;\">\u00a0<\/div><\/div><div id=\"cc-m-12586232726\" class=\"j-module n j-gallery \"><div id=\"cc-m-gallery-12586232726\" class=\"cc-m-gallery-container cc-m-gallery-cool clearover\"><div id=\"gallery_thumb_8138220226\" class=\"cc-m-gallery-cool-item\"><div><a rel=\"lightbox[12586232726]\" data-href=\"https:\/\/planbwagen.de\/wp-content\/uploads\/attachments\/image.jpg\" data-title=\"\" data-index=\"0\"> <img style=\"height: 277px; width: 370px; margin-bottom: 3px;\" src=\"https:\/\/planbwagen.de\/wp-content\/uploads\/2020\/07\/image-1-8-6.jpg\" alt=\"\" data-orig-width=\"2048\" data-orig-height=\"1536\" \/> <\/a><\/div><\/div><div id=\"gallery_thumb_8138220726\" class=\"cc-m-gallery-cool-item\"><div><a rel=\"lightbox[12586232726]\" data-href=\"https:\/\/planbwagen.de\/wp-content\/uploads\/attachments\/image.jpg\" data-title=\"\" data-index=\"1\"> <img style=\"height: 277px; width: 370px; margin-bottom: 3px;\" src=\"https:\/\/planbwagen.de\/wp-content\/uploads\/2020\/07\/image-3-9-6.jpg\" alt=\"\" data-orig-width=\"2048\" data-orig-height=\"1536\" \/> <\/a><\/div><\/div><div id=\"gallery_thumb_8138222426\" class=\"cc-m-gallery-cool-item\"><div><a rel=\"lightbox[12586232726]\" data-href=\"https:\/\/planbwagen.de\/wp-content\/uploads\/attachments\/image.jpg\" data-title=\"\" data-index=\"2\"> <img style=\"height: 277px; width: 207px; margin-bottom: 3px;\" src=\"https:\/\/planbwagen.de\/wp-content\/uploads\/2020\/07\/image-3-7-3.jpg\" alt=\"\" data-orig-width=\"1536\" data-orig-height=\"2048\" \/> <\/a><\/div><\/div><\/div><\/div><div id=\"cc-m-12586101326\" class=\"j-module n j-text \"><p>\u00a0<\/p><p>Nachdem wir gestern Abend die Grenze nach Deutschland ohne Probleme passiert haben, suchen wir uns einen Platz f\u00fcr die Nacht. Wir durchqueren etliche kleine D\u00f6rfer. - In der N\u00e4he von Kandern, im Markgr\u00e4flerland, finden wir auf dem Wanderparkplatz Steli -\u00a047\u00b044'32.9\"N 7\u00b037'50.2\"E- ein ruhiges Pl\u00e4tzchen. Diese Region in im \u00e4u\u00dfersten S\u00fcdwesten Baden-W\u00fcrttemberg\u00a0und somit Deutschlands, grenzt im Westen an Frankreich und im S\u00fcden an die Schweiz.<\/p><p>\u00a0<\/p><p>Mitten in der Nacht h\u00f6ren wir mehrfach Fahrzeugger\u00e4usche. - Als wir Morgens aufwachen, geh\u00f6rt uns die Waldlichtung nicht mehr allein. Insgesamt vier Camper sind hier gestrandet. Zwei davon aus der Region Hannover. Diese habe ihre Tour ebenfalls abgebrochen und sind Gestern von S\u00fcdfrankreich hier hin gefahren. Da sie die Mautstra\u00dfen umgangen haben, war\u00a0ihr Weg noch deutlich beschwerlicher. Auch bei ihnen ging der Grenzwechsel noch m\u00fchelos. - Doch die Ma\u00dfnahmen in den einzelnen Bundesl\u00e4ndern zeigen, dass\u00a0es erst wird.<\/p><p style=\"text-align: center;\"><em><strong><span style=\"font-size: 22px;\">\"So sehr die Einschr\u00e4nkungen Opfer bedeuten, so wichtig ist es jetzt,<\/span><\/strong><\/em><\/p><p style=\"text-align: center;\"><em><strong><span style=\"font-size: 22px;\">besonnen und entschlossen unser Leben zu endschleunigen\" -\u00a0<\/span><\/strong><\/em><span style=\"font-size: 12px;\"><b><i>Armin Laschet Ministerpr\u00e4sident des Landes NRW\u00a0<\/i><\/b><\/span><\/p><p>\u00a0<\/p><p>In NRW werden ab Morgen alle Freizeit-, Sport-, Unterhaltungs- und Bildungsangebote eingestellt. So m\u00fcssen bereits ab Montag alle so genannten \u201eAm\u00fcsierbetriebe\u201c wie zum Beispiel Bars, Clubs, Diskotheken, Spielhallen, Theater, Kinos, Museen schlie\u00dfen. Eine gleiche Regelung ergeht f\u00fcr Prostitutionsbetriebe. - Was mich beruhigt ist, dass nun sicherlich alle Panikmacher ihre Frauen von der Stra\u00dfe holen, da die Luden ja ebenso handeln. - Deutlich \"lockerer\" scheinen unsere niederl\u00e4ndischen Nachbarn mit der Situation umzugehen.\u00a0H\u00e4usliche Isolation - nicht ohne mein Gras! - Kurz nach der Ank\u00fcndigung der Schlie\u00dfung bildeten sich lange Schlangen vor den Coffeeshops.<\/p><\/div><div id=\"cc-m-12586231626\" class=\"j-module n j-hr \"><hr \/><\/div><div id=\"cc-m-12586231826\" class=\"j-module n j-text \"><p>Torgit und ich informieren erst einmal Freunde und Familie \u00fcber unsere R\u00fcckkehr in die Heimat. - Was mich wundert ist, dass sich immer noch Bekannte mit uns verabreden wollen. - Danke aber danke nein. - Lasst uns gern gemeinsam endschleunigen. Doch bitte erst mal separat. - Wir kommen gerade von einer \u00fcberf\u00fcllten F\u00e4hre, nat\u00fcrlich glauben wir gesund zu sein. Doch Glauben und Hoffnung geh\u00f6rt in die Kirche.<\/p><p>\u00a0<\/p><p>Wir machen erst mal einen Spaziergang durch den hiesigen Wald. - Laubw\u00f6lder dieser Gr\u00f6\u00dfe sind in NRW rar geworden. Sonne und frische Luft tut gut. - Doch ich muss mich erst einmal an die neue Situation gew\u00f6hnen. W\u00e4hrend ich es noch Gestern in Frankreich mit Gebotsschildern und \"Merci\" zu tun hatte, sind die Schilder hier eindeutig Verbotsschilder - \"kein Bitte, kein Danke\" - daf\u00fcr aber mit den enstprechenden Paragraphen. - \u00a7 37 der regelt \u00fcbrigens das Betreten des Waldes. In Absatz vier wir spezifiziert, <em>\"Ohne besondere Befugnis ist nicht zul\u00e4ssig 4. das Betreten von Waldfl\u00e4chen und Waldwegen w\u00e4hrend der Dauer des Einschlags oder der Aufbereitung von Holz.\"<\/em> - Wer soll das wissen? Oder habt ihr immer\u00a0das Waldgesetz, in diesem Fall f\u00fcr Baden-W\u00fcrttemberg - (Landeswaldgesetz - LWaldG) in der aktuellen Fassung an der Hand? - Nein, dann hoffe ich ihr habt im Wald Netz. - Auch ein weiteres Thema kommt auf mich zu, der deutsche B\u00fcrger. Wie er mich ansieht, nur weil ich mit Flip Flops durch den Waldlaufe. Oder habe ich da einen Absatz \u00fcbersehen, der das Tagen von Flip Flops im Wald regelt? - Freue mich auf Feedback.<\/p><p>\u00a0<\/p><p>Doch ansonsten hat hier alles seine geregelte Ordnung. W\u00e4hrend auf Ibiza die Stra\u00dfen nicht mal einen Namen hatten, ist hier jeder Waldweg gekennzeichnet und jeder Baum durch nummeriert. - Was hat es mir gefehlt.<\/p><p>\u00a0<\/p><\/div><div id=\"cc-m-12586255026\" class=\"j-module n j-gallery \"><div id=\"cc-m-gallery-12586255026\" class=\"cc-m-gallery-container cc-m-gallery-cool clearover\"><div id=\"gallery_thumb_8138303626\" class=\"cc-m-gallery-cool-item\"><div><a rel=\"lightbox[12586255026]\" data-href=\"https:\/\/planbwagen.de\/wp-content\/uploads\/attachments\/image.jpg\" data-title=\"\" data-index=\"0\"> <img style=\"height: 244px; width: 183px; margin-bottom: 3px; margin-right: 3px;\" src=\"https:\/\/planbwagen.de\/wp-content\/uploads\/2020\/07\/image-7-8-8.jpg\" alt=\"\" data-orig-width=\"1536\" data-orig-height=\"2048\" \/> <\/a><\/div><\/div><div id=\"gallery_thumb_8138317126\" class=\"cc-m-gallery-cool-item\"><div><a rel=\"lightbox[12586255026]\" data-href=\"https:\/\/planbwagen.de\/wp-content\/uploads\/attachments\/image.jpg\" data-title=\"\" data-index=\"1\"> <img style=\"height: 244px; width: 184px; margin-bottom: 3px;\" src=\"https:\/\/planbwagen.de\/wp-content\/uploads\/2020\/07\/image-6-8.jpg\" alt=\"\" data-orig-width=\"1536\" data-orig-height=\"2048\" \/> <\/a><\/div><\/div><div id=\"gallery_thumb_8138307326\" class=\"cc-m-gallery-cool-item\"><div><a rel=\"lightbox[12586255026]\" data-href=\"https:\/\/planbwagen.de\/wp-content\/uploads\/attachments\/image.jpg\" data-title=\"\" data-index=\"2\"> <img style=\"height: 277px; width: 370px; margin-bottom: 3px;\" src=\"https:\/\/planbwagen.de\/wp-content\/uploads\/2020\/07\/image-9-4.jpg\" alt=\"\" data-orig-width=\"2048\" data-orig-height=\"1536\" \/> <\/a><\/div><\/div><div id=\"gallery_thumb_8138311126\" class=\"cc-m-gallery-cool-item\"><div><a rel=\"lightbox[12586255026]\" data-href=\"https:\/\/planbwagen.de\/wp-content\/uploads\/attachments\/image.jpg\" data-title=\"\" data-index=\"3\"> <img style=\"height: 244px; width: 183px; margin-bottom: 3px; margin-right: 3px;\" src=\"https:\/\/planbwagen.de\/wp-content\/uploads\/2020\/07\/image-1-9-9.jpg\" alt=\"\" data-orig-width=\"1536\" data-orig-height=\"2048\" \/> <\/a><\/div><\/div><div id=\"gallery_thumb_8138317426\" class=\"cc-m-gallery-cool-item\"><div><a rel=\"lightbox[12586255026]\" data-href=\"https:\/\/planbwagen.de\/wp-content\/uploads\/attachments\/image.jpg\" data-title=\"\" data-index=\"4\"> <img style=\"height: 244px; width: 184px; margin-bottom: 3px;\" src=\"https:\/\/planbwagen.de\/wp-content\/uploads\/2020\/07\/image-0-5-3.jpg\" alt=\"\" data-orig-width=\"1536\" data-orig-height=\"2048\" \/> <\/a><\/div><\/div><\/div><\/div><div id=\"cc-m-12586442326\" class=\"j-module n j-text \"><p>\u00a0<\/p><p>Kaum wieder in Deutschland und schon wieder rum n\u00f6rgeln? -\u00a0Um keinen falschen Eindruck zu hinterlassen, m\u00f6chte ich ausdr\u00fccklich darauf hin weisen, dass viele Dinge bei uns in Deutschland\u00a0besonders gut\u00a0sind. Und damit ist nicht nur die Auswahl an der Wurst-, Brot- und K\u00e4setheke gemeint. Wie sehr mir das rheinische Schwarzbrot fehlte, habe ich ja oft beschrieben.<\/p><p>\u00a0<\/p><p>Wir glauben zu wissen, dass es manchem Campern und Surfern in Spanien gerade ziemlich mulmig wird. - Surfer wurde heute vom Strand vertrieben. - Bei Zuwiderhandlung werden Strafen von 2.000,- \u20ac angedroht.<\/p><p>\u00a0<\/p><p>Doch f\u00fcr unsere Freunde auf Teneriffa\u00a0geht gerade die Sonne in ihrem Paradies unter. Die Camper und Bullis auf der Stra\u00dfe wurden angehalten. Sie sollten die Fahrzeuge verlassen und sich in eine feste Unterkunft begeben, sie d\u00fcrften nicht auf der Stra\u00dfe fahren. - Nach mehreren Hinweisen, dass sie im Auto leben,\u00a0 wurden sie von der Guardia Civil wohl mehr als ruppig auf einem Parkplatz dicht zusammen getrieben. Die Fahrzeuge\u00a0d\u00fcrften nicht mehr verlassen werden. Die Duschen und Toiletten auf dem benachbarten Campingplatz wurden geschlossen. Danach kam die Polic\u00eda Local. - Die Herren der\u00a0kommunalen Polizeibeh\u00f6rden waren zwar freundlicher, doch eine L\u00f6sung f\u00fcr Toilette oder so gab es nicht. - Der gegen\u00fcberliegende Supermarkt darf nur noch einzeln und mit Handschuhen betreten werden. - Da die Regale fast leer sind, gibt es aber auch kaum was anzufassen. - Ab Morgen soll angeblich das Milit\u00e4r die Einhaltung der Ma\u00dfnahmen kontrollieren. - Wir haben alles richtig gemacht. - Auf den Schock machen wir uns erst einmal eine T\u00fcte unseres Ibiza Kaffees auf. Wir sitzen mit dem Gef\u00fchl im Bulli alles richtig gemacht zu haben. Danke Deutschland, auch f\u00fcr deine Besonnenheit.<\/p><p>\u00a0<\/p><\/div><div id=\"cc-m-12586105826\" class=\"j-module n j-text \"><p style=\"text-align: right;\"><a class=\"j-calltoaction-link j-calltoaction-link-style-2\" style=\"font-size: 16px; background-color: #ffcc00; border-width: 2px; border-color: #ffcc00; color: #ffffff; user-select: text; padding: 10px 20px; line-height: 1.5; border-radius: 0px; -webkit-appearance: none; margin: 1em 0px;\" title=\"Tag No. 195 - flatten the curve - Sonnenuntergang\" href=\"\/2020\/03\/18\/tag-no-195-flatten-the-curve-sonnenuntergang\/\" data-action=\"button\" data-title=\"Sunny Side Up\"> Sunny Side Up\u00a0 \u00a0\u00a0<\/a><\/p><p style=\"text-align: right;\"><a class=\"j-calltoaction-link j-calltoaction-link-style-2\" style=\"background-color: #ffcc00; border-width: 2px; border-color: #ffcc00; color: #ffffff; user-select: text; padding: 10px 20px; font-size: 16px; line-height: 1.5; border-radius: 0px; -webkit-appearance: none; margin: 1em 0px;\" title=\"Tag No. 193 - France - keep calm and healty\" href=\"\/2020\/03\/15\/tag-no-193-france-keep-calm-and-healty\/\" data-action=\"button\" data-title=\"Sunny Side Down\"> Sunny Side Down\u00a0 \u00a0\u00a0<\/a><\/p><\/div><\/div><\/div><div class=\"j-module n j-text j-blog-post--tags-wrapper\"><span class=\"j-blog-post--tags--template\" style=\"display: none;\"><a class=\"j-blog-post--tag\" href=\"https:\/\/www.gluecksmuskel.de\/hectors-reisen\/?tag=tagPlaceholder\">tagPlaceholder<\/a><\/span><span class=\"j-blog-post--tags-label\" style=\"display: none;\">Tags:<\/span><\/div><div id=\"flexsocialbuttons\" class=\"n\"><div class=\"cc-sharebuttons-element cc-sharebuttons-size-16 cc-sharebuttons-style-colored cc-sharebuttons-design-square cc-sharebuttons-align-left\">\u00a0<\/div><\/div><div class=\"n j-comment\"><div id=\"commentsModule12586071526\"><p id=\"skiptoform12586071526\" class=\"skiptoform\"><a href=\"#\" data-id=\"12586071526\" data-action=\"goToForm\">Kommentar schreiben<\/a><\/p><div id=\"numComments12586071526\" class=\"j-blog-comment-counter\">Kommentare: <i class=\"cc-comments-count\">0<\/i><\/div><ul id=\"commentOutput12586071526\" class=\"com-list-noava\"><li id=\"commentFormContainer12586071526\" class=\"commentstd clearover cc-m-comment-loading\"><a name=\"commentForm12586071526\"><\/a><\/li><\/ul><div id=\"commentError12586071526\" class=\"message-error\" style=\"display: none;\">\u00a0<\/div><div id=\"commentSuccess12586071526\" class=\"message-ok\" style=\"display: none;\">\u00a0<\/div><\/div><p><script>\/\/ <![CDATA[ window.regModule(\"module_comment\", {\"data\":{\"id\":\"12586071526\",\"closed\":\"0\",\"captcha\":\"15c472d5e5a72fbc82c44c20b71d5a8c\",\"avatar\":false,\"lang\":{\"comment\":\"Kommentar\",\"comments\":\"Kommentare\"}}}); \/\/ ]]> <\/script><\/p><\/div><\/article><p>\u00a0<\/p>","_et_gb_content_width":"","footnotes":""},"categories":[12],"tags":[],"class_list":["post-347","post","type-post","status-publish","format-standard","has-post-thumbnail","hentry","category-deutschland"],"_links":{"self":[{"href":"https:\/\/www.planbwagen.de\/en\/wp-json\/wp\/v2\/posts\/347","targetHints":{"allow":["GET"]}}],"collection":[{"href":"https:\/\/www.planbwagen.de\/en\/wp-json\/wp\/v2\/posts"}],"about":[{"href":"https:\/\/www.planbwagen.de\/en\/wp-json\/wp\/v2\/types\/post"}],"author":[{"embeddable":true,"href":"https:\/\/www.planbwagen.de\/en\/wp-json\/wp\/v2\/users\/1"}],"replies":[{"embeddable":true,"href":"https:\/\/www.planbwagen.de\/en\/wp-json\/wp\/v2\/comments?post=347"}],"version-history":[{"count":9,"href":"https:\/\/www.planbwagen.de\/en\/wp-json\/wp\/v2\/posts\/347\/revisions"}],"predecessor-version":[{"id":8392,"href":"https:\/\/www.planbwagen.de\/en\/wp-json\/wp\/v2\/posts\/347\/revisions\/8392"}],"wp:featuredmedia":[{"embeddable":true,"href":"https:\/\/www.planbwagen.de\/en\/wp-json\/wp\/v2\/media\/3720"}],"wp:attachment":[{"href":"https:\/\/www.planbwagen.de\/en\/wp-json\/wp\/v2\/media?parent=347"}],"wp:term":[{"taxonomy":"category","embeddable":true,"href":"https:\/\/www.planbwagen.de\/en\/wp-json\/wp\/v2\/categories?post=347"},{"taxonomy":"post_tag","embeddable":true,"href":"https:\/\/www.planbwagen.de\/en\/wp-json\/wp\/v2\/tags?post=347"}],"curies":[{"name":"wp","href":"https:\/\/api.w.org\/{rel}","templated":true}]}}