{"id":339,"date":"2020-03-17T19:20:57","date_gmt":"2020-03-17T19:20:57","guid":{"rendered":""},"modified":"2020-09-18T07:57:38","modified_gmt":"2020-09-18T07:57:38","slug":"tag-no-195-flatten-the-curve-sonnenuntergang","status":"publish","type":"post","link":"https:\/\/www.planbwagen.de\/en\/germany\/tag-no-195-flatten-the-curve-sunset\/","title":{"rendered":"Day No. 195 - flatten the curve - sunset"},"content":{"rendered":"<p>[et_pb_section fb_built=&#8220;1&#8243; _builder_version=&#8220;3.22&#8243;][et_pb_row column_structure=&#8220;1_3,1_3,1_3&#8243; _builder_version=&#8220;4.5.1&#8243; _module_preset=&#8220;default&#8220;][et_pb_column type=&#8220;1_3&#8243; _builder_version=&#8220;4.5.1&#8243; _module_preset=&#8220;default&#8220;][et_pb_image src=&#8220;https:\/\/www.planbwagen.de\/wp-content\/uploads\/2020\/08\/1-6.jpg&#8220; title_text=&#8220;1&#8243; _builder_version=&#8220;4.5.1&#8243; _module_preset=&#8220;default&#8220; hover_enabled=&#8220;0&#8243; alt=&#8220;Torgit beim Fr\u00fchst\u00fcck am Fermasee, Deutschland&#8220;][\/et_pb_image][\/et_pb_column][et_pb_column type=&#8220;1_3&#8243; _builder_version=&#8220;4.5.1&#8243; _module_preset=&#8220;default&#8220;][et_pb_image src=&#8220;https:\/\/www.planbwagen.de\/wp-content\/uploads\/2020\/08\/2-6.jpg&#8220; title_text=&#8220;2&#8243; _builder_version=&#8220;4.5.1&#8243; _module_preset=&#8220;default&#8220; hover_enabled=&#8220;0&#8243; alt=&#8220;Fr\u00fchst\u00fcck: M\u00fcsli mit Obst, Yoghurt und N\u00fcssen&#8220;][\/et_pb_image][\/et_pb_column][et_pb_column type=&#8220;1_3&#8243; _builder_version=&#8220;4.5.1&#8243; _module_preset=&#8220;default&#8220;][et_pb_image src=&#8220;https:\/\/www.planbwagen.de\/wp-content\/uploads\/2020\/08\/3-5.jpg&#8220; title_text=&#8220;gem\u00fctlicher Fr\u00fchst\u00fccksplatz, Tisch mit Bank am Fermasee&#8220; _builder_version=&#8220;4.5.1&#8243; _module_preset=&#8220;default&#8220; hover_enabled=&#8220;0&#8243;][\/et_pb_image][\/et_pb_column][\/et_pb_row][et_pb_row _builder_version=&#8220;4.5.1&#8243; _module_preset=&#8220;default&#8220;][et_pb_column type=&#8220;4_4&#8243; _builder_version=&#8220;4.5.1&#8243; _module_preset=&#8220;default&#8220;][et_pb_text _builder_version=&#8220;4.5.1&#8243; _module_preset=&#8220;default&#8220; hover_enabled=&#8220;0&#8243;]<\/p>\n<p>Our journey today takes us to Lake Ferma - 48\u00b058'37.4\u2033N 8\u00b016'31.7\u2033E - near Neuburgweier and therefore a little north of Baden-Baden. We say goodbye to the young campers in our forest parking lot. They have decided to stay here for a while.<\/p>\n<p>&nbsp;<\/p>\n<p>Normally, we would now choose the country road. However, as we are told to stay at home even in Baden-W\u00fcrttemberg, as we are dragging our home around with us, er, driving, we think it would be unfair to visit any villages, monuments or other architecture now. So we cross the Black Forest, parallel to the Rhine on the highway heading north.<\/p>\n<p>&nbsp;<\/p>\n<p>Our phone, which has rarely rung in recent months, now rings more frequently. Now that we know that we're back in Germany, we answer it. You can literally feel how anxiety is increasing on all sides. We are still hearing some incomprehension about the current measures, especially from Cologne. However, a strange restlessness seems to have arrived here too.<\/p>\n<p>&nbsp;<\/p>\n<p>Von Et k\u00fctt, wie et k\u00fctt&#8220; und &#8222;Et h\u00e4tt noch immer jot jejange&#8220;. So geht man nun zu &#8222;Et bliev nix wie et wor&#8220; \u00fcber, so ist das K\u00f6lsch.<\/p>\n<p>&nbsp;<\/p>\n<p>On the other hand, I was sent a blog about how many positive sentiments are supposedly emerging in Italy at the moment. There is talk of companies that are looking positively to the future, even though they have just lost orders for a whole year. We've also seen the YouTube video of Italians singing from balcony to balcony. Unfortunately, I can't confirm that my Italian relatives, who live just north of Milan, are in such a positive mood. We are curious, but we would certainly all be happy if social interaction became more neighborly, peaceful, sociable, approachable and empathetic in the future.<\/p>\n<p>What are your feelings?<\/p>\n<p>&nbsp;<\/p>\n<p>What I can definitely report is that we are having our lunch today on a bench by the lake. And it really is the case that walkers passing by not only wish us a good day and a good appetite, but also give us a nice message or two. Apparently there really is a need to move closer together at the very moment when more than an arm's length is needed.<\/p>\n<p>&nbsp;<\/p>\n<p>So we use the time to read a little. Something we will certainly be doing more often over the next few weeks.<\/p>\n<p>[\/et_pb_text][\/et_pb_column][\/et_pb_row][et_pb_row column_structure=&#8220;1_3,1_3,1_3&#8243; _builder_version=&#8220;4.5.1&#8243; _module_preset=&#8220;default&#8220;][et_pb_column type=&#8220;1_3&#8243; _builder_version=&#8220;4.5.1&#8243; _module_preset=&#8220;default&#8220;][et_pb_image src=&#8220;https:\/\/www.planbwagen.de\/wp-content\/uploads\/2020\/08\/4-6.jpg&#8220; title_text=&#8220;4&#8243; _builder_version=&#8220;4.5.1&#8243; _module_preset=&#8220;default&#8220; hover_enabled=&#8220;0&#8243; alt=&#8220;Schw\u00e4ne am Fermasee&#8220;][\/et_pb_image][\/et_pb_column][et_pb_column type=&#8220;1_3&#8243; _builder_version=&#8220;4.5.1&#8243; _module_preset=&#8220;default&#8220;][et_pb_image src=&#8220;https:\/\/www.planbwagen.de\/wp-content\/uploads\/2020\/08\/5-4.jpg&#8220; title_text=&#8220;5&#8243; _builder_version=&#8220;4.5.1&#8243; _module_preset=&#8220;default&#8220; hover_enabled=&#8220;0&#8243; alt=&#8220;Blick auf Bucht am Fermasee&#8220;][\/et_pb_image][\/et_pb_column][et_pb_column type=&#8220;1_3&#8243; _builder_version=&#8220;4.5.1&#8243; _module_preset=&#8220;default&#8220;][et_pb_image src=&#8220;https:\/\/www.planbwagen.de\/wp-content\/uploads\/2020\/08\/6-4.jpg&#8220; title_text=&#8220;6&#8243; _builder_version=&#8220;4.5.1&#8243; _module_preset=&#8220;default&#8220; hover_enabled=&#8220;0&#8243; alt=&#8220;blauer Himmel mit Wolken \u00fcber dem Fermasee&#8220;][\/et_pb_image][\/et_pb_column][\/et_pb_row][et_pb_row _builder_version=&#8220;4.5.1&#8243; _module_preset=&#8220;default&#8220;][et_pb_column type=&#8220;4_4&#8243; _builder_version=&#8220;4.5.1&#8243; _module_preset=&#8220;default&#8220;][et_pb_text _builder_version=&#8220;4.5.1&#8243; _module_preset=&#8220;default&#8220;]<\/p>\n<div id=\"cc-m-12587822626\" class=\"j-module n j-text\">\n<p>Torgit: Here's something else on the subject of corona and how Cologne is dealing with the virus: A friend from Cologne went to hospital this morning because she had a fever of 39.5. She wanted to be tested for corona. She was refused the test because she could not say for sure whether she had been in contact with an infected person. And this despite the fact that she belongs to the absolute risk group due to a pulmonary embolism in 2018. This is Cologne. This naturally raises the question of why a Mr. Merz, who according to his own statements only has mild to moderate symptoms, was tested.<\/p>\n<p>&nbsp;<\/p>\n<p>Das Gebot der Stunde lautet &#8222;flatten the curve&#8220;, d.h den unaufhaltsamen, exponentiellen Anstieg der Infektionszahlen so abzuflachen, dass auch auf dem H\u00f6hepunkt der Welle f\u00fcr jeden Kranken ein Platz in der Intensivmedizin vorhanden ist.<\/p>\n<p>&nbsp;<\/p>\n<\/div>\n<div id=\"cc-m-12587833926\" class=\"j-module n j-hr\">\n<hr \/>\n<\/div>\n<div id=\"cc-m-12587833626\" class=\"j-module n j-text\">\n<p>As we roll along the highway, I feel a little nostalgic. I've always wanted to go to Alsace, one of the most beautiful regions in Europe for nature lovers, connoisseurs and fans of wine and good food. A romantic weekend in the vineyards with a bike tour through small, colorful half-timbered villages, a visit to an imposing castle ruin and a delicious dinner with a good glass of wine at the end. But somehow it never happened. No time.<\/p>\n<p>&nbsp;<\/p>\n<p>Our friends Lotte &amp; Rolf always rave about their moped tour to the small, beautiful town of Colmar. Even when we were in Rust several times for OKAL, we unfortunately never had time for a visit.<\/p>\n<p>&nbsp;<\/p>\n<p>I've also wanted to visit the Vitra Design Museum in Weil am Rhein for a long time. Design has or had a firm place in our lives, as anyone who knows our apartment knows. The Eames chair was on my last wish list before we left, so I put the Eames elephant under the Christmas tree instead.<\/p>\n<p>&nbsp;<\/p>\n<p>It is an irony of fate that we have ended up here now, of all times. Due to the current coronavirus situation, we are currently avoiding people and will therefore not be visiting the Vitra Museum. What a shame.<\/p>\n<p>&nbsp;<\/p>\n<p>I've been infected at least since the Guggenheim exhibition in Bonn in 2006. That was my first season ticket for a museum. I can't go past any Guggenheim exhibition and am an avowed Gehry fan. The Guggenheim in Bilbao was an absolute must on our current trip, as was the Guggenheim in Venice in 2011. I find design, and Bauhaus design in particular, fascinating.<\/p>\n<\/div>\n<p>[\/et_pb_text][\/et_pb_column][\/et_pb_row][\/et_pb_section]<\/p>","protected":false},"excerpt":{"rendered":"<p>[et_pb_section fb_built=&#8220;1&#8243; _builder_version=&#8220;3.22&#8243;][et_pb_row column_structure=&#8220;1_3,1_3,1_3&#8243; _builder_version=&#8220;4.5.1&#8243; _module_preset=&#8220;default&#8220;][et_pb_column type=&#8220;1_3&#8243; _builder_version=&#8220;4.5.1&#8243; _module_preset=&#8220;default&#8220;][et_pb_image src=&#8220;https:\/\/www.planbwagen.de\/wp-content\/uploads\/2020\/08\/1-6.jpg&#8220; title_text=&#8220;1&#8243; _builder_version=&#8220;4.5.1&#8243; _module_preset=&#8220;default&#8220; hover_enabled=&#8220;0&#8243; alt=&#8220;Torgit beim Fr\u00fchst\u00fcck am Fermasee, Deutschland&#8220;][\/et_pb_image][\/et_pb_column][et_pb_column type=&#8220;1_3&#8243; _builder_version=&#8220;4.5.1&#8243; _module_preset=&#8220;default&#8220;][et_pb_image src=&#8220;https:\/\/www.planbwagen.de\/wp-content\/uploads\/2020\/08\/2-6.jpg&#8220; title_text=&#8220;2&#8243; _builder_version=&#8220;4.5.1&#8243; _module_preset=&#8220;default&#8220; hover_enabled=&#8220;0&#8243; alt=&#8220;Fr\u00fchst\u00fcck: M\u00fcsli mit Obst, Yoghurt und N\u00fcssen&#8220;][\/et_pb_image][\/et_pb_column][et_pb_column type=&#8220;1_3&#8243; _builder_version=&#8220;4.5.1&#8243; _module_preset=&#8220;default&#8220;][et_pb_image src=&#8220;https:\/\/www.planbwagen.de\/wp-content\/uploads\/2020\/08\/3-5.jpg&#8220; title_text=&#8220;gem\u00fctlicher Fr\u00fchst\u00fccksplatz, Tisch mit Bank am Fermasee&#8220; _builder_version=&#8220;4.5.1&#8243; _module_preset=&#8220;default&#8220; hover_enabled=&#8220;0&#8243;][\/et_pb_image][\/et_pb_column][\/et_pb_row][et_pb_row _builder_version=&#8220;4.5.1&#8243; _module_preset=&#8220;default&#8220;][et_pb_column type=&#8220;4_4&#8243; _builder_version=&#8220;4.5.1&#8243; _module_preset=&#8220;default&#8220;][et_pb_text _builder_version=&#8220;4.5.1&#8243; [&hellip;]<\/p>","protected":false},"author":1,"featured_media":3718,"comment_status":"open","ping_status":"open","sticky":false,"template":"","format":"standard","meta":{"_et_pb_use_builder":"on","_et_pb_old_content":"<p>\u00a0<\/p><div id=\"content_start\">\u00a0<\/div><article class=\"j-blog\"><div class=\"n j-blog-meta j-blog-post--header\"><div class=\"j-text j-module n\"><a class=\"j-blog-post--category\" href=\"https:\/\/www.gluecksmuskel.de\/hectors-reisen\/germany-deutschland\/\"> Germany - Deutschland <\/a> \u00a0\u00b7\u00a0 <span class=\"j-text j-blog-post--date\"> 17. M\u00e4rz 2020 <\/span><\/div><h1 class=\"j-blog-header j-blog-headline j-blog-post--headline\">Tag No. 195 - flatten the curve - Sonnenuntergang<\/h1><\/div><div class=\"post j-blog-content\"><div id=\"cc-matrix-3609570126\"><div id=\"cc-m-12587918526\" class=\"j-module n j-spacing \"><div class=\"cc-m-spacer\" style=\"height: 21px;\">\u00a0<\/div><\/div><div id=\"cc-m-12587785826\" class=\"j-module n j-gallery \"><div id=\"cc-m-gallery-12587785826\" class=\"cc-m-gallery-container cc-m-gallery-cool clearover\"><div id=\"gallery_thumb_8138793726\" class=\"cc-m-gallery-cool-item\"><div><a rel=\"lightbox[12587785826]\" data-href=\"https:\/\/planbwagen.de\/wp-content\/uploads\/attachments\/image.jpg\" data-title=\"\" data-index=\"0\"> <img style=\"height: 277px; width: 370px; margin-bottom: 3px;\" src=\"https:\/\/planbwagen.de\/wp-content\/uploads\/2020\/07\/image-8-4-7-7.jpg\" alt=\"\" data-orig-width=\"2048\" data-orig-height=\"1536\" \/> <\/a><\/div><\/div><div id=\"gallery_thumb_8138793826\" class=\"cc-m-gallery-cool-item\"><div><a rel=\"lightbox[12587785826]\" data-href=\"https:\/\/planbwagen.de\/wp-content\/uploads\/attachments\/image.jpg\" data-title=\"\" data-index=\"1\"> <img style=\"height: 176px; width: 132px; margin-bottom: 3px; margin-right: 3px;\" src=\"https:\/\/planbwagen.de\/wp-content\/uploads\/2020\/07\/image-6-4-3.jpg\" alt=\"\" data-orig-width=\"1536\" data-orig-height=\"2048\" \/> <\/a><\/div><\/div><div id=\"gallery_thumb_8138794526\" class=\"cc-m-gallery-cool-item\"><div><a rel=\"lightbox[12587785826]\" data-href=\"https:\/\/planbwagen.de\/wp-content\/uploads\/attachments\/image.jpg\" data-title=\"\" data-index=\"2\"> <img style=\"height: 176px; width: 235px; margin-bottom: 3px;\" src=\"https:\/\/planbwagen.de\/wp-content\/uploads\/2020\/07\/image-1-8-0-3.jpg\" alt=\"\" data-orig-width=\"2048\" data-orig-height=\"1536\" \/> <\/a><\/div><\/div><\/div><\/div><div id=\"cc-m-12587772726\" class=\"j-module n j-text \"><p>\u00a0<\/p><p>Unsere heutige Reise f\u00fchrt uns zum Fermasee -\u00a048\u00b058'37.4\"N 8\u00b016'31.7\"E - in der N\u00e4he von Neuburgweier und somit etwas n\u00f6rdlich von Baden-Baden. Wir verabschieden uns von den jungen Campern auf unserem Wald Parkplatz. Diese haben beschlossen\u00a0 hier noch etwas auszuharren.<\/p><p>\u00a0<\/p><p>Normalerweise w\u00fcrden wir nun die Landstra\u00dfe w\u00e4hlen. Da jedoch auch in Baden-W\u00fcrttemberg die Aufforderung besteht, zu Hause zu bleiben, wir unser Zuhause ja mit uns rumschleppen, \u00e4\u00e4h fahren, halten wir\u00a0es f\u00fcr unfair, jetzt\u00a0 irgendwelche D\u00f6rfer, Denkm\u00e4ler oder sonstige Architektur zu besichtigen. Deshalb durchkreuzen wir den Schwarzwald, parallel zum Rhein auf der Autobahn gen Norden.<\/p><p>\u00a0<\/p><p>Unser Telefon, welches in den letzten Monaten nur selten geklingelt hat,\u00a0schellt nun h\u00e4ufiger. Nachdem bekannt ist, dass wir wieder in Deutschland sind, wird nach gehorcht. Man sp\u00fcrt f\u00f6rmlich, wie allerseits die Unruhe zunimmt. Gerade aus K\u00f6ln h\u00f6ren\u00a0wir\u00a0zwar noch das ein oder andere Unverst\u00e4ndnis, \u00fcber die aktuellen Ma\u00dfnahmen.\u00a0 Eine seltsame Unruhe scheint jedoch auch hier angekommen.<\/p><p>\u00a0<\/p><p>Von Et k\u00fctt, wie et k\u00fctt\" und \"Et h\u00e4tt noch immer jot jejange\". So geht man nun zu \"Et bliev nix wie et wor\" \u00fcber, so ist das K\u00f6lsch.<\/p><p>\u00a0<\/p><p>Andererseits\u00a0wird mir ein Blog zugesandt, wie viel positive Empfindungen, zur Zeit angeblich in Italien entstehen. Da ist von Unternehmen die Rede, die positiv in die Zukunft blicken, obwohl sie gerade die Auftr\u00e4ge f\u00fcr ein ganzes Jahr verloren h\u00e4tten.\u00a0 Auch\u00a0wir kennen das YouTube Video, auf dem Italiener von Balkon zu Balkon singen. Leider kann ich nicht best\u00e4tigen, dass die Stimmung bei meiner italienischen Verwandtschaft, welche etwas n\u00f6rdlich von Mailand wohnt, so positiv ist. Wir sind gespannt, sicherlich w\u00fcrden wir uns alle freuen, wenn\u00a0der soziale Umgang in Zukunft nachbarschaftlicher, friedvoller, umg\u00e4nglicher, zu vorkommender und einf\u00fchlsamer w\u00fcrde.<\/p><p>Wie sind Eure Empfindungen?<\/p><p>\u00a0<\/p><p>Wovon ich auf jeden Fall berichten kann, ist, dass wir unser heutiges Mittagsmahl auf einer Bank am See zu uns nehmen. Und es ist wirklich so, dass Spazierg\u00e4nger, die vorbeikommen,\u00a0uns nicht nur einen guten Tag, guten Appetit, sondern dar\u00fcber hinaus auch noch die ein oder andere nette Botschaft entgegenbringen. Scheinbar besteht wirklich ein Bed\u00fcrfnis gerade in dem Moment zusammen zu r\u00fccken, wo mehr als eine Arml\u00e4nge Abstand von N\u00f6ten ist.<\/p><p>\u00a0<\/p><p>So nutzen wir die Zeit ein wenig zu lesen. Etwas was wir in den n\u00e4chsten Wochen sicherlich\u00a0des h\u00e4ufigeren machen werden.<\/p><p>\u00a0<\/p><\/div><div id=\"cc-m-12587824026\" class=\"j-module n j-gallery \"><div id=\"cc-m-gallery-12587824026\" class=\"cc-m-gallery-container cc-m-gallery-cool clearover\"><div id=\"gallery_thumb_8138803126\" class=\"cc-m-gallery-cool-item\"><div><a rel=\"lightbox[12587824026]\" data-href=\"https:\/\/planbwagen.de\/wp-content\/uploads\/attachments\/image.jpg\" data-title=\"\" data-index=\"0\"> <img style=\"height: 277px; width: 370px; margin-bottom: 3px;\" src=\"https:\/\/planbwagen.de\/wp-content\/uploads\/2020\/07\/image-4-0-1.jpg\" alt=\"\" data-orig-width=\"2048\" data-orig-height=\"1536\" \/> <\/a><\/div><\/div><div id=\"gallery_thumb_8138803526\" class=\"cc-m-gallery-cool-item\"><div><a rel=\"lightbox[12587824026]\" data-href=\"https:\/\/planbwagen.de\/wp-content\/uploads\/attachments\/image.jpg\" data-title=\"\" data-index=\"1\"> <img style=\"height: 176px; width: 132px; margin-bottom: 3px; margin-right: 3px;\" src=\"https:\/\/planbwagen.de\/wp-content\/uploads\/2020\/07\/image-3-7-2.jpg\" alt=\"\" data-orig-width=\"1536\" data-orig-height=\"2048\" \/> <\/a><\/div><\/div><div id=\"gallery_thumb_8138803726\" class=\"cc-m-gallery-cool-item\"><div><a rel=\"lightbox[12587824026]\" data-href=\"https:\/\/planbwagen.de\/wp-content\/uploads\/attachments\/image.jpg\" data-title=\"\" data-index=\"2\"> <img style=\"height: 176px; width: 235px; margin-bottom: 3px;\" src=\"https:\/\/planbwagen.de\/wp-content\/uploads\/2020\/07\/image-1-0-0.jpg\" alt=\"\" data-orig-width=\"2048\" data-orig-height=\"1536\" \/> <\/a><\/div><\/div><\/div><\/div><div id=\"cc-m-12587822626\" class=\"j-module n j-text \"><p>\u00a0<\/p><p>Torgit: Hier noch etwas aktuelles zum Thema Corona bzw. wie K\u00f6ln mit dem Virus umgeht: Eine Bekannte aus K\u00f6ln ist heute morgen ins Krankenhaus gefahren, weil sie 39,5 Fieber hat. Sie wollte sich auf Corona testen lassen. Dieser Test wurde ihr verwehrt, da sie nicht mit Sicherheit sagen konnte, ob sie Kontakt mit einer infizierten Person hatte. Und das, obwohl sie aufgrund einer Lungenembolie im Jahr 2018 zur absoluten Risikogruppe geh\u00f6rt. Das ist K\u00f6ln. Da stellt man sich nat\u00fcrlich die Frage, warum ein Herr Merz, der laut eigenen Angaben, nur leichte bis mittlere Symptome hat, getestet wurde.<\/p><p>\u00a0<\/p><p>Das Gebot der Stunde lautet \"flatten the curve\", d.h den unaufhaltsamen, exponentiellen Anstieg der Infektionszahlen so abzuflachen, dass auch auf dem H\u00f6hepunkt der Welle f\u00fcr jeden Kranken ein Platz in der Intensivmedizin vorhanden ist.<\/p><p>\u00a0<\/p><\/div><div id=\"cc-m-12587833926\" class=\"j-module n j-hr \"><hr \/><\/div><div id=\"cc-m-12587833626\" class=\"j-module n j-text \"><p>Als wir so \u00fcber die Autobahn rollen, werde ich ein wenig wehm\u00fctig. Ich wollte immer schon mal ins Elsass, eine der sch\u00f6nsten Gegenden Europas f\u00fcr Naturliebhaber, Genie\u00dfer und Freunde des Weins und des guten Essens. Ein romantisches Wochenende in den Weinbergen mit einer Fahrradtour durch kleine bunte Fachwerkd\u00f6rfchen, dem Besuch einer imposanten Burgruine und zum Abschluss ein leckeres Abendessen mit einem guten Glas Wein. Aber irgendwie hat es sich nie ergeben. Keine Zeit.<\/p><p>\u00a0<\/p><p>Unsere Freunde Lotte & Rolf schw\u00e4rmen immer wieder von ihrer Mopedtour in das kleine, wundersch\u00f6ne St\u00e4dtchen Colmar. Selbst als wir mehrmals f\u00fcr OKAL in Rust waren, hatten wir leider nie Zeit f\u00fcr einen Besuch.<\/p><p>\u00a0<\/p><p>Ich will auch schon seit langem einmal in das Vitra Design Museum in Weil am Rhein. Design hat oder hatte einen festen Stellenwert in unserem Leben, wer unsere Wohnung kennt, wei\u00df das. Auf meinem letzten Wunschzettel stand der Eames-Chair, bevor wir ausgestiegen sind, ich habe dann stattdessen den Eames Elefanten unter den Weihnachtsbaum gestellt.<\/p><p>\u00a0<\/p><p>Es ist eine Ironie des Schicksals, dass es uns ausgerechnet jetzt, hierher verschlagen hat. Aufgrund der aktuellen Corona Situation meiden wir gerade Menschen und werden daher nicht das Vitra Museum besuchen. Sehr schade.<\/p><p>\u00a0<\/p><p>Sp\u00e4testens seit der Guggenheim-Ausstellung 2006 in Bonn bin ich infiziert. Das war meine erste Dauerkarte f\u00fcr ein Museum. Ich kann an keiner Guggenheim-Ausstellung vorbeigehen und bin bekennender Gehry-Fan. Die Guggenheim in Bilbao war ein absolutes Muss auf unserer jetzigen Reise, wie 2011 auch die Guggenheim in Venedig. Design, und besonders Bauhaus-Design finde ich faszinierend.<\/p><p>\u00a0<\/p><\/div><div id=\"cc-m-12587828826\" class=\"j-module n j-imageSubtitle \"><figure class=\"cc-imagewrapper cc-m-image-align-1 cc-m-width-maxed\"><img id=\"cc-m-imagesubtitle-image-12587828826\" class=\"\" src=\"https:\/\/planbwagen.de\/wp-content\/uploads\/2020\/07\/image-8-7-3.jpg\" sizes=\"(min-width: 1040px) 1040px, 100vw\" alt=\"\" data-src-width=\"4032\" data-src-height=\"1663\" data-src=\"https:\/\/planbwagen.de\/wp-content\/uploads\/2020\/07\/image-8-7-3.jpg\" data-image-id=\"8138803826\" data-pfsrc=\"https:\/\/planbwagen.de\/wp-content\/uploads\/2020\/07\/image-8-7-3.jpg\" \/><\/figure><div class=\"cc-clear\">\u00a0<\/div><\/div><div id=\"cc-m-12587833726\" class=\"j-module n j-text \"><p>\u00a0<\/p><p>Torgit hat ja schon ein wenig zum Thema Design geschrieben. - Klar, bereits durch meinen Herrn Papa, der u.a. die Altstadtsanierung meines Heimatortes Lennep begleitet hat, hat mich die Architektur von Kindsbeinen an begleitet.\u00a0 Durch meine T\u00e4tigkeit im Hausvertrieb war Design ein st\u00e4ndiges Thema. - Als sich mein gro\u00dfer Bruder seinen ersten\u00a0Adjustable Table, mit der spannenden Nummer E 1027, von\u00a0Eileen Gray leistete, wollte ich auch einen haben. - Mir hat das Bauhausdesign von Anfang an gut gefallen. Von hier bis zu unseren Corbusier Sessel und Couch war es ein kurzer Weg. - Doch was ist aus der Idee geworden funktionale Architektur und M\u00f6bel durch industrielle Fertigung erschwinglich zu machen? -\u00a0Denn das Bauhaus Design war \"von der Hoffnung getrieben, aus Tr\u00fcmmern Neues zu schaffen: Praktische, schn\u00f6rkellose und sch\u00f6ne Dinge f\u00fcr die Arbeiterschicht.\" - Unser Cassina LC2 Sofa wird zur Zeit f\u00fcr \u00fcber 8.000,- \u20ac gehandelt, der passende Sessel f\u00fcr \u00fcber 4.500,- \u20ac. - Unsere Wagenfeld Tischleuchten\u00a0 WG 24, von Tecnolumen gehen f\u00fcr \u00fcber 400 \u20ac \u00fcber den Tresen.\u00a0 Die o.g. Beistelltische von Eileen Gray liegen bei \u00fcber 600,- \u20ac. - Doch was sind all die sch\u00f6nen Dinge wert, wenn wir sie heute verkaufen? - Vielleicht kommen wir ja dann ungewollt zur\u00fcck zum Ursprung. - Falls zuf\u00e4llig jemand Desigerm\u00f6bel zu bezahlbaren Preisen sucht, jetzt w\u00e4re die Chance. - Ich bin auf alles vorbereitet.<\/p><p>\u00a0<\/p><p>Am sp\u00e4teren Nachmittag beschlie\u00dfen wir uns einen geeigneteren Platz f\u00fcr die Nacht zu suchen. - Nicht nur, dass wir hier nicht offiziell \u00fcbernachten d\u00fcrfen, \"entsprechende Verbotsschilder\", es sind auch zu viel Angler vor Ort. - Wir wollen heute keine Diskussionen. So fahren wir zuerst an den nahe gelegenen Rhein. In direkter N\u00e4he zur\u00a0Rheinf\u00e4hre Neuburgweier gibt es einen Parkplatz -\u00a048\u00b058'39.8\"N 8\u00b015'28.7\"E -.<\/p><p>Doch hier sind schon einige Camper gestrandet. Dies ist uns alles zu eng. Wir sollen, wollen ja Abstand halten. So fahren wir weiter an den, ca. zehn Minuten entfernten Epplesee. Hier gibt es einen Parkplatz an den \"Liegewiese am Epplesee\" -\u00a048\u00b057'56.8\"N 8\u00b019'52.0\"E. - Hier genie\u00dfen wir erst einmal den Sonnenuntergang. Auf den ersten Blick wirkt alles friedlich. Es sitzen vereinzelt Gr\u00fcppchen\u00a0am Wasser. - Was verstehen diese Menschen\u00a0eigentlich nicht an \"haltet Abstand\"? - \u00dcberall wird lauthals \u00fcber das Thema Corona diskutiert. So sch\u00f6n der Sonnenuntergang \u00fcber dem See ist, dies ist kein guter Platz zum \u00dcbernachten. Dar\u00fcber hinaus\u00a0l\u00e4uft die\u00a0F\u00f6rderanlage der\u00a0Kiesgrube Rheinstetten-Forchheim auch am Abend, also Ruhe f\u00e4nden wir hier nicht.<\/p><p>\u00a0<\/p><p>So fahren wir weiter in Richtung Spessart\u00a0(Ettlingen). Vielleicht finden wir ja einen geeigneten Waldparkplatz. Wir schauen uns zwei an. Dann bleibt es genau beim Waldparkplatz Spessart - 48\u00b055'11.0\"N 8\u00b025'38.2\"E -. Das der auch so hei\u00dft, sehen wir jedoch erst am n\u00e4chsten Morgen. - Damit es zu keiner Verwechslung kommt, der bekannte Forst Spessart ist von hier etwa 240 Kilometer entfernt.<\/p><p>\u00a0<\/p><\/div><div id=\"cc-m-12587918226\" class=\"j-module n j-text \"><p style=\"text-align: right;\"><a class=\"j-calltoaction-link j-calltoaction-link-style-2\" style=\"font-size: 16px; background-color: #ffcc00; border-width: 2px; border-color: #ffcc00; color: #ffffff; user-select: text; padding: 10px 20px; line-height: 1.5; border-radius: 0px; -webkit-appearance: none; margin: 1em 0px;\" title=\"Tag No 196 - Im Weinland - Pleisweiler-Oberhofen\" href=\"\/2020\/03\/19\/tag-no-196-im-weinland-pleisweiler-oberhofen\/\" data-action=\"button\" data-title=\"Sunny Side Up\"> Sunny Side Up\u00a0 \u00a0\u00a0<\/a><\/p><p style=\"text-align: right;\"><a class=\"j-calltoaction-link j-calltoaction-link-style-2\" style=\"background-color: #ffcc00; border-width: 2px; border-color: #ffcc00; color: #ffffff; user-select: text; padding: 10px 20px; font-size: 16px; line-height: 1.5; border-radius: 0px; -webkit-appearance: none; margin: 1em 0px;\" title=\"Tag No. 194 - Deutschland hat uns wieder\" href=\"\/2020\/03\/16\/tag-no-194-deutschland-hat-uns-wieder\/\" data-action=\"button\" data-title=\"Sunny Side Down\"> Sunny Side Down\u00a0 \u00a0\u00a0<\/a><\/p><\/div><\/div><\/div><div class=\"j-module n j-text j-blog-post--tags-wrapper\"><span class=\"j-blog-post--tags--template\" style=\"display: none;\"><a class=\"j-blog-post--tag\" href=\"https:\/\/www.gluecksmuskel.de\/hectors-reisen\/?tag=tagPlaceholder\">tagPlaceholder<\/a><\/span><span class=\"j-blog-post--tags-label\" style=\"display: none;\">Tags:<\/span><\/div><div id=\"flexsocialbuttons\" class=\"n\"><div class=\"cc-sharebuttons-element cc-sharebuttons-size-16 cc-sharebuttons-style-colored cc-sharebuttons-design-square cc-sharebuttons-align-left\">\u00a0<\/div><\/div><div class=\"n j-comment\"><div id=\"commentsModule12587772426\"><p id=\"skiptoform12587772426\" class=\"skiptoform\"><a href=\"#\" data-id=\"12587772426\" data-action=\"goToForm\">Kommentar schreiben<\/a><\/p><div id=\"numComments12587772426\" class=\"j-blog-comment-counter\">Kommentare: <i class=\"cc-comments-count\">0<\/i><\/div><ul id=\"commentOutput12587772426\" class=\"com-list-noava\"><li id=\"commentFormContainer12587772426\" class=\"commentstd clearover cc-m-comment-loading\"><a name=\"commentForm12587772426\"><\/a><\/li><\/ul><div id=\"commentError12587772426\" class=\"message-error\" style=\"display: none;\">\u00a0<\/div><div id=\"commentSuccess12587772426\" class=\"message-ok\" style=\"display: none;\">\u00a0<\/div><\/div><p><script>\/\/ <![CDATA[ window.regModule(\"module_comment\", {\"data\":{\"id\":\"12587772426\",\"closed\":\"0\",\"captcha\":\"24c484b1219337da6ab42947da588737\",\"avatar\":false,\"lang\":{\"comment\":\"Kommentar\",\"comments\":\"Kommentare\"}}}); \/\/ ]]> <\/script><\/p><\/div><\/article><p>\u00a0<\/p>","_et_gb_content_width":"","footnotes":""},"categories":[12],"tags":[],"class_list":["post-339","post","type-post","status-publish","format-standard","has-post-thumbnail","hentry","category-deutschland"],"_links":{"self":[{"href":"https:\/\/www.planbwagen.de\/en\/wp-json\/wp\/v2\/posts\/339","targetHints":{"allow":["GET"]}}],"collection":[{"href":"https:\/\/www.planbwagen.de\/en\/wp-json\/wp\/v2\/posts"}],"about":[{"href":"https:\/\/www.planbwagen.de\/en\/wp-json\/wp\/v2\/types\/post"}],"author":[{"embeddable":true,"href":"https:\/\/www.planbwagen.de\/en\/wp-json\/wp\/v2\/users\/1"}],"replies":[{"embeddable":true,"href":"https:\/\/www.planbwagen.de\/en\/wp-json\/wp\/v2\/comments?post=339"}],"version-history":[{"count":7,"href":"https:\/\/www.planbwagen.de\/en\/wp-json\/wp\/v2\/posts\/339\/revisions"}],"predecessor-version":[{"id":8389,"href":"https:\/\/www.planbwagen.de\/en\/wp-json\/wp\/v2\/posts\/339\/revisions\/8389"}],"wp:featuredmedia":[{"embeddable":true,"href":"https:\/\/www.planbwagen.de\/en\/wp-json\/wp\/v2\/media\/3718"}],"wp:attachment":[{"href":"https:\/\/www.planbwagen.de\/en\/wp-json\/wp\/v2\/media?parent=339"}],"wp:term":[{"taxonomy":"category","embeddable":true,"href":"https:\/\/www.planbwagen.de\/en\/wp-json\/wp\/v2\/categories?post=339"},{"taxonomy":"post_tag","embeddable":true,"href":"https:\/\/www.planbwagen.de\/en\/wp-json\/wp\/v2\/tags?post=339"}],"curies":[{"name":"wp","href":"https:\/\/api.w.org\/{rel}","templated":true}]}}