{"id":297,"date":"2020-03-20T19:20:54","date_gmt":"2020-03-20T19:20:54","guid":{"rendered":""},"modified":"2021-07-03T18:13:33","modified_gmt":"2021-07-03T16:13:33","slug":"tag-no-198-back-to-the-roots-zuruck-nach-koln","status":"publish","type":"post","link":"https:\/\/www.planbwagen.de\/en\/germany\/day-no-198-back-to-the-roots-back-to-koln\/","title":{"rendered":"Day No. 198 - Back to the roots - Back to Cologne"},"content":{"rendered":"<p>[et_pb_section fb_built=&#8220;1&#8243; _builder_version=&#8220;3.22&#8243;][et_pb_row column_structure=&#8220;1_4,1_4,1_4,1_4&#8243; _builder_version=&#8220;4.5.1&#8243; _module_preset=&#8220;default&#8220;][et_pb_column type=&#8220;1_4&#8243; _builder_version=&#8220;4.5.1&#8243; _module_preset=&#8220;default&#8220;][et_pb_image src=&#8220;https:\/\/planbwagen.de\/wp-content\/uploads\/2020\/08\/1-4.jpg&#8220; alt=&#8220;R\u00fcckblick: VW California auf Steilk\u00fcste in der Normandie mit Blick auf das Wasser&#8220; title_text=&#8220;1&#8243; _builder_version=&#8220;4.5.1&#8243; _module_preset=&#8220;default&#8220;][\/et_pb_image][\/et_pb_column][et_pb_column type=&#8220;1_4&#8243; _builder_version=&#8220;4.5.1&#8243; _module_preset=&#8220;default&#8220;][et_pb_image src=&#8220;https:\/\/planbwagen.de\/wp-content\/uploads\/2020\/08\/2-3.jpg&#8220; alt=&#8220;R\u00fcckblick: VW California auf Steg in der Bretagne&#8220; title_text=&#8220;2&#8243; _builder_version=&#8220;4.5.1&#8243; _module_preset=&#8220;default&#8220;][\/et_pb_image][\/et_pb_column][et_pb_column type=&#8220;1_4&#8243; _builder_version=&#8220;4.5.1&#8243; _module_preset=&#8220;default&#8220;][et_pb_image src=&#8220;https:\/\/planbwagen.de\/wp-content\/uploads\/2020\/08\/3-2.jpg&#8220; alt=&#8220;R\u00fcckblick: VW California  mit Blick auf Strand und Meer in Frankreich&#8220; title_text=&#8220;3&#8243; _builder_version=&#8220;4.5.1&#8243; _module_preset=&#8220;default&#8220;][\/et_pb_image][\/et_pb_column][et_pb_column type=&#8220;1_4&#8243; _builder_version=&#8220;4.5.1&#8243; _module_preset=&#8220;default&#8220;][et_pb_image src=&#8220;https:\/\/planbwagen.de\/wp-content\/uploads\/2020\/08\/4-3.jpg&#8220; alt=&#8220;R\u00fcckblick: VW California vor Dune Pilat, Wanderd\u00fcne in Frankreich&#8220; title_text=&#8220;4&#8243; _builder_version=&#8220;4.5.1&#8243; _module_preset=&#8220;default&#8220;][\/et_pb_image][\/et_pb_column][\/et_pb_row][et_pb_row _builder_version=&#8220;4.5.1&#8243; _module_preset=&#8220;default&#8220;][et_pb_column type=&#8220;4_4&#8243; _builder_version=&#8220;4.5.1&#8243; _module_preset=&#8220;default&#8220;][et_pb_text _builder_version=&#8220;4.5.1&#8243; _module_preset=&#8220;default&#8220;]<\/p>\n<p>There is relatively little to report from today. We wake up with mixed feelings. This is the last day of a long journey, our journey to happiness. - Exactly 198 days Torgit and I are now on the road with our faithful companion Hector, our VW T5 California. - We started in Cologne, it went to the Netherlands ??, via Belgium ??, France ?? , Spain ?? , Portugal ?? , again Spain ?? , France ??, finally back to Germany ?? - We had many wonderful moments, moments of happiness ?, we have experienced challenges. But in the end, did we find what we were looking for? - Have we found our happiness?<\/p>\n<p>[\/et_pb_text][\/et_pb_column][\/et_pb_row][et_pb_row column_structure=&#8220;1_4,1_4,1_4,1_4&#8243; _builder_version=&#8220;4.5.1&#8243; _module_preset=&#8220;default&#8220;][et_pb_column type=&#8220;1_4&#8243; _builder_version=&#8220;4.5.1&#8243; _module_preset=&#8220;default&#8220;][et_pb_image src=&#8220;https:\/\/planbwagen.de\/wp-content\/uploads\/2020\/08\/5-1.jpg&#8220; alt=&#8220;R\u00fcckblick: Marc auf Ibiza&#8220; title_text=&#8220;5&#8243; _builder_version=&#8220;4.5.1&#8243; _module_preset=&#8220;default&#8220;][\/et_pb_image][\/et_pb_column][et_pb_column type=&#8220;1_4&#8243; _builder_version=&#8220;4.5.1&#8243; _module_preset=&#8220;default&#8220;][et_pb_image src=&#8220;https:\/\/planbwagen.de\/wp-content\/uploads\/2020\/08\/6-1.jpg&#8220; alt=&#8220;R\u00fcckblick: Marc auf dem Affenfelsen Gibraltar&#8220; title_text=&#8220;6&#8243; _builder_version=&#8220;4.5.1&#8243; _module_preset=&#8220;default&#8220;][\/et_pb_image][\/et_pb_column][et_pb_column type=&#8220;1_4&#8243; _builder_version=&#8220;4.5.1&#8243; _module_preset=&#8220;default&#8220;][et_pb_image src=&#8220;https:\/\/planbwagen.de\/wp-content\/uploads\/2020\/08\/7-1.jpg&#8220; alt=&#8220;R\u00fcckblick: Marc beim Fr\u00fchst\u00fcck im VB Bus&#8220; title_text=&#8220;7&#8243; _builder_version=&#8220;4.5.1&#8243; _module_preset=&#8220;default&#8220;][\/et_pb_image][\/et_pb_column][et_pb_column type=&#8220;1_4&#8243; _builder_version=&#8220;4.5.1&#8243; _module_preset=&#8220;default&#8220;][et_pb_image src=&#8220;https:\/\/planbwagen.de\/wp-content\/uploads\/2020\/08\/8-1.jpg&#8220; alt=&#8220;R\u00fcckblick: Marc bei Strand Spaziergang in Portugal&#8220; title_text=&#8220;8&#8243; _builder_version=&#8220;4.5.1&#8243; _module_preset=&#8220;default&#8220;][\/et_pb_image][\/et_pb_column][\/et_pb_row][et_pb_row column_structure=&#8220;1_3,1_3,1_3&#8243; _builder_version=&#8220;4.5.1&#8243; _module_preset=&#8220;default&#8220;][et_pb_column type=&#8220;1_3&#8243; _builder_version=&#8220;4.5.1&#8243; _module_preset=&#8220;default&#8220;][et_pb_image src=&#8220;https:\/\/planbwagen.de\/wp-content\/uploads\/2020\/08\/9-1.jpg&#8220; alt=&#8220;R\u00fcckblick: Marc mit Surfponcho bekleidet in der Bretagne&#8220; title_text=&#8220;9&#8243; _builder_version=&#8220;4.5.1&#8243; _module_preset=&#8220;default&#8220;][\/et_pb_image][\/et_pb_column][et_pb_column type=&#8220;1_3&#8243; _builder_version=&#8220;4.5.1&#8243; _module_preset=&#8220;default&#8220;][et_pb_image src=&#8220;https:\/\/planbwagen.de\/wp-content\/uploads\/2020\/08\/10-1.jpg&#8220; alt=&#8220;R\u00fcckblick: Marc auf einer Bank in Nantes, Frankreich&#8220; title_text=&#8220;10&#8243; _builder_version=&#8220;4.5.1&#8243; _module_preset=&#8220;default&#8220;][\/et_pb_image][\/et_pb_column][et_pb_column type=&#8220;1_3&#8243; _builder_version=&#8220;4.5.1&#8243; _module_preset=&#8220;default&#8220;][et_pb_image src=&#8220;https:\/\/planbwagen.de\/wp-content\/uploads\/2020\/08\/11.jpg&#8220; alt=&#8220;R\u00fcckblick: Marc in einer schmalen Gasse auf KRK, Kroatien&#8220; title_text=&#8220;11&#8243; _builder_version=&#8220;4.5.1&#8243; _module_preset=&#8220;default&#8220;][\/et_pb_image][\/et_pb_column][\/et_pb_row][et_pb_row _builder_version=&#8220;4.5.1&#8243; _module_preset=&#8220;default&#8220;][et_pb_column type=&#8220;4_4&#8243; _builder_version=&#8220;4.5.1&#8243; _module_preset=&#8220;default&#8220;][et_pb_text _builder_version=&#8220;4.5.1&#8243; _module_preset=&#8220;default&#8220;]<\/p>\n<p>Yes, yes and yes again! - The trip has changed us, we are no longer the same. But we are very, very happy.  - We have found happiness in many different places. Mostly where we didn't expect it. Most of all in ourselves. Our tips for the GL\u00dcCKsMUSKEL have been confirmed. - That's why we want to keep training it.\u00a0<\/p>\n<p>&nbsp;<\/p>\n<p>Is this now the end of our journey? - No, certainly not. Our journey is that of a sailor. We are now spending some time in our home port of Cologne. We all have other tasks now. Now it is time to slow down. We will make the best of it. But one way or another, we will be back on the road by the beginning of August at the latest. Because for us is certain. - After this trip, nothing will be the same. - We are part of the WAGENVOLK.<\/p>\n<p>&nbsp;<\/p>\n<p>&nbsp;<\/p>\n<p style=\"text-align: center;\"><span style=\"font-size: 22px;\"><em><strong>Heute ist nicht alle Tage.\u00a0Wir komm&#8216; wieder, keine Frage.<\/strong><\/em><\/span><\/p>\n<p>[\/et_pb_text][\/et_pb_column][\/et_pb_row][et_pb_row column_structure=&#8220;1_3,1_3,1_3&#8243; _builder_version=&#8220;4.5.1&#8243; _module_preset=&#8220;default&#8220;][et_pb_column type=&#8220;1_3&#8243; _builder_version=&#8220;4.5.1&#8243; _module_preset=&#8220;default&#8220;][et_pb_image src=&#8220;https:\/\/planbwagen.de\/wp-content\/uploads\/2020\/08\/12.jpg&#8220; alt=&#8220;R\u00fcckblick: Torgit sitzt in der Alhambra, Granada, Spanien.&#8220; title_text=&#8220;12&#8243; _builder_version=&#8220;4.5.1&#8243; _module_preset=&#8220;default&#8220;][\/et_pb_image][\/et_pb_column][et_pb_column type=&#8220;1_3&#8243; _builder_version=&#8220;4.5.1&#8243; _module_preset=&#8220;default&#8220;][et_pb_image src=&#8220;https:\/\/planbwagen.de\/wp-content\/uploads\/2020\/08\/13.jpg&#8220; title_text=&#8220;13&#8243; _builder_version=&#8220;4.5.1&#8243; _module_preset=&#8220;default&#8220;][\/et_pb_image][\/et_pb_column][et_pb_column type=&#8220;1_3&#8243; _builder_version=&#8220;4.5.1&#8243; _module_preset=&#8220;default&#8220;][et_pb_image src=&#8220;https:\/\/planbwagen.de\/wp-content\/uploads\/2020\/08\/14.jpg&#8220; alt=&#8220;R\u00fcckblick: Torgit in Nates, Frankreich&#8220; title_text=&#8220;14&#8243; _builder_version=&#8220;4.5.1&#8243; _module_preset=&#8220;default&#8220;][\/et_pb_image][\/et_pb_column][\/et_pb_row][et_pb_row column_structure=&#8220;1_4,1_4,1_4,1_4&#8243; _builder_version=&#8220;4.5.1&#8243; _module_preset=&#8220;default&#8220;][et_pb_column type=&#8220;1_4&#8243; _builder_version=&#8220;4.5.1&#8243; _module_preset=&#8220;default&#8220;][et_pb_image src=&#8220;https:\/\/planbwagen.de\/wp-content\/uploads\/2020\/08\/15.jpg&#8220; alt=&#8220;R\u00fcckblick: Torgit vor BIBO, am Stand, N\u00e4he Tarifa&#8220; title_text=&#8220;15&#8243; _builder_version=&#8220;4.5.1&#8243; _module_preset=&#8220;default&#8220;][\/et_pb_image][\/et_pb_column][et_pb_column type=&#8220;1_4&#8243; _builder_version=&#8220;4.5.1&#8243; _module_preset=&#8220;default&#8220;][et_pb_image src=&#8220;https:\/\/planbwagen.de\/wp-content\/uploads\/2020\/08\/16.jpg&#8220; alt=&#8220;R\u00fcckblick: Torgit vor dem BIBO, Tarifa Watersport&#8220; title_text=&#8220;16&#8243; _builder_version=&#8220;4.5.1&#8243; _module_preset=&#8220;default&#8220;][\/et_pb_image][\/et_pb_column][et_pb_column type=&#8220;1_4&#8243; _builder_version=&#8220;4.5.1&#8243; _module_preset=&#8220;default&#8220;][et_pb_image src=&#8220;https:\/\/planbwagen.de\/wp-content\/uploads\/2020\/08\/17.jpg&#8220; alt=&#8220;R\u00fcckblick: Torgit in alter englischer Telefonzelle auf Gibraltar&#8220; title_text=&#8220;17&#8243; _builder_version=&#8220;4.5.1&#8243; _module_preset=&#8220;default&#8220;][\/et_pb_image][\/et_pb_column][et_pb_column type=&#8220;1_4&#8243; _builder_version=&#8220;4.5.1&#8243; _module_preset=&#8220;default&#8220;][et_pb_image src=&#8220;https:\/\/planbwagen.de\/wp-content\/uploads\/2020\/08\/18.jpg&#8220; alt=&#8220;R\u00fcckblick: Torgit in Stierkampfarena in Ronda, Spanien&#8220; title_text=&#8220;18&#8243; _builder_version=&#8220;4.5.1&#8243; _module_preset=&#8220;default&#8220;][\/et_pb_image][\/et_pb_column][\/et_pb_row][et_pb_row _builder_version=&#8220;4.5.1&#8243; _module_preset=&#8220;default&#8220;][et_pb_column type=&#8220;4_4&#8243; _builder_version=&#8220;4.5.1&#8243; _module_preset=&#8220;default&#8220;][et_pb_text _builder_version=&#8220;4.5.1&#8243; _module_preset=&#8220;default&#8220;]<\/p>\n<p>Torgit: I'm back here in Cologne in our bunker. Our subtenants move out tomorrow, then we are alone again. Alone on 169sqm and a big garden in Cologne's S\u00fcdstadt. And it all feels very wrong. I have not yet arrived in the here and now. The switch from 8sqm to 169sqm is strangely harder for me than the other way around. My head is still on the beach of Benirras, I hear the drums to the sunset. And I have such a longing. I want to go there again and just be happy.<\/p>\n<p>&nbsp;<\/p>\n<p>[\/et_pb_text][\/et_pb_column][\/et_pb_row][et_pb_row _builder_version=&#8220;4.5.1&#8243; _module_preset=&#8220;default&#8220;][et_pb_column _builder_version=&#8220;4.5.1&#8243; _module_preset=&#8220;default&#8220; type=&#8220;4_4&#8243;][et_pb_image src=&#8220;https:\/\/www.planbwagen.de\/wp-content\/uploads\/2020\/03\/planBwagen.jpeg&#8220; _builder_version=&#8220;4.5.1&#8243; _module_preset=&#8220;default&#8220; alt=&#8220;VW Bulli Roadtrip: 198 Tage, in K\u00f6ln gestartet, ging es  in die Niederlande ??, \u00fcber Belgien ??, Frankreich ?? , Spanien ?? , Portugal ?? , wieder Spanien ?? , Frankreich ??&#8220; title_text=&#8220;planBwagen&#8220; url=&#8220<div class=\"ikn-evt-container\">\r\n    <iframe\r\n            width=\"100%\"\r\n            class=\"ikn-evt-iframe\"\r\n            srcdoc=\"<style>\n    * {\n    padding:0;\n    margin:0;\n    overflow:hidden\n}\n\nhtml, body {\n    height:100%\n}\n\n.ikn-evt-container {\n    position: relative;\n    padding-bottom: 56.25%;\n    height: 0;\n}\n\n.ikn-evt-container iframe {\n    position: absolute;\n    top: 0;\n    left: 0;\n    width: 100%;\n    height: 100%;\n}\n\n.ikn-evt-frame {\n    display: block;\n    position: relative;\n    padding-bottom: 56.23%;\n    height: 0;\n    overflow: hidden;\n    max-width: 100%;\n    background: #000;\n}\n\n.ikn-evt-frame img.ikn-evt-thumbnail {\n    bottom: 0;\n    display: block;\n    left: 0;\n    margin: auto;\n    max-width: 100%;\n    width: 100%;\n    position: absolute;\n    right: 0;\n    top: 0;\n    border: none;\n    height: auto;\n    cursor: pointer;\n    -webkit-transition: .4s all;\n    -moz-transition: .4s all;\n    transition: .4s all;\n}\n\n.ikn-evt-frame[data-source=youtube] img.ikn-evt-thumbnail {\n    top: -63px;\n    bottom: -63px;\n}\n\n.ikn-evt-frame:hover img.ikn-evt-thumbnail {\n    -webkit-filter: brightness(75%);\n}\n\n.ikn-evt-frame .ikn-evt-play-button {\n    height: 20%;\n    width: 13%;\n    left: 44%;\n    top: 42%;\n    position: absolute;\n    cursor: pointer;\n    z-index: 1;\n    background-size: contain !important;\n}\n\n.ikn-evt-frame .ikn-evt-heading {\n    width: 100%;\n    position: absolute;\n    top: 0;\n    background: rgba(0, 0, 0, .5);\n    left: 0;\n    padding: 0.7em;\n    box-sizing: border-box;\n}\n\n.ikn-evt-frame .ikn-evt-heading .ikn-evt-heading-title {\n    font-weight: bold;\n    font-size: 1.5em;\n    color: #FFFFFF;\n    line-height: 30px;\n    margin: 0;\n    cursor: pointer;\n}.ikn-evt-frame[data-source=youtube] \r\n            .ikn-evt-play-button {background:url('https:\/\/www.planbwagen.de\/wp-content\/plugins\/embed-video-thumbnail\/assets\/images\/youtube-72-72.png') no-repeat;}.ikn-evt-frame[data-source=vimeo] \r\n            .ikn-evt-play-button {background:url('https:\/\/www.planbwagen.de\/wp-content\/plugins\/embed-video-thumbnail\/assets\/images\/play-default.png') no-repeat;}.ikn-evt-frame[data-source=dailymotion] \r\n            .ikn-evt-play-button {background:url('https:\/\/www.planbwagen.de\/wp-content\/plugins\/embed-video-thumbnail\/assets\/images\/play-default.png') no-repeat;}.ikn-evt-frame[data-source=facebook] \r\n            .ikn-evt-play-button {background:url('https:\/\/www.planbwagen.de\/wp-content\/plugins\/embed-video-thumbnail\/assets\/images\/play-default.png') no-repeat;}<\/style><div    class='ikn-evt-frame'    data-source='youtube'>    <a class='ikn-evt-link' href='\/\/www.youtube-nocookie.com\/embed\/lmgbkFAnV74?controls=1&autoplay=1&enablejsapi=1&rel=1'>        <span class='ikn-evt-play-button'><\/span>                    <img                class='ikn-evt-thumbnail'                src='\/wp-content\/uploads\/ikana-embed-video-thumbnail\/youtube\/lmgbkFAnV74-hqdefault.jpg'                alt='lmgbkFAnV74'            \/>                    <\/a><\/div><script>\n    document\n        .querySelector('.ikn-evt-link')\n        .addEventListener('click', function(e) {\n                e.preventDefault();\n                e.stopPropagation();\n                window.location.replace(this.href);\n                return false;\n            }\n        )\n    ;\n<\/script>\"\r\n            frameborder=\"0\"\r\n            allow=\"accelerometer; encrypted-media; gyroscope; picture-in-picture\"\r\n            allowfullscreen\r\n title=\"lmgbkFAnV74\"\r\n            loading=\"lazy\"\r\n            src=\"\/\/www.youtube-nocookie.com\/embed\/lmgbkFAnV74?controls=1&autoplay=1&enablejsapi=1&rel=1\"\r\n    ><\/iframe>\r\n<\/div>8243; url_new_window=&#8220;on&#8220; align=&#8220;center&#8220; hover_enabled=&#8220;0&#8243;][\/et_pb_image][\/et_pb_column][\/et_pb_row][et_pb_row _builder_version=&#8220;4.5.1&#8243; _module_preset=&#8220;default&#8220;][et_pb_column _builder_version=&#8220;4.5.1&#8243; _module_preset=&#8220;default&#8220; type=&#8220;4_4&#8243;][et_pb_text _builder_version=&#8220;4.5.1&#8243; _module_preset=&#8220;default&#8220; hover_enabled=&#8220;0&#8243;]<\/p>\n<p>Instead, here I am, opening the door to the office and starting to catch up on 7 months. I am facing our current tasks and challenges. We're dissolving our apartment in the coming weeks and moving all the way into the van. Into the new SpaceCamper that we hope to get in a few weeks. All of our belongings need to be photographed and sold on Ebay, as we want to store as little as possible. Other than a few personal items, everything is to go. Selling, of course, is not easy given the C crisis. Who's in the mood to buy now? Who's going to buy a car they can't register? But that doesn't change our plans. We will lose a lot of money. But what does money mean compared to the happiness we experienced on our trip? This was the happiest winter of my life.<\/p>\n<p>[\/et_pb_text][\/et_pb_column][\/et_pb_row][\/et_pb_section]<\/p>","protected":false},"excerpt":{"rendered":"<p>[et_pb_section fb_built=&#8220;1&#8243; _builder_version=&#8220;3.22&#8243;][et_pb_row column_structure=&#8220;1_4,1_4,1_4,1_4&#8243; _builder_version=&#8220;4.5.1&#8243; _module_preset=&#8220;default&#8220;][et_pb_column type=&#8220;1_4&#8243; _builder_version=&#8220;4.5.1&#8243; _module_preset=&#8220;default&#8220;][et_pb_image src=&#8220;https:\/\/planbwagen.de\/wp-content\/uploads\/2020\/08\/1-4.jpg&#8220; alt=&#8220;R\u00fcckblick: VW California auf Steilk\u00fcste in der Normandie mit Blick auf das Wasser&#8220; title_text=&#8220;1&#8243; _builder_version=&#8220;4.5.1&#8243; _module_preset=&#8220;default&#8220;][\/et_pb_image][\/et_pb_column][et_pb_column type=&#8220;1_4&#8243; _builder_version=&#8220;4.5.1&#8243; _module_preset=&#8220;default&#8220;][et_pb_image src=&#8220;https:\/\/planbwagen.de\/wp-content\/uploads\/2020\/08\/2-3.jpg&#8220; alt=&#8220;R\u00fcckblick: VW California auf Steg in der Bretagne&#8220; title_text=&#8220;2&#8243; _builder_version=&#8220;4.5.1&#8243; _module_preset=&#8220;default&#8220;][\/et_pb_image][\/et_pb_column][et_pb_column type=&#8220;1_4&#8243; _builder_version=&#8220;4.5.1&#8243; _module_preset=&#8220;default&#8220;][et_pb_image src=&#8220;https:\/\/planbwagen.de\/wp-content\/uploads\/2020\/08\/3-2.jpg&#8220; alt=&#8220;R\u00fcckblick: VW California mit Blick auf Strand und Meer in [&hellip;]<\/p>","protected":false},"author":1,"featured_media":3712,"comment_status":"open","ping_status":"open","sticky":false,"template":"","format":"standard","meta":{"_et_pb_use_builder":"on","_et_pb_old_content":"<p>\u00a0<\/p><div id=\"content_start\">\u00a0<\/div><article class=\"j-blog\"><div class=\"n j-blog-meta j-blog-post--header\"><div class=\"j-text j-module n\"><a class=\"j-blog-post--category\" href=\"https:\/\/www.gluecksmuskel.de\/hectors-reisen\/germany-deutschland\/\"> Germany - Deutschland <\/a> \u00a0\u00b7\u00a0 <span class=\"j-text j-blog-post--date\"> 20. M\u00e4rz 2020 <\/span><\/div><h1 class=\"j-blog-header j-blog-headline j-blog-post--headline\">Tag No. 198 - Back to the roots - Zur\u00fcck nach K\u00f6ln<\/h1><\/div><div class=\"post j-blog-content\"><div id=\"cc-matrix-3610774826\"><div id=\"cc-m-12592847226\" class=\"j-module n j-spacing \"><div class=\"cc-m-spacer\" style=\"height: 20px;\">\u00a0<\/div><\/div><div id=\"cc-m-12592985426\" class=\"j-module n j-gallery \"><div id=\"cc-m-gallery-12592985426\" class=\"cc-m-gallery-container cc-m-gallery-cool clearover\"><div id=\"gallery_thumb_8141144726\" class=\"cc-m-gallery-cool-item\"><div><a rel=\"lightbox[12592985426]\" data-href=\"https:\/\/planbwagen.de\/wp-content\/uploads\/attachments\/image.jpg\" data-title=\"\" data-index=\"0\"> <img style=\"height: 277px; width: 370px; margin-bottom: 3px;\" src=\"https:\/\/planbwagen.de\/wp-content\/uploads\/2020\/07\/image-6-3-4-2.jpg\" alt=\"\" data-orig-width=\"2048\" data-orig-height=\"1536\" \/> <\/a><\/div><\/div><div id=\"gallery_thumb_8141144826\" class=\"cc-m-gallery-cool-item\"><div><a rel=\"lightbox[12592985426]\" data-href=\"https:\/\/planbwagen.de\/wp-content\/uploads\/attachments\/image.jpg\" data-title=\"\" data-index=\"1\"> <img style=\"height: 176px; width: 132px; margin-bottom: 3px; margin-right: 3px;\" src=\"https:\/\/planbwagen.de\/wp-content\/uploads\/2020\/07\/image-7-7.jpg\" alt=\"\" data-orig-width=\"1536\" data-orig-height=\"2048\" \/> <\/a><\/div><\/div><div id=\"gallery_thumb_8141146026\" class=\"cc-m-gallery-cool-item\"><div><a rel=\"lightbox[12592985426]\" data-href=\"https:\/\/planbwagen.de\/wp-content\/uploads\/attachments\/image.jpg\" data-title=\"\" data-index=\"2\"> <img style=\"height: 176px; width: 235px; margin-bottom: 3px;\" src=\"https:\/\/planbwagen.de\/wp-content\/uploads\/2020\/07\/image-9-3-8-3.jpg\" alt=\"\" data-orig-width=\"2048\" data-orig-height=\"1536\" \/> <\/a><\/div><\/div><div id=\"gallery_thumb_8141146126\" class=\"cc-m-gallery-cool-item\"><div><a rel=\"lightbox[12592985426]\" data-href=\"https:\/\/planbwagen.de\/wp-content\/uploads\/attachments\/image.jpg\" data-title=\"\" data-index=\"3\"> <img style=\"height: 277px; width: 370px; margin-bottom: 3px;\" src=\"https:\/\/planbwagen.de\/wp-content\/uploads\/2020\/07\/image-5-0-4.jpg\" alt=\"\" data-orig-width=\"2048\" data-orig-height=\"1536\" \/> <\/a><\/div><\/div><\/div><\/div><div id=\"cc-m-12591311726\" class=\"j-module n j-text \"><p>\u00a0<\/p><p>Vom heutigen Tag gibt es relativ wenig zu berichten. Wir erwachen mit gemischten Gef\u00fchlen. Dies ist der letzte Tag einer langen Reise, unserer Reise in's Gl\u00fcck. - Genau 198 Tage sind Torgit und ich nun mit unserem treuem Weggef\u00e4hrten Hector, unserem VW T5 California unterwegs. - Wir sind in K\u00f6ln gestartet, es ging in die Niederlande ????????, \u00fcber Belgien ????????, Frankreich ???????? , Spanien ???????? , Portugal ???????? , wieder Spanien ???????? , Frankreich ????????, zuletzt zur\u00fcck nach Deutschland ???????? - Wir hatten viele wunderbare Momente, Momente des Gl\u00fcck ????, wir haben Herausforderungen erlebt. Doch haben wir am Ende gefunden, was wir suchten? - Haben wir unser Gl\u00fcck gefunden?<\/p><p>\u00a0<\/p><p>\u00a0<\/p><\/div><div id=\"cc-m-12591344426\" class=\"j-module n j-gallery \"><div id=\"cc-m-gallery-12591344426\" class=\"cc-m-gallery-container cc-m-gallery-cool clearover\"><div id=\"gallery_thumb_8140411026\" class=\"cc-m-gallery-cool-item\"><div><a rel=\"lightbox[12591344426]\" data-href=\"https:\/\/planbwagen.de\/wp-content\/uploads\/attachments\/image.jpg\" data-title=\"\" data-index=\"0\"> <img style=\"height: 161px; width: 120px; margin-bottom: 3px; margin-right: 3px;\" src=\"https:\/\/planbwagen.de\/wp-content\/uploads\/2020\/07\/image-0-7-7.jpg\" alt=\"\" data-orig-width=\"1536\" data-orig-height=\"2048\" \/> <\/a><\/div><\/div><div id=\"gallery_thumb_8140410026\" class=\"cc-m-gallery-cool-item\"><div><a rel=\"lightbox[12591344426]\" data-href=\"https:\/\/planbwagen.de\/wp-content\/uploads\/attachments\/image.jpg\" data-title=\"\" data-index=\"1\"> <img style=\"height: 161px; width: 120px; margin-bottom: 3px; margin-right: 3px;\" src=\"https:\/\/planbwagen.de\/wp-content\/uploads\/2020\/07\/image-4-8-9.jpg\" alt=\"\" data-orig-width=\"1536\" data-orig-height=\"2048\" \/> <\/a><\/div><\/div><div id=\"gallery_thumb_8141142326\" class=\"cc-m-gallery-cool-item\"><div><a rel=\"lightbox[12591344426]\" data-href=\"https:\/\/planbwagen.de\/wp-content\/uploads\/attachments\/image.jpg\" data-title=\"\" data-index=\"2\"> <img style=\"height: 161px; width: 124px; margin-bottom: 3px;\" src=\"https:\/\/planbwagen.de\/wp-content\/uploads\/2020\/07\/image-9-3-8-3-3.jpg\" alt=\"\" data-orig-width=\"1536\" data-orig-height=\"2048\" \/> <\/a><\/div><\/div><div id=\"gallery_thumb_8141144026\" class=\"cc-m-gallery-cool-item\"><div><a rel=\"lightbox[12591344426]\" data-href=\"https:\/\/planbwagen.de\/wp-content\/uploads\/attachments\/image.jpg\" data-title=\"\" data-index=\"3\"> <img style=\"height: 175px; width: 233px; margin-bottom: 3px; margin-right: 3px;\" src=\"https:\/\/planbwagen.de\/wp-content\/uploads\/2020\/07\/image-6-2-7.jpg\" alt=\"\" data-orig-width=\"1659\" data-orig-height=\"1242\" \/> <\/a><\/div><\/div><div id=\"gallery_thumb_8141142226\" class=\"cc-m-gallery-cool-item\"><div><a rel=\"lightbox[12591344426]\" data-href=\"https:\/\/planbwagen.de\/wp-content\/uploads\/attachments\/image.jpg\" data-title=\"\" data-index=\"4\"> <img style=\"height: 175px; width: 134px; margin-bottom: 3px;\" src=\"https:\/\/planbwagen.de\/wp-content\/uploads\/2020\/07\/image-1-8-0.jpg\" alt=\"\" data-orig-width=\"1536\" data-orig-height=\"2048\" \/> <\/a><\/div><\/div><div id=\"gallery_thumb_8141142626\" class=\"cc-m-gallery-cool-item\"><div><a rel=\"lightbox[12591344426]\" data-href=\"https:\/\/planbwagen.de\/wp-content\/uploads\/attachments\/image.jpg\" data-title=\"\" data-index=\"5\"> <img style=\"height: 175px; width: 131px; margin-bottom: 3px; margin-right: 3px;\" src=\"https:\/\/planbwagen.de\/wp-content\/uploads\/2020\/07\/image-5-4.jpg\" alt=\"\" data-orig-width=\"1536\" data-orig-height=\"2048\" \/> <\/a><\/div><\/div><div id=\"gallery_thumb_8141142526\" class=\"cc-m-gallery-cool-item\"><div><a rel=\"lightbox[12591344426]\" data-href=\"https:\/\/planbwagen.de\/wp-content\/uploads\/attachments\/image.jpg\" data-title=\"\" data-index=\"6\"> <img style=\"height: 175px; width: 131px; margin-bottom: 3px;\" src=\"https:\/\/planbwagen.de\/wp-content\/uploads\/2020\/07\/image-3-0-7.jpg\" alt=\"\" data-orig-width=\"1536\" data-orig-height=\"2048\" \/> <\/a><\/div><\/div><\/div><\/div><div id=\"cc-m-12592991426\" class=\"j-module n j-text \"><p>\u00a0<\/p><p>Ja, ja und noch mal ja! - Die Reise hat uns ver\u00e4ndert, wir sind nicht mehr die Selben. Doch wir sind sehr, sehr gl\u00fccklich.\u00a0 - Wir haben Gl\u00fcck an den unterschiedlichsten Stellen gefunden. Meist dort, wo wir es nicht erwartet haben. Vor allem in uns selbst. Unsere Tipps zum GL\u00dcCKsMUSKEL haben sich best\u00e4tigt. - Deshalb wollen wir ihn weiter trainieren.<\/p><p>\u00a0<\/p><p>Ist dies nun das Ende unserer Reise? - Nein, ganz sicher nicht. Unsere Reise ist die eines Seemanns. Wir legen jetzt ein Zeit in unserem Heimathafen K\u00f6ln an. Wir alle haben nun andere Aufgaben. Nun gilt es zu Entschleunigen. Wir werden das Beste daraus machen. Doch so oder so, sind wir sp\u00e4testens Anfang August wieder auf der Stra\u00dfe. Denn f\u00fcr uns ist sicher. - Nach dieser Reise ist nichts mehr wie es war. - Wir sind Teil des WAGENVOLK.<\/p><p>\u00a0<\/p><p>\u00a0<\/p><p style=\"text-align: center;\"><span style=\"font-size: 22px;\"><em><strong>Heute ist nicht alle Tage.\u00a0Wir komm' wieder, keine Frage.<\/strong><\/em><\/span><\/p><p>\u00a0<\/p><p>\u00a0<\/p><\/div><div id=\"cc-m-12591327126\" class=\"j-module n j-gallery \"><div id=\"cc-m-gallery-12591327126\" class=\"cc-m-gallery-container cc-m-gallery-cool clearover\"><div id=\"gallery_thumb_8140405726\" class=\"cc-m-gallery-cool-item\"><div><a rel=\"lightbox[12591327126]\" data-href=\"https:\/\/planbwagen.de\/wp-content\/uploads\/attachments\/image.jpg\" data-title=\"\" data-index=\"0\"> <img style=\"height: 168px; width: 110px; margin-bottom: 3px; margin-right: 3px;\" src=\"https:\/\/planbwagen.de\/wp-content\/uploads\/2020\/07\/image-0-7-6.jpg\" alt=\"\" data-orig-width=\"1343\" data-orig-height=\"2048\" \/> <\/a><\/div><\/div><div id=\"gallery_thumb_8141146926\" class=\"cc-m-gallery-cool-item\"><div><a rel=\"lightbox[12591327126]\" data-href=\"https:\/\/planbwagen.de\/wp-content\/uploads\/attachments\/image.jpg\" data-title=\"\" data-index=\"1\"> <img style=\"height: 168px; width: 126px; margin-bottom: 3px; margin-right: 3px;\" src=\"https:\/\/planbwagen.de\/wp-content\/uploads\/2020\/07\/image-3-5.jpg\" alt=\"\" data-orig-width=\"768\" data-orig-height=\"1024\" \/> <\/a><\/div><\/div><div id=\"gallery_thumb_8141147726\" class=\"cc-m-gallery-cool-item\"><div><a rel=\"lightbox[12591327126]\" data-href=\"https:\/\/planbwagen.de\/wp-content\/uploads\/attachments\/image.jpg\" data-title=\"\" data-index=\"2\"> <img style=\"height: 168px; width: 128px; margin-bottom: 3px;\" src=\"https:\/\/planbwagen.de\/wp-content\/uploads\/2020\/07\/image-9-9-6.jpg\" alt=\"\" data-orig-width=\"1536\" data-orig-height=\"2048\" \/> <\/a><\/div><\/div><div id=\"gallery_thumb_8141147026\" class=\"cc-m-gallery-cool-item\"><div><a rel=\"lightbox[12591327126]\" data-href=\"https:\/\/planbwagen.de\/wp-content\/uploads\/attachments\/image.jpg\" data-title=\"\" data-index=\"3\"> <img style=\"height: 161px; width: 120px; margin-bottom: 3px; margin-right: 3px;\" src=\"https:\/\/planbwagen.de\/wp-content\/uploads\/2020\/07\/image-4-0-4.jpg\" alt=\"\" data-orig-width=\"1536\" data-orig-height=\"2048\" \/> <\/a><\/div><\/div><div id=\"gallery_thumb_8140405926\" class=\"cc-m-gallery-cool-item\"><div><a rel=\"lightbox[12591327126]\" data-href=\"https:\/\/planbwagen.de\/wp-content\/uploads\/attachments\/image.jpg\" data-title=\"\" data-index=\"4\"> <img style=\"height: 161px; width: 120px; margin-bottom: 3px; margin-right: 3px;\" src=\"https:\/\/planbwagen.de\/wp-content\/uploads\/2020\/07\/image-1-4-2-1.jpg\" alt=\"\" data-orig-width=\"1536\" data-orig-height=\"2048\" \/> <\/a><\/div><\/div><div id=\"gallery_thumb_8140406426\" class=\"cc-m-gallery-cool-item\"><div><a rel=\"lightbox[12591327126]\" data-href=\"https:\/\/planbwagen.de\/wp-content\/uploads\/attachments\/image.jpg\" data-title=\"\" data-index=\"5\"> <img style=\"height: 161px; width: 124px; margin-bottom: 3px;\" src=\"https:\/\/planbwagen.de\/wp-content\/uploads\/2020\/07\/image-3-5-0.jpg\" alt=\"\" data-orig-width=\"1536\" data-orig-height=\"2048\" \/> <\/a><\/div><\/div><div id=\"gallery_thumb_8140406626\" class=\"cc-m-gallery-cool-item\"><div><a rel=\"lightbox[12591327126]\" data-href=\"https:\/\/planbwagen.de\/wp-content\/uploads\/attachments\/image.jpg\" data-title=\"\" data-index=\"6\"> <img style=\"height: 161px; width: 120px; margin-bottom: 3px;\" src=\"https:\/\/planbwagen.de\/wp-content\/uploads\/2020\/07\/image-7-9-6.jpg\" alt=\"\" data-orig-width=\"1536\" data-orig-height=\"2048\" \/> <\/a><\/div><\/div><\/div><\/div><div id=\"cc-m-12592847726\" class=\"j-module n j-text \"><p>\u00a0<\/p><p>Torgit: Ich bin wieder hier in K\u00f6ln in unserem Bunker. Unsere Untermieter ziehen morgen aus, dann sind wir wieder alleine. Alleine auf 169qm und gro\u00dfem Garten in der K\u00f6lner S\u00fcdstadt. Und es f\u00fchlt sich alles ganz falsch an. Ich bin noch nicht angekommen im Hier und Jetzt. Der Switch von 8qm auf 169qm f\u00e4llt mir komischerweise schwerer als andersherum. Mein Kopf ist noch am Strand von Benirras, ich h\u00f6re die Trommeln zum Sonnenuntergang. Und ich habe solche Sehnsucht. Ich m\u00f6chte wieder dorthin und einfach nur gl\u00fccklich sein.<\/p><p>Stattdessen bin ich hier und \u00f6ffne die T\u00fcr zum B\u00fcro und fange an 7 Monate aufzuarbeiten. Ich stelle mich unseren aktuellen Aufgaben und Herausforderungen. Wir l\u00f6sen in den kommenden Wochen unsere Wohnung auf und ziehen ganz in den Bulli. In den neuen SpaceCamper, den wir hoffentlich in ein paar Wochen bekommen. Unser gesamtes Hab und Gut muss fotografiert und bei Ebay verkauft werden, denn wir wollen m\u00f6glichst wenig einlagern. Au\u00dfer ein paar wenigen pers\u00f6nlichen Gegenst\u00e4nden soll alles weg. Das Verkaufen ist nat\u00fcrlich angesichts der C-Krise nicht ganz einfach. Wer ist jetzt in Kauflaune? Wer kauft ein Auto, das er nicht anmelden kann? Aber das \u00e4ndert nichts an unseren Pl\u00e4nen. Wir werden viel Geld verlieren. Aber was bedeutet Geld im Vergleich zu dem Gl\u00fcck, was wir auf unserer Reise erlebt haben? Das war der gl\u00fccklichste Winter meines Lebens.<\/p><p>\u00a0<\/p><\/div><div id=\"cc-m-12592996126\" class=\"j-module n j-text \"><p style=\"text-align: right;\"><a class=\"j-calltoaction-link j-calltoaction-link-style-2\" style=\"font-size: 16px; background-color: #ffcc00; border-width: 2px; border-color: #ffcc00; color: #ffffff; user-select: text; padding: 10px 20px; line-height: 1.5; border-radius: 0px; -webkit-appearance: none; margin: 1em 0px;\" title=\"Tag No. 199 - Rocket, Waterrower & Co\" href=\"\/2020\/03\/21\/tag-no-199-rocket-waterrower-co\/\" data-action=\"button\" data-title=\"Sunny Side Up\"> Sunny Side Up\u00a0 \u00a0\u00a0<\/a><\/p><p style=\"text-align: right;\"><a class=\"j-calltoaction-link j-calltoaction-link-style-2\" style=\"background-color: #ffcc00; border-width: 2px; border-color: #ffcc00; color: #ffffff; user-select: text; padding: 10px 20px; font-size: 16px; line-height: 1.5; border-radius: 0px; -webkit-appearance: none; margin: 1em 0px;\" title=\"Tag No. 197 - Wege zum Gl\u00fcck - Kallstadt - Der Bismarckturm\" href=\"\/2020\/03\/19\/tag-no-197-wege-zum-gl%C3%BCck-kallstadt-der-bismarckturm\/\" data-action=\"button\" data-title=\"Sunny Side Down\"> Sunny Side Down\u00a0 \u00a0\u00a0<\/a><\/p><\/div><\/div><\/div><div class=\"j-module n j-text j-blog-post--tags-wrapper\"><span class=\"j-blog-post--tags--template\" style=\"display: none;\"><a class=\"j-blog-post--tag\" href=\"https:\/\/www.gluecksmuskel.de\/hectors-reisen\/?tag=tagPlaceholder\">tagPlaceholder<\/a><\/span><span class=\"j-blog-post--tags-label\" style=\"display: none;\">Tags:<\/span><\/div><div id=\"flexsocialbuttons\" class=\"n\"><div class=\"cc-sharebuttons-element cc-sharebuttons-size-16 cc-sharebuttons-style-colored cc-sharebuttons-design-square cc-sharebuttons-align-left\">\u00a0<\/div><\/div><div class=\"n j-comment\"><div id=\"commentsModule12591305326\"><p id=\"skiptoform12591305326\" class=\"skiptoform\"><a href=\"#\" data-id=\"12591305326\" data-action=\"goToForm\">Kommentar schreiben<\/a><\/p><div id=\"numComments12591305326\" class=\"j-blog-comment-counter\">Kommentare: <i class=\"cc-comments-count\">2<\/i><\/div><ul id=\"commentOutput12591305326\" class=\"com-list-noava\"><li id=\"commentEntry208992826\" class=\"commentstd clearover\" style=\"display: block;\"><strong class=\"number\">#1<\/strong><br \/><p class=\"com-meta\"><strong>Gabi Haase<\/strong> (<em>Dienstag, 24 M\u00e4rz 2020 00:24<\/em>)<\/p><div class=\"com-edit\">\u00a0<\/div><p class=\"commententry\">Hallo ihr Zwei,<br \/>Ich freue mich f\u00fcr euch, dass ihr euer Gl\u00fcck (auf 8 qm) gefunden habt und w\u00fcnsche euch weiterhin viel Gl\u00fcck!<br \/>Die Wohnungsaufl\u00f6sung wird in der jetzigen Situation nicht einfach sein, aber ihr geht das ja mit der richtigen Einstellung an. Alle Achtung!<br \/>Ich w\u00fcnsche euch, dass euer SpaceCamper eure W\u00fcnsche und Erwartungen erf\u00fcllt und ihr mit ihm und in ihm gl\u00fccklich seid und er euch zu wundersch\u00f6nen Orten bringt.<br \/>Ganz liebe Gr\u00fc\u00dfe aus Recklinghausen, vll kreuzen sich unsere Wege ja im Herbst - wenn wir denn dann wieder reisen d\u00fcrfen<br \/>Gabi & Rainer<\/p><\/li><li id=\"commentEntry208995526\" class=\"commentstd clearover\" style=\"display: block;\"><strong class=\"number\">#2<\/strong><br \/><p class=\"com-meta\"><strong>Claudia Nonn<\/strong> (<em>Dienstag, 24 M\u00e4rz 2020 09:12<\/em>)<\/p><div class=\"com-edit\">\u00a0<\/div><p class=\"commententry\">Hallo Torgit, hallo Marc,<br \/>da seid Ihr ja wieder, welcome back! Offenbar soll es aber nur eine kleine Stippvisite sein. Ja, man sollte seine W\u00fcnsche und Ziele im Auge behalten. Ihr macht es genau richtig. Ich w\u00fcnsche Euch jedenfalls alles Gute und das Qu\u00e4ntchen Gl\u00fcck, das man ja immer im Leben ben\u00f6tigt. Derzeit steht die Welt vor einer gro\u00dfen Herausforderung. Sicher werden wir diese meistern. Durch das aktuelle Kontaktverbot bin ich auch guter Dinge, dass ich demn\u00e4chst Zeit habe, Euer gesamtes Tagebuch einmal zu lesen. Viele Gr\u00fc\u00dfe, (Claudia - aus dem Annabell :-) )<\/p><\/li><li id=\"commentFormContainer12591305326\" class=\"commentstd clearover cc-m-comment-loading\"><a name=\"commentForm12591305326\"><\/a><\/li><\/ul><div id=\"commentError12591305326\" class=\"message-error\" style=\"display: none;\">\u00a0<\/div><div id=\"commentSuccess12591305326\" class=\"message-ok\" style=\"display: none;\">\u00a0<\/div><\/div><p><script>\/\/ <![CDATA[ window.regModule(\"module_comment\", {\"data\":{\"id\":\"12591305326\",\"closed\":\"0\",\"captcha\":\"dbaf8fb3a313ab073f0ef7df6c5b7ac7\",\"avatar\":false,\"lang\":{\"comment\":\"Kommentar\",\"comments\":\"Kommentare\"}}}); \/\/ ]]> <\/script><\/p><\/div><\/article><p>\u00a0<\/p>","_et_gb_content_width":"","footnotes":""},"categories":[12],"tags":[],"class_list":["post-297","post","type-post","status-publish","format-standard","has-post-thumbnail","hentry","category-deutschland"],"_links":{"self":[{"href":"https:\/\/www.planbwagen.de\/en\/wp-json\/wp\/v2\/posts\/297","targetHints":{"allow":["GET"]}}],"collection":[{"href":"https:\/\/www.planbwagen.de\/en\/wp-json\/wp\/v2\/posts"}],"about":[{"href":"https:\/\/www.planbwagen.de\/en\/wp-json\/wp\/v2\/types\/post"}],"author":[{"embeddable":true,"href":"https:\/\/www.planbwagen.de\/en\/wp-json\/wp\/v2\/users\/1"}],"replies":[{"embeddable":true,"href":"https:\/\/www.planbwagen.de\/en\/wp-json\/wp\/v2\/comments?post=297"}],"version-history":[{"count":9,"href":"https:\/\/www.planbwagen.de\/en\/wp-json\/wp\/v2\/posts\/297\/revisions"}],"predecessor-version":[{"id":13374,"href":"https:\/\/www.planbwagen.de\/en\/wp-json\/wp\/v2\/posts\/297\/revisions\/13374"}],"wp:featuredmedia":[{"embeddable":true,"href":"https:\/\/www.planbwagen.de\/en\/wp-json\/wp\/v2\/media\/3712"}],"wp:attachment":[{"href":"https:\/\/www.planbwagen.de\/en\/wp-json\/wp\/v2\/media?parent=297"}],"wp:term":[{"taxonomy":"category","embeddable":true,"href":"https:\/\/www.planbwagen.de\/en\/wp-json\/wp\/v2\/categories?post=297"},{"taxonomy":"post_tag","embeddable":true,"href":"https:\/\/www.planbwagen.de\/en\/wp-json\/wp\/v2\/tags?post=297"}],"curies":[{"name":"wp","href":"https:\/\/api.w.org\/{rel}","templated":true}]}}