{"id":2117,"date":"2019-08-10T19:23:12","date_gmt":"2019-08-10T19:23:12","guid":{"rendered":""},"modified":"2020-09-24T10:23:43","modified_gmt":"2020-09-24T10:23:43","slug":"tag-no-4-auf-dem-weg-nach-petrcane","status":"publish","type":"post","link":"https:\/\/www.planbwagen.de\/en\/croatia\/day-no-4-on-the-way-to-petrcane\/","title":{"rendered":"Day No. 4 - On the way to Petr\u010dane"},"content":{"rendered":"<p>[et_pb_section fb_built=&#8220;1&#8243; _builder_version=&#8220;3.22&#8243;][et_pb_row _builder_version=&#8220;4.5.1&#8243; _module_preset=&#8220;default&#8220;][et_pb_column type=&#8220;4_4&#8243; _builder_version=&#8220;4.5.1&#8243; _module_preset=&#8220;default&#8220;][et_pb_text _builder_version=&#8220;4.5.1&#8243; _module_preset=&#8220;default&#8220;]<\/p>\n<p style=\"text-align: justify;\">Today we want to go near Zadar, more precisely to Petr\u010dane. This is about 10 kilometers north of Zadar. I remember the place as a small, then still Yugoslavian fishing village. As a little boy I ate my first suckling pig here. Shortly before we drive into the village, we see a grill on the road, with a suckling pig. - Should the world have stopped here?<\/p>\n<p style=\"text-align: justify;\">The village, with its Dalmatian houses, still shows its 800 years of history today. In the meantime, tourism has also left its mark.  - What has remained are the beautiful beaches, clear water, fragrant pine trees and supposedly a mild Mediterranean climate. - But today it is really, really hot. When we arrive at Camp Pineta, all the pitches are already taken.<\/p>\n<p style=\"text-align: justify;\">Nevertheless, we receive a warm welcome. We are promptly offered the site owner's private pitch for Hector. We gratefully accept. - Afterwards, we realize that this temporary accommodation is the best place from our point of view. Even when we wanted to extend our stay the next day, we were allowed to stay where we were. This <a href=\"http:\/\/www.camp-pineta.com\/\" target=\"_blank\" title=\"http:\/\/www.camp-pineta.com\" rel=\"noopener noreferrer\">Camp<\/a> We can only recommend it. The sanitary facilities are simple but clean. The highlight, however, is the sea, which is right next to the pitches. It is still as clear as I remember it.\u00a0<\/p>\n<p style=\"text-align: justify;\">And the sea urchins are still there too. - Not only did I keep the evidence in my foot, I also took it home with me. - My family doctor stole it from me there later. - That's life.<\/p>\n<p style=\"text-align: justify;\">We enjoy the sunset by the sea with a glass of wine.<\/p>\n<p style=\"text-align: justify;\">Insight of the day: used to be more tinsel? - Maybe, maybe not.<\/p>\n<p>[\/et_pb_text][\/et_pb_column][\/et_pb_row][et_pb_row _builder_version=&#8220;4.5.1&#8243; _module_preset=&#8220;default&#8220;][et_pb_column type=&#8220;4_4&#8243; _builder_version=&#8220;4.5.1&#8243; _module_preset=&#8220;default&#8220;][et_pb_image src=&#8220;https:\/\/www.planbwagen.de\/wp-content\/uploads\/2020\/08\/22.jpg&#8220; alt=&#8220;Wei\u00dfe Emailletasse mit Aufschrift \u201aFr\u00fcher war mehr Lametta\u2019 auf Felsen vor Meer und Sonnenuntergang&#8220; _builder_version=&#8220;4.5.1&#8243; _module_preset=&#8220;default&#8220;][\/et_pb_image][\/et_pb_column][\/et_pb_row][\/et_pb_section]<\/p>","protected":false},"excerpt":{"rendered":"<p>[et_pb_section fb_built=&#8220;1&#8243; _builder_version=&#8220;3.22&#8243;][et_pb_row _builder_version=&#8220;4.5.1&#8243; _module_preset=&#8220;default&#8220;][et_pb_column type=&#8220;4_4&#8243; _builder_version=&#8220;4.5.1&#8243; _module_preset=&#8220;default&#8220;][et_pb_text _builder_version=&#8220;4.5.1&#8243; _module_preset=&#8220;default&#8220;] Heute wollen wir in die N\u00e4he von Zadar, genauer nach Petr\u010dane. Dieses\u00a0liegt ungef\u00e4hr 10 Kilometer n\u00f6rdlich von Zadar. Ich habe den Ort als kleines,\u00a0 damals noch jugoslawisches Fischerdorf in Erinnerung. Als kleiner Junge habe ich hier mein erstes Spanferkel gegessen. Kurz bevor wir in den [&hellip;]<\/p>","protected":false},"author":1,"featured_media":3669,"comment_status":"open","ping_status":"open","sticky":false,"template":"","format":"standard","meta":{"_et_pb_use_builder":"on","_et_pb_old_content":"<p>\u00a0<\/p><div id=\"content_start\">\u00a0<\/div><article class=\"j-blog\"><div class=\"n j-blog-meta j-blog-post--header\"><div class=\"j-text j-module n\"><a class=\"j-blog-post--category\" href=\"https:\/\/www.gluecksmuskel.de\/hectors-reisen\/croatia-kroatien\/\"> Croatia - Kroatien <\/a> \u00a0\u00b7\u00a0 <span class=\"j-text j-blog-post--date\"> 10. August 2019 <\/span><\/div><h1 class=\"j-blog-header j-blog-headline j-blog-post--headline\">Tag No. 4 - Auf dem Weg nach Petr\u010dane<\/h1><\/div><div class=\"post j-blog-content\"><div id=\"cc-matrix-3598351626\"><div id=\"cc-m-12538802526\" class=\"j-module n j-spacing \"><div class=\"cc-m-spacer\" style=\"height: 8px;\">\u00a0<\/div><\/div><div id=\"cc-m-12538019726\" class=\"j-module n j-imageSubtitle \"><figure class=\"cc-imagewrapper cc-m-image-align-1 cc-m-width-maxed\"><img id=\"cc-m-imagesubtitle-image-12538019726\" class=\"\" src=\"https:\/\/planbwagen.de\/wp-content\/uploads\/2020\/07\/image-2-1-4-4.jpg\" sizes=\"(min-width: 1040px) 1040px, 100vw\" alt=\"\" data-src-width=\"4032\" data-src-height=\"3024\" data-src=\"https:\/\/planbwagen.de\/wp-content\/uploads\/2020\/07\/image-2-1-4-4.jpg\" data-image-id=\"8101438526\" data-pfsrc=\"https:\/\/planbwagen.de\/wp-content\/uploads\/2020\/07\/image-2-1-4-4.jpg\" \/><\/figure><div class=\"cc-clear\">\u00a0<\/div><\/div><div id=\"cc-m-12538017926\" class=\"j-module n j-text \"><p>\u00a0<\/p><p>Heute wollen wir in die N\u00e4he von Zadar, genauer nach Petr\u010dane. Dieses\u00a0liegt ungef\u00e4hr 10 Kilometer n\u00f6rdlich von Zadar. Ich habe den Ort als kleines,\u00a0 damals noch jugoslawisches Fischerdorf in Erinnerung. Als kleiner Junge habe ich hier mein erstes Spanferkel gegessen. Kurz bevor wir in den Ort hinein fahren, sehen wir an der Stra\u00dfe einen Grill, mit einem Spanferkel. - Sollte hier die Welt stehen geblieben sein?<\/p><p>\u00a0<\/p><p>Dem Ort,\u00a0mit\u00a0seinen dalmatinischen H\u00e4usern, sieht man die \u00fcber 800j\u00e4hrige Geschichte auch heute noch an. Inzwischen hat auch der Tourismus seinen Stempel hinterlassen. \u00a0- Geblieben sind\u00a0die sch\u00f6nen Str\u00e4nde, das klare Wasser, duftende Pinien und angeblich auch ein mildes mediterranes Klima. - Doch heute ist es richtig, richtig hei\u00df. Als wir im Camp Pineta ankommen, sind bereits alle Pl\u00e4tze belegt.<\/p><p>\u00a0<\/p><p>Dennoch werden wir herzlich empfangen. Prompt wird uns der private Stellplatz des Platzbesitzers\u00a0f\u00fcr Hector angeboten. Wir nehmen dankbar an. - Im Nachgang stellen wir fest, dass dieses Notquartier, aus unser Sicht, der beste Platz ist. Auch als wir am n\u00e4chsten Tag verl\u00e4ngern wollen, d\u00fcrfen wir bleiben, wo wir stehen. http:\/\/www.camp-pineta.com k\u00f6nnen wir nur empfehlen. Die Sanit\u00e4rausstattung ist einfach, aber sauber. Das Highlight ist jedoch das Meer, welches direkt an die Stellpl\u00e4tze angrenzt. Es ist immer noch so klar, wie in meiner Erinnerung.<\/p><p>\u00a0<\/p><p>Und die Seeigel sind ebenfalls noch da.\u00a0- Den Beweis\u00a0habe ich nicht nur in\u00a0meinem Fu\u00df festgehalten, sondern auch noch mit nach Hause genommen. - Dort hat ihn mir mein Hausarzt sp\u00e4ter geraubt. - So ist Leben.<\/p><p>\u00a0<\/p><p>Wir genie\u00dfen den Sonnenuntergang am Meer mit einem Becher Wein.<\/p><p>\u00a0<\/p><p>Erkenntnis des Tages: Fr\u00fcher war mehr Lametta? - Vielleicht, vielleicht auch nicht.<\/p><p>\u00a0<\/p><\/div><div id=\"cc-m-12538022426\" class=\"j-module n j-imageSubtitle \"><figure class=\"cc-imagewrapper cc-m-image-align-1 cc-m-width-maxed\"><img id=\"cc-m-imagesubtitle-image-12538022426\" class=\"\" src=\"https:\/\/planbwagen.de\/wp-content\/uploads\/2020\/07\/image-5-8-9-0.jpg\" sizes=\"(min-width: 1040px) 1040px, 100vw\" alt=\"\" data-src-width=\"4032\" data-src-height=\"3024\" data-src=\"https:\/\/planbwagen.de\/wp-content\/uploads\/2020\/07\/image-5-8-9-0.jpg\" data-image-id=\"8101439226\" data-pfsrc=\"https:\/\/planbwagen.de\/wp-content\/uploads\/2020\/07\/image-5-8-9-0.jpg\" \/><\/figure><div class=\"cc-clear\">\u00a0<\/div><\/div><div id=\"cc-m-12572165926\" class=\"j-module n j-text \"><p style=\"text-align: right;\">\u00a0 \u00a0\u00a0<a class=\"j-calltoaction-link j-calltoaction-link-style-2\" style=\"font-size: 16px; background-color: #ffcc00; border-width: 2px; border-color: #ffcc00; color: #ffffff; user-select: text; padding: 10px 20px; line-height: 1.5; border-radius: 0px; -webkit-appearance: none; margin: 1em 0px;\" title=\"Tag No. 5 - Punta Skala\" href=\"\/2019\/08\/11\/tag-no-5-punta-skala\/\" data-action=\"button\" data-title=\"Sunny Side Up\">Sunny Side Up\u00a0 \u00a0\u00a0<\/a><span style=\"text-align: right;\">\u00a0<\/span><\/p><p style=\"text-align: right;\"><a class=\"j-calltoaction-link j-calltoaction-link-style-2\" style=\"background-color: #ffcc00; border-width: 2px; border-color: #ffcc00; color: #ffffff; user-select: text; padding: 10px 20px; font-size: 16px; line-height: 1.5; border-radius: 0px; -webkit-appearance: none; margin: 1em 0px;\" title=\"Tag No. 2 und 3 - Die Balkanroute\" href=\"\/2019\/08\/09\/tag-no-2-und-3-die-balkanroute\/\" data-action=\"button\" data-title=\"Sunny Side Down\"> Sunny Side Down\u00a0 \u00a0\u00a0<\/a><\/p><p>\u00a0<\/p><\/div><\/div><\/div><div class=\"j-module n j-text j-blog-post--tags-wrapper\"><span class=\"j-blog-post--tags--template\" style=\"display: none;\"><a class=\"j-blog-post--tag\" href=\"https:\/\/www.gluecksmuskel.de\/hectors-reisen\/?tag=tagPlaceholder\">tagPlaceholder<\/a><\/span><span class=\"j-blog-post--tags-label\" style=\"display: none;\">Tags:<\/span><\/div><div class=\"n j-comment\"><div id=\"commentsModule12538017626\"><p id=\"skiptoform12538017626\" class=\"skiptoform\"><a href=\"#\" data-id=\"12538017626\" data-action=\"goToForm\">Kommentar schreiben<\/a><\/p><div id=\"numComments12538017626\" class=\"j-blog-comment-counter\">Kommentare: <i class=\"cc-comments-count\">0<\/i><\/div><ul id=\"commentOutput12538017626\" class=\"com-list-noava\"><li id=\"commentFormContainer12538017626\" class=\"commentstd clearover\"><strong class=\"number\">#1<\/strong><br \/><div class=\"com-meta\">\u00a0<\/div><p><a name=\"commentForm12538017626\"><\/a><\/p><div class=\"commententry cc-com-entry\"><form id=\"commentform12538017626\" action=\"\" enctype=\"application\/x-www-form-urlencoded\" method=\"post\"><div><label class=\"required\" for=\"name12538017626\">Name: *<\/label><br \/><input id=\"name12538017626\" class=\"single\" name=\"name\" type=\"text\" value=\"\" \/><\/div><div><label class=\"required\" for=\"comment12538017626\">Eintrag: *<\/label><br \/><textarea id=\"comment12538017626\" cols=\"80\" name=\"comment\" rows=\"6\"><\/textarea><\/div><div><label class=\"required\" for=\"privacyPolicy12538017626\">Es gilt die <a href=\"\/j\/privacy\" target=\"_blank\" rel=\"noopener noreferrer\">Datenschutzerkl\u00e4rung<\/a>. *<\/label><br \/><input name=\"privacyPolicy\" type=\"hidden\" value=\"0\" \/><input id=\"privacyPolicy12538017626\" name=\"privacyPolicy\" type=\"checkbox\" value=\"1\" \/><\/div><div><input id=\"submit12538017626\" name=\"Senden\" type=\"submit\" value=\"Senden\" \/><\/div><dl class=\"zend_form\"><dt id=\"mandFields-label\"><\/dt><\/dl><div style=\"margin-top: 4px;\">* Pflichtfelder<\/div><\/form><\/div><div class=\"c\">\u00a0<\/div><\/li><\/ul><div id=\"commentError12538017626\" class=\"message-error\" style=\"display: none;\">\u00a0<\/div><div id=\"commentSuccess12538017626\" class=\"message-ok\" style=\"display: none;\">\u00a0<\/div><\/div><p><script>\/\/ <![CDATA[ window.regModule(\"module_comment\", {\"data\":{\"id\":\"12538017626\",\"closed\":\"0\",\"captcha\":\"35fe556e98fb20033f3a680c2ecac0b2\",\"avatar\":false,\"lang\":{\"comment\":\"Kommentar\",\"comments\":\"Kommentare\"}}}); \/\/ ]]> <\/script><\/p><\/div><\/article><p>\u00a0<\/p>","_et_gb_content_width":"","footnotes":""},"categories":[11],"tags":[],"class_list":["post-2117","post","type-post","status-publish","format-standard","has-post-thumbnail","hentry","category-kroatien"],"_links":{"self":[{"href":"https:\/\/www.planbwagen.de\/en\/wp-json\/wp\/v2\/posts\/2117","targetHints":{"allow":["GET"]}}],"collection":[{"href":"https:\/\/www.planbwagen.de\/en\/wp-json\/wp\/v2\/posts"}],"about":[{"href":"https:\/\/www.planbwagen.de\/en\/wp-json\/wp\/v2\/types\/post"}],"author":[{"embeddable":true,"href":"https:\/\/www.planbwagen.de\/en\/wp-json\/wp\/v2\/users\/1"}],"replies":[{"embeddable":true,"href":"https:\/\/www.planbwagen.de\/en\/wp-json\/wp\/v2\/comments?post=2117"}],"version-history":[{"count":9,"href":"https:\/\/www.planbwagen.de\/en\/wp-json\/wp\/v2\/posts\/2117\/revisions"}],"predecessor-version":[{"id":8714,"href":"https:\/\/www.planbwagen.de\/en\/wp-json\/wp\/v2\/posts\/2117\/revisions\/8714"}],"wp:featuredmedia":[{"embeddable":true,"href":"https:\/\/www.planbwagen.de\/en\/wp-json\/wp\/v2\/media\/3669"}],"wp:attachment":[{"href":"https:\/\/www.planbwagen.de\/en\/wp-json\/wp\/v2\/media?parent=2117"}],"wp:term":[{"taxonomy":"category","embeddable":true,"href":"https:\/\/www.planbwagen.de\/en\/wp-json\/wp\/v2\/categories?post=2117"},{"taxonomy":"post_tag","embeddable":true,"href":"https:\/\/www.planbwagen.de\/en\/wp-json\/wp\/v2\/tags?post=2117"}],"curies":[{"name":"wp","href":"https:\/\/api.w.org\/{rel}","templated":true}]}}