{"id":1400,"date":"2019-12-01T19:22:12","date_gmt":"2019-12-01T19:22:12","guid":{"rendered":""},"modified":"2020-09-15T08:12:47","modified_gmt":"2020-09-15T08:12:47","slug":"tag-no-88-advent-advent-ein-lichtlein-brennt","status":"publish","type":"post","link":"https:\/\/www.planbwagen.de\/en\/portugal\/day-no-88-advent-advent-a-little-light-is-burning\/","title":{"rendered":"Day No. 88 - Advent, Advent a little light burns..."},"content":{"rendered":"<p>[et_pb_section fb_built=&#8220;1&#8243; _builder_version=&#8220;3.22&#8243;][et_pb_row _builder_version=&#8220;4.5.1&#8243; _module_preset=&#8220;default&#8220;][et_pb_column _builder_version=&#8220;4.5.1&#8243; _module_preset=&#8220;default&#8220; type=&#8220;4_4&#8243;][et_pb_text _builder_version=&#8220;4.5.1&#8243; _module_preset=&#8220;default&#8220; hover_enabled=&#8220;0&#8243;]<\/p>\n<div id=\"cc-m-12558478926\" class=\"j-module n j-text\">\n<p style=\"text-align: center;\"><em><span style=\"font-size: 18px;\">&#8222;&#8230;Erst eins, dann zwei,<br \/><\/span><\/em><em><span style=\"font-size: 18px;\">then three, then four,<br \/><\/span><\/em><em><span style=\"font-size: 18px;\">dann steht das Christkind vor der T\u00fcr.&#8220;<\/span><\/em><\/p>\n<p style=\"text-align: center;\">\n<\/div>\n<div id=\"cc-m-12558576926\" class=\"j-module n j-text\">\n<p>Now it begins again, the oh so contemplative Christmas time. - Do you all get such nice digital advent calendars now, too? Here is an example:<\/p>\n<p>&#8222;&#8230;heute ist der 1. Advent, und f\u00fcr die Weihnachtszeit haben wir uns etwas ganz Besonderes \u00fcberlegt: ihren pers\u00f6nlichen\u00a0XXXX &amp; Team Adventskalender.<\/p>\n<p>Jede Woche p\u00fcnktlich zum Advent bekommen Sie von uns spannende und aktuelle Inhalte zu den wichtigsten F\u00fchrungs- und Vertriebsthemen, alles um Sie erfolgreicher in Ihrem Business zu machen&#8230;&#8220;<\/p>\n<p>&nbsp;<\/p>\n<p>Ich bin dann mal weg. \ud83d\ude09 &#8211; Wir haben da ganz andere Themen.<\/p>\n<\/div>\n<p>[\/et_pb_text][et_pb_image src=&#8220;https:\/\/www.planbwagen.de\/wp-content\/uploads\/2020\/09\/1-125.jpg&#8220; _builder_version=&#8220;4.5.1&#8243; _module_preset=&#8220;default&#8220; title_text=&#8220;1&#8243; hover_enabled=&#8220;0&#8243;][\/et_pb_image][et_pb_text _builder_version=&#8220;4.5.1&#8243; _module_preset=&#8220;default&#8220; hover_enabled=&#8220;0&#8243;]<\/p>\n<p>Dogs barking wakes us up in the morning. Dogs seem to be omnipresent in Portugal. Dog barking is carried from yard to yard as a warning. The whole thing reminds me a little of primitive peoples, where they still drum. Here in civilization they bark. - So out of the feathers and under the cold shower. At least that's what we think. But today it is wonderfully warm. Luxury! Thanks Rafael!<\/p>\n<p>I first park Hector on his original parking space. Connecting the electricity, changing the gas bottle, these are the topics of this morning. Until the gas bottle is changed, we bum a coffee in the neighborhood. That's how we get into conversation with Vincent, a Frenchman.<\/p>\n<p>Vincent was an entrepreneur in France. He had achieved in his life all that we always dreamed of. Big house by the sea, several cars in the garage ... But one thing he did not achieve, satisfaction. For all that was important to him, he slaved like a dog, according to him. Still, he would have sat unhappy on his couch. But one day he would have remembered the words of his parents.<\/p>\n<p>Vincent ist 54 Jahre, seine Eltern stammen aus der Hippie \u00c4ra. Diese sind damals mit einem alten Bully durch die Gegend gefahren. Kennt ihr noch diesen alten &#8222;Atomkraft-Nein danke&#8220; Aufkleber? So einen h\u00e4tten sie darauf gehabt. Seine Eltern haben Vincent erkl\u00e4rt, dass Gl\u00fcck keine Sache des Geldes w\u00e4re. Aber reisen w\u00e4re gl\u00fccksf\u00f6rdernd.<\/p>\n<p>As a result, Vincent sold his company, his house, his cars, everything. He spent more than three years crisscrossing Europe. Scandinavia, Portugal, Spain, Italy, Greece. Most of the time alone, but he is a man, long alone would be nice, but not always.<\/p>\n<p>Vincent makes a very satisfied, happy impression. Only with today's France, he no longer has it so. This was an exciting conversation on Sunday morning. We now first have breakfast in peace and then we hold siesta, the short trip to Germany was exhausting.<\/p>\n<p>When we wake up, we first sing a birthday serenade to an old confidant.<\/p>\n<p>The picture was taken, two years ago, on her sixtieth birthday.<\/p>\n<p>I love it very much, happiness can be so simple sometimes.<\/p>\n<p>[\/et_pb_text][et_pb_image src=&#8220;https:\/\/www.planbwagen.de\/wp-content\/uploads\/2020\/09\/2-120.jpg&#8220; _builder_version=&#8220;4.5.1&#8243; _module_preset=&#8220;default&#8220; title_text=&#8220;2&#8243; hover_enabled=&#8220;0&#8243;][\/et_pb_image][et_pb_text _builder_version=&#8220;4.5.1&#8243; _module_preset=&#8220;default&#8220; hover_enabled=&#8220;0&#8243;]<\/p>\n<p>But even here in Portugal we are not offline all the time, it's just different issues.<\/p>\n<p>Zur Zeit verfolgen wir eine hei\u00dfe Diskussion zwischen Wintercampern. Eine Frau hat in einer Facebook Gruppe, Wintercamping in Spanien &amp; Portugal, auf einen Post zum Thema &#8222;Bu\u00dfgelder gegen Wildcamper an der portugiesischen K\u00fcste&#8220; reagiert. &#8211; Ihre Frage war, ob es nur die &#8222;wei\u00dfe Ware&#8220; getroffen h\u00e4tte oder auch die bunten Vans. Denn sie h\u00e4tte das Gef\u00fchl, dass nur die teuer wirkenden Camper betroffen seien. Da g\u00e4be es ja was zu holen. &#8211; Die darauf folgende Diskussion offenbart, dass auch in der Camperwelt, nicht eitel Sonnenschein ist. &#8211; Manche sehen das als soziale Gerechtigkeit, andere als Ausbeutung der Reichen. Die Kommentare sind zum Teil lustig, zum Teil erschreckend ernst.<\/p>\n<p>Here on the square, thank God, it is more peaceful. - For tonight, an excursion, several campers, to Faro is on the program. - We are with it, it is yes first Advent. Maybe there is a Christmas market.<\/p>\n<p>[\/et_pb_text][\/et_pb_column][\/et_pb_row][et_pb_row _builder_version=&#8220;4.5.1&#8243; _module_preset=&#8220;default&#8220; column_structure=&#8220;1_3,1_3,1_3&#8243;][et_pb_column _builder_version=&#8220;4.5.1&#8243; _module_preset=&#8220;default&#8220; type=&#8220;1_3&#8243;][et_pb_image src=&#8220;https:\/\/www.planbwagen.de\/wp-content\/uploads\/2020\/09\/3-111.jpg&#8220; _builder_version=&#8220;4.5.1&#8243; _module_preset=&#8220;default&#8220; title_text=&#8220;3&#8243; hover_enabled=&#8220;0&#8243;][\/et_pb_image][\/et_pb_column][et_pb_column _builder_version=&#8220;4.5.1&#8243; _module_preset=&#8220;default&#8220; type=&#8220;1_3&#8243;][et_pb_image src=&#8220;https:\/\/www.planbwagen.de\/wp-content\/uploads\/2020\/09\/4-101.jpg&#8220; _builder_version=&#8220;4.5.1&#8243; _module_preset=&#8220;default&#8220; title_text=&#8220;4&#8243; hover_enabled=&#8220;0&#8243;][\/et_pb_image][\/et_pb_column][et_pb_column _builder_version=&#8220;4.5.1&#8243; _module_preset=&#8220;default&#8220; type=&#8220;1_3&#8243;][et_pb_image src=&#8220;https:\/\/www.planbwagen.de\/wp-content\/uploads\/2020\/09\/5-87.jpg&#8220; _builder_version=&#8220;4.5.1&#8243; _module_preset=&#8220;default&#8220; title_text=&#8220;5&#8243; hover_enabled=&#8220;0&#8243;][\/et_pb_image][\/et_pb_column][\/et_pb_row][et_pb_row _builder_version=&#8220;4.5.1&#8243; _module_preset=&#8220;default&#8220;][et_pb_column _builder_version=&#8220;4.5.1&#8243; _module_preset=&#8220;default&#8220; type=&#8220;4_4&#8243;][et_pb_text _builder_version=&#8220;4.5.1&#8243; _module_preset=&#8220;default&#8220; hover_enabled=&#8220;0&#8243;]<\/p>\n<p>But we are disappointed, there is neither Christmas market, nor roasted almonds, nor mulled wine.<\/p>\n<p>Daf\u00fcr hat irgendjemand einen &#8222;all you can eat&#8220; &#8211; Japaner aufgetan. Torgit und ich m\u00f6gen solche L\u00e4den nicht. Aus unserer Sicht kann die Qualit\u00e4t darunter nur leiden und so war es auch. Nicht grottenschlecht, aber schlecht.<\/p>\n<p>But we discovered a bit of street art during our little stroll through the city. Otherwise, Faro is nice at first sight, but you know that.<\/p>\n<p>[\/et_pb_text][\/et_pb_column][\/et_pb_row][et_pb_row _builder_version=&#8220;4.5.1&#8243; _module_preset=&#8220;default&#8220; column_structure=&#8220;1_3,1_3,1_3&#8243; hover_enabled=&#8220;0&#8243;][et_pb_column _builder_version=&#8220;4.5.1&#8243; _module_preset=&#8220;default&#8220; type=&#8220;1_3&#8243;][et_pb_image src=&#8220;https:\/\/www.planbwagen.de\/wp-content\/uploads\/2020\/09\/6-83.jpg&#8220; _builder_version=&#8220;4.5.1&#8243; _module_preset=&#8220;default&#8220; title_text=&#8220;6&#8243; hover_enabled=&#8220;0&#8243;][\/et_pb_image][\/et_pb_column][et_pb_column _builder_version=&#8220;4.5.1&#8243; _module_preset=&#8220;default&#8220; type=&#8220;1_3&#8243;][et_pb_image src=&#8220;https:\/\/www.planbwagen.de\/wp-content\/uploads\/2020\/09\/7-61.jpg&#8220; _builder_version=&#8220;4.5.1&#8243; _module_preset=&#8220;default&#8220; title_text=&#8220;7&#8243; hover_enabled=&#8220;0&#8243;][\/et_pb_image][\/et_pb_column][et_pb_column _builder_version=&#8220;4.5.1&#8243; _module_preset=&#8220;default&#8220; type=&#8220;1_3&#8243;][et_pb_image src=&#8220;https:\/\/www.planbwagen.de\/wp-content\/uploads\/2020\/09\/8-54.jpg&#8220; _builder_version=&#8220;4.5.1&#8243; _module_preset=&#8220;default&#8220; title_text=&#8220;8&#8243; hover_enabled=&#8220;0&#8243;][\/et_pb_image][\/et_pb_column][\/et_pb_row][\/et_pb_section]<\/p>","protected":false},"excerpt":{"rendered":"<p>[et_pb_section fb_built=&#8220;1&#8243; _builder_version=&#8220;3.22&#8243;][et_pb_row _builder_version=&#8220;4.5.1&#8243; _module_preset=&#8220;default&#8220;][et_pb_column _builder_version=&#8220;4.5.1&#8243; _module_preset=&#8220;default&#8220; type=&#8220;4_4&#8243;][et_pb_text _builder_version=&#8220;4.5.1&#8243; _module_preset=&#8220;default&#8220; hover_enabled=&#8220;0&#8243;] &#8222;&#8230;Erst eins, dann zwei,dann drei, dann vier,dann steht das Christkind vor der T\u00fcr.&#8220; Jetzt beginnt sie wieder, die ach so besinnliche Weihnachtzeit. &#8211; Bekommt Ihr jetzt auch alle so nette digitale Adventskalender? Hier ein Beispiel: &#8222;&#8230;heute ist der 1. Advent, und f\u00fcr die Weihnachtszeit [&hellip;]<\/p>","protected":false},"author":1,"featured_media":3909,"comment_status":"open","ping_status":"open","sticky":false,"template":"","format":"standard","meta":{"_et_pb_use_builder":"on","_et_pb_old_content":"<div id=\"content_start\">\u00a0<\/div><article class=\"j-blog\"><div class=\"n j-blog-meta j-blog-post--header\"><div class=\"j-text j-module n\"><a class=\"j-blog-post--category\" href=\"https:\/\/www.gluecksmuskel.de\/hectors-reisen\/portugal\/\"> Portugal <\/a> \u00a0\u00b7\u00a0 <span class=\"j-text j-blog-post--date\"> 01. Dezember 2019 <\/span><\/div><h1 class=\"j-blog-header j-blog-headline j-blog-post--headline\">Tag No. 88 - Advent, Advent ein Lichtlein brennt...<\/h1><\/div><div class=\"post j-blog-content\"><div id=\"cc-matrix-3603646726\"><div id=\"cc-m-12558478926\" class=\"j-module n j-text \"><p style=\"text-align: center;\"><em><span style=\"font-size: 18px;\">\"...Erst eins, dann zwei,<\/span><\/em><\/p><p style=\"text-align: center;\"><em><span style=\"font-size: 18px;\">dann drei, dann vier,<\/span><\/em><\/p><p style=\"text-align: center;\"><em><span style=\"font-size: 18px;\">dann steht das Christkind vor der T\u00fcr.\"<\/span><\/em><\/p><p style=\"text-align: center;\">\u00a0<\/p><\/div><div id=\"cc-m-12558576926\" class=\"j-module n j-text \"><p>Jetzt beginnt sie wieder, die ach so besinnliche Weihnachtzeit. - Bekommt Ihr jetzt auch alle so nette digitale Adventskalender? Hier ein Beispiel:<\/p><p>\u00a0<\/p><p>\"...heute ist der 1. Advent, und f\u00fcr die Weihnachtszeit haben wir uns etwas ganz Besonderes \u00fcberlegt: ihren pers\u00f6nlichen\u00a0XXXX & Team Adventskalender.<\/p><p>Jede Woche p\u00fcnktlich zum Advent bekommen Sie von uns spannende und aktuelle Inhalte zu den wichtigsten F\u00fchrungs- und Vertriebsthemen, alles um Sie erfolgreicher in Ihrem Business zu machen...\"<\/p><p>\u00a0<\/p><p>\u00a0<\/p><p>Ich bin dann mal weg. ;-) - Wir haben da ganz andere Themen.<\/p><p>\u00a0<\/p><\/div><div id=\"cc-m-12558576426\" class=\"j-module n j-imageSubtitle \"><figure class=\"cc-imagewrapper cc-m-image-align-3\"><img id=\"cc-m-imagesubtitle-image-12558576426\" class=\"\" src=\"https:\/\/planbwagen.de\/wp-content\/uploads\/2020\/07\/image-9-8-5-8.jpg\" sizes=\"(min-width: 599px) 599px, 100vw\" alt=\"\" data-src-width=\"3024\" data-src-height=\"4032\" data-src=\"https:\/\/planbwagen.de\/wp-content\/uploads\/2020\/07\/image-9-8-5-8.jpg\" data-image-id=\"8115741226\" data-pfsrc=\"https:\/\/planbwagen.de\/wp-content\/uploads\/2020\/07\/image-9-8-5-8.jpg\" \/><\/figure><div class=\"cc-clear\">\u00a0<\/div><\/div><div id=\"cc-m-12558576026\" class=\"j-module n j-text \"><p>\u00a0<\/p><p>Morgens weckt uns Hunde Gebell. Hunde scheinen in Portugal allgegenw\u00e4rtig. Hundegebell wird als Warnung von Hof zu Hof getragen. Das ganze erinnert mich ein wenig an Naturv\u00f6lker, bei denen noch getrommelt wird. Hier in der Zivilisation wird halt gebellt. - Also raus aus den Federn und unter die kalte Dusche. Zu mindestens denken wir das. Doch diese ist heute herrlich warm. Luxus! Danke Rafael!<\/p><p>\u00a0<\/p><p>Ich parke erst mal Hector auf seinen urspr\u00fcnglichen Stellplatz um. Strom anklemmen, Gasflasche wechseln, das sind die Themen des heutigen Morgens. Bis die Gasflasche gewechselt ist, schnorren wir uns schon einmal einen Kaffee in der Nachbarschaft. So kommen wir mit Vincent, einem Franzosen, ins Gespr\u00e4ch.<\/p><p>\u00a0<\/p><p>Vincent war Unternehmer in Frankreich. Er hatte all das in seinem Leben erreicht, von dem wir immer getr\u00e4umt haben. Gro\u00dfes Haus am Meer, mehrere Autos in der Garage \u2026 Doch eines hat er nicht erreicht, Zufriedenheit. F\u00fcr all das, was ihm wichtig war, hat er geschuftet wie ein Hund, so seine Worte. Dennoch h\u00e4tte er ungl\u00fccklich auf seiner Couch gesessen. Doch eines Tages h\u00e4tte er sich an die Worte seiner Eltern erinnert.<\/p><p>\u00a0<\/p><p>Vincent ist 54 Jahre, seine Eltern stammen aus der Hippie \u00c4ra. Diese sind damals mit einem alten Bully durch die Gegend gefahren. Kennt ihr noch diesen alten \"Atomkraft-Nein danke\" Aufkleber? So einen h\u00e4tten sie darauf gehabt. Seine Eltern haben Vincent erkl\u00e4rt, dass Gl\u00fcck keine Sache des Geldes w\u00e4re. Aber reisen w\u00e4re gl\u00fccksf\u00f6rdernd.<\/p><p>\u00a0<\/p><p>Daraufhin hat Vincent sein Unternehmen verkauft, sein Haus, seine Autos, einfach alles. Hat \u00fcber drei Jahren Europa kreuz und quer erkundet. Skandinavien, Portugal, Spanien, Italien, Griechenland. Die meiste Zeit allein, doch er ist ja ein Mann, lange allein w\u00e4re sch\u00f6n, doch nicht immer.<\/p><p>\u00a0<\/p><p>Vincent macht einen sehr zufriedenen, gl\u00fccklichen Eindruck. Nur mit dem heutigen Frankreich, hat er es nicht mehr so. Dies war ein spannendes Gespr\u00e4ch am Sonntag morgen. Wir fr\u00fchst\u00fccken jetzt erst mal in Ruhe und dann\u00a0halten wir\u00a0Siesta, der Kurztrip nach Deutschland war anstrengend.<\/p><p>\u00a0<\/p><p>Als wir aufwachen singen\u00a0wir erst einmal, einer alten Vertrauten, ein Geburtstagsst\u00e4ndchen.<\/p><p>Das Bild ist, vor zwei Jahren, auf ihrem sechzigsten Geburtstag entstanden.<\/p><p>Ich liebe es sehr, Gl\u00fcck kann manchmal so einfach sein.<\/p><p>\u00a0<\/p><\/div><div id=\"cc-m-12558689526\" class=\"j-module n j-imageSubtitle \"><figure class=\"cc-imagewrapper cc-m-image-align-3\"><img id=\"cc-m-imagesubtitle-image-12558689526\" class=\"\" src=\"https:\/\/planbwagen.de\/wp-content\/uploads\/2020\/07\/image-8-9-7-8.jpg\" sizes=\"(min-width: 400px) 400px, 100vw\" alt=\"\" data-src-width=\"400\" data-src-height=\"720\" data-src=\"https:\/\/planbwagen.de\/wp-content\/uploads\/2020\/07\/image-8-9-7-8.jpg\" data-image-id=\"8115836926\" data-pfsrc=\"https:\/\/planbwagen.de\/wp-content\/uploads\/2020\/07\/image-8-9-7-8.jpg\" \/><\/figure><div class=\"cc-clear\">\u00a0<\/div><\/div><div id=\"cc-m-12558686926\" class=\"j-module n j-text \"><p>\u00a0<\/p><p>Doch auch hier in Portugal sind wir nicht st\u00e4ndig offline, es sind halt nur andere Themen.<\/p><p>Zur Zeit verfolgen wir eine hei\u00dfe Diskussion zwischen Wintercampern. Eine Frau hat in einer Facebook Gruppe, Wintercamping in Spanien & Portugal, auf einen Post zum Thema \"Bu\u00dfgelder gegen Wildcamper an der portugiesischen K\u00fcste\" reagiert. - Ihre Frage war, ob es nur die \"wei\u00dfe Ware\" getroffen h\u00e4tte oder auch die bunten Vans. Denn sie h\u00e4tte das Gef\u00fchl, dass nur die teuer wirkenden Camper betroffen seien. Da g\u00e4be es ja was zu holen. - Die darauf folgende Diskussion offenbart, dass auch in der Camperwelt, nicht eitel Sonnenschein ist. - Manche sehen das als soziale Gerechtigkeit, andere als Ausbeutung der Reichen. Die Kommentare sind zum Teil lustig, zum Teil erschreckend ernst.<\/p><p>\u00a0<\/p><p>Hier auf dem Platz geht es Gott sei Dank friedlicher zu. - F\u00fcr heute Abend steht eine Exkursion, mehrere Camper, nach Faro auf dem Programm. - Wir sind mit dabei, es ist ja erster Advent. Vielleicht gibt es ja einen Weihnachtsmarkt.<\/p><p>\u00a0<\/p><\/div><div id=\"cc-m-12558578326\" class=\"j-module n j-gallery \"><div id=\"cc-m-gallery-12558578326\" class=\"cc-m-gallery-container cc-m-gallery-cool clearover\"><div id=\"gallery_thumb_8115742426\" class=\"cc-m-gallery-cool-item\"><div><a rel=\"lightbox[12558578326]\" data-href=\"https:\/\/planbwagen.de\/wp-content\/uploads\/attachments\/image.jpg\" data-title=\"\" data-index=\"0\"> <img style=\"height: 176px; width: 132px; margin-bottom: 3px; margin-right: 3px;\" src=\"https:\/\/planbwagen.de\/wp-content\/uploads\/2020\/07\/image-8-8-6.jpg\" alt=\"\" data-orig-width=\"1536\" data-orig-height=\"2048\" \/> <\/a><\/div><\/div><div id=\"gallery_thumb_8115743026\" class=\"cc-m-gallery-cool-item\"><div><a rel=\"lightbox[12558578326]\" data-href=\"https:\/\/planbwagen.de\/wp-content\/uploads\/attachments\/image.jpg\" data-title=\"\" data-index=\"1\"> <img style=\"height: 176px; width: 235px; margin-bottom: 3px;\" src=\"https:\/\/planbwagen.de\/wp-content\/uploads\/2020\/07\/image-0-4-0.jpg\" alt=\"\" data-orig-width=\"2048\" data-orig-height=\"1536\" \/> <\/a><\/div><\/div><div id=\"gallery_thumb_8115743226\" class=\"cc-m-gallery-cool-item\"><div><a rel=\"lightbox[12558578326]\" data-href=\"https:\/\/planbwagen.de\/wp-content\/uploads\/attachments\/image.jpg\" data-title=\"\" data-index=\"2\"> <img style=\"height: 176px; width: 132px; margin-bottom: 3px;\" src=\"https:\/\/planbwagen.de\/wp-content\/uploads\/2020\/07\/image-0-5-5.jpg\" alt=\"\" data-orig-width=\"1536\" data-orig-height=\"2048\" \/> <\/a><\/div><\/div><\/div><\/div><div id=\"cc-m-12558578126\" class=\"j-module n j-text \"><p>\u00a0<\/p><p>Doch wir werden entt\u00e4uscht, es gibt weder Weihnachtsmarkt, noch gebratene Mandeln, noch Gl\u00fchwein.<\/p><p>Daf\u00fcr hat irgendjemand einen \"all you can eat\" - Japaner aufgetan.\u00a0Torgit und ich m\u00f6gen\u00a0solche L\u00e4den nicht. Aus\u00a0unserer Sicht kann die Qualit\u00e4t darunter nur leiden und so war es auch. Nicht grottenschlecht, aber schlecht.<\/p><p>\u00a0<\/p><p>Daf\u00fcr haben wir bei unserem kleinen Stadtbummel noch ein bisschen Street Art entdeckt. Auch ansonsten ist Faro auf den ersten Blick nett, aber ihr kennt das ja.<\/p><p>\u00a0<\/p><\/div><div id=\"cc-m-12558577626\" class=\"j-module n j-gallery \"><div id=\"cc-m-gallery-12558577626\" class=\"cc-m-gallery-container cc-m-gallery-cool clearover\"><div id=\"gallery_thumb_8115742126\" class=\"cc-m-gallery-cool-item\"><div><a rel=\"lightbox[12558577626]\" data-href=\"https:\/\/planbwagen.de\/wp-content\/uploads\/attachments\/image.jpg\" data-title=\"\" data-index=\"0\"> <img style=\"height: 277px; width: 370px; margin-bottom: 3px;\" src=\"https:\/\/planbwagen.de\/wp-content\/uploads\/2020\/07\/image-5-6-5-0.jpg\" alt=\"\" data-orig-width=\"2048\" data-orig-height=\"1536\" \/> <\/a><\/div><\/div><div id=\"gallery_thumb_8115742226\" class=\"cc-m-gallery-cool-item\"><div><a rel=\"lightbox[12558577626]\" data-href=\"https:\/\/planbwagen.de\/wp-content\/uploads\/attachments\/image.jpg\" data-title=\"\" data-index=\"1\"> <img style=\"height: 176px; width: 132px; margin-bottom: 3px; margin-right: 3px;\" src=\"https:\/\/planbwagen.de\/wp-content\/uploads\/2020\/07\/image-4-0-9-0.jpg\" alt=\"\" data-orig-width=\"1536\" data-orig-height=\"2048\" \/> <\/a><\/div><\/div><div id=\"gallery_thumb_8115741926\" class=\"cc-m-gallery-cool-item\"><div><a rel=\"lightbox[12558577626]\" data-href=\"https:\/\/planbwagen.de\/wp-content\/uploads\/attachments\/image.jpg\" data-title=\"\" data-index=\"2\"> <img style=\"height: 176px; width: 235px; margin-bottom: 3px;\" src=\"https:\/\/planbwagen.de\/wp-content\/uploads\/2020\/07\/image-5-1-8-1.jpg\" alt=\"\" data-orig-width=\"2048\" data-orig-height=\"1536\" \/> <\/a><\/div><\/div><\/div><\/div><div id=\"cc-m-12558577326\" class=\"j-module n j-text \"><p style=\"text-align: center;\"><em><span style=\"font-size: 18px;\">\"Und wenn das f\u00fcnfte Lichtlein brennt,<\/span><\/em><\/p><p>\u00a0<\/p><p style=\"text-align: center;\">\u00a0<em><span style=\"font-size: 18px;\">dann hast du Weihnachten verpennt!\"<\/span><\/em><\/p><\/div><div id=\"cc-m-12572894326\" class=\"j-module n j-text \"><p style=\"text-align: right;\"><a class=\"j-calltoaction-link j-calltoaction-link-style-2\" style=\"font-size: 16px; background-color: #ffcc00; border-width: 2px; border-color: #ffcc00; color: #ffffff; user-select: text; padding: 10px 20px; line-height: 1.5; border-radius: 0px; -webkit-appearance: none; margin: 1em 0px;\" title=\"Tag No. 89 - Auf- und Umr\u00e4umen\" href=\"\/2019\/12\/02\/tag-no-89-auf-und-umr%C3%A4umen\/\" data-action=\"button\" data-title=\"Sunny Side Up\"> Sunny Side Up\u00a0 \u00a0\u00a0<\/a><\/p><p style=\"text-align: right;\"><a class=\"j-calltoaction-link j-calltoaction-link-style-2\" style=\"background-color: #ffcc00; border-width: 2px; border-color: #ffcc00; color: #ffffff; user-select: text; padding: 10px 20px; font-size: 16px; line-height: 1.5; border-radius: 0px; -webkit-appearance: none; margin: 1em 0px;\" title=\"Tag No. 87 - Wind Nord-Ost, Startbahn null-drei...\" href=\"\/2019\/11\/30\/tag-no-87-wind-nord-ost-startbahn-null-drei\/\" data-action=\"button\" data-title=\"Sunny Side Down\"> Sunny Side Down\u00a0 \u00a0\u00a0<\/a><\/p><\/div><\/div><\/div><div class=\"j-module n j-text j-blog-post--tags-wrapper\"><span class=\"j-blog-post--tags--template\" style=\"display: none;\"><a class=\"j-blog-post--tag\" href=\"https:\/\/www.gluecksmuskel.de\/hectors-reisen\/?tag=tagPlaceholder\">tagPlaceholder<\/a><\/span><span class=\"j-blog-post--tags-label\" style=\"display: none;\">Tags:<\/span><\/div><div class=\"n j-comment\"><div id=\"commentsModule12558478526\"><p id=\"skiptoform12558478526\" class=\"skiptoform\"><a href=\"#\" data-id=\"12558478526\" data-action=\"goToForm\">Kommentar schreiben<\/a><\/p><div id=\"numComments12558478526\" class=\"j-blog-comment-counter\">Kommentare: <i class=\"cc-comments-count\">0<\/i><\/div><ul id=\"commentOutput12558478526\" class=\"com-list-noava\"><li id=\"commentFormContainer12558478526\" class=\"commentstd clearover cc-m-comment-loading\"><a name=\"commentForm12558478526\"><\/a><\/li><\/ul><div id=\"commentError12558478526\" class=\"message-error\" style=\"display: none;\">\u00a0<\/div><div id=\"commentSuccess12558478526\" class=\"message-ok\" style=\"display: none;\">\u00a0<\/div><\/div><p><script>\/\/ <![CDATA[ window.regModule(\"module_comment\", {\"data\":{\"id\":\"12558478526\",\"closed\":\"0\",\"captcha\":\"f0bb05ef2688a8429bebc7539fdd0bbf\",\"avatar\":false,\"lang\":{\"comment\":\"Kommentar\",\"comments\":\"Kommentare\"}}}); \/\/ ]]> <\/script><\/p><\/div><\/article>","_et_gb_content_width":"","footnotes":""},"categories":[8],"tags":[],"class_list":["post-1400","post","type-post","status-publish","format-standard","has-post-thumbnail","hentry","category-portugal"],"_links":{"self":[{"href":"https:\/\/www.planbwagen.de\/en\/wp-json\/wp\/v2\/posts\/1400","targetHints":{"allow":["GET"]}}],"collection":[{"href":"https:\/\/www.planbwagen.de\/en\/wp-json\/wp\/v2\/posts"}],"about":[{"href":"https:\/\/www.planbwagen.de\/en\/wp-json\/wp\/v2\/types\/post"}],"author":[{"embeddable":true,"href":"https:\/\/www.planbwagen.de\/en\/wp-json\/wp\/v2\/users\/1"}],"replies":[{"embeddable":true,"href":"https:\/\/www.planbwagen.de\/en\/wp-json\/wp\/v2\/comments?post=1400"}],"version-history":[{"count":7,"href":"https:\/\/www.planbwagen.de\/en\/wp-json\/wp\/v2\/posts\/1400\/revisions"}],"predecessor-version":[{"id":7794,"href":"https:\/\/www.planbwagen.de\/en\/wp-json\/wp\/v2\/posts\/1400\/revisions\/7794"}],"wp:featuredmedia":[{"embeddable":true,"href":"https:\/\/www.planbwagen.de\/en\/wp-json\/wp\/v2\/media\/3909"}],"wp:attachment":[{"href":"https:\/\/www.planbwagen.de\/en\/wp-json\/wp\/v2\/media?parent=1400"}],"wp:term":[{"taxonomy":"category","embeddable":true,"href":"https:\/\/www.planbwagen.de\/en\/wp-json\/wp\/v2\/categories?post=1400"},{"taxonomy":"post_tag","embeddable":true,"href":"https:\/\/www.planbwagen.de\/en\/wp-json\/wp\/v2\/tags?post=1400"}],"curies":[{"name":"wp","href":"https:\/\/api.w.org\/{rel}","templated":true}]}}