{"id":1043,"date":"2020-01-16T19:21:49","date_gmt":"2020-01-16T19:21:49","guid":{"rendered":""},"modified":"2021-07-03T20:00:37","modified_gmt":"2021-07-03T18:00:37","slug":"tag-no-134-tarifa-36-00-07-4-n-5-36-35-2-w-wie-wendepunkt","status":"publish","type":"post","link":"https:\/\/www.planbwagen.de\/en\/spain\/tag-no-134-tarifa-36-00-07-4-n-5-36-35-2-w-as-turning-point\/","title":{"rendered":"Day No. 134 - Tarifa - 36\u00b000'07.4\u2033N 5\u00b036'35.2\u2033W - like turning point"},"content":{"rendered":"<p>[et_pb_section fb_built=&#8220;1&#8243; _builder_version=&#8220;3.22&#8243;][et_pb_row _builder_version=&#8220;4.5.1&#8243; _module_preset=&#8220;default&#8220;][et_pb_column type=&#8220;4_4&#8243; _builder_version=&#8220;4.5.1&#8243; _module_preset=&#8220;default&#8220;][et_pb_text _builder_version=&#8220;4.5.1&#8243; _module_preset=&#8220;default&#8220;]<\/p>\n<p>When I wake up this morning and look at my cell phone, I see that it's already half past seven. But I also see a harsh comment from a reader of our blog. - But more on that later, because I need a coffee first. - When we look out of the bus shortly afterwards, cup in hand, it's much more colorful than yesterday. Our two Austrian girls and previous neighbors are on their way to Morocco. - Two young, sporty, not too ugly girls, alone in a VW bus through Morocco? - I think that's a daring idea. I have all the more respect for the courage. - So let's keep our fingers crossed that everything goes well. - Sebastian's old Ford Transit from Germany has now been left behind. - He's sleeping in today - he deserves it, the boys spent a long time climbing yesterday.<\/p>\n<p>Later, two of the boys also make their way towards the ferry. So once again it's time to say goodbye. - I always find it enriching to get to know and appreciate new people with new ideas and new hobbies. We find that we have much faster and more intensive contacts on the road. In my previous job, I had to deal with different people every day. - But here we learn to assess people even more quickly. - As always in life, there are such and such. - What we also learn on this tour is to say goodbye.<\/p>\n<p>It's time for us to leave the mountain too. We want to make a detour to Tarifa today. As soon as we reach the valley, we see a long sandy beach to our right - are we mistaken, or are there campers there? - Without further ado, we decide to stop and explore the area as a possible pitch for the night. - There is indeed a camper and behind it a large bus, which has apparently also been converted into a motorhome. - Suddenly I see another old Mercedes bus behind it. The color combination looks familiar. And as it turns out, this is Pascal, whom we met a few weeks ago on the 70th day of our trip in Portugal, near Aljezur to be precise. Shortly afterwards, or rather nine days later, we met him again at Praia do Burgau, near Lagos. Coincidence? - But all good things come in threes, so we meet him for a third time today, 64 days after we first met and almost 500 kilometers further south. - So it's not just a question of saying goodbye, but also of welcoming him back.<\/p>\n<p>[\/et_pb_text][\/et_pb_column][\/et_pb_row][et_pb_row column_structure=&#8220;1_3,1_3,1_3&#8243; _builder_version=&#8220;4.5.1&#8243; _module_preset=&#8220;default&#8220;][et_pb_column type=&#8220;1_3&#8243; _builder_version=&#8220;4.5.1&#8243; _module_preset=&#8220;default&#8220;][et_pb_image src=&#8220;https:\/\/www.planbwagen.de\/wp-content\/uploads\/2020\/09\/1-111.jpg&#8220; title_text=&#8220;1&#8243; _builder_version=&#8220;4.5.1&#8243; _module_preset=&#8220;default&#8220;][\/et_pb_image][\/et_pb_column][et_pb_column type=&#8220;1_3&#8243; _builder_version=&#8220;4.5.1&#8243; _module_preset=&#8220;default&#8220;][et_pb_image src=&#8220;https:\/\/www.planbwagen.de\/wp-content\/uploads\/2020\/09\/2-104.jpg&#8220; title_text=&#8220;2&#8243; _builder_version=&#8220;4.5.1&#8243; _module_preset=&#8220;default&#8220;][\/et_pb_image][\/et_pb_column][et_pb_column type=&#8220;1_3&#8243; _builder_version=&#8220;4.5.1&#8243; _module_preset=&#8220;default&#8220;][et_pb_image src=&#8220;https:\/\/www.planbwagen.de\/wp-content\/uploads\/2020\/09\/3-99.jpg&#8220; title_text=&#8220;3&#8243; _builder_version=&#8220;4.5.1&#8243; _module_preset=&#8220;default&#8220;][\/et_pb_image][\/et_pb_column][\/et_pb_row][et_pb_row _builder_version=&#8220;4.5.1&#8243; _module_preset=&#8220;default&#8220;][et_pb_column type=&#8220;4_4&#8243; _builder_version=&#8220;4.5.1&#8243; _module_preset=&#8220;default&#8220;][et_pb_text _builder_version=&#8220;4.5.1&#8243; _module_preset=&#8220;default&#8220;]<\/p>\n<p>We make an appointment for later and drive to Tarifa - first we have to explore a new supermarket. Otherwise our breakfast would be in bad shape. - On the way, we discover the first street art. No. 1 by Axel Void, who was born to a Haitian mother and a Spanish father, grew up in Spain and studied fine arts in C\u00e1diz. He lived in Berlin until he moved to Miami in 2013. - No. 2 by Vincent Abadie Hafez - ZEPHA _ No. 3 Abdellatif Moustad.<\/p>\n<p>We are totally impressed by his work. - A few minutes after our shopping trip, we sit on a wall on the beach and not only have a hearty breakfast, but also have a chance to talk about these pictures.<\/p>\n<p>What is the most important destination in Tarifa? Of course, the Isla de Tarifa. From here, Africa seems close enough to touch. In fact, it is just 15 kilometers away. But the crucial thing is that this is where the border between the Atlantic and the Mediterranean runs.<\/p>\n<p>&nbsp;<\/p>\n<p>[\/et_pb_text][\/et_pb_column][\/et_pb_row][et_pb_row _builder_version=&#8220;4.5.1&#8243; _module_preset=&#8220;default&#8220;][et_pb_column _builder_version=&#8220;4.5.1&#8243; _module_preset=&#8220;default&#8220; type=&#8220;4_4&#8243;][et_pb_image src=&#8220;https:\/\/www.planbwagen.de\/wp-content\/uploads\/2021\/06\/Southernmost-Point-of-Continental-Europe-Tarifa-2020-Andalusien-Ca\u0301diz-1024&#215;576.png&#8220; _builder_version=&#8220;4.5.1&#8243; _module_preset=&#8220;default&#8220; alt=&#8220;Southernmost Point of Continental Europe, Tarifa, Andalusien, C\u00e1diz&#8220; title_text=&#8220;Southernmost Point of Continental Europe, Tarifa 2020, Andalusien, Ca\u0301diz&#8220; url=&#8220<div class=\"ikn-evt-container\">\r\n    <iframe\r\n            width=\"100%\"\r\n            class=\"ikn-evt-iframe\"\r\n            srcdoc=\"<style>\n    * {\n    padding:0;\n    margin:0;\n    overflow:hidden\n}\n\nhtml, body {\n    height:100%\n}\n\n.ikn-evt-container {\n    position: relative;\n    padding-bottom: 56.25%;\n    height: 0;\n}\n\n.ikn-evt-container iframe {\n    position: absolute;\n    top: 0;\n    left: 0;\n    width: 100%;\n    height: 100%;\n}\n\n.ikn-evt-frame {\n    display: block;\n    position: relative;\n    padding-bottom: 56.23%;\n    height: 0;\n    overflow: hidden;\n    max-width: 100%;\n    background: #000;\n}\n\n.ikn-evt-frame img.ikn-evt-thumbnail {\n    bottom: 0;\n    display: block;\n    left: 0;\n    margin: auto;\n    max-width: 100%;\n    width: 100%;\n    position: absolute;\n    right: 0;\n    top: 0;\n    border: none;\n    height: auto;\n    cursor: pointer;\n    -webkit-transition: .4s all;\n    -moz-transition: .4s all;\n    transition: .4s all;\n}\n\n.ikn-evt-frame[data-source=youtube] img.ikn-evt-thumbnail {\n    top: -63px;\n    bottom: -63px;\n}\n\n.ikn-evt-frame:hover img.ikn-evt-thumbnail {\n    -webkit-filter: brightness(75%);\n}\n\n.ikn-evt-frame .ikn-evt-play-button {\n    height: 20%;\n    width: 13%;\n    left: 44%;\n    top: 42%;\n    position: absolute;\n    cursor: pointer;\n    z-index: 1;\n    background-size: contain !important;\n}\n\n.ikn-evt-frame .ikn-evt-heading {\n    width: 100%;\n    position: absolute;\n    top: 0;\n    background: rgba(0, 0, 0, .5);\n    left: 0;\n    padding: 0.7em;\n    box-sizing: border-box;\n}\n\n.ikn-evt-frame .ikn-evt-heading .ikn-evt-heading-title {\n    font-weight: bold;\n    font-size: 1.5em;\n    color: #FFFFFF;\n    line-height: 30px;\n    margin: 0;\n    cursor: pointer;\n}.ikn-evt-frame[data-source=youtube] \r\n            .ikn-evt-play-button {background:url('https:\/\/www.planbwagen.de\/wp-content\/plugins\/embed-video-thumbnail\/assets\/images\/youtube-72-72.png') no-repeat;}.ikn-evt-frame[data-source=vimeo] \r\n            .ikn-evt-play-button {background:url('https:\/\/www.planbwagen.de\/wp-content\/plugins\/embed-video-thumbnail\/assets\/images\/play-default.png') no-repeat;}.ikn-evt-frame[data-source=dailymotion] \r\n            .ikn-evt-play-button {background:url('https:\/\/www.planbwagen.de\/wp-content\/plugins\/embed-video-thumbnail\/assets\/images\/play-default.png') no-repeat;}.ikn-evt-frame[data-source=facebook] \r\n            .ikn-evt-play-button {background:url('https:\/\/www.planbwagen.de\/wp-content\/plugins\/embed-video-thumbnail\/assets\/images\/play-default.png') no-repeat;}<\/style><div    class='ikn-evt-frame'    data-source='youtube'>    <a class='ikn-evt-link' href='\/\/www.youtube-nocookie.com\/embed\/i_nu8lFmU_0?controls=1&autoplay=1&enablejsapi=1&rel=1'>        <span class='ikn-evt-play-button'><\/span>                    <img                class='ikn-evt-thumbnail'                src='\/wp-content\/uploads\/ikana-embed-video-thumbnail\/youtube\/i_nu8lFmU_0-hqdefault.jpg'                alt='i_nu8lFmU_0'            \/>                    <\/a><\/div><script>\n    document\n        .querySelector('.ikn-evt-link')\n        .addEventListener('click', function(e) {\n                e.preventDefault();\n                e.stopPropagation();\n                window.location.replace(this.href);\n                return false;\n            }\n        )\n    ;\n<\/script>\"\r\n            frameborder=\"0\"\r\n            allow=\"accelerometer; encrypted-media; gyroscope; picture-in-picture\"\r\n            allowfullscreen\r\n title=\"i_nu8lFmU_0\"\r\n            loading=\"lazy\"\r\n            src=\"\/\/www.youtube-nocookie.com\/embed\/i_nu8lFmU_0?controls=1&autoplay=1&enablejsapi=1&rel=1\"\r\n    ><\/iframe>\r\n<\/div>8243; url_new_window=&#8220;on&#8220; align=&#8220;center&#8220; hover_enabled=&#8220;0&#8243;][\/et_pb_image][\/et_pb_column][\/et_pb_row][et_pb_row _builder_version=&#8220;4.5.1&#8243; _module_preset=&#8220;default&#8220;][et_pb_column _builder_version=&#8220;4.5.1&#8243; _module_preset=&#8220;default&#8220; type=&#8220;4_4&#8243;][et_pb_text _builder_version=&#8220;4.5.1&#8243; _module_preset=&#8220;default&#8220; hover_enabled=&#8220;0&#8243;]<\/p>\n<p>We are now standing on the causeway to the island. To our right is Playa Tarifa with a view of the Atlantic and to our left is Playa Chica with a view of the Mediterranean. It's exciting to see that the real picture coincides with our imagination: on the Atlantic side, the waves are crashing onto the beach and the kiters are having fun. One kiter in particular, or should I say one kite team, attracts our special attention. Because the team includes a master and a dog. While the master kites up and down the beach, the big black dog runs up and down the shore at breakneck speed. - Surely both know what they have done in the evening. As the kiter drives onto the beach, the dog is already in the same position. - Now there is a stormy hug in the water. A well-rehearsed team. - On the opposite side, towards the Mediterranean, bathers are sitting in the sun. The sea seems much calmer, even the wind seems to have no effect here, as if there is not only a water divide, but also a weather divide. - The weatherman could certainly explain this better.<\/p>\n<p>But we want to get back to Pascal. - Shortly afterwards, we park Hector directly behind the BIBO Beach House. It's much quieter here than on the adjacent Playa Valdevaqueros. - We sit in the sun behind the beach club and chat with Pascal for a while. - A very relaxed day. We definitely like it so much that we think about staying here tomorrow. But what do we know in the evening about where we'll be going tomorrow?<\/p>\n<p>[\/et_pb_text][\/et_pb_column][\/et_pb_row][et_pb_row column_structure=&#8220;1_4,1_4,1_4,1_4&#8243; _builder_version=&#8220;4.5.1&#8243; _module_preset=&#8220;default&#8220;][et_pb_column type=&#8220;1_4&#8243; _builder_version=&#8220;4.5.1&#8243; _module_preset=&#8220;default&#8220;][et_pb_image src=&#8220;https:\/\/www.planbwagen.de\/wp-content\/uploads\/2020\/09\/4-89.jpg&#8220; title_text=&#8220;4&#8243; _builder_version=&#8220;4.5.1&#8243; _module_preset=&#8220;default&#8220;][\/et_pb_image][\/et_pb_column][et_pb_column type=&#8220;1_4&#8243; _builder_version=&#8220;4.5.1&#8243; _module_preset=&#8220;default&#8220;][et_pb_image src=&#8220;https:\/\/www.planbwagen.de\/wp-content\/uploads\/2020\/09\/5-76.jpg&#8220; title_text=&#8220;5&#8243; _builder_version=&#8220;4.5.1&#8243; _module_preset=&#8220;default&#8220;][\/et_pb_image][\/et_pb_column][et_pb_column type=&#8220;1_4&#8243; _builder_version=&#8220;4.5.1&#8243; _module_preset=&#8220;default&#8220;][et_pb_image src=&#8220;https:\/\/www.planbwagen.de\/wp-content\/uploads\/2020\/09\/6-73.jpg&#8220; title_text=&#8220;6&#8243; _builder_version=&#8220;4.5.1&#8243; _module_preset=&#8220;default&#8220;][\/et_pb_image][\/et_pb_column][et_pb_column type=&#8220;1_4&#8243; _builder_version=&#8220;4.5.1&#8243; _module_preset=&#8220;default&#8220;][et_pb_image src=&#8220;https:\/\/www.planbwagen.de\/wp-content\/uploads\/2020\/09\/7-52.jpg&#8220; title_text=&#8220;7&#8243; _builder_version=&#8220;4.5.1&#8243; _module_preset=&#8220;default&#8220;][\/et_pb_image][\/et_pb_column][\/et_pb_row][et_pb_row _builder_version=&#8220;4.5.1&#8243; _module_preset=&#8220;default&#8220;][et_pb_column type=&#8220;4_4&#8243; _builder_version=&#8220;4.5.1&#8243; _module_preset=&#8220;default&#8220;][et_pb_text _builder_version=&#8220;4.5.1&#8243; _module_preset=&#8220;default&#8220;]<\/p>\n<p style=\"text-align: center;\"><span style=\"font-size: 18px;\"><em><strong>&#8222;Wunderliches Wort: die Zeit vertreiben!<\/strong><\/em><\/span><\/p>\n<p style=\"text-align: center;\"><span style=\"font-size: 18px;\"><em><strong>Holding them would be the problem.<\/strong><\/em><\/span><\/p>\n<p style=\"text-align: center;\"><span style=\"font-size: 18px;\"><em><strong>Because, who is not afraid: where is a stay,<\/strong><\/em><\/span><\/p>\n<p style=\"text-align: center;\"><span style=\"font-size: 18px;\"><em><strong>wo ein endlich Sein in alledem?&#8230;&#8220;<\/strong><\/em><\/span><\/p>\n<p>&nbsp;<\/p>\n<p>Ich hatte ja vorhin geschrieben, dass eine Leserin unseres Blogs, uns geschrieben hat, dass sie meine \u00c4u\u00dferungen zur Joghurtbecher -Fraktion\u00a0&#8222;echt schade findet,\u00a0vor allem, dass\u00a0die gro\u00dfen net gut weg kommen&#8220;.\u00a0&#8211; Sicherlich ein guter Anlass einmal dar\u00fcber nachzudenken. In der Kommunikation hei\u00dft es, es gibt ein Sender-Empf\u00e4nger Verh\u00e4ltnis. Es kommt diesbez\u00fcglich nicht darauf an, was der Sender denkt und meint zum Ausdruck zu bringen, sondern wie es beim Empf\u00e4nger ankommt. Also scheine ich mich falsch ausgedr\u00fcckt zu haben. &#8211; Deshalb erst einmal herzlichen Danke f\u00fcr den netten Text und das sehr sympathische Feedback.<\/p>\n<p>I'll try again: Isn't it said that nothing is more constant than change? - In my youth, allotment gardens were considered really, really uncool. Anyone who had one was considered the epitome of bourgeoisie. So I was all the more shocked when, a few years ago, I received an invitation from a trendy architect couple to visit their allotment garden.\u00a0<\/p>\n<p>But what I found had little to do with the expected garden gnome clich\u00e9. Although some vegetables were still grown, but this was now organic and thus quite hip. No not Klaus Hipp. Whether this is hip, you should decide for yourself.<\/p>\n<p>But what had become of the arbor? A large band of windows brought light into the hut. The walls shone white. Everything looked bright and friendly. Inside, there was now a Bullerjan Free Flow FF17, almost a design icon among fireplaces. For the case that one wanted to stay overnight also times in the winter, thus was provided. Directly in front of the window was a seventies chair. But so much for stuffy, it was a real Eames. And thus a lounge chair, which I consider not only comfortable, but above all very, very cool. The whole cottage was tastefully decorated, with accessories from various vacations of the architect couple. The wide world in an arbor. Even the sheepskin looked pretty cool here. - Instead of TV, there was a small bookshelf with exciting literature. - There was even a small house bar, including a humidor. - You could have moved right in here.<\/p>\n<p>However, since it was summer, they stood outside around a small campfire. There were also two hammocks. But one thing had remained. People still drank beer from bottles. But what had become of the allotment gardeners? Maybe they were masterminds in one way or another after all? It did not remain with this one cool garden. In the environs of Berlin and Cologne, and certainly of Hamburg, Frankfurt and Munich, you can now find many cool allotment gardeners. - What was considered stuffy yesterday is hip today.<\/p>\n<p>Can this not also be transferred to the camper world? Of course, there is still the retired couple who first aligns the satellite dish, puts the garden gnome in front of the door and where either the TV or the vacuum cleaner is running. Who spend 4 months wintering on the same campsite. And if it makes them happy, then there you go. - I don't presume to judge, I'm just saying it wouldn't make me happy. But thank God we are not all the same, would be otherwise pretty dull or?<\/p>\n<p>But apparently there are more and more people who dream of a free, an independent life. Who want their vehicle to be just as independent and self-sufficient. - But although the rising registration figures speak a clear language, manufacturers seem to either ignore the signs or deliberately listen away.<\/p>\n<p>In the seventies, too, there were hippies who drove all the way to India in their homemade VW bus. And today there seems to be a new generation of hippies. - Here you go! - But is there only one, i.e. hippie, or the other, i.e. bourgeois? I don't want to believe that. I rather think that many fall back on a classic camper because there is no alternative or only a few alternatives.<\/p>\n<p>And to break another lance, for the white goods, I must admit that I have now met quite a few pretty cool guys among their owners. But mostly these have not started with a white motorhome. Before there was a Bulli, a Lappl\u00e4nder or something else cool. But with increasing age or with the children became just also the demand for space and comfort greater. The heart still beats wild and free, but the alternatives are limited. - So it's not about you big guys, every now and then we would also like to have our own bathroom. - But one thing I knew strangely enough already as a young guy:<\/p>\n<p>&nbsp;<\/p>\n<p style=\"text-align: center;\"><em><strong>&#8222;Vielleicht werde ich einmal gro\u00df, vielleicht werde ich alt und grau, doch nie, nie werde ich erwachsen&#8220;<\/strong><\/em><\/p>\n<p>&nbsp;<\/p>\n<p>Mir f\u00e4llt dazu das Gedicht &#8222;In meinem wilden Herzen&#8220; von Rilke ein.\u00a0<\/p>\n<p>&nbsp;<\/p>\n<p>&nbsp;<\/p>\n<p style=\"text-align: center;\"><span style=\"font-size: 18px;\"><em><strong>&#8222;&#8230;Sieh, der Tag verlangsamt sich, entgegen<\/strong><\/em><\/span><\/p>\n<p style=\"text-align: center;\"><span style=\"font-size: 18px;\"><em><strong>that room that takes him to evening:<\/strong><\/em><\/span><\/p>\n<p style=\"text-align: center;\"><span style=\"font-size: 18px;\"><em><strong>Rising became standing, and standing becomes laying,<\/strong><\/em><\/span><\/p>\n<p style=\"text-align: center;\"><span style=\"font-size: 18px;\"><em><strong>und das willig Liegende verschwimmt &#8230;&#8220;<\/strong><\/em><\/span><\/p>\n<p>&nbsp;<\/p>\n<p>We have noticed ourselves how inflexible the market is. Either off the peg or expensive or do-it-yourself. But studies like Hymer's VisionVenture show that things can be different. For example, there will certainly be cool yogurt pots in the future. They just won't be white anymore. And finally, I love yogurt. Without it, my muesli only tastes half as good.<\/p>\n<p>&nbsp;<\/p>\n<p style=\"text-align: center;\"><span style=\"font-size: 18px;\"><em><strong>...mountains resting, glorified by stars; -<\/strong><\/em><\/span><\/p>\n<p style=\"text-align: center;\"><span style=\"font-size: 18px;\"><em><strong>but time flickers in them, too.<\/strong><\/em><\/span><\/p>\n<p style=\"text-align: center;\"><span style=\"font-size: 18px;\"><em><strong>Ah, in my wild heart sleeps<\/strong><\/em><\/span><\/p>\n<p style=\"text-align: center;\"><span style=\"font-size: 18px;\"><em><strong>obdachlos die Unverg\u00e4nglichkeit.&#8220;<\/strong><\/em><\/span><\/p>\n<p style=\"text-align: center;\">\n<p style=\"text-align: center;\"><span style=\"font-size: 18px;\"><em><strong>PS: A little recommendation for all those who still have a wild heart,<\/strong><\/em><\/span><\/p>\n<p style=\"text-align: center;\"><span style=\"font-size: 18px;\"><em><strong>Rilke project, <\/strong><\/em><\/span><span style=\"font-size: 18px;\"><em><strong>Sch\u00f6nherz &amp; Fleer,\u00a0<\/strong><\/em><\/span><span style=\"font-size: 18px;\"><b><i>Laith Al-Deen:<\/i><\/b><\/span><\/p>\n<p>[\/et_pb_text][et_pb_button button_url=&#8220<div class=\"ikn-evt-container\">\r\n    <iframe\r\n            width=\"100%\"\r\n            class=\"ikn-evt-iframe\"\r\n            srcdoc=\"<style>\n    * {\n    padding:0;\n    margin:0;\n    overflow:hidden\n}\n\nhtml, body {\n    height:100%\n}\n\n.ikn-evt-container {\n    position: relative;\n    padding-bottom: 56.25%;\n    height: 0;\n}\n\n.ikn-evt-container iframe {\n    position: absolute;\n    top: 0;\n    left: 0;\n    width: 100%;\n    height: 100%;\n}\n\n.ikn-evt-frame {\n    display: block;\n    position: relative;\n    padding-bottom: 56.23%;\n    height: 0;\n    overflow: hidden;\n    max-width: 100%;\n    background: #000;\n}\n\n.ikn-evt-frame img.ikn-evt-thumbnail {\n    bottom: 0;\n    display: block;\n    left: 0;\n    margin: auto;\n    max-width: 100%;\n    width: 100%;\n    position: absolute;\n    right: 0;\n    top: 0;\n    border: none;\n    height: auto;\n    cursor: pointer;\n    -webkit-transition: .4s all;\n    -moz-transition: .4s all;\n    transition: .4s all;\n}\n\n.ikn-evt-frame[data-source=youtube] img.ikn-evt-thumbnail {\n    top: -63px;\n    bottom: -63px;\n}\n\n.ikn-evt-frame:hover img.ikn-evt-thumbnail {\n    -webkit-filter: brightness(75%);\n}\n\n.ikn-evt-frame .ikn-evt-play-button {\n    height: 20%;\n    width: 13%;\n    left: 44%;\n    top: 42%;\n    position: absolute;\n    cursor: pointer;\n    z-index: 1;\n    background-size: contain !important;\n}\n\n.ikn-evt-frame .ikn-evt-heading {\n    width: 100%;\n    position: absolute;\n    top: 0;\n    background: rgba(0, 0, 0, .5);\n    left: 0;\n    padding: 0.7em;\n    box-sizing: border-box;\n}\n\n.ikn-evt-frame .ikn-evt-heading .ikn-evt-heading-title {\n    font-weight: bold;\n    font-size: 1.5em;\n    color: #FFFFFF;\n    line-height: 30px;\n    margin: 0;\n    cursor: pointer;\n}.ikn-evt-frame[data-source=youtube] \r\n            .ikn-evt-play-button {background:url('https:\/\/www.planbwagen.de\/wp-content\/plugins\/embed-video-thumbnail\/assets\/images\/youtube-72-72.png') no-repeat;}.ikn-evt-frame[data-source=vimeo] \r\n            .ikn-evt-play-button {background:url('https:\/\/www.planbwagen.de\/wp-content\/plugins\/embed-video-thumbnail\/assets\/images\/play-default.png') no-repeat;}.ikn-evt-frame[data-source=dailymotion] \r\n            .ikn-evt-play-button {background:url('https:\/\/www.planbwagen.de\/wp-content\/plugins\/embed-video-thumbnail\/assets\/images\/play-default.png') no-repeat;}.ikn-evt-frame[data-source=facebook] \r\n            .ikn-evt-play-button {background:url('https:\/\/www.planbwagen.de\/wp-content\/plugins\/embed-video-thumbnail\/assets\/images\/play-default.png') no-repeat;}<\/style><div    class='ikn-evt-frame'    data-source='youtube'>    <a class='ikn-evt-link' href='\/\/www.youtube-nocookie.com\/embed\/-Qe-PIuWs7g?controls=1&autoplay=1&enablejsapi=1&rel=1'>        <span class='ikn-evt-play-button'><\/span>                    <img                class='ikn-evt-thumbnail'                src='\/wp-content\/uploads\/ikana-embed-video-thumbnail\/youtube\/-Qe-PIuWs7g-hqdefault.jpg'                alt='-Qe-PIuWs7g'            \/>                    <\/a><\/div><script>\n    document\n        .querySelector('.ikn-evt-link')\n        .addEventListener('click', function(e) {\n                e.preventDefault();\n                e.stopPropagation();\n                window.location.replace(this.href);\n                return false;\n            }\n        )\n    ;\n<\/script>\"\r\n            frameborder=\"0\"\r\n            allow=\"accelerometer; encrypted-media; gyroscope; picture-in-picture\"\r\n            allowfullscreen\r\n title=\"-Qe-PIuWs7g\"\r\n            loading=\"lazy\"\r\n            src=\"\/\/www.youtube-nocookie.com\/embed\/-Qe-PIuWs7g?controls=1&autoplay=1&enablejsapi=1&rel=1\"\r\n    ><\/iframe>\r\n<\/div>038;list=RD-Qe-PIuWs7g&#038;start_radio=1&#8243; url_new_window=&#8220;on&#8220; button_text=&#8220;Rilke Projekt&#8220; button_alignment=&#8220;center&#8220; _builder_version=&#8220;4.5.1&#8243; _module_preset=&#8220;default&#8220;][\/et_pb_button][et_pb_divider _builder_version=&#8220;4.5.1&#8243; _module_preset=&#8220;default&#8220;][\/et_pb_divider][\/et_pb_column][\/et_pb_row][et_pb_row _builder_version=&#8220;4.5.1&#8243; _module_preset=&#8220;default&#8220;][et_pb_column type=&#8220;4_4&#8243; _builder_version=&#8220;4.5.1&#8243; _module_preset=&#8220;default&#8220;][et_pb_text _builder_version=&#8220;4.5.1&#8243; _module_preset=&#8220;default&#8220;]<\/p>\n<p>PS: Heute ist \u00fcbrigens &#8222;Tag der italienischen K\u00fcche&#8220; &#8211; Italien isst mehr als Pasta und Pizza &#8211; Doch was w\u00e4ren wir auf unserer Tour ohne Nudeln? Und obwohl inzwischen gekl\u00e4rt scheint, dass die Erfinder der Pasta Chinesen waren, so mag ich es dennoch nicht glauben. Nur weil angeblich ein 4.000 Jahre alter Topf mit Nudeln in China gefunden wurde? &#8211; Wir alle wissen doch, dass die Chinesen in Richtung Plagiate keine Skrupel haben, oder? Das war doch sicher eine Raubkopie! &#8211; Und Pizza, ich meine so eine richtig gute Pizza, so eine wie beim Ristorante Toscanini in der K\u00f6lner S\u00fcdstadt, die fehlt mir auf dieser Tour wirklich. &#8211; Deshalb ist eines sicher, eine unserer n\u00e4chsten Touren f\u00fchrt nach Italien, Essen wie bei Nonna.<\/p>\n<p>[\/et_pb_text][\/et_pb_column][\/et_pb_row][\/et_pb_section]<\/p>","protected":false},"excerpt":{"rendered":"<p>[et_pb_section fb_built=&#8220;1&#8243; _builder_version=&#8220;3.22&#8243;][et_pb_row _builder_version=&#8220;4.5.1&#8243; _module_preset=&#8220;default&#8220;][et_pb_column type=&#8220;4_4&#8243; _builder_version=&#8220;4.5.1&#8243; _module_preset=&#8220;default&#8220;][et_pb_text _builder_version=&#8220;4.5.1&#8243; _module_preset=&#8220;default&#8220;] Als ich heute Morgen aufwache und auf mein Handy schaue, sehe ich, dass es schon halb Acht ist. Doch ich sehe auch den harschen Kommentar einer Leserinnen unseres Blogs. &#8211; Doch dazu sp\u00e4ter mehr, denn ich brauche nun erst einmal einen Kaffee. &#8211; Als wir [&hellip;]<\/p>","protected":false},"author":1,"featured_media":4061,"comment_status":"open","ping_status":"open","sticky":false,"template":"","format":"standard","meta":{"_et_pb_use_builder":"on","_et_pb_old_content":"<p>\u00a0<\/p><div id=\"content_start\">\u00a0<\/div><article class=\"j-blog\"><div class=\"n j-blog-meta j-blog-post--header\"><div class=\"j-text j-module n\"><a class=\"j-blog-post--category\" href=\"https:\/\/www.gluecksmuskel.de\/hectors-reisen\/spain-spanien\/\"> Spain - Spanien <\/a> \u00a0\u00b7\u00a0 <span class=\"j-text j-blog-post--date\"> 16. Januar 2020 <\/span><\/div><h1 class=\"j-blog-header j-blog-headline j-blog-post--headline\">Tag No. 134 - Tarifa - 36\u00b000'07.4\"N 5\u00b036'35.2\"W - wie Wendepunkt<\/h1><\/div><div class=\"post j-blog-content\"><div id=\"cc-matrix-3604522226\"><div id=\"cc-m-12572275126\" class=\"j-module n j-spacing \"><div class=\"cc-m-spacer\" style=\"height: 20px;\">\u00a0<\/div><\/div><div id=\"cc-m-12570066826\" class=\"j-module n j-video \"><div class=\"cc-m-video-gutter cc-m-video-align-center cc-m-video-ratio-2\" style=\"width: 1040px;\"><div class=\"cc-m-video-wrapper\"><p><iframe id=\"cc-m-video-container-12570066826\" class=\"cc-m-video-container\" src=\"https:\/\/www.youtube-nocookie.com\/embed\/i_nu8lFmU_0?wmode=transparent&vq=hd1080\" frameborder=\"0\" allowfullscreen=\"allowfullscreen\">             <\/iframe><\/p><div class=\"cc-m-video-overlay\">\u00a0<\/div><\/div><\/div><div class=\"cc-clear\">\u00a0<\/div><\/div><div id=\"cc-m-12570059826\" class=\"j-module n j-text \"><p>\u00a0<\/p><p>Als ich heute Morgen aufwache und auf mein Handy schaue, sehe ich, dass es schon halb Acht ist. Doch ich sehe auch den harschen Kommentar einer Leserinnen unseres Blogs. - Doch dazu sp\u00e4ter mehr, denn ich brauche nun erst einmal einen Kaffee. - Als wir\u00a0kurz drauf mit\u00a0\u00a0der\u00a0Tasse\u00a0in der Hand aus dem Bus blicken, ist es deutlich bunter als gestern. Unsere beiden \u00f6sterreichischen M\u00e4dels und bisherigen Nachbarinnen, haben sich auf den Weg Richtung Marokko gemacht. - Zwei junge, sportliche, nicht allzu h\u00e4ssliche M\u00e4dchen, allein im VW-Bus\u00a0durch Marokko!? - Ich halte das f\u00fcr gewagt. Umso mehr Respekt habe ich vor der Traute. - So dr\u00fccken wir die Daumen, dass alles gut geht. - Daf\u00fcr ist nun der alte Ford Transit von Sebastian aus Deutschland \u00fcbrig geblieben. - Er schl\u00e4ft heute aus, hat er sich auch verdient, die Jungs waren gestern lange klettern.<\/p><p>\u00a0<\/p><p>Sp\u00e4ter machen sich auch zwei der Jungs auf in Richtung F\u00e4hre. So ist es wieder einmal Zeit, sich zu verabschieden. - Ich finde es immer wieder bereichernd, neue Menschen, mit neuen Ideen,\u00a0sowie neuen Hobbys kennen und sch\u00e4tzen zu lernen. Wir stellen fest, dass wir deutlich schnellere und intensiverer Kontakte unterwegs haben. Durch meine bisherige T\u00e4tigkeit habe ich tagt\u00e4glich mit unterschiedlichen Menschen zu tun gehabt. - Doch hier lernen wir noch schneller Menschen einzusch\u00e4tzen. - Wie immer im Leben gibt es solche und solche. - Was wir auf dieser Tour auch lernen, ist Abschied zu nehmen.<\/p><p>\u00a0<\/p><p>Auch f\u00fcr uns wird es Zeit den Berg zu verlassen. Wir m\u00f6chten heute einen Abstecher nach Tarifa unternehmen. Kaum sind wir im Tal, sehen wir zu unserer Rechten einen langen Sandstrand. - T\u00e4uschen wir uns, oder stehen da Camper? - Wir beschlie\u00dfen kurzerhand zu halten, um die Gegend, als m\u00f6glichen Stellplatz f\u00fcr die Nacht zu erkunden. - Tats\u00e4chlich steht hier ein\u00a0Camper und dahinter ein gro\u00dfer Bus, welcher scheinbar\u00a0ebenfalls zum Wohnmobil ausgebaut ist. - Pl\u00f6tzlich sehe ich nochmals dahinter ein alten Mercedes Bus. Die Farbkombination kommt mir bekannt vor. Und wie sich herausstellt steht hier Pascal, den wir vor einigen Wochen, am 70. Tag unserer Reise in Portugal, genauer gesagt bei Aljezur kennen gelernt haben. Kurz drauf, bzw. neun Tage sp\u00e4ter haben wir ihn an der Praia do Burgau, in der N\u00e4he von Lagos wieder getroffen. Zufall? - Doch aller guten Dinge sind drei, so treffen wir ihn halt heute, 64 Tage nach unserem Kennenlernen und knapp 500 Kilometer weiter s\u00fcdlich ein drittes Mal. - So\u00a0gilt es nicht nur Abschied zu nehmen, sondern auch wieder willkommen zu hei\u00dfen.<\/p><p>\u00a0<\/p><\/div><div id=\"cc-m-12570076726\" class=\"j-module n j-gallery \"><div id=\"cc-m-gallery-12570076726\" class=\"cc-m-gallery-container cc-m-gallery-cool clearover\"><div id=\"gallery_thumb_8125057126\" class=\"cc-m-gallery-cool-item\"><div><a rel=\"lightbox[12570076726]\" data-href=\"https:\/\/planbwagen.de\/wp-content\/uploads\/attachments\/image.jpg\" data-title=\"\" data-index=\"0\"> <img style=\"height: 233px; width: 174px; margin-bottom: 20px; margin-right: 20px;\" src=\"https:\/\/planbwagen.de\/wp-content\/uploads\/2020\/07\/image-1-5-3-1.jpg\" alt=\"\" data-orig-width=\"1536\" data-orig-height=\"2048\" \/> <\/a><\/div><\/div><div id=\"gallery_thumb_8125057326\" class=\"cc-m-gallery-cool-item\"><div><a rel=\"lightbox[12570076726]\" data-href=\"https:\/\/planbwagen.de\/wp-content\/uploads\/attachments\/image.jpg\" data-title=\"\" data-index=\"1\"> <img style=\"height: 233px; width: 176px; margin-bottom: 20px;\" src=\"https:\/\/planbwagen.de\/wp-content\/uploads\/2020\/07\/image-3-1-9.jpg\" alt=\"\" data-orig-width=\"1536\" data-orig-height=\"2048\" \/> <\/a><\/div><\/div><div id=\"gallery_thumb_8125058226\" class=\"cc-m-gallery-cool-item\"><div><a rel=\"lightbox[12570076726]\" data-href=\"https:\/\/planbwagen.de\/wp-content\/uploads\/attachments\/image.jpg\" data-title=\"\" data-index=\"2\"> <img style=\"height: 233px; width: 174px; margin-bottom: 20px;\" src=\"https:\/\/planbwagen.de\/wp-content\/uploads\/2020\/07\/image-8-1-5-2.jpg\" alt=\"\" data-orig-width=\"1536\" data-orig-height=\"2048\" \/> <\/a><\/div><\/div><\/div><\/div><div id=\"cc-m-12570076526\" class=\"j-module n j-text \"><p>\u00a0<\/p><p>Wir verabreden uns auf sp\u00e4ter und fahren erst mal nach Tarifa. - Zuerst gilt es, einen neuen Supermarkt zu erkunden. Denn ansonsten\u00a0w\u00fcrde es um unser Fr\u00fchst\u00fcck\u00a0schlecht stehen.\u00a0- Auf dem Weg entdecken wir bereits die erste Street Art. No. 1 von Axel Void, der als Sohn einer haitianischen Mutter und eines spanischen Vaters geboren wurde, in Spanien aufwuchs und in C\u00e1diz Bildende Kunst studierte. Bis zu seinem Umzug nach Miami 2013 lebte er in Berlin. - No. 2 von\u00a0Vincent Abadie Hafez - ZEPHA _ No. 3\u00a0Abdellatif Moustad.<\/p><p>\u00a0<\/p><p>Wir sind total begeistert von seinem Werk. - So sitzen wir einige Minuten\u00a0nach unserem Einkauf\u00a0am Strand auf einer Mauer und fr\u00fchst\u00fccken\u00a0nicht nur ausgiebig, sondern k\u00f6nnen uns direkt ein wenig \u00fcber diese Bilder austauschen.<\/p><p>\u00a0<\/p><p>Was ist das wichtigste Ziel in Tarifa? Nat\u00fcrlich, die Isla de Tarifa. Von hier scheint Afrika zum Greifen nah. Tats\u00e4chlich\u00a0 sind es knapp 15 Kilometer. Doch das Entscheidende, hier verl\u00e4uft die Grenze zwischen Atlantik und\u00a0dem\u00a0Mittelmeer.<\/p><p>\u00a0<\/p><p>So stehen wir nun auf dem Damm zur Insel. Zu unser Rechten die Playa Tarifa mit Blick auf den Atlantik und auf der linken Seite die Playa Chica, mit Blick auf das Mittelmeer. Spannend, dass reale Bild, deckt sich mit der Vorstellung: Auf der atlantischen Seite schlagen\u00a0die Wellen an den Strand, und die\u00a0Kiter haben ihren Spa\u00df. Vor allem ein\u00a0Kiter, oder soll ich sagen ein Kite-Team, zieht unser besonderes Augenmerk auf sich. Denn zum Team geh\u00f6rt\u00a0Herrchen\u00a0und Hund. W\u00e4hrend das Herrchen den Strand auf und ab f\u00e4hrt, l\u00e4uft der dazugeh\u00f6rige gro\u00dfe schwarze Hund, mit einem Mordstempo, parallel dazu das Ufer auf und ab. - Sicherlich wissen beide, am Abend was sie getan haben. Als der\u00a0Kiter an den Strand f\u00e4hrt, ist der Hund schon auf gleicher Position. - Jetzt gibt es erst einmal eine st\u00fcrmische Umarmung im Wasser. Ein eingespieltes Team. - Auf der Gegenseite und somit in Richtung Mittelmeer,\u00a0sitzen\u00a0Badende in der Sonne. Das Meer scheint deutlich ruhiger, selbst der Wind scheint hier keine Wirkung zu haben, als ob es nicht nur eine Wasserschneide, sondern auch eine Wetterscheide gibt. - Der Wetterfrosch k\u00f6nnte das sicher besser erkl\u00e4ren.<\/p><p>\u00a0<\/p><p>Doch wir wollen\u00a0wieder zur\u00fcck zu Pascal.\u00a0- Kurz drauf\u00a0parken wir Hector direkt hinter dem BIBO Beach House. Hier ist es deutlich ruhiger\u00a0 als an der schr\u00e4g daneben liegenden Playa Valdevaqueros. - So sitzen wir hinter\u00a0dem Beach Club in der Sonne und unterhalten uns ein wenig mit Pascal. - Ein sehr entspannter Tag. Uns gef\u00e4llt es auf jeden Fall so gut, dass wir dr\u00fcber nachdenken, auch morgen noch hier zu bleiben. Doch was wissen wir abends, wo es uns morgen hin treibt?<\/p><p>\u00a0<\/p><\/div><div id=\"cc-m-12570238026\" class=\"j-module n j-gallery \"><div id=\"cc-m-gallery-12570238026\" class=\"cc-m-gallery-container cc-m-gallery-cool clearover\"><div id=\"gallery_thumb_8125154226\" class=\"cc-m-gallery-cool-item\"><div><a rel=\"lightbox[12570238026]\" data-href=\"https:\/\/planbwagen.de\/wp-content\/uploads\/attachments\/image.jpg\" data-title=\"\" data-index=\"0\"> <img style=\"height: 277px; width: 370px; margin-bottom: 3px;\" src=\"https:\/\/planbwagen.de\/wp-content\/uploads\/2020\/07\/image-2-1-0.jpg\" alt=\"\" data-orig-width=\"2048\" data-orig-height=\"1536\" \/> <\/a><\/div><\/div><div id=\"gallery_thumb_8125154326\" class=\"cc-m-gallery-cool-item\"><div><a rel=\"lightbox[12570238026]\" data-href=\"https:\/\/planbwagen.de\/wp-content\/uploads\/attachments\/image.jpg\" data-title=\"\" data-index=\"1\"> <img style=\"height: 176px; width: 132px; margin-bottom: 3px; margin-right: 3px;\" src=\"https:\/\/planbwagen.de\/wp-content\/uploads\/2020\/07\/image-4-7-8-9.jpg\" alt=\"\" data-orig-width=\"1536\" data-orig-height=\"2048\" \/> <\/a><\/div><\/div><div id=\"gallery_thumb_8125154426\" class=\"cc-m-gallery-cool-item\"><div><a rel=\"lightbox[12570238026]\" data-href=\"https:\/\/planbwagen.de\/wp-content\/uploads\/attachments\/image.jpg\" data-title=\"\" data-index=\"2\"> <img style=\"height: 176px; width: 235px; margin-bottom: 3px;\" src=\"https:\/\/planbwagen.de\/wp-content\/uploads\/2020\/07\/image-3-4-5.jpg\" alt=\"\" data-orig-width=\"2048\" data-orig-height=\"1536\" \/> <\/a><\/div><\/div><div id=\"gallery_thumb_8125154526\" class=\"cc-m-gallery-cool-item\"><div><a rel=\"lightbox[12570238026]\" data-href=\"https:\/\/planbwagen.de\/wp-content\/uploads\/attachments\/image.jpg\" data-title=\"\" data-index=\"3\"> <img style=\"height: 176px; width: 132px; margin-bottom: 3px;\" src=\"https:\/\/planbwagen.de\/wp-content\/uploads\/2020\/07\/image-8-3-6-3.jpg\" alt=\"\" data-orig-width=\"1536\" data-orig-height=\"2048\" \/> <\/a><\/div><\/div><\/div><\/div><div id=\"cc-m-12570067026\" class=\"j-module n j-text \"><p>\u00a0<\/p><p style=\"text-align: center;\"><span style=\"font-size: 18px;\"><em><strong>\"Wunderliches Wort: die Zeit vertreiben!<\/strong><\/em><\/span><\/p><p style=\"text-align: center;\"><span style=\"font-size: 18px;\"><em><strong>Sie zu halten, w\u00e4re das Problem.<\/strong><\/em><\/span><\/p><p style=\"text-align: center;\"><span style=\"font-size: 18px;\"><em><strong>Denn, wen \u00e4ngstigts nicht: wo ist ein Bleiben,<\/strong><\/em><\/span><\/p><p style=\"text-align: center;\"><span style=\"font-size: 18px;\"><em><strong>wo ein endlich Sein in alledem?...\"<\/strong><\/em><\/span><\/p><p>\u00a0<\/p><p>Ich hatte ja vorhin geschrieben, dass eine Leserin unseres Blogs, uns geschrieben hat, dass sie meine \u00c4u\u00dferungen zur Joghurtbecher -Fraktion\u00a0\"echt schade findet,\u00a0vor allem, dass\u00a0die gro\u00dfen net gut weg kommen\".\u00a0- Sicherlich ein guter Anlass einmal dar\u00fcber nachzudenken. In der Kommunikation hei\u00dft es, es gibt ein Sender-Empf\u00e4nger Verh\u00e4ltnis. Es kommt diesbez\u00fcglich nicht darauf an, was der Sender denkt und meint zum Ausdruck zu bringen, sondern wie es beim Empf\u00e4nger ankommt. Also scheine ich mich falsch ausgedr\u00fcckt zu haben. - Deshalb erst einmal herzlichen Danke f\u00fcr den netten Text und das sehr sympathische Feedback.<\/p><p>\u00a0<\/p><p>Ich versuche es noch einmal: Hei\u00dft es nicht, nichts ist best\u00e4ndiger als der Wandel? - In meiner Jugend\u00a0galten Schreberg\u00e4rten als wirklich, wirklich uncool. Wer einen solchen hatte, galt als Inbegriff des Spie\u00dfertums. Umso schockierter war ich, als ich vor ein paar Jahren, von einem trendigen Architektenpaar, eine Einladung in ihren Schrebergarten erhielt.<\/p><p>\u00a0<\/p><p>Doch was ich vorfand, hatte wenig mit dem erwarteten Gartenzwerg Klischee zu tun. Zwar wurde immer noch etwas Gem\u00fcse angebaut, doch dieses war nun Bio und\u00a0somit ganz hipp. Nein nicht Klaus Hipp. Ob dieser\u00a0hipp ist, solltet ihr selber entscheiden.<\/p><p>\u00a0<\/p><p>Doch was war da aus der Laube geworden? Ein gro\u00dfes Fensterband brachte Licht in die H\u00fctte. Die W\u00e4nde strahlten wei\u00df. Alles wirkte hell und freundlich. Innen stand nun ein Bullerjan Free Flow FF17, somit fast schon eine Designikone unter den Kaminen. F\u00fcr den Fall, dass man auch mal im Winter \u00fcbernachten wolle, war somit gesorgt. Direkt vor dem Fenster stand ein siebziger Jahre Chair. Doch von wegen spie\u00dfig, es war ein echter Eames. Und somit ein Lounge Stuhl, den ich nicht nur f\u00fcr bequem, sondern vor allem f\u00fcr sehr, sehr cool halte. Die ganze H\u00fctte war geschmackvoll, mit Accessoires verschiedener Urlaube des Architektenpaares, dekoriert. Die weite Welt in einer Laube. Selbst das Schaffell\u00a0wirkte hier ziemlich cool. - Statt Fernseher gab es ein kleines B\u00fccherregal mit spannender Literatur. - Sogar eine kleine Hausbar, samt Humidor war vorhanden. - Hier h\u00e4tte man direkt einziehen k\u00f6nnen.<\/p><p>\u00a0<\/p><p>Da\u00a0es jedoch Sommer war,\u00a0stand man drau\u00dfen um ein kleines Lagerfeuer herum. Zwei H\u00e4ngematten gab es auch noch. Doch eines war geblieben. Man\u00a0trank immer noch Bier aus Flaschen. Doch was war aus den Schreberg\u00e4rtnern geworden? Vielleicht waren sie doch auf die eine oder andere Art Vordenker? Es ist nicht bei\u00a0diesem einen coolen\u00a0Garten geblieben. Im Umland von Berlin und K\u00f6ln und sicherlich auch von Hamburg, Frankfurt und M\u00fcnchen findet man inzwischen viele coole Kleing\u00e4rtner. - Was gestern noch als spie\u00dfig galt, ist\u00a0heute hipp.<\/p><p>\u00a0<\/p><p>Kann man dies nicht auch auf die\u00a0Camper Welt \u00fcbertragen? Nat\u00fcrlich, es gibt immer noch das Rentner Paar, welches als erstes die Satellitensch\u00fcssel ausrichtet, den Gartenzwerg vor die T\u00fcr setzt und bei dem entweder der Fernseher oder der Staubsauger l\u00e4uft. Die 4 Monate auf dem gleichen Campingplatz \u00fcberwintern. Und wenn es sie gl\u00fccklich macht, dann bitte sch\u00f6n. - Ich ma\u00dfe mir nicht an, dar\u00fcber zu richten, ich sage nur, mich w\u00fcrde dies nicht gl\u00fccklich machen. Doch Gott sei Dank sind wir nicht alle gleich, w\u00e4re ja ansonsten ziemlich \u00f6de oder?<\/p><p>\u00a0<\/p><p>Doch scheinbar gibt es mehr und mehr Menschen, die von einem freien, einem unabh\u00e4ngigen Leben tr\u00e4umen. Die ihr Fahrzeug\u00a0ebenso unabh\u00e4ngig und autark gestalten wollen. - Doch obwohl die steigenden Zulassungszahlen eine\u00a0 deutliche\u00a0Sprache sprechen, scheinen die Hersteller die Zeichen entweder zu \u00fcberh\u00f6ren oder bewusst weg zu h\u00f6ren.<\/p><p>\u00a0<\/p><p>Auch\u00a0in den Siebzigern gab es Hippies, die mit ihrem selbst ausgebauten VW-Bus bis nach Indien\u00a0fuhren.\u00a0Und heute\u00a0scheint es eine neue Generation von\u00a0Hippies zu geben. - Bitte sch\u00f6n! - Doch gibt es nur das eine, sprich Hippie oder das andere, sprich Spie\u00dfer? Ich m\u00f6chte das nicht glauben. Ich denke eher, dass viele auf einen klassischen\u00a0Camper zur\u00fcckgreifen, weil es keine Alternative oder nur wenige Alternativen gibt.<\/p><p>\u00a0<\/p><p>Und um eine weitere Lanze, f\u00fcr die wei\u00dfe Ware zu brechen, muss ich ja eingestehen, dass ich inzwischen etliche ziemlich coole Typen unter deren Besitzern kennen gelernt habe. Doch meist haben diese nicht, mit einem wei\u00dfen\u00a0Wohnmobil angefangen. Vorher gab es einen Bulli, eine Lappl\u00e4nder oder sonst was Cooles. Doch mit zunehmendem Alter oder mit den Kindern wurde halt auch der Anspruch auf Raum und Comfort gr\u00f6\u00dfer. Das Herz schl\u00e4gt immer noch wild und frei, doch die Alternativen sind beschr\u00e4nkt. - Es geht also nicht um Euch Gro\u00dfen, ab und zu h\u00e4tten wir auch gern ein eigenes Bad. -\u00a0Doch eines wusste ich komischerweise bereits als junger Kerl:<\/p><p>\u00a0<\/p><p style=\"text-align: center;\"><em><strong>\"Vielleicht werde ich einmal gro\u00df, vielleicht werde ich alt und grau, doch nie, nie werde ich erwachsen\"<\/strong><\/em><\/p><p>\u00a0<\/p><p>Mir f\u00e4llt dazu das Gedicht \"In meinem wilden Herzen\" von Rilke ein.<\/p><p>\u00a0<\/p><p>\u00a0<\/p><p style=\"text-align: center;\"><span style=\"font-size: 18px;\"><em><strong>\"...Sieh, der Tag verlangsamt sich, entgegen<\/strong><\/em><\/span><\/p><p style=\"text-align: center;\"><span style=\"font-size: 18px;\"><em><strong>jenem Raum, der ihn nach Abend nimmt:<\/strong><\/em><\/span><\/p><p style=\"text-align: center;\"><span style=\"font-size: 18px;\"><em><strong>Aufstehn wurde Stehn, und Stehn wird Legen,<\/strong><\/em><\/span><\/p><p style=\"text-align: center;\"><span style=\"font-size: 18px;\"><em><strong>und das willig Liegende verschwimmt ...\"<\/strong><\/em><\/span><\/p><p>\u00a0<\/p><p>Wir merken\u00a0ja selbst, wie unflexibel der Markt sich gestaltet. Entweder von der Stange oder teuer oder Selbstausbau. Doch Studien wie die VisionVenture von Hymer zeigen, dass es auch anders geht. So wird es sicherlich in Zukunft auch coole Joghurtbecher geben. Die sind dann nur nicht mehr wei\u00df. Und zum Schluss noch ein Hinweis, ich liebe Joghurt. Ohne ihn schmeckt mein M\u00fcsli nur halb so gut.<\/p><p>\u00a0<\/p><p style=\"text-align: center;\"><span style=\"font-size: 18px;\"><em><strong>...Berge ruhn, von Sternen \u00fcberpr\u00e4chtigt; -<\/strong><\/em><\/span><\/p><p style=\"text-align: center;\"><span style=\"font-size: 18px;\"><em><strong>aber auch in ihnen flimmert Zeit.<\/strong><\/em><\/span><\/p><p style=\"text-align: center;\"><span style=\"font-size: 18px;\"><em><strong>Ach, in meinem wilden Herzen n\u00e4chtigt<\/strong><\/em><\/span><\/p><p>\u00a0<\/p><p style=\"text-align: center;\"><span style=\"font-size: 18px;\"><em><strong>obdachlos die Unverg\u00e4nglichkeit.\"<\/strong><\/em><\/span><\/p><p style=\"text-align: center;\"><span style=\"font-size: 18px;\"><em><strong>PS: Kleine Empfehlung f\u00fcr alle, die noch ein wildes Herz haben, Rilke Projekt, Sch\u00f6nherz & Fleer,\u00a0<\/strong><\/em><\/span><span style=\"font-size: 18px;\"><b><i>Laith Al-Deen:<\/i><\/b><\/span><\/p><\/div><div id=\"cc-m-12570253826\" class=\"j-module n j-callToAction \"><div class=\"j-calltoaction-wrapper j-calltoaction-align-2\"><a class=\"j-calltoaction-link j-calltoaction-link-style-3\" href=\"https:\/\/www.youtube.com\/watch?v=-Qe-PIuWs7g&list=RD-Qe-PIuWs7g&start_radio=1\" target=\"_blank\" rel=\"noopener noreferrer\" data-action=\"button\" data-title=\"Rilke Projekt\"> Rilke Projekt <\/a><\/div><\/div><div id=\"cc-m-12570423526\" class=\"j-module n j-hr \"><hr \/><\/div><div id=\"cc-m-12570423626\" class=\"j-module n j-text \"><p>\u00a0<\/p><p>PS: Heute ist \u00fcbrigens \"Tag der italienischen K\u00fcche\" - Italien isst mehr als Pasta und Pizza\u00a0\u00a0- Doch was w\u00e4ren wir auf unserer Tour ohne Nudeln? Und obwohl inzwischen gekl\u00e4rt scheint, dass die Erfinder der Pasta Chinesen waren, so mag ich es dennoch nicht glauben. Nur weil angeblich ein 4.000 Jahre alter Topf mit Nudeln in China gefunden wurde? - Wir alle wissen doch, dass die Chinesen in Richtung Plagiate keine Skrupel haben, oder? Das war doch sicher eine Raubkopie! - Und Pizza, ich meine so eine richtig gute Pizza, so eine wie beim\u00a0Ristorante Toscanini in der K\u00f6lner S\u00fcdstadt, die fehlt mir auf dieser Tour wirklich. - Deshalb ist eines sicher, eine unserer n\u00e4chsten Touren f\u00fchrt nach Italien, Essen wie bei Nonna.<\/p><p>\u00a0<\/p><\/div><div id=\"cc-m-12572275526\" class=\"j-module n j-text \"><p style=\"text-align: right;\">\u00a0\u00a0<a class=\"j-calltoaction-link j-calltoaction-link-style-2\" style=\"font-size: 16px; background-color: #ffcc00; border-width: 2px; border-color: #ffcc00; color: #ffffff; user-select: text; padding: 10px 20px; line-height: 1.5; border-radius: 0px; -webkit-appearance: none; margin: 1em 0px;\" title=\"Tag No. 135 - Lazy Day\" href=\"\/2020\/01\/17\/tag-no-135-lazy-day\/\" data-action=\"button\" data-title=\"Sunny Side Up\">Sunny Side Up\u00a0 \u00a0\u00a0<\/a><\/p><p style=\"text-align: right;\"><a class=\"j-calltoaction-link j-calltoaction-link-style-2\" style=\"background-color: #ffcc00; border-width: 2px; border-color: #ffcc00; color: #ffffff; user-select: text; padding: 10px 20px; font-size: 16px; line-height: 1.5; border-radius: 0px; -webkit-appearance: none; margin: 1em 0px;\" title=\"Tag No. 133 - Out of Africa\" href=\"\/2020\/01\/15\/tag-no-133-out-of-africa\/\" data-action=\"button\" data-title=\"Sunny Side Down\"> Sunny Side Down\u00a0 \u00a0\u00a0<\/a><\/p><\/div><\/div><\/div><div class=\"j-module n j-text j-blog-post--tags-wrapper\"><span class=\"j-blog-post--tags--template\" style=\"display: none;\"><a class=\"j-blog-post--tag\" href=\"https:\/\/www.gluecksmuskel.de\/hectors-reisen\/?tag=tagPlaceholder\">tagPlaceholder<\/a><\/span><span class=\"j-blog-post--tags-label\" style=\"display: inline;\">Tags:<\/span> <span class=\"j-blog-post--tags-list\"><a class=\"j-blog-post--tag\" href=\"https:\/\/www.gluecksmuskel.de\/hectors-reisen\/?tag=bulli\">bulli<\/a>, <a class=\"j-blog-post--tag\" href=\"https:\/\/www.gluecksmuskel.de\/hectors-reisen\/?tag=Strand\">Strand<\/a>, <a class=\"j-blog-post--tag\" href=\"https:\/\/www.gluecksmuskel.de\/hectors-reisen\/?tag=Beach\">Beach<\/a>, <a class=\"j-blog-post--tag\" href=\"https:\/\/www.gluecksmuskel.de\/hectors-reisen\/?tag=VW+Bus\">VW Bus<\/a>, <a class=\"j-blog-post--tag\" href=\"https:\/\/www.gluecksmuskel.de\/hectors-reisen\/?tag=Reise\">Reise<\/a>, <a class=\"j-blog-post--tag\" href=\"https:\/\/www.gluecksmuskel.de\/hectors-reisen\/?tag=spanien\">spanien<\/a>, <a class=\"j-blog-post--tag\" href=\"https:\/\/www.gluecksmuskel.de\/hectors-reisen\/?tag=andalusien\">andalusien<\/a>, <a class=\"j-blog-post--tag\" href=\"https:\/\/www.gluecksmuskel.de\/hectors-reisen\/?tag=Drohne\">Drohne<\/a>, <a class=\"j-blog-post--tag\" href=\"https:\/\/www.gluecksmuskel.de\/hectors-reisen\/?tag=Drohnenflug\">Drohnenflug<\/a>, <a class=\"j-blog-post--tag\" href=\"https:\/\/www.gluecksmuskel.de\/hectors-reisen\/?tag=Paar\">Paar<\/a>, <a class=\"j-blog-post--tag\" href=\"https:\/\/www.gluecksmuskel.de\/hectors-reisen\/?tag=Tarifa\">Tarifa<\/a>, <a class=\"j-blog-post--tag\" href=\"https:\/\/www.gluecksmuskel.de\/hectors-reisen\/?tag=T5\">T5<\/a>, <a class=\"j-blog-post--tag\" href=\"https:\/\/www.gluecksmuskel.de\/hectors-reisen\/?tag=Rilke\">Rilke<\/a>, <a class=\"j-blog-post--tag\" href=\"https:\/\/www.gluecksmuskel.de\/hectors-reisen\/?tag=Mittelmeer\">Mittelmeer<\/a>, <a class=\"j-blog-post--tag\" href=\"https:\/\/www.gluecksmuskel.de\/hectors-reisen\/?tag=Atlantik\">Atlantik<\/a>, <a class=\"j-blog-post--tag\" href=\"https:\/\/www.gluecksmuskel.de\/hectors-reisen\/?tag=Schrebergarten\">Schrebergarten<\/a><\/span><\/div><div class=\"n j-comment\"><div id=\"commentsModule12563229826\"><p id=\"skiptoform12563229826\" class=\"skiptoform\"><a href=\"#\" data-id=\"12563229826\" data-action=\"goToForm\">Kommentar schreiben<\/a><\/p><div id=\"numComments12563229826\" class=\"j-blog-comment-counter\">Kommentare: <i class=\"cc-comments-count\">0<\/i><\/div><ul id=\"commentOutput12563229826\" class=\"com-list-noava\"><li id=\"commentFormContainer12563229826\" class=\"commentstd clearover\"><strong class=\"number\">#1<\/strong><br \/><div class=\"com-meta\">\u00a0<\/div><p><a name=\"commentForm12563229826\"><\/a><\/p><div class=\"commententry cc-com-entry\"><form id=\"commentform12563229826\" action=\"\" enctype=\"application\/x-www-form-urlencoded\" method=\"post\"><div><label class=\"required\" for=\"name12563229826\">Name: *<\/label><br \/><input id=\"name12563229826\" class=\"single\" name=\"name\" type=\"text\" value=\"\" \/><\/div><div><label class=\"required\" for=\"comment12563229826\">Eintrag: *<\/label><br \/><textarea id=\"comment12563229826\" cols=\"80\" name=\"comment\" rows=\"6\"><\/textarea><\/div><div><label class=\"required\" for=\"privacyPolicy12563229826\">Es gilt die <a href=\"\/j\/privacy\" target=\"_blank\" rel=\"noopener noreferrer\">Datenschutzerkl\u00e4rung<\/a>. *<\/label><br \/><input name=\"privacyPolicy\" type=\"hidden\" value=\"0\" \/><input id=\"privacyPolicy12563229826\" name=\"privacyPolicy\" type=\"checkbox\" value=\"1\" \/><\/div><div><input id=\"submit12563229826\" name=\"Senden\" type=\"submit\" value=\"Senden\" \/><\/div><dl class=\"zend_form\"><dt id=\"mandFields-label\"><\/dt><\/dl><div style=\"margin-top: 4px;\">* Pflichtfelder<\/div><\/form><\/div><div class=\"c\">\u00a0<\/div><\/li><\/ul><div id=\"commentError12563229826\" class=\"message-error\" style=\"display: none;\">\u00a0<\/div><div id=\"commentSuccess12563229826\" class=\"message-ok\" style=\"display: none;\">\u00a0<\/div><\/div><p><script>\/\/ <![CDATA[ window.regModule(\"module_comment\", {\"data\":{\"id\":\"12563229826\",\"closed\":\"0\",\"captcha\":\"14ccada2942007deee909d7c386c5026\",\"avatar\":false,\"lang\":{\"comment\":\"Kommentar\",\"comments\":\"Kommentare\"}}}); \/\/ ]]> <\/script><\/p><\/div><\/article><p>\u00a0<\/p>","_et_gb_content_width":"","footnotes":""},"categories":[9],"tags":[],"class_list":["post-1043","post","type-post","status-publish","format-standard","has-post-thumbnail","hentry","category-spanien"],"_links":{"self":[{"href":"https:\/\/www.planbwagen.de\/en\/wp-json\/wp\/v2\/posts\/1043","targetHints":{"allow":["GET"]}}],"collection":[{"href":"https:\/\/www.planbwagen.de\/en\/wp-json\/wp\/v2\/posts"}],"about":[{"href":"https:\/\/www.planbwagen.de\/en\/wp-json\/wp\/v2\/types\/post"}],"author":[{"embeddable":true,"href":"https:\/\/www.planbwagen.de\/en\/wp-json\/wp\/v2\/users\/1"}],"replies":[{"embeddable":true,"href":"https:\/\/www.planbwagen.de\/en\/wp-json\/wp\/v2\/comments?post=1043"}],"version-history":[{"count":8,"href":"https:\/\/www.planbwagen.de\/en\/wp-json\/wp\/v2\/posts\/1043\/revisions"}],"predecessor-version":[{"id":13410,"href":"https:\/\/www.planbwagen.de\/en\/wp-json\/wp\/v2\/posts\/1043\/revisions\/13410"}],"wp:featuredmedia":[{"embeddable":true,"href":"https:\/\/www.planbwagen.de\/en\/wp-json\/wp\/v2\/media\/4061"}],"wp:attachment":[{"href":"https:\/\/www.planbwagen.de\/en\/wp-json\/wp\/v2\/media?parent=1043"}],"wp:term":[{"taxonomy":"category","embeddable":true,"href":"https:\/\/www.planbwagen.de\/en\/wp-json\/wp\/v2\/categories?post=1043"},{"taxonomy":"post_tag","embeddable":true,"href":"https:\/\/www.planbwagen.de\/en\/wp-json\/wp\/v2\/tags?post=1043"}],"curies":[{"name":"wp","href":"https:\/\/api.w.org\/{rel}","templated":true}]}}